{"id":119670,"date":"2022-10-31T10:30:27","date_gmt":"2022-10-31T13:30:27","guid":{"rendered":"https:\/\/penoticias.com.br\/blog\/?p=119670"},"modified":"2022-10-31T09:26:20","modified_gmt":"2022-10-31T12:26:20","slug":"os-desafios-de-raquel-lyra-para-reduzir-a-violencia-em-pernambuco","status":"publish","type":"post","link":"https:\/\/penoticias.com.br\/blog\/os-desafios-de-raquel-lyra-para-reduzir-a-violencia-em-pernambuco\/","title":{"rendered":"Os desafios de Raquel Lyra para reduzir a viol\u00eancia em Pernambuco"},"content":{"rendered":"<p style=\"text-align: center;\"><img fetchpriority=\"high\" decoding=\"async\" class=\"\" src=\"https:\/\/imagens.ne10.uol.com.br\/veiculos\/_midias\/jpg\/2022\/10\/29\/806x444\/1_raquel2jpg_copiar-21959899.jpg\" alt=\"Bruno Campos\/SJCC\" width=\"671\" height=\"369\" \/><\/p>\n<p><span style=\"font-size: 8pt;\"><em>Por Raphael Guerra\/JC<\/em><\/span><\/p>\n<p>A partir de 1\u00ba de janeiro de 2023, Raquel Lyra (PSDB) ser\u00e1 a primeira mulher governadora de Pernambuco. E h\u00e1 muitos desafios pela frente na \u00e1rea da seguran\u00e7a p\u00fablica. A come\u00e7ar por uma reformula\u00e7\u00e3o no j\u00e1 desgastado programa Pacto pela Vida, que completou 15 anos.<\/p>\n<p>A primeira (e principal) meta de Raquel Lyra na seguran\u00e7a \u00e9 reduzir o n\u00famero de assassinatos. E para isso, como se sabe, \u00e9 preciso mais investimentos em repress\u00e3o e em preven\u00e7\u00e3o \u00e0 viol\u00eancia. A coluna Ronda JC traz, abaixo, uma an\u00e1lise da situa\u00e7\u00e3o de Pernambuco e dos desafios que a futura governadora vai enfrentar.<\/p>\n<p><span style=\"font-size: 14pt;\"><strong>Redu\u00e7\u00e3o de homic\u00eddios \u00e9 necessidade urgente<\/strong><\/span><\/p>\n<p>Entre os anos de 2017 e 2021, Pernambuco somou 20.198 assassinatos. Est\u00e1 muito distante de ser um resultado aceit\u00e1vel. Ainda mais quando, h\u00e1 15 anos, existe um programa de seguran\u00e7a p\u00fablica &#8211; o Pacto pela Vida &#8211; que monitora semanalmente os \u00edndices de viol\u00eancia para que sejam refeitas as estrat\u00e9gias de policiamento, repress\u00e3o e preven\u00e7\u00e3o aos crimes.<\/p>\n<p>Em m\u00e9dia, dez pessoas s\u00e3o assassinadas por dia. O Anu\u00e1rio Brasileiro de Seguran\u00e7a P\u00fablica colocou Pernambuco como o 5\u00ba Estado mais violento do Pa\u00eds. O resultado teve como base os homic\u00eddios em 2021.<\/p>\n<p>A promessa de redu\u00e7\u00e3o anual de 12% na taxa de homic\u00eddios no Estado poucas vezes se concretizou nos \u00faltimos 15 anos. Para citar como exemplo, Pernambuco registrou 3.100 mortes em 2013 &#8211; o menor n\u00famero do Pacto pela Vida. J\u00e1 em 2017, somou 5.428 assassinatos &#8211; o pior resultado da hist\u00f3ria.<\/p>\n<p>De acordo com a Secretaria de Defesa Social (SDS), 70% dos assassinatos em Pernambuco t\u00eam rela\u00e7\u00e3o com as atividades criminais &#8211; como o tr\u00e1fico de drogas.<\/p>\n<p>&#8220;A viol\u00eancia est\u00e1 relacionada \u00e0 ilegalidade do tr\u00e1fico de drogas, que cresce recrutando uma grande quantidade de jovens. O tr\u00e1fico \u00e9 muito lucrativo. O crescimento de homic\u00eddios acaba sendo consequ\u00eancia inevit\u00e1vel&#8221;, explicou, em recente entrevista, o soci\u00f3logo Luiz Fl\u00e1vio Sapori, um dos colaboradores na cria\u00e7\u00e3o do Pacto pela Vida.<\/p>\n<p>O avan\u00e7o do crime organizado em Pernambuco, especializado no tr\u00e1fico de drogas, tem preocupado a pol\u00edcia nos \u00faltimos anos por causa da rela\u00e7\u00e3o com a explos\u00e3o de homic\u00eddios a partir de 2017.<!--more--><\/p>\n<p>A soci\u00f3loga Edna Jatob\u00e1, coordenadora executiva do Gabinete de Assessoria Jur\u00eddica \u00e0s Organiza\u00e7\u00f5es Populares (Gajop), destacou que, de janeiro a junho deste ano, 499 pessoas morreram v\u00edtimas de tiro na Regi\u00e3o Metropolitana do Rio de Janeiro. Enquanto na Regi\u00e3o Metropolitana do Recife (RMR) foram 708. Em compensa\u00e7\u00e3o, no mesmo per\u00edodo, o n\u00famero de tiroteios no Rio foi 1.828 e na RMR foi 896.<\/p>\n<p>&#8220;Com esses n\u00fameros, a gente percebe que aqui (na RMR) se gasta menos muni\u00e7\u00e3o para abater a popula\u00e7\u00e3o. Isso acontece porque h\u00e1 mais pessoas marcadas para morrer, seja por disputa de territ\u00f3rio ou d\u00edvida de drogas. H\u00e1 tamb\u00e9m mais mortes dentro ou na frente de casa. S\u00e3o v\u00edtimas que muitas vezes n\u00e3o registram boletins de ocorr\u00eancia por amea\u00e7a. \u00c9 preciso investimento em intelig\u00eancia policial para prender as fac\u00e7\u00f5es que crescem no Estado e proteger a vida das pessoas&#8221;, afirmou Edna.<\/p>\n<p>O soci\u00f3logo Luiz Fl\u00e1vio Sapori, que contribuiu com a elabora\u00e7\u00e3o das diretrizes do Pacto pela Vida, tem pensamento semelhante sobre o trabalho que deve ser adotado pelas for\u00e7as de seguran\u00e7a no combate ao crime.<\/p>\n<p>&#8220;N\u00e3o basta colocar policiais nas ruas se n\u00e3o houver uma distribui\u00e7\u00e3o desses policiais nos locais, nos hor\u00e1rios, nos momentos onde o crime acontece. \u00c9 fundamental um policiamento mais inteligente, um policiamento orientado para solu\u00e7\u00e3o de problemas, um policiamento focado nas zonas mais quentes de criminalidade. A tarefa \u00e9 colocar essas metodologias em pr\u00e1tica.&#8221;<\/p>\n<p><span style=\"font-size: 14pt;\"><strong>Alerta para maior circula\u00e7\u00e3o de armas<\/strong><\/span><\/p>\n<p>O aumento da circula\u00e7\u00e3o de armas de fogo nos \u00faltimos tr\u00eas anos e meio, gra\u00e7as \u00e0 flexibiliza\u00e7\u00e3o das normas a partir de decretos assinados pelo governo de Jair Bolsonaro, governo federal, \u00e9 outra preocupa\u00e7\u00e3o no combate aos homic\u00eddios. J\u00e1 h\u00e1 casos registrados em v\u00e1rios partes do Pa\u00eds que mostram que armas legalizadas est\u00e3o caindo nas m\u00e3os de criminosos.<\/p>\n<p>Em 2021, segundo a Secretaria de Defesa Social (SDS), 81,4% dos 3.368 assassinatos em Pernambuco foram praticados com uso de arma de fogo. Em 2020, o porcentagem foi de 81%. No ano anterior, 79%.<\/p>\n","protected":false},"excerpt":{"rendered":"<p>Por Raphael Guerra\/JC A partir de 1\u00ba de janeiro de 2023, Raquel Lyra (PSDB) ser\u00e1 a primeira mulher governadora de Pernambuco. E h\u00e1 muitos desafios pela frente na \u00e1rea da seguran\u00e7a p\u00fablica. A come\u00e7ar por uma reformula\u00e7\u00e3o no j\u00e1 desgastado programa Pacto pela Vida, que completou 15 anos. A primeira (e principal) meta de Raquel &#8230; <a title=\"Os desafios de Raquel Lyra para reduzir a viol\u00eancia em Pernambuco\" class=\"read-more\" href=\"https:\/\/penoticias.com.br\/blog\/os-desafios-de-raquel-lyra-para-reduzir-a-violencia-em-pernambuco\/\" aria-label=\"Read more about Os desafios de Raquel Lyra para reduzir a viol\u00eancia em Pernambuco\">Ler mais<\/a><\/p>\n<div class='heateorSssClear'><\/div><div  class='heateor_sss_sharing_container heateor_sss_horizontal_sharing' data-heateor-sss-href='https:\/\/penoticias.com.br\/blog\/os-desafios-de-raquel-lyra-para-reduzir-a-violencia-em-pernambuco\/'><div class='heateor_sss_sharing_title' style=\"font-weight:bold\" ><\/div><div class=\"heateor_sss_sharing_ul\"><a aria-label=\"Facebook\" class=\"heateor_sss_facebook\" href=\"https:\/\/www.facebook.com\/sharer\/sharer.php?u=https%3A%2F%2Fpenoticias.com.br%2Fblog%2Fos-desafios-de-raquel-lyra-para-reduzir-a-violencia-em-pernambuco%2F\" title=\"Facebook\" rel=\"nofollow noopener\" target=\"_blank\" style=\"font-size:32px!important;box-shadow:none;display:inline-block;vertical-align:middle\"><span class=\"heateor_sss_svg\" style=\"background-color:#0765FE;width:35px;height:35px;border-radius:999px;display:inline-block;opacity:1;float:left;font-size:32px;box-shadow:none;display:inline-block;font-size:16px;padding:0 4px;vertical-align:middle;background-repeat:repeat;overflow:hidden;padding:0;cursor:pointer;box-sizing:content-box\"><svg style=\"display:block;border-radius:999px;\" focusable=\"false\" aria-hidden=\"true\" xmlns=\"http:\/\/www.w3.org\/2000\/svg\" width=\"100%\" height=\"100%\" viewBox=\"0 0 32 32\"><path fill=\"#fff\" d=\"M28 16c0-6.627-5.373-12-12-12S4 9.373 4 16c0 5.628 3.875 10.35 9.101 11.647v-7.98h-2.474V16H13.1v-1.58c0-4.085 1.849-5.978 5.859-5.978.76 0 2.072.15 2.608.298v3.325c-.283-.03-.775-.045-1.386-.045-1.967 0-2.728.745-2.728 2.683V16h3.92l-.673 3.667h-3.247v8.245C23.395 27.195 28 22.135 28 16Z\"><\/path><\/svg><\/span><\/a><a aria-label=\"Twitter\" class=\"heateor_sss_button_twitter\" href=\"https:\/\/twitter.com\/intent\/tweet?text=Os%20desafios%20de%20Raquel%20Lyra%20para%20reduzir%20a%20viol%C3%AAncia%20em%20Pernambuco&url=https%3A%2F%2Fpenoticias.com.br%2Fblog%2Fos-desafios-de-raquel-lyra-para-reduzir-a-violencia-em-pernambuco%2F\" title=\"Twitter\" rel=\"nofollow noopener\" target=\"_blank\" style=\"font-size:32px!important;box-shadow:none;display:inline-block;vertical-align:middle\"><span class=\"heateor_sss_svg heateor_sss_s__default heateor_sss_s_twitter\" style=\"background-color:#55acee;width:35px;height:35px;border-radius:999px;display:inline-block;opacity:1;float:left;font-size:32px;box-shadow:none;display:inline-block;font-size:16px;padding:0 4px;vertical-align:middle;background-repeat:repeat;overflow:hidden;padding:0;cursor:pointer;box-sizing:content-box\"><svg style=\"display:block;border-radius:999px;\" focusable=\"false\" aria-hidden=\"true\" xmlns=\"http:\/\/www.w3.org\/2000\/svg\" width=\"100%\" height=\"100%\" viewBox=\"-4 -4 39 39\"><path d=\"M28 8.557a9.913 9.913 0 0 1-2.828.775 4.93 4.93 0 0 0 2.166-2.725 9.738 9.738 0 0 1-3.13 1.194 4.92 4.92 0 0 0-3.593-1.55 4.924 4.924 0 0 0-4.794 6.049c-4.09-.21-7.72-2.17-10.15-5.15a4.942 4.942 0 0 0-.665 2.477c0 1.71.87 3.214 2.19 4.1a4.968 4.968 0 0 1-2.23-.616v.06c0 2.39 1.7 4.38 3.952 4.83-.414.115-.85.174-1.297.174-.318 0-.626-.03-.928-.086a4.935 4.935 0 0 0 4.6 3.42 9.893 9.893 0 0 1-6.114 2.107c-.398 0-.79-.023-1.175-.068a13.953 13.953 0 0 0 7.55 2.213c9.056 0 14.01-7.507 14.01-14.013 0-.213-.005-.426-.015-.637.96-.695 1.795-1.56 2.455-2.55z\" fill=\"#fff\"><\/path><\/svg><\/span><\/a><a aria-label=\"Whatsapp\" class=\"heateor_sss_whatsapp\" href=\"https:\/\/api.whatsapp.com\/send?text=Os%20desafios%20de%20Raquel%20Lyra%20para%20reduzir%20a%20viol%C3%AAncia%20em%20Pernambuco%20https%3A%2F%2Fpenoticias.com.br%2Fblog%2Fos-desafios-de-raquel-lyra-para-reduzir-a-violencia-em-pernambuco%2F\" title=\"Whatsapp\" rel=\"nofollow noopener\" target=\"_blank\" style=\"font-size:32px!important;box-shadow:none;display:inline-block;vertical-align:middle\"><span class=\"heateor_sss_svg\" style=\"background-color:#55eb4c;width:35px;height:35px;border-radius:999px;display:inline-block;opacity:1;float:left;font-size:32px;box-shadow:none;display:inline-block;font-size:16px;padding:0 4px;vertical-align:middle;background-repeat:repeat;overflow:hidden;padding:0;cursor:pointer;box-sizing:content-box\"><svg style=\"display:block;border-radius:999px;\" focusable=\"false\" aria-hidden=\"true\" xmlns=\"http:\/\/www.w3.org\/2000\/svg\" width=\"100%\" height=\"100%\" viewBox=\"-6 -5 40 40\"><path class=\"heateor_sss_svg_stroke heateor_sss_no_fill\" stroke=\"#fff\" stroke-width=\"2\" fill=\"none\" d=\"M 11.579798566743314 24.396926207859085 A 10 10 0 1 0 6.808479557110079 20.73576436351046\"><\/path><path d=\"M 7 19 l -1 6 l 6 -1\" class=\"heateor_sss_no_fill heateor_sss_svg_stroke\" stroke=\"#fff\" stroke-width=\"2\" fill=\"none\"><\/path><path d=\"M 10 10 q -1 8 8 11 c 5 -1 0 -6 -1 -3 q -4 -3 -5 -5 c 4 -2 -1 -5 -1 -4\" fill=\"#fff\"><\/path><\/svg><\/span><\/a><a aria-label=\"Gmail\" class=\"heateor_sss_button_google_gmail\" href=\"https:\/\/mail.google.com\/mail\/?ui=2&view=cm&fs=1&tf=1&su=Os%20desafios%20de%20Raquel%20Lyra%20para%20reduzir%20a%20viol%C3%AAncia%20em%20Pernambuco&body=Link:https%3A%2F%2Fpenoticias.com.br%2Fblog%2Fos-desafios-de-raquel-lyra-para-reduzir-a-violencia-em-pernambuco%2F\" title=\"Google Gmail\" rel=\"nofollow noopener\" target=\"_blank\" style=\"font-size:32px!important;box-shadow:none;display:inline-block;vertical-align:middle\"><span class=\"heateor_sss_svg heateor_sss_s__default heateor_sss_s_Google_Gmail\" style=\"background-color:#e5e5e5;width:35px;height:35px;border-radius:999px;display:inline-block;opacity:1;float:left;font-size:32px;box-shadow:none;display:inline-block;font-size:16px;padding:0 4px;vertical-align:middle;background-repeat:repeat;overflow:hidden;padding:0;cursor:pointer;box-sizing:content-box\"><svg style=\"display:block;border-radius:999px;\" focusable=\"false\" aria-hidden=\"true\" xmlns=\"http:\/\/www.w3.org\/2000\/svg\" width=\"100%\" height=\"100%\" viewBox=\"0 0 32 32\"><path fill=\"#fff\" d=\"M2.902 6.223h26.195v19.554H2.902z\"><\/path><path fill=\"#E14C41\" class=\"heateor_sss_no_fill\" d=\"M2.902 25.777h26.195V6.223H2.902v19.554zm22.44-4.007v3.806H6.955v-3.6h.032l.093-.034 6.9-5.558 2.09 1.77 1.854-1.63 7.42 5.246zm0-.672l-7.027-4.917 7.028-6.09V21.1zm-1.17-14.67l-.947.905c-2.356 2.284-4.693 4.75-7.17 6.876l-.078.06L8.062 6.39l16.11.033zm-10.597 9.61l-6.62 5.294.016-10.914 6.607 5.62\"><\/path><\/svg><\/span><\/a><a aria-label=\"Instagram\" class=\"heateor_sss_button_instagram\" href=\"https:\/\/www.instagram.com\/\" title=\"Instagram\" rel=\"nofollow noopener\" target=\"_blank\" style=\"font-size:32px!important;box-shadow:none;display:inline-block;vertical-align:middle\"><span class=\"heateor_sss_svg\" style=\"background-color:#53beee;width:35px;height:35px;border-radius:999px;display:inline-block;opacity:1;float:left;font-size:32px;box-shadow:none;display:inline-block;font-size:16px;padding:0 4px;vertical-align:middle;background-repeat:repeat;overflow:hidden;padding:0;cursor:pointer;box-sizing:content-box\"><svg style=\"display:block;border-radius:999px;\" version=\"1.1\" viewBox=\"-10 -10 148 148\" width=\"100%\" height=\"100%\" xml:space=\"preserve\" xmlns=\"http:\/\/www.w3.org\/2000\/svg\" xmlns:xlink=\"http:\/\/www.w3.org\/1999\/xlink\"><g><g><path d=\"M86,112H42c-14.336,0-26-11.663-26-26V42c0-14.337,11.664-26,26-26h44c14.337,0,26,11.663,26,26v44 C112,100.337,100.337,112,86,112z M42,24c-9.925,0-18,8.074-18,18v44c0,9.925,8.075,18,18,18h44c9.926,0,18-8.075,18-18V42 c0-9.926-8.074-18-18-18H42z\" fill=\"#fff\"><\/path><\/g><g><path d=\"M64,88c-13.234,0-24-10.767-24-24c0-13.234,10.766-24,24-24s24,10.766,24,24C88,77.233,77.234,88,64,88z M64,48c-8.822,0-16,7.178-16,16s7.178,16,16,16c8.822,0,16-7.178,16-16S72.822,48,64,48z\" fill=\"#fff\"><\/path><\/g><g><circle cx=\"89.5\" cy=\"38.5\" fill=\"#fff\" r=\"5.5\"><\/circle><\/g><\/g><\/svg><\/span><\/a><a aria-label=\"Print\" class=\"heateor_sss_button_print\" href=\"https:\/\/penoticias.com.br\/blog\/os-desafios-de-raquel-lyra-para-reduzir-a-violencia-em-pernambuco\/\" onclick=\"event.preventDefault();window.print()\" title=\"Print\" rel=\"noopener\" style=\"font-size:32px!important;box-shadow:none;display:inline-block;vertical-align:middle\"><span class=\"heateor_sss_svg heateor_sss_s__default heateor_sss_s_print\" style=\"background-color:#fd6500;width:35px;height:35px;border-radius:999px;display:inline-block;opacity:1;float:left;font-size:32px;box-shadow:none;display:inline-block;font-size:16px;padding:0 4px;vertical-align:middle;background-repeat:repeat;overflow:hidden;padding:0;cursor:pointer;box-sizing:content-box\"><svg style=\"display:block;border-radius:999px;\" focusable=\"false\" aria-hidden=\"true\" xmlns=\"http:\/\/www.w3.org\/2000\/svg\" width=\"100%\" height=\"100%\" viewBox=\"-2.8 -4.5 35 35\"><path stroke=\"#fff\" class=\"heateor_sss_svg_stroke\" d=\"M 7 10 h 2 v 3 h 12 v -3 h 2 v 7 h -2 v -3 h -12 v 3 h -2 z\" stroke-width=\"1\" fill=\"#fff\"><\/path><rect class=\"heateor_sss_no_fill heateor_sss_svg_stroke\" stroke=\"#fff\" stroke-width=\"1.8\" height=\"7\" width=\"10\" x=\"10\" y=\"5\" fill=\"none\"><\/rect><rect class=\"heateor_sss_svg_stroke\" stroke=\"#fff\" stroke-width=\"1\" height=\"5\" width=\"8\" x=\"11\" y=\"16\" fill=\"#fff\"><\/rect><\/svg><\/span><\/a><a class=\"heateor_sss_more\" aria-label=\"More\" title=\"More\" rel=\"nofollow noopener\" style=\"font-size: 32px!important;border:0;box-shadow:none;display:inline-block!important;font-size:16px;padding:0 4px;vertical-align: middle;display:inline;\" href=\"https:\/\/penoticias.com.br\/blog\/os-desafios-de-raquel-lyra-para-reduzir-a-violencia-em-pernambuco\/\" onclick=\"event.preventDefault()\"><span class=\"heateor_sss_svg\" style=\"background-color:#ee8e2d;width:35px;height:35px;border-radius:999px;display:inline-block!important;opacity:1;float:left;font-size:32px!important;box-shadow:none;display:inline-block;font-size:16px;padding:0 4px;vertical-align:middle;display:inline;background-repeat:repeat;overflow:hidden;padding:0;cursor:pointer;box-sizing:content-box;\" onclick=\"heateorSssMoreSharingPopup(this, 'https:\/\/penoticias.com.br\/blog\/os-desafios-de-raquel-lyra-para-reduzir-a-violencia-em-pernambuco\/', 'Os%20desafios%20de%20Raquel%20Lyra%20para%20reduzir%20a%20viol%C3%AAncia%20em%20Pernambuco', '' )\"><svg xmlns=\"http:\/\/www.w3.org\/2000\/svg\" xmlns:xlink=\"http:\/\/www.w3.org\/1999\/xlink\" viewBox=\"-.3 0 32 32\" version=\"1.1\" width=\"100%\" height=\"100%\" style=\"display:block;border-radius:999px;\" xml:space=\"preserve\"><g><path fill=\"#fff\" d=\"M18 14V8h-4v6H8v4h6v6h4v-6h6v-4h-6z\" fill-rule=\"evenodd\"><\/path><\/g><\/svg><\/span><\/a><\/div><div class=\"heateorSssClear\"><\/div><\/div><div class='heateorSssClear'><\/div>","protected":false},"author":2,"featured_media":0,"comment_status":"closed","ping_status":"closed","sticky":false,"template":"","format":"standard","meta":{"footnotes":""},"categories":[10],"tags":[],"class_list":["post-119670","post","type-post","status-publish","format-standard","hentry","category-politica"],"yoast_head":"<!-- This site is optimized with the Yoast SEO plugin v28.4 - https:\/\/yoast.com\/product\/yoast-seo-wordpress\/ -->\n<title>Os desafios de Raquel Lyra para reduzir a viol\u00eancia em Pernambuco - PE Not\u00edcias<\/title>\n<meta name=\"robots\" content=\"index, follow, max-snippet:-1, max-image-preview:large, max-video-preview:-1\" \/>\n<link rel=\"canonical\" href=\"https:\/\/penoticias.com.br\/blog\/os-desafios-de-raquel-lyra-para-reduzir-a-violencia-em-pernambuco\/\" \/>\n<meta property=\"og:locale\" content=\"pt_BR\" \/>\n<meta property=\"og:type\" content=\"article\" \/>\n<meta property=\"og:title\" content=\"Os desafios de Raquel Lyra para reduzir a viol\u00eancia em Pernambuco - PE Not\u00edcias\" \/>\n<meta property=\"og:description\" content=\"Por Raphael Guerra\/JC A partir de 1\u00ba de janeiro de 2023, Raquel Lyra (PSDB) ser\u00e1 a primeira mulher governadora de Pernambuco. E h\u00e1 muitos desafios pela frente na \u00e1rea da seguran\u00e7a p\u00fablica. A come\u00e7ar por uma reformula\u00e7\u00e3o no j\u00e1 desgastado programa Pacto pela Vida, que completou 15 anos. A primeira (e principal) meta de Raquel ... Ler mais\" \/>\n<meta property=\"og:url\" content=\"https:\/\/penoticias.com.br\/blog\/os-desafios-de-raquel-lyra-para-reduzir-a-violencia-em-pernambuco\/\" \/>\n<meta property=\"og:site_name\" content=\"PE Not\u00edcias\" \/>\n<meta property=\"article:publisher\" content=\"pedrovicentearaujo@hotmail.com\" \/>\n<meta property=\"article:author\" content=\"pedrovicentearaujo@hotmail.com\" \/>\n<meta property=\"article:published_time\" content=\"2022-10-31T13:30:27+00:00\" \/>\n<meta property=\"og:image\" content=\"https:\/\/imagens.ne10.uol.com.br\/veiculos\/_midias\/jpg\/2022\/10\/29\/806x444\/1_raquel2jpg_copiar-21959899.jpg\" \/>\n<meta name=\"author\" content=\"Pedro Ara\u00fajo\" \/>\n<meta name=\"twitter:card\" content=\"summary_large_image\" \/>\n<meta name=\"twitter:creator\" content=\"@pedromuela\" \/>\n<meta name=\"twitter:site\" content=\"@pedromuela\" \/>\n<meta name=\"twitter:label1\" content=\"Escrito por\" \/>\n\t<meta name=\"twitter:data1\" content=\"Pedro Ara\u00fajo\" \/>\n\t<meta name=\"twitter:label2\" content=\"Est. tempo de leitura\" \/>\n\t<meta name=\"twitter:data2\" content=\"4 minutos\" \/>\n<script type=\"application\/ld+json\" class=\"yoast-schema-graph\">{\"@context\":\"https:\\\/\\\/schema.org\",\"@graph\":[{\"@type\":\"Article\",\"@id\":\"https:\\\/\\\/penoticias.com.br\\\/blog\\\/os-desafios-de-raquel-lyra-para-reduzir-a-violencia-em-pernambuco\\\/#article\",\"isPartOf\":{\"@id\":\"https:\\\/\\\/penoticias.com.br\\\/blog\\\/os-desafios-de-raquel-lyra-para-reduzir-a-violencia-em-pernambuco\\\/\"},\"author\":{\"name\":\"Pedro Ara\u00fajo\",\"@id\":\"https:\\\/\\\/penoticias.com.br\\\/blog\\\/#\\\/schema\\\/person\\\/13ea60669d2351f129ef3657907f1432\"},\"headline\":\"Os desafios de Raquel Lyra para reduzir a viol\u00eancia em Pernambuco\",\"datePublished\":\"2022-10-31T13:30:27+00:00\",\"mainEntityOfPage\":{\"@id\":\"https:\\\/\\\/penoticias.com.br\\\/blog\\\/os-desafios-de-raquel-lyra-para-reduzir-a-violencia-em-pernambuco\\\/\"},\"wordCount\":752,\"publisher\":{\"@id\":\"https:\\\/\\\/penoticias.com.br\\\/blog\\\/#\\\/schema\\\/person\\\/13ea60669d2351f129ef3657907f1432\"},\"image\":{\"@id\":\"https:\\\/\\\/penoticias.com.br\\\/blog\\\/os-desafios-de-raquel-lyra-para-reduzir-a-violencia-em-pernambuco\\\/#primaryimage\"},\"thumbnailUrl\":\"https:\\\/\\\/imagens.ne10.uol.com.br\\\/veiculos\\\/_midias\\\/jpg\\\/2022\\\/10\\\/29\\\/806x444\\\/1_raquel2jpg_copiar-21959899.jpg\",\"articleSection\":[\"Pol\u00edtica\"],\"inLanguage\":\"pt-BR\"},{\"@type\":\"WebPage\",\"@id\":\"https:\\\/\\\/penoticias.com.br\\\/blog\\\/os-desafios-de-raquel-lyra-para-reduzir-a-violencia-em-pernambuco\\\/\",\"url\":\"https:\\\/\\\/penoticias.com.br\\\/blog\\\/os-desafios-de-raquel-lyra-para-reduzir-a-violencia-em-pernambuco\\\/\",\"name\":\"Os desafios de Raquel Lyra para reduzir a viol\u00eancia em Pernambuco - PE Not\u00edcias\",\"isPartOf\":{\"@id\":\"https:\\\/\\\/penoticias.com.br\\\/blog\\\/#website\"},\"primaryImageOfPage\":{\"@id\":\"https:\\\/\\\/penoticias.com.br\\\/blog\\\/os-desafios-de-raquel-lyra-para-reduzir-a-violencia-em-pernambuco\\\/#primaryimage\"},\"image\":{\"@id\":\"https:\\\/\\\/penoticias.com.br\\\/blog\\\/os-desafios-de-raquel-lyra-para-reduzir-a-violencia-em-pernambuco\\\/#primaryimage\"},\"thumbnailUrl\":\"https:\\\/\\\/imagens.ne10.uol.com.br\\\/veiculos\\\/_midias\\\/jpg\\\/2022\\\/10\\\/29\\\/806x444\\\/1_raquel2jpg_copiar-21959899.jpg\",\"datePublished\":\"2022-10-31T13:30:27+00:00\",\"breadcrumb\":{\"@id\":\"https:\\\/\\\/penoticias.com.br\\\/blog\\\/os-desafios-de-raquel-lyra-para-reduzir-a-violencia-em-pernambuco\\\/#breadcrumb\"},\"inLanguage\":\"pt-BR\",\"potentialAction\":[{\"@type\":\"ReadAction\",\"target\":[\"https:\\\/\\\/penoticias.com.br\\\/blog\\\/os-desafios-de-raquel-lyra-para-reduzir-a-violencia-em-pernambuco\\\/\"]}]},{\"@type\":\"ImageObject\",\"inLanguage\":\"pt-BR\",\"@id\":\"https:\\\/\\\/penoticias.com.br\\\/blog\\\/os-desafios-de-raquel-lyra-para-reduzir-a-violencia-em-pernambuco\\\/#primaryimage\",\"url\":\"https:\\\/\\\/imagens.ne10.uol.com.br\\\/veiculos\\\/_midias\\\/jpg\\\/2022\\\/10\\\/29\\\/806x444\\\/1_raquel2jpg_copiar-21959899.jpg\",\"contentUrl\":\"https:\\\/\\\/imagens.ne10.uol.com.br\\\/veiculos\\\/_midias\\\/jpg\\\/2022\\\/10\\\/29\\\/806x444\\\/1_raquel2jpg_copiar-21959899.jpg\"},{\"@type\":\"BreadcrumbList\",\"@id\":\"https:\\\/\\\/penoticias.com.br\\\/blog\\\/os-desafios-de-raquel-lyra-para-reduzir-a-violencia-em-pernambuco\\\/#breadcrumb\",\"itemListElement\":[{\"@type\":\"ListItem\",\"position\":1,\"name\":\"In\u00edcio\",\"item\":\"https:\\\/\\\/penoticias.com.br\\\/blog\\\/\"},{\"@type\":\"ListItem\",\"position\":2,\"name\":\"Os desafios de Raquel Lyra para reduzir a viol\u00eancia em Pernambuco\"}]},{\"@type\":\"WebSite\",\"@id\":\"https:\\\/\\\/penoticias.com.br\\\/blog\\\/#website\",\"url\":\"https:\\\/\\\/penoticias.com.br\\\/blog\\\/\",\"name\":\"PE Not\u00edcias\",\"description\":\"Voc\u00ea no Mundo da Informa\u00e7\u00e3o.\",\"publisher\":{\"@id\":\"https:\\\/\\\/penoticias.com.br\\\/blog\\\/#\\\/schema\\\/person\\\/13ea60669d2351f129ef3657907f1432\"},\"potentialAction\":[{\"@type\":\"SearchAction\",\"target\":{\"@type\":\"EntryPoint\",\"urlTemplate\":\"https:\\\/\\\/penoticias.com.br\\\/blog\\\/?s={search_term_string}\"},\"query-input\":{\"@type\":\"PropertyValueSpecification\",\"valueRequired\":true,\"valueName\":\"search_term_string\"}}],\"inLanguage\":\"pt-BR\"},{\"@type\":[\"Person\",\"Organization\"],\"@id\":\"https:\\\/\\\/penoticias.com.br\\\/blog\\\/#\\\/schema\\\/person\\\/13ea60669d2351f129ef3657907f1432\",\"name\":\"Pedro Ara\u00fajo\",\"image\":{\"@type\":\"ImageObject\",\"inLanguage\":\"pt-BR\",\"@id\":\"https:\\\/\\\/secure.gravatar.com\\\/avatar\\\/d654258027afd7c928561b83494a45e3aff23d7ac7ce926d2bceac1ffe030175?s=96&d=mm&r=g\",\"url\":\"https:\\\/\\\/secure.gravatar.com\\\/avatar\\\/d654258027afd7c928561b83494a45e3aff23d7ac7ce926d2bceac1ffe030175?s=96&d=mm&r=g\",\"contentUrl\":\"https:\\\/\\\/secure.gravatar.com\\\/avatar\\\/d654258027afd7c928561b83494a45e3aff23d7ac7ce926d2bceac1ffe030175?s=96&d=mm&r=g\",\"caption\":\"Pedro Ara\u00fajo\"},\"logo\":{\"@id\":\"https:\\\/\\\/secure.gravatar.com\\\/avatar\\\/d654258027afd7c928561b83494a45e3aff23d7ac7ce926d2bceac1ffe030175?s=96&d=mm&r=g\"},\"description\":\"As informa\u00e7\u00f5es que traduzem as verdades dos fatos, sem ferir ou denegrir pessoas ou imagens. Como tamb\u00e9m, nunca procurando agradar aos maus feitores.\",\"sameAs\":[\"http:\\\/\\\/www.penoticias.com.br\",\"pedrovicentearaujo@hotmail.com\",\"@pedroafogados\",\"https:\\\/\\\/x.com\\\/pedromuela\",\"www.penoticias.com.br\"],\"url\":\"https:\\\/\\\/penoticias.com.br\\\/blog\\\/author\\\/pedro\\\/\"}]}<\/script>\n<!-- \/ Yoast SEO plugin. -->","yoast_head_json":{"title":"Os desafios de Raquel Lyra para reduzir a viol\u00eancia em Pernambuco - PE Not\u00edcias","robots":{"index":"index","follow":"follow","max-snippet":"max-snippet:-1","max-image-preview":"max-image-preview:large","max-video-preview":"max-video-preview:-1"},"canonical":"https:\/\/penoticias.com.br\/blog\/os-desafios-de-raquel-lyra-para-reduzir-a-violencia-em-pernambuco\/","og_locale":"pt_BR","og_type":"article","og_title":"Os desafios de Raquel Lyra para reduzir a viol\u00eancia em Pernambuco - PE Not\u00edcias","og_description":"Por Raphael Guerra\/JC A partir de 1\u00ba de janeiro de 2023, Raquel Lyra (PSDB) ser\u00e1 a primeira mulher governadora de Pernambuco. E h\u00e1 muitos desafios pela frente na \u00e1rea da seguran\u00e7a p\u00fablica. A come\u00e7ar por uma reformula\u00e7\u00e3o no j\u00e1 desgastado programa Pacto pela Vida, que completou 15 anos. A primeira (e principal) meta de Raquel ... Ler mais","og_url":"https:\/\/penoticias.com.br\/blog\/os-desafios-de-raquel-lyra-para-reduzir-a-violencia-em-pernambuco\/","og_site_name":"PE Not\u00edcias","article_publisher":"pedrovicentearaujo@hotmail.com","article_author":"pedrovicentearaujo@hotmail.com","article_published_time":"2022-10-31T13:30:27+00:00","og_image":[{"url":"https:\/\/imagens.ne10.uol.com.br\/veiculos\/_midias\/jpg\/2022\/10\/29\/806x444\/1_raquel2jpg_copiar-21959899.jpg","type":"","width":"","height":""}],"author":"Pedro Ara\u00fajo","twitter_card":"summary_large_image","twitter_creator":"@pedromuela","twitter_site":"@pedromuela","twitter_misc":{"Escrito por":"Pedro Ara\u00fajo","Est. tempo de leitura":"4 minutos"},"schema":{"@context":"https:\/\/schema.org","@graph":[{"@type":"Article","@id":"https:\/\/penoticias.com.br\/blog\/os-desafios-de-raquel-lyra-para-reduzir-a-violencia-em-pernambuco\/#article","isPartOf":{"@id":"https:\/\/penoticias.com.br\/blog\/os-desafios-de-raquel-lyra-para-reduzir-a-violencia-em-pernambuco\/"},"author":{"name":"Pedro Ara\u00fajo","@id":"https:\/\/penoticias.com.br\/blog\/#\/schema\/person\/13ea60669d2351f129ef3657907f1432"},"headline":"Os desafios de Raquel Lyra para reduzir a viol\u00eancia em Pernambuco","datePublished":"2022-10-31T13:30:27+00:00","mainEntityOfPage":{"@id":"https:\/\/penoticias.com.br\/blog\/os-desafios-de-raquel-lyra-para-reduzir-a-violencia-em-pernambuco\/"},"wordCount":752,"publisher":{"@id":"https:\/\/penoticias.com.br\/blog\/#\/schema\/person\/13ea60669d2351f129ef3657907f1432"},"image":{"@id":"https:\/\/penoticias.com.br\/blog\/os-desafios-de-raquel-lyra-para-reduzir-a-violencia-em-pernambuco\/#primaryimage"},"thumbnailUrl":"https:\/\/imagens.ne10.uol.com.br\/veiculos\/_midias\/jpg\/2022\/10\/29\/806x444\/1_raquel2jpg_copiar-21959899.jpg","articleSection":["Pol\u00edtica"],"inLanguage":"pt-BR"},{"@type":"WebPage","@id":"https:\/\/penoticias.com.br\/blog\/os-desafios-de-raquel-lyra-para-reduzir-a-violencia-em-pernambuco\/","url":"https:\/\/penoticias.com.br\/blog\/os-desafios-de-raquel-lyra-para-reduzir-a-violencia-em-pernambuco\/","name":"Os desafios de Raquel Lyra para reduzir a viol\u00eancia em Pernambuco - PE Not\u00edcias","isPartOf":{"@id":"https:\/\/penoticias.com.br\/blog\/#website"},"primaryImageOfPage":{"@id":"https:\/\/penoticias.com.br\/blog\/os-desafios-de-raquel-lyra-para-reduzir-a-violencia-em-pernambuco\/#primaryimage"},"image":{"@id":"https:\/\/penoticias.com.br\/blog\/os-desafios-de-raquel-lyra-para-reduzir-a-violencia-em-pernambuco\/#primaryimage"},"thumbnailUrl":"https:\/\/imagens.ne10.uol.com.br\/veiculos\/_midias\/jpg\/2022\/10\/29\/806x444\/1_raquel2jpg_copiar-21959899.jpg","datePublished":"2022-10-31T13:30:27+00:00","breadcrumb":{"@id":"https:\/\/penoticias.com.br\/blog\/os-desafios-de-raquel-lyra-para-reduzir-a-violencia-em-pernambuco\/#breadcrumb"},"inLanguage":"pt-BR","potentialAction":[{"@type":"ReadAction","target":["https:\/\/penoticias.com.br\/blog\/os-desafios-de-raquel-lyra-para-reduzir-a-violencia-em-pernambuco\/"]}]},{"@type":"ImageObject","inLanguage":"pt-BR","@id":"https:\/\/penoticias.com.br\/blog\/os-desafios-de-raquel-lyra-para-reduzir-a-violencia-em-pernambuco\/#primaryimage","url":"https:\/\/imagens.ne10.uol.com.br\/veiculos\/_midias\/jpg\/2022\/10\/29\/806x444\/1_raquel2jpg_copiar-21959899.jpg","contentUrl":"https:\/\/imagens.ne10.uol.com.br\/veiculos\/_midias\/jpg\/2022\/10\/29\/806x444\/1_raquel2jpg_copiar-21959899.jpg"},{"@type":"BreadcrumbList","@id":"https:\/\/penoticias.com.br\/blog\/os-desafios-de-raquel-lyra-para-reduzir-a-violencia-em-pernambuco\/#breadcrumb","itemListElement":[{"@type":"ListItem","position":1,"name":"In\u00edcio","item":"https:\/\/penoticias.com.br\/blog\/"},{"@type":"ListItem","position":2,"name":"Os desafios de Raquel Lyra para reduzir a viol\u00eancia em Pernambuco"}]},{"@type":"WebSite","@id":"https:\/\/penoticias.com.br\/blog\/#website","url":"https:\/\/penoticias.com.br\/blog\/","name":"PE Not\u00edcias","description":"Voc\u00ea no Mundo da Informa\u00e7\u00e3o.","publisher":{"@id":"https:\/\/penoticias.com.br\/blog\/#\/schema\/person\/13ea60669d2351f129ef3657907f1432"},"potentialAction":[{"@type":"SearchAction","target":{"@type":"EntryPoint","urlTemplate":"https:\/\/penoticias.com.br\/blog\/?s={search_term_string}"},"query-input":{"@type":"PropertyValueSpecification","valueRequired":true,"valueName":"search_term_string"}}],"inLanguage":"pt-BR"},{"@type":["Person","Organization"],"@id":"https:\/\/penoticias.com.br\/blog\/#\/schema\/person\/13ea60669d2351f129ef3657907f1432","name":"Pedro Ara\u00fajo","image":{"@type":"ImageObject","inLanguage":"pt-BR","@id":"https:\/\/secure.gravatar.com\/avatar\/d654258027afd7c928561b83494a45e3aff23d7ac7ce926d2bceac1ffe030175?s=96&d=mm&r=g","url":"https:\/\/secure.gravatar.com\/avatar\/d654258027afd7c928561b83494a45e3aff23d7ac7ce926d2bceac1ffe030175?s=96&d=mm&r=g","contentUrl":"https:\/\/secure.gravatar.com\/avatar\/d654258027afd7c928561b83494a45e3aff23d7ac7ce926d2bceac1ffe030175?s=96&d=mm&r=g","caption":"Pedro Ara\u00fajo"},"logo":{"@id":"https:\/\/secure.gravatar.com\/avatar\/d654258027afd7c928561b83494a45e3aff23d7ac7ce926d2bceac1ffe030175?s=96&d=mm&r=g"},"description":"As informa\u00e7\u00f5es que traduzem as verdades dos fatos, sem ferir ou denegrir pessoas ou imagens. Como tamb\u00e9m, nunca procurando agradar aos maus feitores.","sameAs":["http:\/\/www.penoticias.com.br","pedrovicentearaujo@hotmail.com","@pedroafogados","https:\/\/x.com\/pedromuela","www.penoticias.com.br"],"url":"https:\/\/penoticias.com.br\/blog\/author\/pedro\/"}]}},"_links":{"self":[{"href":"https:\/\/penoticias.com.br\/blog\/wp-json\/wp\/v2\/posts\/119670","targetHints":{"allow":["GET"]}}],"collection":[{"href":"https:\/\/penoticias.com.br\/blog\/wp-json\/wp\/v2\/posts"}],"about":[{"href":"https:\/\/penoticias.com.br\/blog\/wp-json\/wp\/v2\/types\/post"}],"author":[{"embeddable":true,"href":"https:\/\/penoticias.com.br\/blog\/wp-json\/wp\/v2\/users\/2"}],"replies":[{"embeddable":true,"href":"https:\/\/penoticias.com.br\/blog\/wp-json\/wp\/v2\/comments?post=119670"}],"version-history":[{"count":1,"href":"https:\/\/penoticias.com.br\/blog\/wp-json\/wp\/v2\/posts\/119670\/revisions"}],"predecessor-version":[{"id":119671,"href":"https:\/\/penoticias.com.br\/blog\/wp-json\/wp\/v2\/posts\/119670\/revisions\/119671"}],"wp:attachment":[{"href":"https:\/\/penoticias.com.br\/blog\/wp-json\/wp\/v2\/media?parent=119670"}],"wp:term":[{"taxonomy":"category","embeddable":true,"href":"https:\/\/penoticias.com.br\/blog\/wp-json\/wp\/v2\/categories?post=119670"},{"taxonomy":"post_tag","embeddable":true,"href":"https:\/\/penoticias.com.br\/blog\/wp-json\/wp\/v2\/tags?post=119670"}],"curies":[{"name":"wp","href":"https:\/\/api.w.org\/{rel}","templated":true}]}}