{"id":124114,"date":"2023-01-07T12:15:16","date_gmt":"2023-01-07T15:15:16","guid":{"rendered":"https:\/\/penoticias.com.br\/blog\/?p=124114"},"modified":"2023-01-07T12:09:34","modified_gmt":"2023-01-07T15:09:34","slug":"reforma-de-raquel-lyra-faz-mudancas-na-cepe-e-agencia-condepe-fidem","status":"publish","type":"post","link":"https:\/\/penoticias.com.br\/blog\/reforma-de-raquel-lyra-faz-mudancas-na-cepe-e-agencia-condepe-fidem\/","title":{"rendered":"Ap\u00f3s demiss\u00f5es, Raquel Lyra quer aumentar o n\u00famero de comissionados em Pernambuco"},"content":{"rendered":"<p style=\"text-align: center;\"><img fetchpriority=\"high\" decoding=\"async\" class=\"\" src=\"https:\/\/imagens.ne10.uol.com.br\/veiculos\/_midias\/jpg\/2023\/01\/04\/806x444\/1_divulgacaosei_1-22254147.jpeg\" alt=\"Divulga\u00e7\u00e3o\" width=\"671\" height=\"369\" \/><\/p>\n<p>Ap\u00f3s a exonera\u00e7\u00e3o em massa de comissionados do governo Paulo C\u00e2mara (PSB), a governadora Raquel Lyra (PSDB) busca aumentar o n\u00famero de profissionais incorporados \u00e0 m\u00e1quina do Estado. A possibilidade est\u00e1 prevista no texto de reforma administrativa enviado pela gestora \u00e0 Assembleia Legislativa de Pernambuco (Alepe), na \u00faltima sexta-feira (06).<\/p>\n<p>Segundo o governo do Estado, o\u00a0projeto prev\u00ea a manuten\u00e7\u00e3o do n\u00famero de secretarias (27) e, para atender \u00e0s novas \u00e1reas estrat\u00e9gicas, um quadro total de 12.088 ocupantes de cargos em comiss\u00e3o e fun\u00e7\u00f5es gratificadas, representando um ajuste de 2,1% no organograma atual.<\/p>\n<p>Primeiro ato da gest\u00e3o Raquel Lyra, um decreto assinado pela governadora exonerou\u00a02.754 nomes que ocupavam cargos comissionados na composi\u00e7\u00e3o do governo anterior.<\/p>\n<p>A medida foi alvo de rep\u00fadio de diversos \u00f3rg\u00e3os e entidades, em fun\u00e7\u00e3o da paralisia de servi\u00e7os sem o material humano necess\u00e1rio para as atividades.<\/p>\n<p>O governo do Estado diz que o n\u00famero maior de comissionados n\u00e3o trar\u00e1 mais gastos, vide a economia de R$ 150 milh\u00f5es decorrentes do Plano de Qualidade do Gasto P\u00fablico, anunciado na quinta-feira pela Secretaria da Fazenda.<\/p>\n<p>Al\u00e9m do gastos com mais comissionados, o governo tamb\u00e9m prev\u00ea o aumento de 43% da gratifica\u00e7\u00e3o das fun\u00e7\u00f5es t\u00e9cnico-pedag\u00f3gicas da rede p\u00fablica estadual de ensino, que s\u00e3o os respons\u00e1veis pela gest\u00e3o das escolas.<\/p>\n<p>O teto para tais gratifica\u00e7\u00f5es passa, conforme a proposta da governadora, de R$ 2,1 mil para R$ 3 mil. O texto prev\u00ea que o detalhamento dessas gratifica\u00e7\u00f5es ser\u00e1 normatizado via decreto, conforme cargos e crit\u00e9rios de porte da escola, por exemplo.<\/p>\n<p>De acordo com o governo, os R$ 25 milh\u00f5es calculados como impacto financeiro anual com a Reforma ser\u00e3o absorvidos sem impacto fiscal. O valor representa 0,07% da Receita Corrente L\u00edquida do Estado de Pernambuco em 2022, nas contas da gest\u00e3o.<\/p>\n<p><span style=\"font-size: 14pt;\"><strong>Reforma Administrativa<\/strong><\/span><!--more--><\/p>\n<p>A governadora de Pernambuco, Raquel Lyra (PSDB), encaminhou na noite desta sexta-feira (06) um projeto de reforma administrativa do Executivo estadual para a Assembleia Legislativa de Pernambuco (Alepe).<\/p>\n<p>Na mensagem ao presidente da Casa que acompanha o projeto a tucana explica que o objetivo da proposta \u00e9 &#8220;consagrar no \u00e2mbito da estrutura jur\u00eddico-administrativa do Poder Executivo Estadual o Plano de Governo, que, no ano de 2022, sagrou-se vencedor nas urnas&#8221;. Ela tamb\u00e9m encaminhou solicita\u00e7\u00e3o para que o texto tramite em regime de urg\u00eancia.<\/p>\n<p>Segundo Raquel, mais do que uma reforma, o PL &#8220;corporifica um novo desenho institucional de governo id\u00f4neo a honrar o conjunto de compromissos firmado com o povo pernambucano para a formula\u00e7\u00e3o das pol\u00edticas p\u00fablicas e reconstru\u00e7\u00e3o da economia e do desenvolvimento social em nosso Estado&#8221;.<\/p>\n<p>A governadora diz, ainda, que seu governo assumiu um &#8220;firme compromisso com a mudan\u00e7a&#8221;, sobretudo com as &#8220;condi\u00e7\u00f5es de vida de nosso povo, para que ele tenha mais e melhor acesso \u00e0 educa\u00e7\u00e3o, sa\u00fade, infraestrutura, seguran\u00e7a e a todos os servi\u00e7os b\u00e1sicos e essenciais \u00e0 vida digna de qualquer pessoa, que devam ser ofertados pelo Estado&#8221;.<\/p>\n<p>O texto tem como uma das altera\u00e7\u00f5es a cria\u00e7\u00e3o das secretarias de Mobilidade e Infraestrutura e a de Recursos H\u00eddricos e Saneamento. Na estrutura atual, uma s\u00f3 pasta re\u00fane as a\u00e7\u00f5es de infraestrutura e acesso \u00e0 \u00e1gua. A pauta do transporte p\u00fablico, antes vinculada \u00e0 Secretaria de Desenvolvimento Urbano e Habita\u00e7\u00e3o (Seduh), se une \u00e0 Infraestrutura.<\/p>\n<p>Nesse sentido, o Departamento Estadual de Tr\u00e2nsito de Pernambuco (Detran), o Cons\u00f3rcio de Transportes da Regi\u00e3o Metropolitana do Recife (CTM) e a Empresa Pernambucana de Transporte Intermunicipal (EPTI) tamb\u00e9m ser\u00e3o deslocadas da Seduh para a Secretaria de Mobilidade e Infraestrutura.<\/p>\n<p>Com foco em um programa mais articulado de preven\u00e7\u00e3o aos desastres, a Defesa Civil tamb\u00e9m passa por altera\u00e7\u00f5es, conforme o projeto, sendo transferida da Casa Militar para a Secretaria de Defesa Social.<\/p>\n<p>O refor\u00e7o nas estrat\u00e9gias de desenvolvimento regional e metropolitano ser\u00e1 efetivado por meio da Secretaria de Planejamento, Gest\u00e3o e Desenvolvimento Regional. Na rela\u00e7\u00e3o direta com a sociedade, a nova Secretaria de Comunica\u00e7\u00e3o \u2013 que substituir\u00e1 a de Imprensa \u2013 tamb\u00e9m vai executar as pol\u00edticas de transforma\u00e7\u00e3o digital do governo atrav\u00e9s da cria\u00e7\u00e3o de uma nova Secretaria Executiva.<\/p>\n<p>No novo organograma, a pol\u00edtica de preven\u00e7\u00e3o \u00e0s drogas ser\u00e1 vinculada \u00e0 Secretaria de Desenvolvimento Social, Crian\u00e7a, Juventude e Preven\u00e7\u00e3o \u00e0 Viol\u00eancia e \u00e0s Drogas.<\/p>\n<p>Al\u00e9m do envio do Projeto de Lei da Reforma Administrativa, o Governo do Estado tamb\u00e9m enviou para a Alepe, no sentido de ser apreciado na mesma convoca\u00e7\u00e3o extraordin\u00e1ria, Projeto de Lei renovando o Fundo Estadual de Equil\u00edbrio Fiscal (FEEF) por mais dois anos, buscando a garantia do equil\u00edbrio fiscal do Estado, mediante poss\u00edveis mudan\u00e7as na trajet\u00f3ria de arrecada\u00e7\u00e3o que podem atingir todos os estados do Pa\u00eds.<\/p>\n","protected":false},"excerpt":{"rendered":"<p>Ap\u00f3s a exonera\u00e7\u00e3o em massa de comissionados do governo Paulo C\u00e2mara (PSB), a governadora Raquel Lyra (PSDB) busca aumentar o n\u00famero de profissionais incorporados \u00e0 m\u00e1quina do Estado. A possibilidade est\u00e1 prevista no texto de reforma administrativa enviado pela gestora \u00e0 Assembleia Legislativa de Pernambuco (Alepe), na \u00faltima sexta-feira (06). Segundo o governo do Estado, &#8230; <a title=\"Ap\u00f3s demiss\u00f5es, Raquel Lyra quer aumentar o n\u00famero de comissionados em Pernambuco\" class=\"read-more\" href=\"https:\/\/penoticias.com.br\/blog\/reforma-de-raquel-lyra-faz-mudancas-na-cepe-e-agencia-condepe-fidem\/\" aria-label=\"Read more about Ap\u00f3s demiss\u00f5es, Raquel Lyra quer aumentar o n\u00famero de comissionados em Pernambuco\">Ler mais<\/a><\/p>\n<div class='heateorSssClear'><\/div><div  class='heateor_sss_sharing_container heateor_sss_horizontal_sharing' data-heateor-sss-href='https:\/\/penoticias.com.br\/blog\/reforma-de-raquel-lyra-faz-mudancas-na-cepe-e-agencia-condepe-fidem\/'><div class='heateor_sss_sharing_title' style=\"font-weight:bold\" ><\/div><div class=\"heateor_sss_sharing_ul\"><a aria-label=\"Facebook\" class=\"heateor_sss_facebook\" href=\"https:\/\/www.facebook.com\/sharer\/sharer.php?u=https%3A%2F%2Fpenoticias.com.br%2Fblog%2Freforma-de-raquel-lyra-faz-mudancas-na-cepe-e-agencia-condepe-fidem%2F\" title=\"Facebook\" rel=\"nofollow noopener\" target=\"_blank\" style=\"font-size:32px!important;box-shadow:none;display:inline-block;vertical-align:middle\"><span class=\"heateor_sss_svg\" style=\"background-color:#0765FE;width:35px;height:35px;border-radius:999px;display:inline-block;opacity:1;float:left;font-size:32px;box-shadow:none;display:inline-block;font-size:16px;padding:0 4px;vertical-align:middle;background-repeat:repeat;overflow:hidden;padding:0;cursor:pointer;box-sizing:content-box\"><svg style=\"display:block;border-radius:999px;\" focusable=\"false\" aria-hidden=\"true\" xmlns=\"http:\/\/www.w3.org\/2000\/svg\" width=\"100%\" height=\"100%\" viewBox=\"0 0 32 32\"><path fill=\"#fff\" d=\"M28 16c0-6.627-5.373-12-12-12S4 9.373 4 16c0 5.628 3.875 10.35 9.101 11.647v-7.98h-2.474V16H13.1v-1.58c0-4.085 1.849-5.978 5.859-5.978.76 0 2.072.15 2.608.298v3.325c-.283-.03-.775-.045-1.386-.045-1.967 0-2.728.745-2.728 2.683V16h3.92l-.673 3.667h-3.247v8.245C23.395 27.195 28 22.135 28 16Z\"><\/path><\/svg><\/span><\/a><a aria-label=\"Twitter\" class=\"heateor_sss_button_twitter\" href=\"https:\/\/twitter.com\/intent\/tweet?text=Ap%C3%B3s%20demiss%C3%B5es%2C%20Raquel%20Lyra%20quer%20aumentar%20o%20n%C3%BAmero%20de%20comissionados%20em%20Pernambuco&url=https%3A%2F%2Fpenoticias.com.br%2Fblog%2Freforma-de-raquel-lyra-faz-mudancas-na-cepe-e-agencia-condepe-fidem%2F\" title=\"Twitter\" rel=\"nofollow noopener\" target=\"_blank\" style=\"font-size:32px!important;box-shadow:none;display:inline-block;vertical-align:middle\"><span class=\"heateor_sss_svg heateor_sss_s__default heateor_sss_s_twitter\" style=\"background-color:#55acee;width:35px;height:35px;border-radius:999px;display:inline-block;opacity:1;float:left;font-size:32px;box-shadow:none;display:inline-block;font-size:16px;padding:0 4px;vertical-align:middle;background-repeat:repeat;overflow:hidden;padding:0;cursor:pointer;box-sizing:content-box\"><svg style=\"display:block;border-radius:999px;\" focusable=\"false\" aria-hidden=\"true\" xmlns=\"http:\/\/www.w3.org\/2000\/svg\" width=\"100%\" height=\"100%\" viewBox=\"-4 -4 39 39\"><path d=\"M28 8.557a9.913 9.913 0 0 1-2.828.775 4.93 4.93 0 0 0 2.166-2.725 9.738 9.738 0 0 1-3.13 1.194 4.92 4.92 0 0 0-3.593-1.55 4.924 4.924 0 0 0-4.794 6.049c-4.09-.21-7.72-2.17-10.15-5.15a4.942 4.942 0 0 0-.665 2.477c0 1.71.87 3.214 2.19 4.1a4.968 4.968 0 0 1-2.23-.616v.06c0 2.39 1.7 4.38 3.952 4.83-.414.115-.85.174-1.297.174-.318 0-.626-.03-.928-.086a4.935 4.935 0 0 0 4.6 3.42 9.893 9.893 0 0 1-6.114 2.107c-.398 0-.79-.023-1.175-.068a13.953 13.953 0 0 0 7.55 2.213c9.056 0 14.01-7.507 14.01-14.013 0-.213-.005-.426-.015-.637.96-.695 1.795-1.56 2.455-2.55z\" fill=\"#fff\"><\/path><\/svg><\/span><\/a><a aria-label=\"Whatsapp\" class=\"heateor_sss_whatsapp\" href=\"https:\/\/api.whatsapp.com\/send?text=Ap%C3%B3s%20demiss%C3%B5es%2C%20Raquel%20Lyra%20quer%20aumentar%20o%20n%C3%BAmero%20de%20comissionados%20em%20Pernambuco%20https%3A%2F%2Fpenoticias.com.br%2Fblog%2Freforma-de-raquel-lyra-faz-mudancas-na-cepe-e-agencia-condepe-fidem%2F\" title=\"Whatsapp\" rel=\"nofollow noopener\" target=\"_blank\" style=\"font-size:32px!important;box-shadow:none;display:inline-block;vertical-align:middle\"><span class=\"heateor_sss_svg\" style=\"background-color:#55eb4c;width:35px;height:35px;border-radius:999px;display:inline-block;opacity:1;float:left;font-size:32px;box-shadow:none;display:inline-block;font-size:16px;padding:0 4px;vertical-align:middle;background-repeat:repeat;overflow:hidden;padding:0;cursor:pointer;box-sizing:content-box\"><svg style=\"display:block;border-radius:999px;\" focusable=\"false\" aria-hidden=\"true\" xmlns=\"http:\/\/www.w3.org\/2000\/svg\" width=\"100%\" height=\"100%\" viewBox=\"-6 -5 40 40\"><path class=\"heateor_sss_svg_stroke heateor_sss_no_fill\" stroke=\"#fff\" stroke-width=\"2\" fill=\"none\" d=\"M 11.579798566743314 24.396926207859085 A 10 10 0 1 0 6.808479557110079 20.73576436351046\"><\/path><path d=\"M 7 19 l -1 6 l 6 -1\" class=\"heateor_sss_no_fill heateor_sss_svg_stroke\" stroke=\"#fff\" stroke-width=\"2\" fill=\"none\"><\/path><path d=\"M 10 10 q -1 8 8 11 c 5 -1 0 -6 -1 -3 q -4 -3 -5 -5 c 4 -2 -1 -5 -1 -4\" fill=\"#fff\"><\/path><\/svg><\/span><\/a><a aria-label=\"Gmail\" class=\"heateor_sss_button_google_gmail\" href=\"https:\/\/mail.google.com\/mail\/?ui=2&view=cm&fs=1&tf=1&su=Ap%C3%B3s%20demiss%C3%B5es%2C%20Raquel%20Lyra%20quer%20aumentar%20o%20n%C3%BAmero%20de%20comissionados%20em%20Pernambuco&body=Link:https%3A%2F%2Fpenoticias.com.br%2Fblog%2Freforma-de-raquel-lyra-faz-mudancas-na-cepe-e-agencia-condepe-fidem%2F\" title=\"Google Gmail\" rel=\"nofollow noopener\" target=\"_blank\" style=\"font-size:32px!important;box-shadow:none;display:inline-block;vertical-align:middle\"><span class=\"heateor_sss_svg heateor_sss_s__default heateor_sss_s_Google_Gmail\" style=\"background-color:#e5e5e5;width:35px;height:35px;border-radius:999px;display:inline-block;opacity:1;float:left;font-size:32px;box-shadow:none;display:inline-block;font-size:16px;padding:0 4px;vertical-align:middle;background-repeat:repeat;overflow:hidden;padding:0;cursor:pointer;box-sizing:content-box\"><svg style=\"display:block;border-radius:999px;\" focusable=\"false\" aria-hidden=\"true\" xmlns=\"http:\/\/www.w3.org\/2000\/svg\" width=\"100%\" height=\"100%\" viewBox=\"0 0 32 32\"><path fill=\"#fff\" d=\"M2.902 6.223h26.195v19.554H2.902z\"><\/path><path fill=\"#E14C41\" class=\"heateor_sss_no_fill\" d=\"M2.902 25.777h26.195V6.223H2.902v19.554zm22.44-4.007v3.806H6.955v-3.6h.032l.093-.034 6.9-5.558 2.09 1.77 1.854-1.63 7.42 5.246zm0-.672l-7.027-4.917 7.028-6.09V21.1zm-1.17-14.67l-.947.905c-2.356 2.284-4.693 4.75-7.17 6.876l-.078.06L8.062 6.39l16.11.033zm-10.597 9.61l-6.62 5.294.016-10.914 6.607 5.62\"><\/path><\/svg><\/span><\/a><a aria-label=\"Instagram\" class=\"heateor_sss_button_instagram\" href=\"https:\/\/www.instagram.com\/\" title=\"Instagram\" rel=\"nofollow noopener\" target=\"_blank\" style=\"font-size:32px!important;box-shadow:none;display:inline-block;vertical-align:middle\"><span class=\"heateor_sss_svg\" style=\"background-color:#53beee;width:35px;height:35px;border-radius:999px;display:inline-block;opacity:1;float:left;font-size:32px;box-shadow:none;display:inline-block;font-size:16px;padding:0 4px;vertical-align:middle;background-repeat:repeat;overflow:hidden;padding:0;cursor:pointer;box-sizing:content-box\"><svg style=\"display:block;border-radius:999px;\" version=\"1.1\" viewBox=\"-10 -10 148 148\" width=\"100%\" height=\"100%\" xml:space=\"preserve\" xmlns=\"http:\/\/www.w3.org\/2000\/svg\" xmlns:xlink=\"http:\/\/www.w3.org\/1999\/xlink\"><g><g><path d=\"M86,112H42c-14.336,0-26-11.663-26-26V42c0-14.337,11.664-26,26-26h44c14.337,0,26,11.663,26,26v44 C112,100.337,100.337,112,86,112z M42,24c-9.925,0-18,8.074-18,18v44c0,9.925,8.075,18,18,18h44c9.926,0,18-8.075,18-18V42 c0-9.926-8.074-18-18-18H42z\" fill=\"#fff\"><\/path><\/g><g><path d=\"M64,88c-13.234,0-24-10.767-24-24c0-13.234,10.766-24,24-24s24,10.766,24,24C88,77.233,77.234,88,64,88z M64,48c-8.822,0-16,7.178-16,16s7.178,16,16,16c8.822,0,16-7.178,16-16S72.822,48,64,48z\" fill=\"#fff\"><\/path><\/g><g><circle cx=\"89.5\" cy=\"38.5\" fill=\"#fff\" r=\"5.5\"><\/circle><\/g><\/g><\/svg><\/span><\/a><a aria-label=\"Print\" class=\"heateor_sss_button_print\" href=\"https:\/\/penoticias.com.br\/blog\/reforma-de-raquel-lyra-faz-mudancas-na-cepe-e-agencia-condepe-fidem\/\" onclick=\"event.preventDefault();window.print()\" title=\"Print\" rel=\"noopener\" style=\"font-size:32px!important;box-shadow:none;display:inline-block;vertical-align:middle\"><span class=\"heateor_sss_svg heateor_sss_s__default heateor_sss_s_print\" style=\"background-color:#fd6500;width:35px;height:35px;border-radius:999px;display:inline-block;opacity:1;float:left;font-size:32px;box-shadow:none;display:inline-block;font-size:16px;padding:0 4px;vertical-align:middle;background-repeat:repeat;overflow:hidden;padding:0;cursor:pointer;box-sizing:content-box\"><svg style=\"display:block;border-radius:999px;\" focusable=\"false\" aria-hidden=\"true\" xmlns=\"http:\/\/www.w3.org\/2000\/svg\" width=\"100%\" height=\"100%\" viewBox=\"-2.8 -4.5 35 35\"><path stroke=\"#fff\" class=\"heateor_sss_svg_stroke\" d=\"M 7 10 h 2 v 3 h 12 v -3 h 2 v 7 h -2 v -3 h -12 v 3 h -2 z\" stroke-width=\"1\" fill=\"#fff\"><\/path><rect class=\"heateor_sss_no_fill heateor_sss_svg_stroke\" stroke=\"#fff\" stroke-width=\"1.8\" height=\"7\" width=\"10\" x=\"10\" y=\"5\" fill=\"none\"><\/rect><rect class=\"heateor_sss_svg_stroke\" stroke=\"#fff\" stroke-width=\"1\" height=\"5\" width=\"8\" x=\"11\" y=\"16\" fill=\"#fff\"><\/rect><\/svg><\/span><\/a><a class=\"heateor_sss_more\" aria-label=\"More\" title=\"More\" rel=\"nofollow noopener\" style=\"font-size: 32px!important;border:0;box-shadow:none;display:inline-block!important;font-size:16px;padding:0 4px;vertical-align: middle;display:inline;\" href=\"https:\/\/penoticias.com.br\/blog\/reforma-de-raquel-lyra-faz-mudancas-na-cepe-e-agencia-condepe-fidem\/\" onclick=\"event.preventDefault()\"><span class=\"heateor_sss_svg\" style=\"background-color:#ee8e2d;width:35px;height:35px;border-radius:999px;display:inline-block!important;opacity:1;float:left;font-size:32px!important;box-shadow:none;display:inline-block;font-size:16px;padding:0 4px;vertical-align:middle;display:inline;background-repeat:repeat;overflow:hidden;padding:0;cursor:pointer;box-sizing:content-box;\" onclick=\"heateorSssMoreSharingPopup(this, 'https:\/\/penoticias.com.br\/blog\/reforma-de-raquel-lyra-faz-mudancas-na-cepe-e-agencia-condepe-fidem\/', 'Ap%C3%B3s%20demiss%C3%B5es%2C%20Raquel%20Lyra%20quer%20aumentar%20o%20n%C3%BAmero%20de%20comissionados%20em%20Pernambuco', '' )\"><svg xmlns=\"http:\/\/www.w3.org\/2000\/svg\" xmlns:xlink=\"http:\/\/www.w3.org\/1999\/xlink\" viewBox=\"-.3 0 32 32\" version=\"1.1\" width=\"100%\" height=\"100%\" style=\"display:block;border-radius:999px;\" xml:space=\"preserve\"><g><path fill=\"#fff\" d=\"M18 14V8h-4v6H8v4h6v6h4v-6h6v-4h-6z\" fill-rule=\"evenodd\"><\/path><\/g><\/svg><\/span><\/a><\/div><div class=\"heateorSssClear\"><\/div><\/div><div class='heateorSssClear'><\/div>","protected":false},"author":2,"featured_media":0,"comment_status":"closed","ping_status":"closed","sticky":false,"template":"","format":"standard","meta":{"footnotes":""},"categories":[10],"tags":[],"class_list":["post-124114","post","type-post","status-publish","format-standard","hentry","category-politica"],"yoast_head":"<!-- This site is optimized with the Yoast SEO plugin v28.4 - https:\/\/yoast.com\/product\/yoast-seo-wordpress\/ -->\n<title>Ap\u00f3s demiss\u00f5es, Raquel Lyra quer aumentar o n\u00famero de comissionados em Pernambuco - PE Not\u00edcias<\/title>\n<meta name=\"robots\" content=\"index, follow, max-snippet:-1, max-image-preview:large, max-video-preview:-1\" \/>\n<link rel=\"canonical\" href=\"https:\/\/penoticias.com.br\/blog\/reforma-de-raquel-lyra-faz-mudancas-na-cepe-e-agencia-condepe-fidem\/\" \/>\n<meta property=\"og:locale\" content=\"pt_BR\" \/>\n<meta property=\"og:type\" content=\"article\" \/>\n<meta property=\"og:title\" content=\"Ap\u00f3s demiss\u00f5es, Raquel Lyra quer aumentar o n\u00famero de comissionados em Pernambuco - PE Not\u00edcias\" \/>\n<meta property=\"og:description\" content=\"Ap\u00f3s a exonera\u00e7\u00e3o em massa de comissionados do governo Paulo C\u00e2mara (PSB), a governadora Raquel Lyra (PSDB) busca aumentar o n\u00famero de profissionais incorporados \u00e0 m\u00e1quina do Estado. A possibilidade est\u00e1 prevista no texto de reforma administrativa enviado pela gestora \u00e0 Assembleia Legislativa de Pernambuco (Alepe), na \u00faltima sexta-feira (06). Segundo o governo do Estado, ... Ler mais\" \/>\n<meta property=\"og:url\" content=\"https:\/\/penoticias.com.br\/blog\/reforma-de-raquel-lyra-faz-mudancas-na-cepe-e-agencia-condepe-fidem\/\" \/>\n<meta property=\"og:site_name\" content=\"PE Not\u00edcias\" \/>\n<meta property=\"article:publisher\" content=\"pedrovicentearaujo@hotmail.com\" \/>\n<meta property=\"article:author\" content=\"pedrovicentearaujo@hotmail.com\" \/>\n<meta property=\"article:published_time\" content=\"2023-01-07T15:15:16+00:00\" \/>\n<meta property=\"og:image\" content=\"https:\/\/imagens.ne10.uol.com.br\/veiculos\/_midias\/jpg\/2023\/01\/04\/806x444\/1_divulgacaosei_1-22254147.jpeg\" \/>\n<meta name=\"author\" content=\"Pedro Ara\u00fajo\" \/>\n<meta name=\"twitter:card\" content=\"summary_large_image\" \/>\n<meta name=\"twitter:creator\" content=\"@pedromuela\" \/>\n<meta name=\"twitter:site\" content=\"@pedromuela\" \/>\n<meta name=\"twitter:label1\" content=\"Escrito por\" \/>\n\t<meta name=\"twitter:data1\" content=\"Pedro Ara\u00fajo\" \/>\n\t<meta name=\"twitter:label2\" content=\"Est. tempo de leitura\" \/>\n\t<meta name=\"twitter:data2\" content=\"5 minutos\" \/>\n<script type=\"application\/ld+json\" class=\"yoast-schema-graph\">{\"@context\":\"https:\\\/\\\/schema.org\",\"@graph\":[{\"@type\":\"Article\",\"@id\":\"https:\\\/\\\/penoticias.com.br\\\/blog\\\/reforma-de-raquel-lyra-faz-mudancas-na-cepe-e-agencia-condepe-fidem\\\/#article\",\"isPartOf\":{\"@id\":\"https:\\\/\\\/penoticias.com.br\\\/blog\\\/reforma-de-raquel-lyra-faz-mudancas-na-cepe-e-agencia-condepe-fidem\\\/\"},\"author\":{\"name\":\"Pedro Ara\u00fajo\",\"@id\":\"https:\\\/\\\/penoticias.com.br\\\/blog\\\/#\\\/schema\\\/person\\\/13ea60669d2351f129ef3657907f1432\"},\"headline\":\"Ap\u00f3s demiss\u00f5es, Raquel Lyra quer aumentar o n\u00famero de comissionados em Pernambuco\",\"datePublished\":\"2023-01-07T15:15:16+00:00\",\"mainEntityOfPage\":{\"@id\":\"https:\\\/\\\/penoticias.com.br\\\/blog\\\/reforma-de-raquel-lyra-faz-mudancas-na-cepe-e-agencia-condepe-fidem\\\/\"},\"wordCount\":838,\"publisher\":{\"@id\":\"https:\\\/\\\/penoticias.com.br\\\/blog\\\/#\\\/schema\\\/person\\\/13ea60669d2351f129ef3657907f1432\"},\"image\":{\"@id\":\"https:\\\/\\\/penoticias.com.br\\\/blog\\\/reforma-de-raquel-lyra-faz-mudancas-na-cepe-e-agencia-condepe-fidem\\\/#primaryimage\"},\"thumbnailUrl\":\"https:\\\/\\\/imagens.ne10.uol.com.br\\\/veiculos\\\/_midias\\\/jpg\\\/2023\\\/01\\\/04\\\/806x444\\\/1_divulgacaosei_1-22254147.jpeg\",\"articleSection\":[\"Pol\u00edtica\"],\"inLanguage\":\"pt-BR\"},{\"@type\":\"WebPage\",\"@id\":\"https:\\\/\\\/penoticias.com.br\\\/blog\\\/reforma-de-raquel-lyra-faz-mudancas-na-cepe-e-agencia-condepe-fidem\\\/\",\"url\":\"https:\\\/\\\/penoticias.com.br\\\/blog\\\/reforma-de-raquel-lyra-faz-mudancas-na-cepe-e-agencia-condepe-fidem\\\/\",\"name\":\"Ap\u00f3s demiss\u00f5es, Raquel Lyra quer aumentar o n\u00famero de comissionados em Pernambuco - PE Not\u00edcias\",\"isPartOf\":{\"@id\":\"https:\\\/\\\/penoticias.com.br\\\/blog\\\/#website\"},\"primaryImageOfPage\":{\"@id\":\"https:\\\/\\\/penoticias.com.br\\\/blog\\\/reforma-de-raquel-lyra-faz-mudancas-na-cepe-e-agencia-condepe-fidem\\\/#primaryimage\"},\"image\":{\"@id\":\"https:\\\/\\\/penoticias.com.br\\\/blog\\\/reforma-de-raquel-lyra-faz-mudancas-na-cepe-e-agencia-condepe-fidem\\\/#primaryimage\"},\"thumbnailUrl\":\"https:\\\/\\\/imagens.ne10.uol.com.br\\\/veiculos\\\/_midias\\\/jpg\\\/2023\\\/01\\\/04\\\/806x444\\\/1_divulgacaosei_1-22254147.jpeg\",\"datePublished\":\"2023-01-07T15:15:16+00:00\",\"breadcrumb\":{\"@id\":\"https:\\\/\\\/penoticias.com.br\\\/blog\\\/reforma-de-raquel-lyra-faz-mudancas-na-cepe-e-agencia-condepe-fidem\\\/#breadcrumb\"},\"inLanguage\":\"pt-BR\",\"potentialAction\":[{\"@type\":\"ReadAction\",\"target\":[\"https:\\\/\\\/penoticias.com.br\\\/blog\\\/reforma-de-raquel-lyra-faz-mudancas-na-cepe-e-agencia-condepe-fidem\\\/\"]}]},{\"@type\":\"ImageObject\",\"inLanguage\":\"pt-BR\",\"@id\":\"https:\\\/\\\/penoticias.com.br\\\/blog\\\/reforma-de-raquel-lyra-faz-mudancas-na-cepe-e-agencia-condepe-fidem\\\/#primaryimage\",\"url\":\"https:\\\/\\\/imagens.ne10.uol.com.br\\\/veiculos\\\/_midias\\\/jpg\\\/2023\\\/01\\\/04\\\/806x444\\\/1_divulgacaosei_1-22254147.jpeg\",\"contentUrl\":\"https:\\\/\\\/imagens.ne10.uol.com.br\\\/veiculos\\\/_midias\\\/jpg\\\/2023\\\/01\\\/04\\\/806x444\\\/1_divulgacaosei_1-22254147.jpeg\"},{\"@type\":\"BreadcrumbList\",\"@id\":\"https:\\\/\\\/penoticias.com.br\\\/blog\\\/reforma-de-raquel-lyra-faz-mudancas-na-cepe-e-agencia-condepe-fidem\\\/#breadcrumb\",\"itemListElement\":[{\"@type\":\"ListItem\",\"position\":1,\"name\":\"In\u00edcio\",\"item\":\"https:\\\/\\\/penoticias.com.br\\\/blog\\\/\"},{\"@type\":\"ListItem\",\"position\":2,\"name\":\"Ap\u00f3s demiss\u00f5es, Raquel Lyra quer aumentar o n\u00famero de comissionados em Pernambuco\"}]},{\"@type\":\"WebSite\",\"@id\":\"https:\\\/\\\/penoticias.com.br\\\/blog\\\/#website\",\"url\":\"https:\\\/\\\/penoticias.com.br\\\/blog\\\/\",\"name\":\"PE Not\u00edcias\",\"description\":\"Voc\u00ea no Mundo da Informa\u00e7\u00e3o.\",\"publisher\":{\"@id\":\"https:\\\/\\\/penoticias.com.br\\\/blog\\\/#\\\/schema\\\/person\\\/13ea60669d2351f129ef3657907f1432\"},\"potentialAction\":[{\"@type\":\"SearchAction\",\"target\":{\"@type\":\"EntryPoint\",\"urlTemplate\":\"https:\\\/\\\/penoticias.com.br\\\/blog\\\/?s={search_term_string}\"},\"query-input\":{\"@type\":\"PropertyValueSpecification\",\"valueRequired\":true,\"valueName\":\"search_term_string\"}}],\"inLanguage\":\"pt-BR\"},{\"@type\":[\"Person\",\"Organization\"],\"@id\":\"https:\\\/\\\/penoticias.com.br\\\/blog\\\/#\\\/schema\\\/person\\\/13ea60669d2351f129ef3657907f1432\",\"name\":\"Pedro Ara\u00fajo\",\"image\":{\"@type\":\"ImageObject\",\"inLanguage\":\"pt-BR\",\"@id\":\"https:\\\/\\\/secure.gravatar.com\\\/avatar\\\/d654258027afd7c928561b83494a45e3aff23d7ac7ce926d2bceac1ffe030175?s=96&d=mm&r=g\",\"url\":\"https:\\\/\\\/secure.gravatar.com\\\/avatar\\\/d654258027afd7c928561b83494a45e3aff23d7ac7ce926d2bceac1ffe030175?s=96&d=mm&r=g\",\"contentUrl\":\"https:\\\/\\\/secure.gravatar.com\\\/avatar\\\/d654258027afd7c928561b83494a45e3aff23d7ac7ce926d2bceac1ffe030175?s=96&d=mm&r=g\",\"caption\":\"Pedro Ara\u00fajo\"},\"logo\":{\"@id\":\"https:\\\/\\\/secure.gravatar.com\\\/avatar\\\/d654258027afd7c928561b83494a45e3aff23d7ac7ce926d2bceac1ffe030175?s=96&d=mm&r=g\"},\"description\":\"As informa\u00e7\u00f5es que traduzem as verdades dos fatos, sem ferir ou denegrir pessoas ou imagens. Como tamb\u00e9m, nunca procurando agradar aos maus feitores.\",\"sameAs\":[\"http:\\\/\\\/www.penoticias.com.br\",\"pedrovicentearaujo@hotmail.com\",\"@pedroafogados\",\"https:\\\/\\\/x.com\\\/pedromuela\",\"www.penoticias.com.br\"],\"url\":\"https:\\\/\\\/penoticias.com.br\\\/blog\\\/author\\\/pedro\\\/\"}]}<\/script>\n<!-- \/ Yoast SEO plugin. -->","yoast_head_json":{"title":"Ap\u00f3s demiss\u00f5es, Raquel Lyra quer aumentar o n\u00famero de comissionados em Pernambuco - PE Not\u00edcias","robots":{"index":"index","follow":"follow","max-snippet":"max-snippet:-1","max-image-preview":"max-image-preview:large","max-video-preview":"max-video-preview:-1"},"canonical":"https:\/\/penoticias.com.br\/blog\/reforma-de-raquel-lyra-faz-mudancas-na-cepe-e-agencia-condepe-fidem\/","og_locale":"pt_BR","og_type":"article","og_title":"Ap\u00f3s demiss\u00f5es, Raquel Lyra quer aumentar o n\u00famero de comissionados em Pernambuco - PE Not\u00edcias","og_description":"Ap\u00f3s a exonera\u00e7\u00e3o em massa de comissionados do governo Paulo C\u00e2mara (PSB), a governadora Raquel Lyra (PSDB) busca aumentar o n\u00famero de profissionais incorporados \u00e0 m\u00e1quina do Estado. A possibilidade est\u00e1 prevista no texto de reforma administrativa enviado pela gestora \u00e0 Assembleia Legislativa de Pernambuco (Alepe), na \u00faltima sexta-feira (06). Segundo o governo do Estado, ... Ler mais","og_url":"https:\/\/penoticias.com.br\/blog\/reforma-de-raquel-lyra-faz-mudancas-na-cepe-e-agencia-condepe-fidem\/","og_site_name":"PE Not\u00edcias","article_publisher":"pedrovicentearaujo@hotmail.com","article_author":"pedrovicentearaujo@hotmail.com","article_published_time":"2023-01-07T15:15:16+00:00","og_image":[{"url":"https:\/\/imagens.ne10.uol.com.br\/veiculos\/_midias\/jpg\/2023\/01\/04\/806x444\/1_divulgacaosei_1-22254147.jpeg","type":"","width":"","height":""}],"author":"Pedro Ara\u00fajo","twitter_card":"summary_large_image","twitter_creator":"@pedromuela","twitter_site":"@pedromuela","twitter_misc":{"Escrito por":"Pedro Ara\u00fajo","Est. tempo de leitura":"5 minutos"},"schema":{"@context":"https:\/\/schema.org","@graph":[{"@type":"Article","@id":"https:\/\/penoticias.com.br\/blog\/reforma-de-raquel-lyra-faz-mudancas-na-cepe-e-agencia-condepe-fidem\/#article","isPartOf":{"@id":"https:\/\/penoticias.com.br\/blog\/reforma-de-raquel-lyra-faz-mudancas-na-cepe-e-agencia-condepe-fidem\/"},"author":{"name":"Pedro Ara\u00fajo","@id":"https:\/\/penoticias.com.br\/blog\/#\/schema\/person\/13ea60669d2351f129ef3657907f1432"},"headline":"Ap\u00f3s demiss\u00f5es, Raquel Lyra quer aumentar o n\u00famero de comissionados em Pernambuco","datePublished":"2023-01-07T15:15:16+00:00","mainEntityOfPage":{"@id":"https:\/\/penoticias.com.br\/blog\/reforma-de-raquel-lyra-faz-mudancas-na-cepe-e-agencia-condepe-fidem\/"},"wordCount":838,"publisher":{"@id":"https:\/\/penoticias.com.br\/blog\/#\/schema\/person\/13ea60669d2351f129ef3657907f1432"},"image":{"@id":"https:\/\/penoticias.com.br\/blog\/reforma-de-raquel-lyra-faz-mudancas-na-cepe-e-agencia-condepe-fidem\/#primaryimage"},"thumbnailUrl":"https:\/\/imagens.ne10.uol.com.br\/veiculos\/_midias\/jpg\/2023\/01\/04\/806x444\/1_divulgacaosei_1-22254147.jpeg","articleSection":["Pol\u00edtica"],"inLanguage":"pt-BR"},{"@type":"WebPage","@id":"https:\/\/penoticias.com.br\/blog\/reforma-de-raquel-lyra-faz-mudancas-na-cepe-e-agencia-condepe-fidem\/","url":"https:\/\/penoticias.com.br\/blog\/reforma-de-raquel-lyra-faz-mudancas-na-cepe-e-agencia-condepe-fidem\/","name":"Ap\u00f3s demiss\u00f5es, Raquel Lyra quer aumentar o n\u00famero de comissionados em Pernambuco - PE Not\u00edcias","isPartOf":{"@id":"https:\/\/penoticias.com.br\/blog\/#website"},"primaryImageOfPage":{"@id":"https:\/\/penoticias.com.br\/blog\/reforma-de-raquel-lyra-faz-mudancas-na-cepe-e-agencia-condepe-fidem\/#primaryimage"},"image":{"@id":"https:\/\/penoticias.com.br\/blog\/reforma-de-raquel-lyra-faz-mudancas-na-cepe-e-agencia-condepe-fidem\/#primaryimage"},"thumbnailUrl":"https:\/\/imagens.ne10.uol.com.br\/veiculos\/_midias\/jpg\/2023\/01\/04\/806x444\/1_divulgacaosei_1-22254147.jpeg","datePublished":"2023-01-07T15:15:16+00:00","breadcrumb":{"@id":"https:\/\/penoticias.com.br\/blog\/reforma-de-raquel-lyra-faz-mudancas-na-cepe-e-agencia-condepe-fidem\/#breadcrumb"},"inLanguage":"pt-BR","potentialAction":[{"@type":"ReadAction","target":["https:\/\/penoticias.com.br\/blog\/reforma-de-raquel-lyra-faz-mudancas-na-cepe-e-agencia-condepe-fidem\/"]}]},{"@type":"ImageObject","inLanguage":"pt-BR","@id":"https:\/\/penoticias.com.br\/blog\/reforma-de-raquel-lyra-faz-mudancas-na-cepe-e-agencia-condepe-fidem\/#primaryimage","url":"https:\/\/imagens.ne10.uol.com.br\/veiculos\/_midias\/jpg\/2023\/01\/04\/806x444\/1_divulgacaosei_1-22254147.jpeg","contentUrl":"https:\/\/imagens.ne10.uol.com.br\/veiculos\/_midias\/jpg\/2023\/01\/04\/806x444\/1_divulgacaosei_1-22254147.jpeg"},{"@type":"BreadcrumbList","@id":"https:\/\/penoticias.com.br\/blog\/reforma-de-raquel-lyra-faz-mudancas-na-cepe-e-agencia-condepe-fidem\/#breadcrumb","itemListElement":[{"@type":"ListItem","position":1,"name":"In\u00edcio","item":"https:\/\/penoticias.com.br\/blog\/"},{"@type":"ListItem","position":2,"name":"Ap\u00f3s demiss\u00f5es, Raquel Lyra quer aumentar o n\u00famero de comissionados em Pernambuco"}]},{"@type":"WebSite","@id":"https:\/\/penoticias.com.br\/blog\/#website","url":"https:\/\/penoticias.com.br\/blog\/","name":"PE Not\u00edcias","description":"Voc\u00ea no Mundo da Informa\u00e7\u00e3o.","publisher":{"@id":"https:\/\/penoticias.com.br\/blog\/#\/schema\/person\/13ea60669d2351f129ef3657907f1432"},"potentialAction":[{"@type":"SearchAction","target":{"@type":"EntryPoint","urlTemplate":"https:\/\/penoticias.com.br\/blog\/?s={search_term_string}"},"query-input":{"@type":"PropertyValueSpecification","valueRequired":true,"valueName":"search_term_string"}}],"inLanguage":"pt-BR"},{"@type":["Person","Organization"],"@id":"https:\/\/penoticias.com.br\/blog\/#\/schema\/person\/13ea60669d2351f129ef3657907f1432","name":"Pedro Ara\u00fajo","image":{"@type":"ImageObject","inLanguage":"pt-BR","@id":"https:\/\/secure.gravatar.com\/avatar\/d654258027afd7c928561b83494a45e3aff23d7ac7ce926d2bceac1ffe030175?s=96&d=mm&r=g","url":"https:\/\/secure.gravatar.com\/avatar\/d654258027afd7c928561b83494a45e3aff23d7ac7ce926d2bceac1ffe030175?s=96&d=mm&r=g","contentUrl":"https:\/\/secure.gravatar.com\/avatar\/d654258027afd7c928561b83494a45e3aff23d7ac7ce926d2bceac1ffe030175?s=96&d=mm&r=g","caption":"Pedro Ara\u00fajo"},"logo":{"@id":"https:\/\/secure.gravatar.com\/avatar\/d654258027afd7c928561b83494a45e3aff23d7ac7ce926d2bceac1ffe030175?s=96&d=mm&r=g"},"description":"As informa\u00e7\u00f5es que traduzem as verdades dos fatos, sem ferir ou denegrir pessoas ou imagens. Como tamb\u00e9m, nunca procurando agradar aos maus feitores.","sameAs":["http:\/\/www.penoticias.com.br","pedrovicentearaujo@hotmail.com","@pedroafogados","https:\/\/x.com\/pedromuela","www.penoticias.com.br"],"url":"https:\/\/penoticias.com.br\/blog\/author\/pedro\/"}]}},"_links":{"self":[{"href":"https:\/\/penoticias.com.br\/blog\/wp-json\/wp\/v2\/posts\/124114","targetHints":{"allow":["GET"]}}],"collection":[{"href":"https:\/\/penoticias.com.br\/blog\/wp-json\/wp\/v2\/posts"}],"about":[{"href":"https:\/\/penoticias.com.br\/blog\/wp-json\/wp\/v2\/types\/post"}],"author":[{"embeddable":true,"href":"https:\/\/penoticias.com.br\/blog\/wp-json\/wp\/v2\/users\/2"}],"replies":[{"embeddable":true,"href":"https:\/\/penoticias.com.br\/blog\/wp-json\/wp\/v2\/comments?post=124114"}],"version-history":[{"count":4,"href":"https:\/\/penoticias.com.br\/blog\/wp-json\/wp\/v2\/posts\/124114\/revisions"}],"predecessor-version":[{"id":124132,"href":"https:\/\/penoticias.com.br\/blog\/wp-json\/wp\/v2\/posts\/124114\/revisions\/124132"}],"wp:attachment":[{"href":"https:\/\/penoticias.com.br\/blog\/wp-json\/wp\/v2\/media?parent=124114"}],"wp:term":[{"taxonomy":"category","embeddable":true,"href":"https:\/\/penoticias.com.br\/blog\/wp-json\/wp\/v2\/categories?post=124114"},{"taxonomy":"post_tag","embeddable":true,"href":"https:\/\/penoticias.com.br\/blog\/wp-json\/wp\/v2\/tags?post=124114"}],"curies":[{"name":"wp","href":"https:\/\/api.w.org\/{rel}","templated":true}]}}