{"id":124121,"date":"2023-01-07T14:30:30","date_gmt":"2023-01-07T17:30:30","guid":{"rendered":"https:\/\/penoticias.com.br\/blog\/?p=124121"},"modified":"2023-01-07T08:31:13","modified_gmt":"2023-01-07T11:31:13","slug":"secretarias-e-empresas-do-governo-de-pernambuco-tem-mais-comissionados-do-que-servidores-do-quadro","status":"publish","type":"post","link":"https:\/\/penoticias.com.br\/blog\/secretarias-e-empresas-do-governo-de-pernambuco-tem-mais-comissionados-do-que-servidores-do-quadro\/","title":{"rendered":"Secretarias e empresas do governo de Pernambuco t\u00eam mais comissionados do que servidores do quadro"},"content":{"rendered":"<p style=\"text-align: center;\"><img fetchpriority=\"high\" decoding=\"async\" class=\"\" src=\"https:\/\/imagens.ne10.uol.com.br\/veiculos\/_midias\/jpg\/2023\/01\/02\/806x444\/1_bc020123052-22234832.jpg\" alt=\"BRUNO CAMPOS\/JC IMAGEM\" width=\"671\" height=\"369\" \/><\/p>\n<p><span style=\"font-size: 8pt;\"><em>Por Adriana Guarda\/JC<\/em><\/span><\/p>\n<p>A primeira semana da gest\u00e3o\u00a0Raquel Lyra (PSDB) foi marcada pela pol\u00eamica do decreto de exonera\u00e7\u00e3o de cargos comissionados no Poder Executivo. O chamado &#8220;exonera\u00e7o&#8221; \u00e9 uma pr\u00e1tica comum na administra\u00e7\u00e3o p\u00fablica, sobretudo quando h\u00e1 uma altern\u00e2ncia importante de poder, como a quebra da hegemonia de 16 anos do PSB no comando de Pernambuco. \u00c9 natural que quem chegue se cerque\u00a0de pessoas da sua confian\u00e7a e identificadas com o seu perfil de governo.<\/p>\n<p>At\u00e9 a\u00ed nenhum problema. O que provocou a &#8216;gritaria&#8217; de v\u00e1rias entidades contra\u00a0as exonera\u00e7\u00f5es\u00a0foi a reda\u00e7\u00e3o incompleta do Decreto 54.393, que n\u00e3o previa as devidas exce\u00e7\u00f5es de cargos comissionados e profissionais com fun\u00e7\u00f5es gratificadas indispens\u00e1veis para garantir o funcionamento de servi\u00e7os essenciais.\u00a0Na lista de exce\u00e7\u00f5es est\u00e3o gestores de escolas, hospitais, penitenci\u00e1rias e outras \u00e1reas estrat\u00e9gicas.<\/p>\n<p>Apesar de se falar em &#8220;demiss\u00e3o em massa&#8221;,\u00a0na compara\u00e7\u00e3o com outros Estados do Pa\u00eds, Pernambuco n\u00e3o tem um n\u00famero inflado de cargos comissionados no Poder Executivo. De acordo com os \u00faltimos dados levantados junto \u00e0 Secretaria de Administra\u00e7\u00e3o,\u00a0no final da gest\u00e3o socialista, eram\u00a02.754 cargos de confian\u00e7a\u00a0para um total de\u00a0125.933 servidores ativos.<\/p>\n<p>O peso do comissionados tamb\u00e9m n\u00e3o\u00a0destoa na folha de pagamento, que desembolsa\u00a0R$ 773.845.542,74 com a folha dos servidores ativos contra\u00a0R$ 13.165.690,43\u00a0 dos comissionados.<\/p>\n<p style=\"text-align: center;\"><img decoding=\"async\" class=\"alignnone wp-image-124122 \" src=\"https:\/\/penoticias.com.br\/blog\/wp-content\/uploads\/2023\/01\/PE-Noticias-56.jpg\" alt=\"\" width=\"640\" height=\"366\" srcset=\"https:\/\/penoticias.com.br\/blog\/wp-content\/uploads\/2023\/01\/PE-Noticias-56.jpg 621w, https:\/\/penoticias.com.br\/blog\/wp-content\/uploads\/2023\/01\/PE-Noticias-56-300x171.jpg 300w\" sizes=\"(max-width: 640px) 100vw, 640px\" \/><\/p>\n<p>O especialista em direito administrativo da Ordem dos Advogados do Brasil (OAB), Leonardo Aguiar, explica que os cargos comissionados est\u00e3o dispostos na Constitui\u00e7\u00e3o Federal. &#8220;O artigo 37, inciso 2 da Constitui\u00e7\u00e3o diz que o acesso ao servi\u00e7o p\u00fablico se dar\u00e1 atrav\u00e9s de concurso p\u00fablico ou de nomea\u00e7\u00e3o para cargo de comiss\u00e3o&#8221;, afirma. Apesar do que diz a Constitui\u00e7\u00e3o nenhuma legisla\u00e7\u00e3o foi editada no Brasil ou em Pernambuco para limitar o n\u00famero de comissionados.<\/p>\n<p>&#8220;Como n\u00e3o existe legisla\u00e7\u00e3o, h\u00e1 um entendimento de doutrinadores e estudiosos de que o n\u00famero de comissionados no \u00e2mbito municipal, estadual e federal n\u00e3o deveria ultrapassar 50% do total de servidores efetivos&#8221;, observa. Atualmente em Pernambuco, o n\u00famero geral de cargos de confian\u00e7a n\u00e3o chega a 3% dos servidores do quadro, que \u00e9 de 2,18%. <!--more--><\/p>\n<p>Leonardo Aguiar esclarece que n\u00e3o existe legisla\u00e7\u00e3o que impe\u00e7a o gestor p\u00fablico de promover as exonera\u00e7\u00f5es de cargos comissionados e retirar as fun\u00e7\u00f5es gratificadas dos servidores ativos.<\/p>\n<p>&#8220;Apesar disso, n\u00e3o \u00e9 de bom tom que a governadora promova uma exonera\u00e7\u00e3o de 100% desses cargos, exatamente por conta da pol\u00eamica se criou, porque \u00e9 necess\u00e1rio manter os servi\u00e7os essenciais e estrat\u00e9gicos. O que faltou ao decreto foi trazer mais especificidade sobre esses servi\u00e7os indispens\u00e1veis&#8221;, destaca.<\/p>\n<p>O advogado chama aten\u00e7\u00e3o que esses servi\u00e7os estrat\u00e9gicos e essenciais podem n\u00e3o estar apenas na educa\u00e7\u00e3o, sa\u00fade e sistema prisional, por isso a necessidade de trazer um texto o mais preciso poss\u00edvel.<\/p>\n<p><span style=\"font-size: 14pt;\"><strong>Comissionados s\u00e3o maioria\u00a0<\/strong><\/span><\/p>\n<p>Apesar de o n\u00famero de cargos de confian\u00e7a no Estado ser\u00a0min\u00fasculos em rela\u00e7\u00e3o ao\u00a0total de servidores ativos, eles t\u00eam participa\u00e7\u00e3o fundamental na administra\u00e7\u00e3o p\u00fablica, com destaque em algumas secretarias e empresas estatais.<\/p>\n<p>\u00c9 o caso da\u00a0Companhia Estadual de Habita\u00e7\u00e3o e Obras (Cehab). A empresa tem mais cargos comissionados (96) do que servidores efetivos (47). A situa\u00e7\u00e3o tamb\u00e9m se repete na Casa Civil, onde estavam lotados 122 cargos de confian\u00e7a contra 93 servidores ativos.<\/p>\n<p>Na Secretaria de Desenvolvimento Social, Crian\u00e7a e Juventude, os cargos comissionados n\u00e3o s\u00e3o maioria, mas t\u00eam uma participa\u00e7\u00e3o importante. S\u00e3o 132 contra 517 efetivos. J\u00e1 na Secretaria de Pol\u00edticas de Preven\u00e7\u00e3o \u00e0 Viol\u00eancia e \u00e0s Drogas, os cargos de confian\u00e7a s\u00e3o 88 e os servidores do quadro s\u00e3o 108.<\/p>\n<p>Por todas essas especificidades, o Decreto s\u00f3 deveria ter sido escrito a partir de um mapeamento detalhado de onde est\u00e3o cada um desses cargos comissionados e a sua import\u00e2ncia dentro do governo.<\/p>\n<p>A governadora Raquel Lyra n\u00e3o \u00e9 obrigada a manter na sua gest\u00e3o ningu\u00e9m que ela n\u00e3o queira, mas precisa ser criteriosa para n\u00e3o prejudicar a presta\u00e7\u00e3o de servi\u00e7os \u00e0 popula\u00e7\u00e3o, que j\u00e1 \u00e9 bastante ineficiente em rela\u00e7\u00e3o ao que se paga de impostos.<\/p>\n<p>A confus\u00e3o do Decreto e essa partida um tanto atabalhoada da gest\u00e3o tamb\u00e9m deixa transparecer que a transi\u00e7\u00e3o de governo n\u00e3o foi realizada no corpo a corpo, secretaria\u00a0a\u00a0secretaria, para entender o funcionamento de cada uma.<\/p>\n<p>Se tivesse ocorrido, saber-se-ia quem s\u00e3o e o que fazem\u00a0os\u00a02.754 comissionados para\u00a0pin\u00e7ar quem n\u00e3o poderia ser exonerado de imediato. At\u00e9 porque o n\u00famero \u00e9 pequeno, diante do universo gigante de servidores ativos.<\/p>\n<p>O caso do decreto de exonera\u00e7\u00e3o \u00e9 um problema de percurso que pode acontecer\u00a0com qualquer gestor, ainda mais num in\u00edcio de governo, quando todos ainda est\u00e3o se acomodando e descobrindo os caminhos.<\/p>\n<p>S\u00f3 n\u00e3o pode se repetir sob pena de criar uma crise de credibilidade. O decreto que cria o Plano de Gest\u00e3o de Qualidade do Gasto P\u00fablico tamb\u00e9m\u00a0sinaliza alguns problemas.<\/p>\n","protected":false},"excerpt":{"rendered":"<p>Por Adriana Guarda\/JC A primeira semana da gest\u00e3o\u00a0Raquel Lyra (PSDB) foi marcada pela pol\u00eamica do decreto de exonera\u00e7\u00e3o de cargos comissionados no Poder Executivo. O chamado &#8220;exonera\u00e7o&#8221; \u00e9 uma pr\u00e1tica comum na administra\u00e7\u00e3o p\u00fablica, sobretudo quando h\u00e1 uma altern\u00e2ncia importante de poder, como a quebra da hegemonia de 16 anos do PSB no comando de &#8230; <a title=\"Secretarias e empresas do governo de Pernambuco t\u00eam mais comissionados do que servidores do quadro\" class=\"read-more\" href=\"https:\/\/penoticias.com.br\/blog\/secretarias-e-empresas-do-governo-de-pernambuco-tem-mais-comissionados-do-que-servidores-do-quadro\/\" aria-label=\"Read more about Secretarias e empresas do governo de Pernambuco t\u00eam mais comissionados do que servidores do quadro\">Ler mais<\/a><\/p>\n<div class='heateorSssClear'><\/div><div  class='heateor_sss_sharing_container heateor_sss_horizontal_sharing' data-heateor-sss-href='https:\/\/penoticias.com.br\/blog\/secretarias-e-empresas-do-governo-de-pernambuco-tem-mais-comissionados-do-que-servidores-do-quadro\/'><div class='heateor_sss_sharing_title' style=\"font-weight:bold\" ><\/div><div class=\"heateor_sss_sharing_ul\"><a aria-label=\"Facebook\" class=\"heateor_sss_facebook\" href=\"https:\/\/www.facebook.com\/sharer\/sharer.php?u=https%3A%2F%2Fpenoticias.com.br%2Fblog%2Fsecretarias-e-empresas-do-governo-de-pernambuco-tem-mais-comissionados-do-que-servidores-do-quadro%2F\" title=\"Facebook\" rel=\"nofollow noopener\" target=\"_blank\" style=\"font-size:32px!important;box-shadow:none;display:inline-block;vertical-align:middle\"><span class=\"heateor_sss_svg\" style=\"background-color:#0765FE;width:35px;height:35px;border-radius:999px;display:inline-block;opacity:1;float:left;font-size:32px;box-shadow:none;display:inline-block;font-size:16px;padding:0 4px;vertical-align:middle;background-repeat:repeat;overflow:hidden;padding:0;cursor:pointer;box-sizing:content-box\"><svg style=\"display:block;border-radius:999px;\" focusable=\"false\" aria-hidden=\"true\" xmlns=\"http:\/\/www.w3.org\/2000\/svg\" width=\"100%\" height=\"100%\" viewBox=\"0 0 32 32\"><path fill=\"#fff\" d=\"M28 16c0-6.627-5.373-12-12-12S4 9.373 4 16c0 5.628 3.875 10.35 9.101 11.647v-7.98h-2.474V16H13.1v-1.58c0-4.085 1.849-5.978 5.859-5.978.76 0 2.072.15 2.608.298v3.325c-.283-.03-.775-.045-1.386-.045-1.967 0-2.728.745-2.728 2.683V16h3.92l-.673 3.667h-3.247v8.245C23.395 27.195 28 22.135 28 16Z\"><\/path><\/svg><\/span><\/a><a aria-label=\"Twitter\" class=\"heateor_sss_button_twitter\" href=\"https:\/\/twitter.com\/intent\/tweet?text=Secretarias%20e%20empresas%20do%20governo%20de%20Pernambuco%20t%C3%AAm%20mais%20comissionados%20do%20que%20servidores%20do%20quadro&url=https%3A%2F%2Fpenoticias.com.br%2Fblog%2Fsecretarias-e-empresas-do-governo-de-pernambuco-tem-mais-comissionados-do-que-servidores-do-quadro%2F\" title=\"Twitter\" rel=\"nofollow noopener\" target=\"_blank\" style=\"font-size:32px!important;box-shadow:none;display:inline-block;vertical-align:middle\"><span class=\"heateor_sss_svg heateor_sss_s__default heateor_sss_s_twitter\" style=\"background-color:#55acee;width:35px;height:35px;border-radius:999px;display:inline-block;opacity:1;float:left;font-size:32px;box-shadow:none;display:inline-block;font-size:16px;padding:0 4px;vertical-align:middle;background-repeat:repeat;overflow:hidden;padding:0;cursor:pointer;box-sizing:content-box\"><svg style=\"display:block;border-radius:999px;\" focusable=\"false\" aria-hidden=\"true\" xmlns=\"http:\/\/www.w3.org\/2000\/svg\" width=\"100%\" height=\"100%\" viewBox=\"-4 -4 39 39\"><path d=\"M28 8.557a9.913 9.913 0 0 1-2.828.775 4.93 4.93 0 0 0 2.166-2.725 9.738 9.738 0 0 1-3.13 1.194 4.92 4.92 0 0 0-3.593-1.55 4.924 4.924 0 0 0-4.794 6.049c-4.09-.21-7.72-2.17-10.15-5.15a4.942 4.942 0 0 0-.665 2.477c0 1.71.87 3.214 2.19 4.1a4.968 4.968 0 0 1-2.23-.616v.06c0 2.39 1.7 4.38 3.952 4.83-.414.115-.85.174-1.297.174-.318 0-.626-.03-.928-.086a4.935 4.935 0 0 0 4.6 3.42 9.893 9.893 0 0 1-6.114 2.107c-.398 0-.79-.023-1.175-.068a13.953 13.953 0 0 0 7.55 2.213c9.056 0 14.01-7.507 14.01-14.013 0-.213-.005-.426-.015-.637.96-.695 1.795-1.56 2.455-2.55z\" fill=\"#fff\"><\/path><\/svg><\/span><\/a><a aria-label=\"Whatsapp\" class=\"heateor_sss_whatsapp\" href=\"https:\/\/api.whatsapp.com\/send?text=Secretarias%20e%20empresas%20do%20governo%20de%20Pernambuco%20t%C3%AAm%20mais%20comissionados%20do%20que%20servidores%20do%20quadro%20https%3A%2F%2Fpenoticias.com.br%2Fblog%2Fsecretarias-e-empresas-do-governo-de-pernambuco-tem-mais-comissionados-do-que-servidores-do-quadro%2F\" title=\"Whatsapp\" rel=\"nofollow noopener\" target=\"_blank\" style=\"font-size:32px!important;box-shadow:none;display:inline-block;vertical-align:middle\"><span class=\"heateor_sss_svg\" style=\"background-color:#55eb4c;width:35px;height:35px;border-radius:999px;display:inline-block;opacity:1;float:left;font-size:32px;box-shadow:none;display:inline-block;font-size:16px;padding:0 4px;vertical-align:middle;background-repeat:repeat;overflow:hidden;padding:0;cursor:pointer;box-sizing:content-box\"><svg style=\"display:block;border-radius:999px;\" focusable=\"false\" aria-hidden=\"true\" xmlns=\"http:\/\/www.w3.org\/2000\/svg\" width=\"100%\" height=\"100%\" viewBox=\"-6 -5 40 40\"><path class=\"heateor_sss_svg_stroke heateor_sss_no_fill\" stroke=\"#fff\" stroke-width=\"2\" fill=\"none\" d=\"M 11.579798566743314 24.396926207859085 A 10 10 0 1 0 6.808479557110079 20.73576436351046\"><\/path><path d=\"M 7 19 l -1 6 l 6 -1\" class=\"heateor_sss_no_fill heateor_sss_svg_stroke\" stroke=\"#fff\" stroke-width=\"2\" fill=\"none\"><\/path><path d=\"M 10 10 q -1 8 8 11 c 5 -1 0 -6 -1 -3 q -4 -3 -5 -5 c 4 -2 -1 -5 -1 -4\" fill=\"#fff\"><\/path><\/svg><\/span><\/a><a aria-label=\"Gmail\" class=\"heateor_sss_button_google_gmail\" href=\"https:\/\/mail.google.com\/mail\/?ui=2&view=cm&fs=1&tf=1&su=Secretarias%20e%20empresas%20do%20governo%20de%20Pernambuco%20t%C3%AAm%20mais%20comissionados%20do%20que%20servidores%20do%20quadro&body=Link:https%3A%2F%2Fpenoticias.com.br%2Fblog%2Fsecretarias-e-empresas-do-governo-de-pernambuco-tem-mais-comissionados-do-que-servidores-do-quadro%2F\" title=\"Google Gmail\" rel=\"nofollow noopener\" target=\"_blank\" style=\"font-size:32px!important;box-shadow:none;display:inline-block;vertical-align:middle\"><span class=\"heateor_sss_svg heateor_sss_s__default heateor_sss_s_Google_Gmail\" style=\"background-color:#e5e5e5;width:35px;height:35px;border-radius:999px;display:inline-block;opacity:1;float:left;font-size:32px;box-shadow:none;display:inline-block;font-size:16px;padding:0 4px;vertical-align:middle;background-repeat:repeat;overflow:hidden;padding:0;cursor:pointer;box-sizing:content-box\"><svg style=\"display:block;border-radius:999px;\" focusable=\"false\" aria-hidden=\"true\" xmlns=\"http:\/\/www.w3.org\/2000\/svg\" width=\"100%\" height=\"100%\" viewBox=\"0 0 32 32\"><path fill=\"#fff\" d=\"M2.902 6.223h26.195v19.554H2.902z\"><\/path><path fill=\"#E14C41\" class=\"heateor_sss_no_fill\" d=\"M2.902 25.777h26.195V6.223H2.902v19.554zm22.44-4.007v3.806H6.955v-3.6h.032l.093-.034 6.9-5.558 2.09 1.77 1.854-1.63 7.42 5.246zm0-.672l-7.027-4.917 7.028-6.09V21.1zm-1.17-14.67l-.947.905c-2.356 2.284-4.693 4.75-7.17 6.876l-.078.06L8.062 6.39l16.11.033zm-10.597 9.61l-6.62 5.294.016-10.914 6.607 5.62\"><\/path><\/svg><\/span><\/a><a aria-label=\"Instagram\" class=\"heateor_sss_button_instagram\" href=\"https:\/\/www.instagram.com\/\" title=\"Instagram\" rel=\"nofollow noopener\" target=\"_blank\" style=\"font-size:32px!important;box-shadow:none;display:inline-block;vertical-align:middle\"><span class=\"heateor_sss_svg\" style=\"background-color:#53beee;width:35px;height:35px;border-radius:999px;display:inline-block;opacity:1;float:left;font-size:32px;box-shadow:none;display:inline-block;font-size:16px;padding:0 4px;vertical-align:middle;background-repeat:repeat;overflow:hidden;padding:0;cursor:pointer;box-sizing:content-box\"><svg style=\"display:block;border-radius:999px;\" version=\"1.1\" viewBox=\"-10 -10 148 148\" width=\"100%\" height=\"100%\" xml:space=\"preserve\" xmlns=\"http:\/\/www.w3.org\/2000\/svg\" xmlns:xlink=\"http:\/\/www.w3.org\/1999\/xlink\"><g><g><path d=\"M86,112H42c-14.336,0-26-11.663-26-26V42c0-14.337,11.664-26,26-26h44c14.337,0,26,11.663,26,26v44 C112,100.337,100.337,112,86,112z M42,24c-9.925,0-18,8.074-18,18v44c0,9.925,8.075,18,18,18h44c9.926,0,18-8.075,18-18V42 c0-9.926-8.074-18-18-18H42z\" fill=\"#fff\"><\/path><\/g><g><path d=\"M64,88c-13.234,0-24-10.767-24-24c0-13.234,10.766-24,24-24s24,10.766,24,24C88,77.233,77.234,88,64,88z M64,48c-8.822,0-16,7.178-16,16s7.178,16,16,16c8.822,0,16-7.178,16-16S72.822,48,64,48z\" fill=\"#fff\"><\/path><\/g><g><circle cx=\"89.5\" cy=\"38.5\" fill=\"#fff\" r=\"5.5\"><\/circle><\/g><\/g><\/svg><\/span><\/a><a aria-label=\"Print\" class=\"heateor_sss_button_print\" href=\"https:\/\/penoticias.com.br\/blog\/secretarias-e-empresas-do-governo-de-pernambuco-tem-mais-comissionados-do-que-servidores-do-quadro\/\" onclick=\"event.preventDefault();window.print()\" title=\"Print\" rel=\"noopener\" style=\"font-size:32px!important;box-shadow:none;display:inline-block;vertical-align:middle\"><span class=\"heateor_sss_svg heateor_sss_s__default heateor_sss_s_print\" style=\"background-color:#fd6500;width:35px;height:35px;border-radius:999px;display:inline-block;opacity:1;float:left;font-size:32px;box-shadow:none;display:inline-block;font-size:16px;padding:0 4px;vertical-align:middle;background-repeat:repeat;overflow:hidden;padding:0;cursor:pointer;box-sizing:content-box\"><svg style=\"display:block;border-radius:999px;\" focusable=\"false\" aria-hidden=\"true\" xmlns=\"http:\/\/www.w3.org\/2000\/svg\" width=\"100%\" height=\"100%\" viewBox=\"-2.8 -4.5 35 35\"><path stroke=\"#fff\" class=\"heateor_sss_svg_stroke\" d=\"M 7 10 h 2 v 3 h 12 v -3 h 2 v 7 h -2 v -3 h -12 v 3 h -2 z\" stroke-width=\"1\" fill=\"#fff\"><\/path><rect class=\"heateor_sss_no_fill heateor_sss_svg_stroke\" stroke=\"#fff\" stroke-width=\"1.8\" height=\"7\" width=\"10\" x=\"10\" y=\"5\" fill=\"none\"><\/rect><rect class=\"heateor_sss_svg_stroke\" stroke=\"#fff\" stroke-width=\"1\" height=\"5\" width=\"8\" x=\"11\" y=\"16\" fill=\"#fff\"><\/rect><\/svg><\/span><\/a><a class=\"heateor_sss_more\" aria-label=\"More\" title=\"More\" rel=\"nofollow noopener\" style=\"font-size: 32px!important;border:0;box-shadow:none;display:inline-block!important;font-size:16px;padding:0 4px;vertical-align: middle;display:inline;\" href=\"https:\/\/penoticias.com.br\/blog\/secretarias-e-empresas-do-governo-de-pernambuco-tem-mais-comissionados-do-que-servidores-do-quadro\/\" onclick=\"event.preventDefault()\"><span class=\"heateor_sss_svg\" style=\"background-color:#ee8e2d;width:35px;height:35px;border-radius:999px;display:inline-block!important;opacity:1;float:left;font-size:32px!important;box-shadow:none;display:inline-block;font-size:16px;padding:0 4px;vertical-align:middle;display:inline;background-repeat:repeat;overflow:hidden;padding:0;cursor:pointer;box-sizing:content-box;\" onclick=\"heateorSssMoreSharingPopup(this, 'https:\/\/penoticias.com.br\/blog\/secretarias-e-empresas-do-governo-de-pernambuco-tem-mais-comissionados-do-que-servidores-do-quadro\/', 'Secretarias%20e%20empresas%20do%20governo%20de%20Pernambuco%20t%C3%AAm%20mais%20comissionados%20do%20que%20servidores%20do%20quadro', '' )\"><svg xmlns=\"http:\/\/www.w3.org\/2000\/svg\" xmlns:xlink=\"http:\/\/www.w3.org\/1999\/xlink\" viewBox=\"-.3 0 32 32\" version=\"1.1\" width=\"100%\" height=\"100%\" style=\"display:block;border-radius:999px;\" xml:space=\"preserve\"><g><path fill=\"#fff\" d=\"M18 14V8h-4v6H8v4h6v6h4v-6h6v-4h-6z\" fill-rule=\"evenodd\"><\/path><\/g><\/svg><\/span><\/a><\/div><div class=\"heateorSssClear\"><\/div><\/div><div class='heateorSssClear'><\/div>","protected":false},"author":2,"featured_media":0,"comment_status":"closed","ping_status":"closed","sticky":false,"template":"","format":"standard","meta":{"footnotes":""},"categories":[10],"tags":[],"class_list":["post-124121","post","type-post","status-publish","format-standard","hentry","category-politica"],"yoast_head":"<!-- This site is optimized with the Yoast SEO plugin v28.4 - https:\/\/yoast.com\/product\/yoast-seo-wordpress\/ -->\n<title>Secretarias e empresas do governo de Pernambuco t\u00eam mais comissionados do que servidores do quadro - PE Not\u00edcias<\/title>\n<meta name=\"robots\" content=\"index, follow, max-snippet:-1, max-image-preview:large, max-video-preview:-1\" \/>\n<link rel=\"canonical\" href=\"https:\/\/penoticias.com.br\/blog\/secretarias-e-empresas-do-governo-de-pernambuco-tem-mais-comissionados-do-que-servidores-do-quadro\/\" \/>\n<meta property=\"og:locale\" content=\"pt_BR\" \/>\n<meta property=\"og:type\" content=\"article\" \/>\n<meta property=\"og:title\" content=\"Secretarias e empresas do governo de Pernambuco t\u00eam mais comissionados do que servidores do quadro - PE Not\u00edcias\" \/>\n<meta property=\"og:description\" content=\"Por Adriana Guarda\/JC A primeira semana da gest\u00e3o\u00a0Raquel Lyra (PSDB) foi marcada pela pol\u00eamica do decreto de exonera\u00e7\u00e3o de cargos comissionados no Poder Executivo. O chamado &#8220;exonera\u00e7o&#8221; \u00e9 uma pr\u00e1tica comum na administra\u00e7\u00e3o p\u00fablica, sobretudo quando h\u00e1 uma altern\u00e2ncia importante de poder, como a quebra da hegemonia de 16 anos do PSB no comando de ... Ler mais\" \/>\n<meta property=\"og:url\" content=\"https:\/\/penoticias.com.br\/blog\/secretarias-e-empresas-do-governo-de-pernambuco-tem-mais-comissionados-do-que-servidores-do-quadro\/\" \/>\n<meta property=\"og:site_name\" content=\"PE Not\u00edcias\" \/>\n<meta property=\"article:publisher\" content=\"pedrovicentearaujo@hotmail.com\" \/>\n<meta property=\"article:author\" content=\"pedrovicentearaujo@hotmail.com\" \/>\n<meta property=\"article:published_time\" content=\"2023-01-07T17:30:30+00:00\" \/>\n<meta property=\"og:image\" content=\"https:\/\/imagens.ne10.uol.com.br\/veiculos\/_midias\/jpg\/2023\/01\/02\/806x444\/1_bc020123052-22234832.jpg\" \/>\n<meta name=\"author\" content=\"Pedro Ara\u00fajo\" \/>\n<meta name=\"twitter:card\" content=\"summary_large_image\" \/>\n<meta name=\"twitter:creator\" content=\"@pedromuela\" \/>\n<meta name=\"twitter:site\" content=\"@pedromuela\" \/>\n<meta name=\"twitter:label1\" content=\"Escrito por\" \/>\n\t<meta name=\"twitter:data1\" content=\"Pedro Ara\u00fajo\" \/>\n\t<meta name=\"twitter:label2\" content=\"Est. tempo de leitura\" \/>\n\t<meta name=\"twitter:data2\" content=\"5 minutos\" \/>\n<script type=\"application\/ld+json\" class=\"yoast-schema-graph\">{\"@context\":\"https:\\\/\\\/schema.org\",\"@graph\":[{\"@type\":\"Article\",\"@id\":\"https:\\\/\\\/penoticias.com.br\\\/blog\\\/secretarias-e-empresas-do-governo-de-pernambuco-tem-mais-comissionados-do-que-servidores-do-quadro\\\/#article\",\"isPartOf\":{\"@id\":\"https:\\\/\\\/penoticias.com.br\\\/blog\\\/secretarias-e-empresas-do-governo-de-pernambuco-tem-mais-comissionados-do-que-servidores-do-quadro\\\/\"},\"author\":{\"name\":\"Pedro Ara\u00fajo\",\"@id\":\"https:\\\/\\\/penoticias.com.br\\\/blog\\\/#\\\/schema\\\/person\\\/13ea60669d2351f129ef3657907f1432\"},\"headline\":\"Secretarias e empresas do governo de Pernambuco t\u00eam mais comissionados do que servidores do quadro\",\"datePublished\":\"2023-01-07T17:30:30+00:00\",\"mainEntityOfPage\":{\"@id\":\"https:\\\/\\\/penoticias.com.br\\\/blog\\\/secretarias-e-empresas-do-governo-de-pernambuco-tem-mais-comissionados-do-que-servidores-do-quadro\\\/\"},\"wordCount\":895,\"publisher\":{\"@id\":\"https:\\\/\\\/penoticias.com.br\\\/blog\\\/#\\\/schema\\\/person\\\/13ea60669d2351f129ef3657907f1432\"},\"image\":{\"@id\":\"https:\\\/\\\/penoticias.com.br\\\/blog\\\/secretarias-e-empresas-do-governo-de-pernambuco-tem-mais-comissionados-do-que-servidores-do-quadro\\\/#primaryimage\"},\"thumbnailUrl\":\"https:\\\/\\\/imagens.ne10.uol.com.br\\\/veiculos\\\/_midias\\\/jpg\\\/2023\\\/01\\\/02\\\/806x444\\\/1_bc020123052-22234832.jpg\",\"articleSection\":[\"Pol\u00edtica\"],\"inLanguage\":\"pt-BR\"},{\"@type\":\"WebPage\",\"@id\":\"https:\\\/\\\/penoticias.com.br\\\/blog\\\/secretarias-e-empresas-do-governo-de-pernambuco-tem-mais-comissionados-do-que-servidores-do-quadro\\\/\",\"url\":\"https:\\\/\\\/penoticias.com.br\\\/blog\\\/secretarias-e-empresas-do-governo-de-pernambuco-tem-mais-comissionados-do-que-servidores-do-quadro\\\/\",\"name\":\"Secretarias e empresas do governo de Pernambuco t\u00eam mais comissionados do que servidores do quadro - PE Not\u00edcias\",\"isPartOf\":{\"@id\":\"https:\\\/\\\/penoticias.com.br\\\/blog\\\/#website\"},\"primaryImageOfPage\":{\"@id\":\"https:\\\/\\\/penoticias.com.br\\\/blog\\\/secretarias-e-empresas-do-governo-de-pernambuco-tem-mais-comissionados-do-que-servidores-do-quadro\\\/#primaryimage\"},\"image\":{\"@id\":\"https:\\\/\\\/penoticias.com.br\\\/blog\\\/secretarias-e-empresas-do-governo-de-pernambuco-tem-mais-comissionados-do-que-servidores-do-quadro\\\/#primaryimage\"},\"thumbnailUrl\":\"https:\\\/\\\/imagens.ne10.uol.com.br\\\/veiculos\\\/_midias\\\/jpg\\\/2023\\\/01\\\/02\\\/806x444\\\/1_bc020123052-22234832.jpg\",\"datePublished\":\"2023-01-07T17:30:30+00:00\",\"breadcrumb\":{\"@id\":\"https:\\\/\\\/penoticias.com.br\\\/blog\\\/secretarias-e-empresas-do-governo-de-pernambuco-tem-mais-comissionados-do-que-servidores-do-quadro\\\/#breadcrumb\"},\"inLanguage\":\"pt-BR\",\"potentialAction\":[{\"@type\":\"ReadAction\",\"target\":[\"https:\\\/\\\/penoticias.com.br\\\/blog\\\/secretarias-e-empresas-do-governo-de-pernambuco-tem-mais-comissionados-do-que-servidores-do-quadro\\\/\"]}]},{\"@type\":\"ImageObject\",\"inLanguage\":\"pt-BR\",\"@id\":\"https:\\\/\\\/penoticias.com.br\\\/blog\\\/secretarias-e-empresas-do-governo-de-pernambuco-tem-mais-comissionados-do-que-servidores-do-quadro\\\/#primaryimage\",\"url\":\"https:\\\/\\\/imagens.ne10.uol.com.br\\\/veiculos\\\/_midias\\\/jpg\\\/2023\\\/01\\\/02\\\/806x444\\\/1_bc020123052-22234832.jpg\",\"contentUrl\":\"https:\\\/\\\/imagens.ne10.uol.com.br\\\/veiculos\\\/_midias\\\/jpg\\\/2023\\\/01\\\/02\\\/806x444\\\/1_bc020123052-22234832.jpg\"},{\"@type\":\"BreadcrumbList\",\"@id\":\"https:\\\/\\\/penoticias.com.br\\\/blog\\\/secretarias-e-empresas-do-governo-de-pernambuco-tem-mais-comissionados-do-que-servidores-do-quadro\\\/#breadcrumb\",\"itemListElement\":[{\"@type\":\"ListItem\",\"position\":1,\"name\":\"In\u00edcio\",\"item\":\"https:\\\/\\\/penoticias.com.br\\\/blog\\\/\"},{\"@type\":\"ListItem\",\"position\":2,\"name\":\"Secretarias e empresas do governo de Pernambuco t\u00eam mais comissionados do que servidores do quadro\"}]},{\"@type\":\"WebSite\",\"@id\":\"https:\\\/\\\/penoticias.com.br\\\/blog\\\/#website\",\"url\":\"https:\\\/\\\/penoticias.com.br\\\/blog\\\/\",\"name\":\"PE Not\u00edcias\",\"description\":\"Voc\u00ea no Mundo da Informa\u00e7\u00e3o.\",\"publisher\":{\"@id\":\"https:\\\/\\\/penoticias.com.br\\\/blog\\\/#\\\/schema\\\/person\\\/13ea60669d2351f129ef3657907f1432\"},\"potentialAction\":[{\"@type\":\"SearchAction\",\"target\":{\"@type\":\"EntryPoint\",\"urlTemplate\":\"https:\\\/\\\/penoticias.com.br\\\/blog\\\/?s={search_term_string}\"},\"query-input\":{\"@type\":\"PropertyValueSpecification\",\"valueRequired\":true,\"valueName\":\"search_term_string\"}}],\"inLanguage\":\"pt-BR\"},{\"@type\":[\"Person\",\"Organization\"],\"@id\":\"https:\\\/\\\/penoticias.com.br\\\/blog\\\/#\\\/schema\\\/person\\\/13ea60669d2351f129ef3657907f1432\",\"name\":\"Pedro Ara\u00fajo\",\"image\":{\"@type\":\"ImageObject\",\"inLanguage\":\"pt-BR\",\"@id\":\"https:\\\/\\\/secure.gravatar.com\\\/avatar\\\/d654258027afd7c928561b83494a45e3aff23d7ac7ce926d2bceac1ffe030175?s=96&d=mm&r=g\",\"url\":\"https:\\\/\\\/secure.gravatar.com\\\/avatar\\\/d654258027afd7c928561b83494a45e3aff23d7ac7ce926d2bceac1ffe030175?s=96&d=mm&r=g\",\"contentUrl\":\"https:\\\/\\\/secure.gravatar.com\\\/avatar\\\/d654258027afd7c928561b83494a45e3aff23d7ac7ce926d2bceac1ffe030175?s=96&d=mm&r=g\",\"caption\":\"Pedro Ara\u00fajo\"},\"logo\":{\"@id\":\"https:\\\/\\\/secure.gravatar.com\\\/avatar\\\/d654258027afd7c928561b83494a45e3aff23d7ac7ce926d2bceac1ffe030175?s=96&d=mm&r=g\"},\"description\":\"As informa\u00e7\u00f5es que traduzem as verdades dos fatos, sem ferir ou denegrir pessoas ou imagens. Como tamb\u00e9m, nunca procurando agradar aos maus feitores.\",\"sameAs\":[\"http:\\\/\\\/www.penoticias.com.br\",\"pedrovicentearaujo@hotmail.com\",\"@pedroafogados\",\"https:\\\/\\\/x.com\\\/pedromuela\",\"www.penoticias.com.br\"],\"url\":\"https:\\\/\\\/penoticias.com.br\\\/blog\\\/author\\\/pedro\\\/\"}]}<\/script>\n<!-- \/ Yoast SEO plugin. -->","yoast_head_json":{"title":"Secretarias e empresas do governo de Pernambuco t\u00eam mais comissionados do que servidores do quadro - PE Not\u00edcias","robots":{"index":"index","follow":"follow","max-snippet":"max-snippet:-1","max-image-preview":"max-image-preview:large","max-video-preview":"max-video-preview:-1"},"canonical":"https:\/\/penoticias.com.br\/blog\/secretarias-e-empresas-do-governo-de-pernambuco-tem-mais-comissionados-do-que-servidores-do-quadro\/","og_locale":"pt_BR","og_type":"article","og_title":"Secretarias e empresas do governo de Pernambuco t\u00eam mais comissionados do que servidores do quadro - PE Not\u00edcias","og_description":"Por Adriana Guarda\/JC A primeira semana da gest\u00e3o\u00a0Raquel Lyra (PSDB) foi marcada pela pol\u00eamica do decreto de exonera\u00e7\u00e3o de cargos comissionados no Poder Executivo. O chamado &#8220;exonera\u00e7o&#8221; \u00e9 uma pr\u00e1tica comum na administra\u00e7\u00e3o p\u00fablica, sobretudo quando h\u00e1 uma altern\u00e2ncia importante de poder, como a quebra da hegemonia de 16 anos do PSB no comando de ... Ler mais","og_url":"https:\/\/penoticias.com.br\/blog\/secretarias-e-empresas-do-governo-de-pernambuco-tem-mais-comissionados-do-que-servidores-do-quadro\/","og_site_name":"PE Not\u00edcias","article_publisher":"pedrovicentearaujo@hotmail.com","article_author":"pedrovicentearaujo@hotmail.com","article_published_time":"2023-01-07T17:30:30+00:00","og_image":[{"url":"https:\/\/imagens.ne10.uol.com.br\/veiculos\/_midias\/jpg\/2023\/01\/02\/806x444\/1_bc020123052-22234832.jpg","type":"","width":"","height":""}],"author":"Pedro Ara\u00fajo","twitter_card":"summary_large_image","twitter_creator":"@pedromuela","twitter_site":"@pedromuela","twitter_misc":{"Escrito por":"Pedro Ara\u00fajo","Est. tempo de leitura":"5 minutos"},"schema":{"@context":"https:\/\/schema.org","@graph":[{"@type":"Article","@id":"https:\/\/penoticias.com.br\/blog\/secretarias-e-empresas-do-governo-de-pernambuco-tem-mais-comissionados-do-que-servidores-do-quadro\/#article","isPartOf":{"@id":"https:\/\/penoticias.com.br\/blog\/secretarias-e-empresas-do-governo-de-pernambuco-tem-mais-comissionados-do-que-servidores-do-quadro\/"},"author":{"name":"Pedro Ara\u00fajo","@id":"https:\/\/penoticias.com.br\/blog\/#\/schema\/person\/13ea60669d2351f129ef3657907f1432"},"headline":"Secretarias e empresas do governo de Pernambuco t\u00eam mais comissionados do que servidores do quadro","datePublished":"2023-01-07T17:30:30+00:00","mainEntityOfPage":{"@id":"https:\/\/penoticias.com.br\/blog\/secretarias-e-empresas-do-governo-de-pernambuco-tem-mais-comissionados-do-que-servidores-do-quadro\/"},"wordCount":895,"publisher":{"@id":"https:\/\/penoticias.com.br\/blog\/#\/schema\/person\/13ea60669d2351f129ef3657907f1432"},"image":{"@id":"https:\/\/penoticias.com.br\/blog\/secretarias-e-empresas-do-governo-de-pernambuco-tem-mais-comissionados-do-que-servidores-do-quadro\/#primaryimage"},"thumbnailUrl":"https:\/\/imagens.ne10.uol.com.br\/veiculos\/_midias\/jpg\/2023\/01\/02\/806x444\/1_bc020123052-22234832.jpg","articleSection":["Pol\u00edtica"],"inLanguage":"pt-BR"},{"@type":"WebPage","@id":"https:\/\/penoticias.com.br\/blog\/secretarias-e-empresas-do-governo-de-pernambuco-tem-mais-comissionados-do-que-servidores-do-quadro\/","url":"https:\/\/penoticias.com.br\/blog\/secretarias-e-empresas-do-governo-de-pernambuco-tem-mais-comissionados-do-que-servidores-do-quadro\/","name":"Secretarias e empresas do governo de Pernambuco t\u00eam mais comissionados do que servidores do quadro - PE Not\u00edcias","isPartOf":{"@id":"https:\/\/penoticias.com.br\/blog\/#website"},"primaryImageOfPage":{"@id":"https:\/\/penoticias.com.br\/blog\/secretarias-e-empresas-do-governo-de-pernambuco-tem-mais-comissionados-do-que-servidores-do-quadro\/#primaryimage"},"image":{"@id":"https:\/\/penoticias.com.br\/blog\/secretarias-e-empresas-do-governo-de-pernambuco-tem-mais-comissionados-do-que-servidores-do-quadro\/#primaryimage"},"thumbnailUrl":"https:\/\/imagens.ne10.uol.com.br\/veiculos\/_midias\/jpg\/2023\/01\/02\/806x444\/1_bc020123052-22234832.jpg","datePublished":"2023-01-07T17:30:30+00:00","breadcrumb":{"@id":"https:\/\/penoticias.com.br\/blog\/secretarias-e-empresas-do-governo-de-pernambuco-tem-mais-comissionados-do-que-servidores-do-quadro\/#breadcrumb"},"inLanguage":"pt-BR","potentialAction":[{"@type":"ReadAction","target":["https:\/\/penoticias.com.br\/blog\/secretarias-e-empresas-do-governo-de-pernambuco-tem-mais-comissionados-do-que-servidores-do-quadro\/"]}]},{"@type":"ImageObject","inLanguage":"pt-BR","@id":"https:\/\/penoticias.com.br\/blog\/secretarias-e-empresas-do-governo-de-pernambuco-tem-mais-comissionados-do-que-servidores-do-quadro\/#primaryimage","url":"https:\/\/imagens.ne10.uol.com.br\/veiculos\/_midias\/jpg\/2023\/01\/02\/806x444\/1_bc020123052-22234832.jpg","contentUrl":"https:\/\/imagens.ne10.uol.com.br\/veiculos\/_midias\/jpg\/2023\/01\/02\/806x444\/1_bc020123052-22234832.jpg"},{"@type":"BreadcrumbList","@id":"https:\/\/penoticias.com.br\/blog\/secretarias-e-empresas-do-governo-de-pernambuco-tem-mais-comissionados-do-que-servidores-do-quadro\/#breadcrumb","itemListElement":[{"@type":"ListItem","position":1,"name":"In\u00edcio","item":"https:\/\/penoticias.com.br\/blog\/"},{"@type":"ListItem","position":2,"name":"Secretarias e empresas do governo de Pernambuco t\u00eam mais comissionados do que servidores do quadro"}]},{"@type":"WebSite","@id":"https:\/\/penoticias.com.br\/blog\/#website","url":"https:\/\/penoticias.com.br\/blog\/","name":"PE Not\u00edcias","description":"Voc\u00ea no Mundo da Informa\u00e7\u00e3o.","publisher":{"@id":"https:\/\/penoticias.com.br\/blog\/#\/schema\/person\/13ea60669d2351f129ef3657907f1432"},"potentialAction":[{"@type":"SearchAction","target":{"@type":"EntryPoint","urlTemplate":"https:\/\/penoticias.com.br\/blog\/?s={search_term_string}"},"query-input":{"@type":"PropertyValueSpecification","valueRequired":true,"valueName":"search_term_string"}}],"inLanguage":"pt-BR"},{"@type":["Person","Organization"],"@id":"https:\/\/penoticias.com.br\/blog\/#\/schema\/person\/13ea60669d2351f129ef3657907f1432","name":"Pedro Ara\u00fajo","image":{"@type":"ImageObject","inLanguage":"pt-BR","@id":"https:\/\/secure.gravatar.com\/avatar\/d654258027afd7c928561b83494a45e3aff23d7ac7ce926d2bceac1ffe030175?s=96&d=mm&r=g","url":"https:\/\/secure.gravatar.com\/avatar\/d654258027afd7c928561b83494a45e3aff23d7ac7ce926d2bceac1ffe030175?s=96&d=mm&r=g","contentUrl":"https:\/\/secure.gravatar.com\/avatar\/d654258027afd7c928561b83494a45e3aff23d7ac7ce926d2bceac1ffe030175?s=96&d=mm&r=g","caption":"Pedro Ara\u00fajo"},"logo":{"@id":"https:\/\/secure.gravatar.com\/avatar\/d654258027afd7c928561b83494a45e3aff23d7ac7ce926d2bceac1ffe030175?s=96&d=mm&r=g"},"description":"As informa\u00e7\u00f5es que traduzem as verdades dos fatos, sem ferir ou denegrir pessoas ou imagens. Como tamb\u00e9m, nunca procurando agradar aos maus feitores.","sameAs":["http:\/\/www.penoticias.com.br","pedrovicentearaujo@hotmail.com","@pedroafogados","https:\/\/x.com\/pedromuela","www.penoticias.com.br"],"url":"https:\/\/penoticias.com.br\/blog\/author\/pedro\/"}]}},"_links":{"self":[{"href":"https:\/\/penoticias.com.br\/blog\/wp-json\/wp\/v2\/posts\/124121","targetHints":{"allow":["GET"]}}],"collection":[{"href":"https:\/\/penoticias.com.br\/blog\/wp-json\/wp\/v2\/posts"}],"about":[{"href":"https:\/\/penoticias.com.br\/blog\/wp-json\/wp\/v2\/types\/post"}],"author":[{"embeddable":true,"href":"https:\/\/penoticias.com.br\/blog\/wp-json\/wp\/v2\/users\/2"}],"replies":[{"embeddable":true,"href":"https:\/\/penoticias.com.br\/blog\/wp-json\/wp\/v2\/comments?post=124121"}],"version-history":[{"count":1,"href":"https:\/\/penoticias.com.br\/blog\/wp-json\/wp\/v2\/posts\/124121\/revisions"}],"predecessor-version":[{"id":124123,"href":"https:\/\/penoticias.com.br\/blog\/wp-json\/wp\/v2\/posts\/124121\/revisions\/124123"}],"wp:attachment":[{"href":"https:\/\/penoticias.com.br\/blog\/wp-json\/wp\/v2\/media?parent=124121"}],"wp:term":[{"taxonomy":"category","embeddable":true,"href":"https:\/\/penoticias.com.br\/blog\/wp-json\/wp\/v2\/categories?post=124121"},{"taxonomy":"post_tag","embeddable":true,"href":"https:\/\/penoticias.com.br\/blog\/wp-json\/wp\/v2\/tags?post=124121"}],"curies":[{"name":"wp","href":"https:\/\/api.w.org\/{rel}","templated":true}]}}