{"id":156411,"date":"2024-03-19T04:18:02","date_gmt":"2024-03-19T07:18:02","guid":{"rendered":"https:\/\/penoticias.com.br\/blog\/?p=156411"},"modified":"2024-03-19T04:41:33","modified_gmt":"2024-03-19T07:41:33","slug":"tst-encerra-negociacoes-com-setor-privado-e-profissionais-deve-receber-remuneracao-do-piso-da-enfermagem-previsto-em-lei","status":"publish","type":"post","link":"https:\/\/penoticias.com.br\/blog\/tst-encerra-negociacoes-com-setor-privado-e-profissionais-deve-receber-remuneracao-do-piso-da-enfermagem-previsto-em-lei\/","title":{"rendered":"TST encerra negocia\u00e7\u00f5es com setor privado; e profissionais deve receber remunera\u00e7\u00e3o do piso da enfermagem previsto em lei"},"content":{"rendered":"<p style=\"text-align: center;\"><img fetchpriority=\"high\" decoding=\"async\" class=\"alignnone wp-image-156412 \" src=\"https:\/\/penoticias.com.br\/blog\/wp-content\/uploads\/2024\/03\/Enfermagem.jpg\" alt=\"\" width=\"670\" height=\"429\" srcset=\"https:\/\/penoticias.com.br\/blog\/wp-content\/uploads\/2024\/03\/Enfermagem.jpg 500w, https:\/\/penoticias.com.br\/blog\/wp-content\/uploads\/2024\/03\/Enfermagem-300x192.jpg 300w\" sizes=\"(max-width: 670px) 100vw, 670px\" \/><\/p>\n<p><span style=\"font-size: 8pt;\"><em>Brasil61<\/em><\/span><\/p>\n<p>A queda de bra\u00e7o entre os representantes do setor privado e os profissionais da \u00e1rea da sa\u00fade chegou ao fim. Mas,\u00a0o que parecia ser uma boa not\u00edcia, s\u00f3 gerou mais insatisfa\u00e7\u00e3o por parte da categoria. O Tribunal Superior do Trabalho (TST) encerrou as negocia\u00e7\u00f5es sobre o pagamento do piso da enfermagem entre a Confedera\u00e7\u00e3o Nacional de Sa\u00fade (CNSa\u00fade), que representa a categoria patronal de estabelecimentos privados, e os trabalhadores do setor. Quando o assunto come\u00e7ou a se estender no ano passado, o tribunal foi chamado pela CNSa\u00fade para mediar a situa\u00e7\u00e3o.<\/p>\n<p>Na opini\u00e3o do vice-presidente do Conselho Federal de Enfermagem (Cofen), Daniel Menezes, a resist\u00eancia em aceitar qualquer proposta, s\u00f3 demonstra mais uma vez o descaso que a representa\u00e7\u00e3o dos hospitais privados tem em rela\u00e7\u00e3o \u00e0 efetiva\u00e7\u00e3o do pagamento do piso nacional da enfermagem, fixado pelo Supremo Tribunal Federal (STF).<\/p>\n<p>\u201cOs profissionais e as entidades representativas sempre estiveram dispostos ao di\u00e1logo, agora de uma forma intransigente a CNSa\u00fade encerra as negocia\u00e7\u00f5es justamente por total desinteresse. N\u00f3s lamentamos porque, na verdade, \u00e9 mais uma forma de tentar barrar aquele direito que foi conquistado,\u00a0que \u00e9 lei, e que deve ser observado pelos empregadores, especialmente o segmento privado\u201d, desabafa.<\/p>\n<p>Ao encerrar as negocia\u00e7\u00f5es, a categoria destacou que o ministro do TST,\u00a0Aloysio Corr\u00eaa,\u00a0foi cr\u00edtico em rela\u00e7\u00e3o ao posicionamento da entidade patronal. Enquanto os representantes dos enfermeiros manifestaram concord\u00e2ncia com os termos da proposta apresentada na reuni\u00e3o bilateral de trabalho, a CNSa\u00fade alegou n\u00e3o ser poss\u00edvel aderir e concordar com a proposta formulada na media\u00e7\u00e3o, sem, contudo, apresentar qualquer outra possibilidade de solu\u00e7\u00e3o ou alternativas \u00e0s proposi\u00e7\u00f5es feitas em rela\u00e7\u00e3o a cada tema.<\/p>\n<p><span style=\"font-size: 14pt;\"><strong>Sem acordo<\/strong><\/span><!--more--><\/p>\n<p>Na aus\u00eancia de um acordo, o pagamento do valor referente ao piso salarial dos enfermeiros e\u00a0t\u00e9cnicos em enfermagem no setor privado deve ser resolvido por meio de diss\u00eddio, conforme explica a advogada especialista em direito do trabalho, Camila Andrea Braga.<\/p>\n<p>\u201cSem acordo na finaliza\u00e7\u00e3o da negocia\u00e7\u00e3o, o TST aponta o caminho do diss\u00eddio, em que agora \u00e9 ingressar na via judicial. Ent\u00e3o a\u00ed n\u00e3o mais vai se mediar um encontro de vontades, um caminho do meio, mas vai se julgar um lit\u00edgio, quando as demandas s\u00e3o colocadas em ju\u00edzo\u201d, analisa.<\/p>\n<p>De acordo com Braga, a partir de agora, o pedido deve ser feito judicialmente, com as bases legais de ambas as partes, para ser analisado pelo tribunal. \u201cA\u00ed \u00e9 seguir o caminho normal do diss\u00eddio, inclusive com recursos \u00e0s inst\u00e2ncias superiores, caso poss\u00edvel\u201d, informa.<\/p>\n<p>A t\u00e9cnica de enfermagem da Rede D\u2019or, Patr\u00edcia Monteiro Vieira Almeida,\u00a0diz que ainda n\u00e3o consegue se sentir totalmente aliviada por saber que existe uma certa resist\u00eancia por parte dos empregadores que podem querer judicializar a quest\u00e3o.<\/p>\n<p>\u201cN\u00f3s nos sentimos abandonados, porque a gente sente que os empres\u00e1rios que mandam. A gente percebe que eles passam por cima de lei, porque eles n\u00e3o est\u00e3o cumprindo, e ningu\u00e9m faz nada, n\u00e3o tem multa, n\u00e3o tem nada contra os empres\u00e1rios. E a gente continua sem o piso, e eles cada vez mais amea\u00e7ando os funcion\u00e1rios. Ent\u00e3o a gente se sente muito entristecido e abandonado quanto a isso\u201d, desabafa.<\/p>\n<p>A CNSa\u00fade n\u00e3o se manifestou at\u00e9 o fechamento da mat\u00e9ria.<\/p>\n<p><span style=\"font-size: 14pt;\"><strong>Decis\u00e3o do STF\u00a0<\/strong><\/span><\/p>\n<p>O plen\u00e1rio do Supremo Tribunal Federal (STF) concluiu, em sess\u00e3o virtual, que a implementa\u00e7\u00e3o do piso, em rela\u00e7\u00e3o aos profissionais celetistas em geral, deve ocorrer de forma regionalizada, por meio de negocia\u00e7\u00e3o coletiva nas diferentes bases territoriais e nas respectivas datas-bases.<\/p>\n<p>Conforme a decis\u00e3o, o entendimento foi que deve prevalecer o negociado sobre o legislado, tendo em vista a preocupa\u00e7\u00e3o com eventuais demiss\u00f5es e o car\u00e1ter essencial do servi\u00e7o de sa\u00fade.<\/p>\n<p>De acordo com a legisla\u00e7\u00e3o e nos termos da decis\u00e3o do STF, o piso \u00e9 de R$ 4.750 para enfermeiras e enfermeiros, R$ 3.325 para t\u00e9cnicas e t\u00e9cnicos e R$ 2.375, para auxiliares e parteiras.<\/p>\n","protected":false},"excerpt":{"rendered":"<p>Brasil61 A queda de bra\u00e7o entre os representantes do setor privado e os profissionais da \u00e1rea da sa\u00fade chegou ao fim. Mas,\u00a0o que parecia ser uma boa not\u00edcia, s\u00f3 gerou mais insatisfa\u00e7\u00e3o por parte da categoria. O Tribunal Superior do Trabalho (TST) encerrou as negocia\u00e7\u00f5es sobre o pagamento do piso da enfermagem entre a Confedera\u00e7\u00e3o &#8230; <a title=\"TST encerra negocia\u00e7\u00f5es com setor privado; e profissionais deve receber remunera\u00e7\u00e3o do piso da enfermagem previsto em lei\" class=\"read-more\" href=\"https:\/\/penoticias.com.br\/blog\/tst-encerra-negociacoes-com-setor-privado-e-profissionais-deve-receber-remuneracao-do-piso-da-enfermagem-previsto-em-lei\/\" aria-label=\"Read more about TST encerra negocia\u00e7\u00f5es com setor privado; e profissionais deve receber remunera\u00e7\u00e3o do piso da enfermagem previsto em lei\">Ler mais<\/a><\/p>\n<div class='heateorSssClear'><\/div><div  class='heateor_sss_sharing_container heateor_sss_horizontal_sharing' data-heateor-sss-href='https:\/\/penoticias.com.br\/blog\/tst-encerra-negociacoes-com-setor-privado-e-profissionais-deve-receber-remuneracao-do-piso-da-enfermagem-previsto-em-lei\/'><div class='heateor_sss_sharing_title' style=\"font-weight:bold\" ><\/div><div class=\"heateor_sss_sharing_ul\"><a aria-label=\"Facebook\" class=\"heateor_sss_facebook\" href=\"https:\/\/www.facebook.com\/sharer\/sharer.php?u=https%3A%2F%2Fpenoticias.com.br%2Fblog%2Ftst-encerra-negociacoes-com-setor-privado-e-profissionais-deve-receber-remuneracao-do-piso-da-enfermagem-previsto-em-lei%2F\" title=\"Facebook\" rel=\"nofollow noopener\" target=\"_blank\" style=\"font-size:32px!important;box-shadow:none;display:inline-block;vertical-align:middle\"><span class=\"heateor_sss_svg\" style=\"background-color:#0765FE;width:35px;height:35px;border-radius:999px;display:inline-block;opacity:1;float:left;font-size:32px;box-shadow:none;display:inline-block;font-size:16px;padding:0 4px;vertical-align:middle;background-repeat:repeat;overflow:hidden;padding:0;cursor:pointer;box-sizing:content-box\"><svg style=\"display:block;border-radius:999px;\" focusable=\"false\" aria-hidden=\"true\" xmlns=\"http:\/\/www.w3.org\/2000\/svg\" width=\"100%\" height=\"100%\" viewBox=\"0 0 32 32\"><path fill=\"#fff\" d=\"M28 16c0-6.627-5.373-12-12-12S4 9.373 4 16c0 5.628 3.875 10.35 9.101 11.647v-7.98h-2.474V16H13.1v-1.58c0-4.085 1.849-5.978 5.859-5.978.76 0 2.072.15 2.608.298v3.325c-.283-.03-.775-.045-1.386-.045-1.967 0-2.728.745-2.728 2.683V16h3.92l-.673 3.667h-3.247v8.245C23.395 27.195 28 22.135 28 16Z\"><\/path><\/svg><\/span><\/a><a aria-label=\"Twitter\" class=\"heateor_sss_button_twitter\" href=\"https:\/\/twitter.com\/intent\/tweet?text=TST%20encerra%20negocia%C3%A7%C3%B5es%20com%20setor%20privado%3B%20e%20profissionais%20deve%20receber%20remunera%C3%A7%C3%A3o%20do%20piso%20da%20enfermagem%20previsto%20em%20lei&url=https%3A%2F%2Fpenoticias.com.br%2Fblog%2Ftst-encerra-negociacoes-com-setor-privado-e-profissionais-deve-receber-remuneracao-do-piso-da-enfermagem-previsto-em-lei%2F\" title=\"Twitter\" rel=\"nofollow noopener\" target=\"_blank\" style=\"font-size:32px!important;box-shadow:none;display:inline-block;vertical-align:middle\"><span class=\"heateor_sss_svg heateor_sss_s__default heateor_sss_s_twitter\" style=\"background-color:#55acee;width:35px;height:35px;border-radius:999px;display:inline-block;opacity:1;float:left;font-size:32px;box-shadow:none;display:inline-block;font-size:16px;padding:0 4px;vertical-align:middle;background-repeat:repeat;overflow:hidden;padding:0;cursor:pointer;box-sizing:content-box\"><svg style=\"display:block;border-radius:999px;\" focusable=\"false\" aria-hidden=\"true\" xmlns=\"http:\/\/www.w3.org\/2000\/svg\" width=\"100%\" height=\"100%\" viewBox=\"-4 -4 39 39\"><path d=\"M28 8.557a9.913 9.913 0 0 1-2.828.775 4.93 4.93 0 0 0 2.166-2.725 9.738 9.738 0 0 1-3.13 1.194 4.92 4.92 0 0 0-3.593-1.55 4.924 4.924 0 0 0-4.794 6.049c-4.09-.21-7.72-2.17-10.15-5.15a4.942 4.942 0 0 0-.665 2.477c0 1.71.87 3.214 2.19 4.1a4.968 4.968 0 0 1-2.23-.616v.06c0 2.39 1.7 4.38 3.952 4.83-.414.115-.85.174-1.297.174-.318 0-.626-.03-.928-.086a4.935 4.935 0 0 0 4.6 3.42 9.893 9.893 0 0 1-6.114 2.107c-.398 0-.79-.023-1.175-.068a13.953 13.953 0 0 0 7.55 2.213c9.056 0 14.01-7.507 14.01-14.013 0-.213-.005-.426-.015-.637.96-.695 1.795-1.56 2.455-2.55z\" fill=\"#fff\"><\/path><\/svg><\/span><\/a><a aria-label=\"Whatsapp\" class=\"heateor_sss_whatsapp\" href=\"https:\/\/api.whatsapp.com\/send?text=TST%20encerra%20negocia%C3%A7%C3%B5es%20com%20setor%20privado%3B%20e%20profissionais%20deve%20receber%20remunera%C3%A7%C3%A3o%20do%20piso%20da%20enfermagem%20previsto%20em%20lei%20https%3A%2F%2Fpenoticias.com.br%2Fblog%2Ftst-encerra-negociacoes-com-setor-privado-e-profissionais-deve-receber-remuneracao-do-piso-da-enfermagem-previsto-em-lei%2F\" title=\"Whatsapp\" rel=\"nofollow noopener\" target=\"_blank\" style=\"font-size:32px!important;box-shadow:none;display:inline-block;vertical-align:middle\"><span class=\"heateor_sss_svg\" style=\"background-color:#55eb4c;width:35px;height:35px;border-radius:999px;display:inline-block;opacity:1;float:left;font-size:32px;box-shadow:none;display:inline-block;font-size:16px;padding:0 4px;vertical-align:middle;background-repeat:repeat;overflow:hidden;padding:0;cursor:pointer;box-sizing:content-box\"><svg style=\"display:block;border-radius:999px;\" focusable=\"false\" aria-hidden=\"true\" xmlns=\"http:\/\/www.w3.org\/2000\/svg\" width=\"100%\" height=\"100%\" viewBox=\"-6 -5 40 40\"><path class=\"heateor_sss_svg_stroke heateor_sss_no_fill\" stroke=\"#fff\" stroke-width=\"2\" fill=\"none\" d=\"M 11.579798566743314 24.396926207859085 A 10 10 0 1 0 6.808479557110079 20.73576436351046\"><\/path><path d=\"M 7 19 l -1 6 l 6 -1\" class=\"heateor_sss_no_fill heateor_sss_svg_stroke\" stroke=\"#fff\" stroke-width=\"2\" fill=\"none\"><\/path><path d=\"M 10 10 q -1 8 8 11 c 5 -1 0 -6 -1 -3 q -4 -3 -5 -5 c 4 -2 -1 -5 -1 -4\" fill=\"#fff\"><\/path><\/svg><\/span><\/a><a aria-label=\"Gmail\" class=\"heateor_sss_button_google_gmail\" href=\"https:\/\/mail.google.com\/mail\/?ui=2&view=cm&fs=1&tf=1&su=TST%20encerra%20negocia%C3%A7%C3%B5es%20com%20setor%20privado%3B%20e%20profissionais%20deve%20receber%20remunera%C3%A7%C3%A3o%20do%20piso%20da%20enfermagem%20previsto%20em%20lei&body=Link:https%3A%2F%2Fpenoticias.com.br%2Fblog%2Ftst-encerra-negociacoes-com-setor-privado-e-profissionais-deve-receber-remuneracao-do-piso-da-enfermagem-previsto-em-lei%2F\" title=\"Google Gmail\" rel=\"nofollow noopener\" target=\"_blank\" style=\"font-size:32px!important;box-shadow:none;display:inline-block;vertical-align:middle\"><span class=\"heateor_sss_svg heateor_sss_s__default heateor_sss_s_Google_Gmail\" style=\"background-color:#e5e5e5;width:35px;height:35px;border-radius:999px;display:inline-block;opacity:1;float:left;font-size:32px;box-shadow:none;display:inline-block;font-size:16px;padding:0 4px;vertical-align:middle;background-repeat:repeat;overflow:hidden;padding:0;cursor:pointer;box-sizing:content-box\"><svg style=\"display:block;border-radius:999px;\" focusable=\"false\" aria-hidden=\"true\" xmlns=\"http:\/\/www.w3.org\/2000\/svg\" width=\"100%\" height=\"100%\" viewBox=\"0 0 32 32\"><path fill=\"#fff\" d=\"M2.902 6.223h26.195v19.554H2.902z\"><\/path><path fill=\"#E14C41\" class=\"heateor_sss_no_fill\" d=\"M2.902 25.777h26.195V6.223H2.902v19.554zm22.44-4.007v3.806H6.955v-3.6h.032l.093-.034 6.9-5.558 2.09 1.77 1.854-1.63 7.42 5.246zm0-.672l-7.027-4.917 7.028-6.09V21.1zm-1.17-14.67l-.947.905c-2.356 2.284-4.693 4.75-7.17 6.876l-.078.06L8.062 6.39l16.11.033zm-10.597 9.61l-6.62 5.294.016-10.914 6.607 5.62\"><\/path><\/svg><\/span><\/a><a aria-label=\"Instagram\" class=\"heateor_sss_button_instagram\" href=\"https:\/\/www.instagram.com\/\" title=\"Instagram\" rel=\"nofollow noopener\" target=\"_blank\" style=\"font-size:32px!important;box-shadow:none;display:inline-block;vertical-align:middle\"><span class=\"heateor_sss_svg\" style=\"background-color:#53beee;width:35px;height:35px;border-radius:999px;display:inline-block;opacity:1;float:left;font-size:32px;box-shadow:none;display:inline-block;font-size:16px;padding:0 4px;vertical-align:middle;background-repeat:repeat;overflow:hidden;padding:0;cursor:pointer;box-sizing:content-box\"><svg style=\"display:block;border-radius:999px;\" version=\"1.1\" viewBox=\"-10 -10 148 148\" width=\"100%\" height=\"100%\" xml:space=\"preserve\" xmlns=\"http:\/\/www.w3.org\/2000\/svg\" xmlns:xlink=\"http:\/\/www.w3.org\/1999\/xlink\"><g><g><path d=\"M86,112H42c-14.336,0-26-11.663-26-26V42c0-14.337,11.664-26,26-26h44c14.337,0,26,11.663,26,26v44 C112,100.337,100.337,112,86,112z M42,24c-9.925,0-18,8.074-18,18v44c0,9.925,8.075,18,18,18h44c9.926,0,18-8.075,18-18V42 c0-9.926-8.074-18-18-18H42z\" fill=\"#fff\"><\/path><\/g><g><path d=\"M64,88c-13.234,0-24-10.767-24-24c0-13.234,10.766-24,24-24s24,10.766,24,24C88,77.233,77.234,88,64,88z M64,48c-8.822,0-16,7.178-16,16s7.178,16,16,16c8.822,0,16-7.178,16-16S72.822,48,64,48z\" fill=\"#fff\"><\/path><\/g><g><circle cx=\"89.5\" cy=\"38.5\" fill=\"#fff\" r=\"5.5\"><\/circle><\/g><\/g><\/svg><\/span><\/a><a aria-label=\"Print\" class=\"heateor_sss_button_print\" href=\"https:\/\/penoticias.com.br\/blog\/tst-encerra-negociacoes-com-setor-privado-e-profissionais-deve-receber-remuneracao-do-piso-da-enfermagem-previsto-em-lei\/\" onclick=\"event.preventDefault();window.print()\" title=\"Print\" rel=\"noopener\" style=\"font-size:32px!important;box-shadow:none;display:inline-block;vertical-align:middle\"><span class=\"heateor_sss_svg heateor_sss_s__default heateor_sss_s_print\" style=\"background-color:#fd6500;width:35px;height:35px;border-radius:999px;display:inline-block;opacity:1;float:left;font-size:32px;box-shadow:none;display:inline-block;font-size:16px;padding:0 4px;vertical-align:middle;background-repeat:repeat;overflow:hidden;padding:0;cursor:pointer;box-sizing:content-box\"><svg style=\"display:block;border-radius:999px;\" focusable=\"false\" aria-hidden=\"true\" xmlns=\"http:\/\/www.w3.org\/2000\/svg\" width=\"100%\" height=\"100%\" viewBox=\"-2.8 -4.5 35 35\"><path stroke=\"#fff\" class=\"heateor_sss_svg_stroke\" d=\"M 7 10 h 2 v 3 h 12 v -3 h 2 v 7 h -2 v -3 h -12 v 3 h -2 z\" stroke-width=\"1\" fill=\"#fff\"><\/path><rect class=\"heateor_sss_no_fill heateor_sss_svg_stroke\" stroke=\"#fff\" stroke-width=\"1.8\" height=\"7\" width=\"10\" x=\"10\" y=\"5\" fill=\"none\"><\/rect><rect class=\"heateor_sss_svg_stroke\" stroke=\"#fff\" stroke-width=\"1\" height=\"5\" width=\"8\" x=\"11\" y=\"16\" fill=\"#fff\"><\/rect><\/svg><\/span><\/a><a class=\"heateor_sss_more\" aria-label=\"More\" title=\"More\" rel=\"nofollow noopener\" style=\"font-size: 32px!important;border:0;box-shadow:none;display:inline-block!important;font-size:16px;padding:0 4px;vertical-align: middle;display:inline;\" href=\"https:\/\/penoticias.com.br\/blog\/tst-encerra-negociacoes-com-setor-privado-e-profissionais-deve-receber-remuneracao-do-piso-da-enfermagem-previsto-em-lei\/\" onclick=\"event.preventDefault()\"><span class=\"heateor_sss_svg\" style=\"background-color:#ee8e2d;width:35px;height:35px;border-radius:999px;display:inline-block!important;opacity:1;float:left;font-size:32px!important;box-shadow:none;display:inline-block;font-size:16px;padding:0 4px;vertical-align:middle;display:inline;background-repeat:repeat;overflow:hidden;padding:0;cursor:pointer;box-sizing:content-box;\" onclick=\"heateorSssMoreSharingPopup(this, 'https:\/\/penoticias.com.br\/blog\/tst-encerra-negociacoes-com-setor-privado-e-profissionais-deve-receber-remuneracao-do-piso-da-enfermagem-previsto-em-lei\/', 'TST%20encerra%20negocia%C3%A7%C3%B5es%20com%20setor%20privado%3B%20e%20profissionais%20deve%20receber%20remunera%C3%A7%C3%A3o%20do%20piso%20da%20enfermagem%20previsto%20em%20lei', '' )\"><svg xmlns=\"http:\/\/www.w3.org\/2000\/svg\" xmlns:xlink=\"http:\/\/www.w3.org\/1999\/xlink\" viewBox=\"-.3 0 32 32\" version=\"1.1\" width=\"100%\" height=\"100%\" style=\"display:block;border-radius:999px;\" xml:space=\"preserve\"><g><path fill=\"#fff\" d=\"M18 14V8h-4v6H8v4h6v6h4v-6h6v-4h-6z\" fill-rule=\"evenodd\"><\/path><\/g><\/svg><\/span><\/a><\/div><div class=\"heateorSssClear\"><\/div><\/div><div class='heateorSssClear'><\/div>","protected":false},"author":2,"featured_media":0,"comment_status":"closed","ping_status":"closed","sticky":false,"template":"","format":"standard","meta":{"footnotes":""},"categories":[2],"tags":[],"class_list":["post-156411","post","type-post","status-publish","format-standard","hentry","category-uncategorised"],"yoast_head":"<!-- This site is optimized with the Yoast SEO plugin v28.4 - https:\/\/yoast.com\/product\/yoast-seo-wordpress\/ -->\n<title>TST encerra negocia\u00e7\u00f5es com setor privado; e profissionais deve receber remunera\u00e7\u00e3o do piso da enfermagem previsto em lei - PE Not\u00edcias<\/title>\n<meta name=\"robots\" content=\"index, follow, max-snippet:-1, max-image-preview:large, max-video-preview:-1\" \/>\n<link rel=\"canonical\" href=\"https:\/\/penoticias.com.br\/blog\/tst-encerra-negociacoes-com-setor-privado-e-profissionais-deve-receber-remuneracao-do-piso-da-enfermagem-previsto-em-lei\/\" \/>\n<meta property=\"og:locale\" content=\"pt_BR\" \/>\n<meta property=\"og:type\" content=\"article\" \/>\n<meta property=\"og:title\" content=\"TST encerra negocia\u00e7\u00f5es com setor privado; e profissionais deve receber remunera\u00e7\u00e3o do piso da enfermagem previsto em lei - PE Not\u00edcias\" \/>\n<meta property=\"og:description\" content=\"Brasil61 A queda de bra\u00e7o entre os representantes do setor privado e os profissionais da \u00e1rea da sa\u00fade chegou ao fim. Mas,\u00a0o que parecia ser uma boa not\u00edcia, s\u00f3 gerou mais insatisfa\u00e7\u00e3o por parte da categoria. O Tribunal Superior do Trabalho (TST) encerrou as negocia\u00e7\u00f5es sobre o pagamento do piso da enfermagem entre a Confedera\u00e7\u00e3o ... Ler mais\" \/>\n<meta property=\"og:url\" content=\"https:\/\/penoticias.com.br\/blog\/tst-encerra-negociacoes-com-setor-privado-e-profissionais-deve-receber-remuneracao-do-piso-da-enfermagem-previsto-em-lei\/\" \/>\n<meta property=\"og:site_name\" content=\"PE Not\u00edcias\" \/>\n<meta property=\"article:publisher\" content=\"pedrovicentearaujo@hotmail.com\" \/>\n<meta property=\"article:author\" content=\"pedrovicentearaujo@hotmail.com\" \/>\n<meta property=\"article:published_time\" content=\"2024-03-19T07:18:02+00:00\" \/>\n<meta property=\"article:modified_time\" content=\"2024-03-19T07:41:33+00:00\" \/>\n<meta property=\"og:image\" content=\"https:\/\/penoticias.com.br\/blog\/wp-content\/uploads\/2024\/03\/Enfermagem.jpg\" \/>\n<meta name=\"author\" content=\"Pedro Ara\u00fajo\" \/>\n<meta name=\"twitter:card\" content=\"summary_large_image\" \/>\n<meta name=\"twitter:creator\" content=\"@pedromuela\" \/>\n<meta name=\"twitter:site\" content=\"@pedromuela\" \/>\n<meta name=\"twitter:label1\" content=\"Escrito por\" \/>\n\t<meta name=\"twitter:data1\" content=\"Pedro Ara\u00fajo\" \/>\n\t<meta name=\"twitter:label2\" content=\"Est. tempo de leitura\" \/>\n\t<meta name=\"twitter:data2\" content=\"4 minutos\" \/>\n<script type=\"application\/ld+json\" class=\"yoast-schema-graph\">{\"@context\":\"https:\\\/\\\/schema.org\",\"@graph\":[{\"@type\":\"Article\",\"@id\":\"https:\\\/\\\/penoticias.com.br\\\/blog\\\/tst-encerra-negociacoes-com-setor-privado-e-profissionais-deve-receber-remuneracao-do-piso-da-enfermagem-previsto-em-lei\\\/#article\",\"isPartOf\":{\"@id\":\"https:\\\/\\\/penoticias.com.br\\\/blog\\\/tst-encerra-negociacoes-com-setor-privado-e-profissionais-deve-receber-remuneracao-do-piso-da-enfermagem-previsto-em-lei\\\/\"},\"author\":{\"name\":\"Pedro Ara\u00fajo\",\"@id\":\"https:\\\/\\\/penoticias.com.br\\\/blog\\\/#\\\/schema\\\/person\\\/13ea60669d2351f129ef3657907f1432\"},\"headline\":\"TST encerra negocia\u00e7\u00f5es com setor privado; e profissionais deve receber remunera\u00e7\u00e3o do piso da enfermagem previsto em lei\",\"datePublished\":\"2024-03-19T07:18:02+00:00\",\"dateModified\":\"2024-03-19T07:41:33+00:00\",\"mainEntityOfPage\":{\"@id\":\"https:\\\/\\\/penoticias.com.br\\\/blog\\\/tst-encerra-negociacoes-com-setor-privado-e-profissionais-deve-receber-remuneracao-do-piso-da-enfermagem-previsto-em-lei\\\/\"},\"wordCount\":729,\"publisher\":{\"@id\":\"https:\\\/\\\/penoticias.com.br\\\/blog\\\/#\\\/schema\\\/person\\\/13ea60669d2351f129ef3657907f1432\"},\"image\":{\"@id\":\"https:\\\/\\\/penoticias.com.br\\\/blog\\\/tst-encerra-negociacoes-com-setor-privado-e-profissionais-deve-receber-remuneracao-do-piso-da-enfermagem-previsto-em-lei\\\/#primaryimage\"},\"thumbnailUrl\":\"https:\\\/\\\/penoticias.com.br\\\/blog\\\/wp-content\\\/uploads\\\/2024\\\/03\\\/Enfermagem.jpg\",\"articleSection\":[\"Geral\"],\"inLanguage\":\"pt-BR\"},{\"@type\":\"WebPage\",\"@id\":\"https:\\\/\\\/penoticias.com.br\\\/blog\\\/tst-encerra-negociacoes-com-setor-privado-e-profissionais-deve-receber-remuneracao-do-piso-da-enfermagem-previsto-em-lei\\\/\",\"url\":\"https:\\\/\\\/penoticias.com.br\\\/blog\\\/tst-encerra-negociacoes-com-setor-privado-e-profissionais-deve-receber-remuneracao-do-piso-da-enfermagem-previsto-em-lei\\\/\",\"name\":\"TST encerra negocia\u00e7\u00f5es com setor privado; e profissionais deve receber remunera\u00e7\u00e3o do piso da enfermagem previsto em lei - PE Not\u00edcias\",\"isPartOf\":{\"@id\":\"https:\\\/\\\/penoticias.com.br\\\/blog\\\/#website\"},\"primaryImageOfPage\":{\"@id\":\"https:\\\/\\\/penoticias.com.br\\\/blog\\\/tst-encerra-negociacoes-com-setor-privado-e-profissionais-deve-receber-remuneracao-do-piso-da-enfermagem-previsto-em-lei\\\/#primaryimage\"},\"image\":{\"@id\":\"https:\\\/\\\/penoticias.com.br\\\/blog\\\/tst-encerra-negociacoes-com-setor-privado-e-profissionais-deve-receber-remuneracao-do-piso-da-enfermagem-previsto-em-lei\\\/#primaryimage\"},\"thumbnailUrl\":\"https:\\\/\\\/penoticias.com.br\\\/blog\\\/wp-content\\\/uploads\\\/2024\\\/03\\\/Enfermagem.jpg\",\"datePublished\":\"2024-03-19T07:18:02+00:00\",\"dateModified\":\"2024-03-19T07:41:33+00:00\",\"breadcrumb\":{\"@id\":\"https:\\\/\\\/penoticias.com.br\\\/blog\\\/tst-encerra-negociacoes-com-setor-privado-e-profissionais-deve-receber-remuneracao-do-piso-da-enfermagem-previsto-em-lei\\\/#breadcrumb\"},\"inLanguage\":\"pt-BR\",\"potentialAction\":[{\"@type\":\"ReadAction\",\"target\":[\"https:\\\/\\\/penoticias.com.br\\\/blog\\\/tst-encerra-negociacoes-com-setor-privado-e-profissionais-deve-receber-remuneracao-do-piso-da-enfermagem-previsto-em-lei\\\/\"]}]},{\"@type\":\"ImageObject\",\"inLanguage\":\"pt-BR\",\"@id\":\"https:\\\/\\\/penoticias.com.br\\\/blog\\\/tst-encerra-negociacoes-com-setor-privado-e-profissionais-deve-receber-remuneracao-do-piso-da-enfermagem-previsto-em-lei\\\/#primaryimage\",\"url\":\"https:\\\/\\\/penoticias.com.br\\\/blog\\\/wp-content\\\/uploads\\\/2024\\\/03\\\/Enfermagem.jpg\",\"contentUrl\":\"https:\\\/\\\/penoticias.com.br\\\/blog\\\/wp-content\\\/uploads\\\/2024\\\/03\\\/Enfermagem.jpg\",\"width\":500,\"height\":320},{\"@type\":\"BreadcrumbList\",\"@id\":\"https:\\\/\\\/penoticias.com.br\\\/blog\\\/tst-encerra-negociacoes-com-setor-privado-e-profissionais-deve-receber-remuneracao-do-piso-da-enfermagem-previsto-em-lei\\\/#breadcrumb\",\"itemListElement\":[{\"@type\":\"ListItem\",\"position\":1,\"name\":\"In\u00edcio\",\"item\":\"https:\\\/\\\/penoticias.com.br\\\/blog\\\/\"},{\"@type\":\"ListItem\",\"position\":2,\"name\":\"TST encerra negocia\u00e7\u00f5es com setor privado; e profissionais deve receber remunera\u00e7\u00e3o do piso da enfermagem previsto em lei\"}]},{\"@type\":\"WebSite\",\"@id\":\"https:\\\/\\\/penoticias.com.br\\\/blog\\\/#website\",\"url\":\"https:\\\/\\\/penoticias.com.br\\\/blog\\\/\",\"name\":\"PE Not\u00edcias\",\"description\":\"Voc\u00ea no Mundo da Informa\u00e7\u00e3o.\",\"publisher\":{\"@id\":\"https:\\\/\\\/penoticias.com.br\\\/blog\\\/#\\\/schema\\\/person\\\/13ea60669d2351f129ef3657907f1432\"},\"potentialAction\":[{\"@type\":\"SearchAction\",\"target\":{\"@type\":\"EntryPoint\",\"urlTemplate\":\"https:\\\/\\\/penoticias.com.br\\\/blog\\\/?s={search_term_string}\"},\"query-input\":{\"@type\":\"PropertyValueSpecification\",\"valueRequired\":true,\"valueName\":\"search_term_string\"}}],\"inLanguage\":\"pt-BR\"},{\"@type\":[\"Person\",\"Organization\"],\"@id\":\"https:\\\/\\\/penoticias.com.br\\\/blog\\\/#\\\/schema\\\/person\\\/13ea60669d2351f129ef3657907f1432\",\"name\":\"Pedro Ara\u00fajo\",\"image\":{\"@type\":\"ImageObject\",\"inLanguage\":\"pt-BR\",\"@id\":\"https:\\\/\\\/secure.gravatar.com\\\/avatar\\\/d654258027afd7c928561b83494a45e3aff23d7ac7ce926d2bceac1ffe030175?s=96&d=mm&r=g\",\"url\":\"https:\\\/\\\/secure.gravatar.com\\\/avatar\\\/d654258027afd7c928561b83494a45e3aff23d7ac7ce926d2bceac1ffe030175?s=96&d=mm&r=g\",\"contentUrl\":\"https:\\\/\\\/secure.gravatar.com\\\/avatar\\\/d654258027afd7c928561b83494a45e3aff23d7ac7ce926d2bceac1ffe030175?s=96&d=mm&r=g\",\"caption\":\"Pedro Ara\u00fajo\"},\"logo\":{\"@id\":\"https:\\\/\\\/secure.gravatar.com\\\/avatar\\\/d654258027afd7c928561b83494a45e3aff23d7ac7ce926d2bceac1ffe030175?s=96&d=mm&r=g\"},\"description\":\"As informa\u00e7\u00f5es que traduzem as verdades dos fatos, sem ferir ou denegrir pessoas ou imagens. Como tamb\u00e9m, nunca procurando agradar aos maus feitores.\",\"sameAs\":[\"http:\\\/\\\/www.penoticias.com.br\",\"pedrovicentearaujo@hotmail.com\",\"@pedroafogados\",\"https:\\\/\\\/x.com\\\/pedromuela\",\"www.penoticias.com.br\"],\"url\":\"https:\\\/\\\/penoticias.com.br\\\/blog\\\/author\\\/pedro\\\/\"}]}<\/script>\n<!-- \/ Yoast SEO plugin. -->","yoast_head_json":{"title":"TST encerra negocia\u00e7\u00f5es com setor privado; e profissionais deve receber remunera\u00e7\u00e3o do piso da enfermagem previsto em lei - PE Not\u00edcias","robots":{"index":"index","follow":"follow","max-snippet":"max-snippet:-1","max-image-preview":"max-image-preview:large","max-video-preview":"max-video-preview:-1"},"canonical":"https:\/\/penoticias.com.br\/blog\/tst-encerra-negociacoes-com-setor-privado-e-profissionais-deve-receber-remuneracao-do-piso-da-enfermagem-previsto-em-lei\/","og_locale":"pt_BR","og_type":"article","og_title":"TST encerra negocia\u00e7\u00f5es com setor privado; e profissionais deve receber remunera\u00e7\u00e3o do piso da enfermagem previsto em lei - PE Not\u00edcias","og_description":"Brasil61 A queda de bra\u00e7o entre os representantes do setor privado e os profissionais da \u00e1rea da sa\u00fade chegou ao fim. Mas,\u00a0o que parecia ser uma boa not\u00edcia, s\u00f3 gerou mais insatisfa\u00e7\u00e3o por parte da categoria. O Tribunal Superior do Trabalho (TST) encerrou as negocia\u00e7\u00f5es sobre o pagamento do piso da enfermagem entre a Confedera\u00e7\u00e3o ... Ler mais","og_url":"https:\/\/penoticias.com.br\/blog\/tst-encerra-negociacoes-com-setor-privado-e-profissionais-deve-receber-remuneracao-do-piso-da-enfermagem-previsto-em-lei\/","og_site_name":"PE Not\u00edcias","article_publisher":"pedrovicentearaujo@hotmail.com","article_author":"pedrovicentearaujo@hotmail.com","article_published_time":"2024-03-19T07:18:02+00:00","article_modified_time":"2024-03-19T07:41:33+00:00","og_image":[{"url":"https:\/\/penoticias.com.br\/blog\/wp-content\/uploads\/2024\/03\/Enfermagem.jpg","type":"","width":"","height":""}],"author":"Pedro Ara\u00fajo","twitter_card":"summary_large_image","twitter_creator":"@pedromuela","twitter_site":"@pedromuela","twitter_misc":{"Escrito por":"Pedro Ara\u00fajo","Est. tempo de leitura":"4 minutos"},"schema":{"@context":"https:\/\/schema.org","@graph":[{"@type":"Article","@id":"https:\/\/penoticias.com.br\/blog\/tst-encerra-negociacoes-com-setor-privado-e-profissionais-deve-receber-remuneracao-do-piso-da-enfermagem-previsto-em-lei\/#article","isPartOf":{"@id":"https:\/\/penoticias.com.br\/blog\/tst-encerra-negociacoes-com-setor-privado-e-profissionais-deve-receber-remuneracao-do-piso-da-enfermagem-previsto-em-lei\/"},"author":{"name":"Pedro Ara\u00fajo","@id":"https:\/\/penoticias.com.br\/blog\/#\/schema\/person\/13ea60669d2351f129ef3657907f1432"},"headline":"TST encerra negocia\u00e7\u00f5es com setor privado; e profissionais deve receber remunera\u00e7\u00e3o do piso da enfermagem previsto em lei","datePublished":"2024-03-19T07:18:02+00:00","dateModified":"2024-03-19T07:41:33+00:00","mainEntityOfPage":{"@id":"https:\/\/penoticias.com.br\/blog\/tst-encerra-negociacoes-com-setor-privado-e-profissionais-deve-receber-remuneracao-do-piso-da-enfermagem-previsto-em-lei\/"},"wordCount":729,"publisher":{"@id":"https:\/\/penoticias.com.br\/blog\/#\/schema\/person\/13ea60669d2351f129ef3657907f1432"},"image":{"@id":"https:\/\/penoticias.com.br\/blog\/tst-encerra-negociacoes-com-setor-privado-e-profissionais-deve-receber-remuneracao-do-piso-da-enfermagem-previsto-em-lei\/#primaryimage"},"thumbnailUrl":"https:\/\/penoticias.com.br\/blog\/wp-content\/uploads\/2024\/03\/Enfermagem.jpg","articleSection":["Geral"],"inLanguage":"pt-BR"},{"@type":"WebPage","@id":"https:\/\/penoticias.com.br\/blog\/tst-encerra-negociacoes-com-setor-privado-e-profissionais-deve-receber-remuneracao-do-piso-da-enfermagem-previsto-em-lei\/","url":"https:\/\/penoticias.com.br\/blog\/tst-encerra-negociacoes-com-setor-privado-e-profissionais-deve-receber-remuneracao-do-piso-da-enfermagem-previsto-em-lei\/","name":"TST encerra negocia\u00e7\u00f5es com setor privado; e profissionais deve receber remunera\u00e7\u00e3o do piso da enfermagem previsto em lei - PE Not\u00edcias","isPartOf":{"@id":"https:\/\/penoticias.com.br\/blog\/#website"},"primaryImageOfPage":{"@id":"https:\/\/penoticias.com.br\/blog\/tst-encerra-negociacoes-com-setor-privado-e-profissionais-deve-receber-remuneracao-do-piso-da-enfermagem-previsto-em-lei\/#primaryimage"},"image":{"@id":"https:\/\/penoticias.com.br\/blog\/tst-encerra-negociacoes-com-setor-privado-e-profissionais-deve-receber-remuneracao-do-piso-da-enfermagem-previsto-em-lei\/#primaryimage"},"thumbnailUrl":"https:\/\/penoticias.com.br\/blog\/wp-content\/uploads\/2024\/03\/Enfermagem.jpg","datePublished":"2024-03-19T07:18:02+00:00","dateModified":"2024-03-19T07:41:33+00:00","breadcrumb":{"@id":"https:\/\/penoticias.com.br\/blog\/tst-encerra-negociacoes-com-setor-privado-e-profissionais-deve-receber-remuneracao-do-piso-da-enfermagem-previsto-em-lei\/#breadcrumb"},"inLanguage":"pt-BR","potentialAction":[{"@type":"ReadAction","target":["https:\/\/penoticias.com.br\/blog\/tst-encerra-negociacoes-com-setor-privado-e-profissionais-deve-receber-remuneracao-do-piso-da-enfermagem-previsto-em-lei\/"]}]},{"@type":"ImageObject","inLanguage":"pt-BR","@id":"https:\/\/penoticias.com.br\/blog\/tst-encerra-negociacoes-com-setor-privado-e-profissionais-deve-receber-remuneracao-do-piso-da-enfermagem-previsto-em-lei\/#primaryimage","url":"https:\/\/penoticias.com.br\/blog\/wp-content\/uploads\/2024\/03\/Enfermagem.jpg","contentUrl":"https:\/\/penoticias.com.br\/blog\/wp-content\/uploads\/2024\/03\/Enfermagem.jpg","width":500,"height":320},{"@type":"BreadcrumbList","@id":"https:\/\/penoticias.com.br\/blog\/tst-encerra-negociacoes-com-setor-privado-e-profissionais-deve-receber-remuneracao-do-piso-da-enfermagem-previsto-em-lei\/#breadcrumb","itemListElement":[{"@type":"ListItem","position":1,"name":"In\u00edcio","item":"https:\/\/penoticias.com.br\/blog\/"},{"@type":"ListItem","position":2,"name":"TST encerra negocia\u00e7\u00f5es com setor privado; e profissionais deve receber remunera\u00e7\u00e3o do piso da enfermagem previsto em lei"}]},{"@type":"WebSite","@id":"https:\/\/penoticias.com.br\/blog\/#website","url":"https:\/\/penoticias.com.br\/blog\/","name":"PE Not\u00edcias","description":"Voc\u00ea no Mundo da Informa\u00e7\u00e3o.","publisher":{"@id":"https:\/\/penoticias.com.br\/blog\/#\/schema\/person\/13ea60669d2351f129ef3657907f1432"},"potentialAction":[{"@type":"SearchAction","target":{"@type":"EntryPoint","urlTemplate":"https:\/\/penoticias.com.br\/blog\/?s={search_term_string}"},"query-input":{"@type":"PropertyValueSpecification","valueRequired":true,"valueName":"search_term_string"}}],"inLanguage":"pt-BR"},{"@type":["Person","Organization"],"@id":"https:\/\/penoticias.com.br\/blog\/#\/schema\/person\/13ea60669d2351f129ef3657907f1432","name":"Pedro Ara\u00fajo","image":{"@type":"ImageObject","inLanguage":"pt-BR","@id":"https:\/\/secure.gravatar.com\/avatar\/d654258027afd7c928561b83494a45e3aff23d7ac7ce926d2bceac1ffe030175?s=96&d=mm&r=g","url":"https:\/\/secure.gravatar.com\/avatar\/d654258027afd7c928561b83494a45e3aff23d7ac7ce926d2bceac1ffe030175?s=96&d=mm&r=g","contentUrl":"https:\/\/secure.gravatar.com\/avatar\/d654258027afd7c928561b83494a45e3aff23d7ac7ce926d2bceac1ffe030175?s=96&d=mm&r=g","caption":"Pedro Ara\u00fajo"},"logo":{"@id":"https:\/\/secure.gravatar.com\/avatar\/d654258027afd7c928561b83494a45e3aff23d7ac7ce926d2bceac1ffe030175?s=96&d=mm&r=g"},"description":"As informa\u00e7\u00f5es que traduzem as verdades dos fatos, sem ferir ou denegrir pessoas ou imagens. Como tamb\u00e9m, nunca procurando agradar aos maus feitores.","sameAs":["http:\/\/www.penoticias.com.br","pedrovicentearaujo@hotmail.com","@pedroafogados","https:\/\/x.com\/pedromuela","www.penoticias.com.br"],"url":"https:\/\/penoticias.com.br\/blog\/author\/pedro\/"}]}},"_links":{"self":[{"href":"https:\/\/penoticias.com.br\/blog\/wp-json\/wp\/v2\/posts\/156411","targetHints":{"allow":["GET"]}}],"collection":[{"href":"https:\/\/penoticias.com.br\/blog\/wp-json\/wp\/v2\/posts"}],"about":[{"href":"https:\/\/penoticias.com.br\/blog\/wp-json\/wp\/v2\/types\/post"}],"author":[{"embeddable":true,"href":"https:\/\/penoticias.com.br\/blog\/wp-json\/wp\/v2\/users\/2"}],"replies":[{"embeddable":true,"href":"https:\/\/penoticias.com.br\/blog\/wp-json\/wp\/v2\/comments?post=156411"}],"version-history":[{"count":1,"href":"https:\/\/penoticias.com.br\/blog\/wp-json\/wp\/v2\/posts\/156411\/revisions"}],"predecessor-version":[{"id":156413,"href":"https:\/\/penoticias.com.br\/blog\/wp-json\/wp\/v2\/posts\/156411\/revisions\/156413"}],"wp:attachment":[{"href":"https:\/\/penoticias.com.br\/blog\/wp-json\/wp\/v2\/media?parent=156411"}],"wp:term":[{"taxonomy":"category","embeddable":true,"href":"https:\/\/penoticias.com.br\/blog\/wp-json\/wp\/v2\/categories?post=156411"},{"taxonomy":"post_tag","embeddable":true,"href":"https:\/\/penoticias.com.br\/blog\/wp-json\/wp\/v2\/tags?post=156411"}],"curies":[{"name":"wp","href":"https:\/\/api.w.org\/{rel}","templated":true}]}}