{"id":213429,"date":"2026-03-27T00:07:30","date_gmt":"2026-03-27T03:07:30","guid":{"rendered":"https:\/\/penoticias.com.br\/blog\/?p=213429"},"modified":"2026-03-26T22:41:48","modified_gmt":"2026-03-27T01:41:48","slug":"disputa-entre-aliados-complica-montagem-dos-palanques-de-lula-no-nordeste","status":"publish","type":"post","link":"https:\/\/penoticias.com.br\/blog\/disputa-entre-aliados-complica-montagem-dos-palanques-de-lula-no-nordeste\/","title":{"rendered":"Disputa entre aliados complica montagem dos palanques de Lula no Nordeste"},"content":{"rendered":"<p style=\"text-align: center;\"><img fetchpriority=\"high\" decoding=\"async\" class=\"alignnone wp-image-213430 \" src=\"https:\/\/penoticias.com.br\/blog\/wp-content\/uploads\/2026\/03\/Lula-2.jpg\" alt=\"\" width=\"651\" height=\"434\" srcset=\"https:\/\/penoticias.com.br\/blog\/wp-content\/uploads\/2026\/03\/Lula-2.jpg 1000w, https:\/\/penoticias.com.br\/blog\/wp-content\/uploads\/2026\/03\/Lula-2-300x200.jpg 300w, https:\/\/penoticias.com.br\/blog\/wp-content\/uploads\/2026\/03\/Lula-2-768x512.jpg 768w\" sizes=\"(max-width: 651px) 100vw, 651px\" \/><\/p>\n<p>A pouco mais de seis meses das elei\u00e7\u00f5es, o presidente Lula (PT) enfrenta ainda um cen\u00e1rio complexo na montagem de palanques no Nordeste, regi\u00e3o decisiva para sua vit\u00f3ria em 2022.<\/p>\n<p>O principal obst\u00e1culo \u00e9 a fragmenta\u00e7\u00e3o da base aliada, que disputa protagonismo local, vagas ao Senado e o comando de chapas estaduais. Em ao menos sete dos nove estados, h\u00e1 conflitos entre expoentes que apoiam o presidente, o que imp\u00f5e a Lula o papel de \u00e1rbitro para evitar divis\u00f5es que possam comprometer sua for\u00e7a no reduto hist\u00f3rico do petismo.<\/p>\n<p>Na elei\u00e7\u00e3o presidencial passada, a diferen\u00e7a entre os votos conquistados por Lula e Jair Bolsonaro (PL) no Nordeste foi de 12,5 milh\u00f5es no segundo turno. O petista teve 69,3% de todos os votos v\u00e1lidos na regi\u00e3o, resultado fundamental para consolidar a vit\u00f3ria geral. No primeiro turno, Lula teve 66,7% dos votos dos eleitores nordestinos.<\/p>\n<p>Desde 2002, todos os candidatos do Partido dos Trabalhadores venceram em segundo turno no Nordeste, com Lula naquele ano (61,5%) e quatro anos depois (77,1%); Dilma Rousseff em 2010 (70,6%) e em 2014 (71,7%); e Fernando Haddad\u00a0em 2018 (69,7%).<\/p>\n<p><strong>No Sul,<\/strong> por outro lado, o PT s\u00f3 teve uma vit\u00f3ria neste s\u00e9culo, com Lula em 2002.<\/p>\n<p><strong>Situa\u00e7\u00e3o no Nordeste<\/strong><\/p>\n<p><strong>Na Bahia<\/strong>, o governador Jer\u00f4nimo Rodrigues (PT) buscar\u00e1 a reelei\u00e7\u00e3o com uma estrat\u00e9gia que pode tensionar a base. A possibilidade de uma chapa \u201cpuro-sangue\u201d, sem a participa\u00e7\u00e3o de MDB e PSD, retiraria aliados tradicionais da composi\u00e7\u00e3o majorit\u00e1ria. Ao mesmo tempo, o desenho para o Senado tende a privilegiar lideran\u00e7as do pr\u00f3prio PT, como Rui Costa e Jaques Wagner, o que pode provocar desconforto entre partidos que, apesar disso, sinalizam manter apoio ao presidente.<\/p>\n<p><strong>No Cear\u00e1,<\/strong> o cen\u00e1rio \u00e9 marcado por disputa interna e por press\u00e3o da oposi\u00e7\u00e3o. Com o governador Elmano de Freitas (PT) na corrida pela reelei\u00e7\u00e3o, a base lulista re\u00fane uma ampla coaliz\u00e3o, mas enfrenta concorr\u00eancia direta entre nomes de peso na defini\u00e7\u00e3o das duas vagas ao Senado, como Jos\u00e9 Guimar\u00e3es (PT), Eun\u00edcio Oliveira (MDB) e Luizianne Lins (PT). Ao mesmo tempo, o avan\u00e7o de Ciro Gomes (PSDB), que lidera as pesquisas de inten\u00e7\u00e3o de voto e deve nacionalizar a disputa, acendeu o alerta no PT. A estrat\u00e9gia do partido passa por refor\u00e7ar o palanque com Lula e o ministro Camilo Santana, enquanto tenta construir uma chapa competitiva ao Senado para evitar dissid\u00eancias e conter o crescimento do advers\u00e1rio.<\/p>\n<p><strong>O Maranh\u00e3o<\/strong> \u00e9 um dos casos mais delicados. O rompimento entre o governador Carlos Brand\u00e3o (sem partido) e o grupo ligado ao ex-governador Fl\u00e1vio Dino fragmentou a base lulista. Diante do impasse, o PT deve ir com o vice-governador Felipe Camar\u00e3o (PT). H\u00e1, no entanto, uma parte da legenda que passou a cogitar apoiar o prefeito de S\u00e3o Lu\u00eds, Eduardo Braide (PSD), abrindo m\u00e3o de candidatura pr\u00f3pria ao governo e priorizando uma composi\u00e7\u00e3o que inclua o partido na disputa pelo Senado.<\/p>\n<p><strong>Na Para\u00edba,<\/strong> o impasse envolve dois aliados diretos de Lula e pode resultar em palanque duplo no estado. O vice-governador Lucas Ribeiro (PP) deve assumir o comando e disputar a reelei\u00e7\u00e3o, enquanto o prefeito de Jo\u00e3o Pessoa, C\u00edcero Lucena (MDB), tamb\u00e9m se apresenta como candidato. Diante da divis\u00e3o, o PT admite apoiar mais de uma candidatura ao governo. A disputa se estende ao Senado e tende a fragmentar ainda mais a base: o governador Jo\u00e3o Azev\u00eado (PSB) deve concorrer a uma vaga ao lado de Nabor Wanderley (PP), enquanto o senador Veneziano Vital do R\u00eago (MDB) tenta a reelei\u00e7\u00e3o em uma chapa alternativa. O presidente da C\u00e2mara, Hugo Motta (Republicanos), ainda articula para incluir Nabor no campo lulista, o que pode ampliar a divis\u00e3o do palanque do presidente no estado.<\/p>\n<p><strong>Em Pernambuco,<\/strong> o cen\u00e1rio est\u00e1 mais definido. O prefeito do Recife, Jo\u00e3o Campos (PSB), consolidou uma ampla alian\u00e7a ao fechar chapa com Mar\u00edlia Arraes (Solidariedade) e o senador Humberto Costa (PT), que deve pleitear a reelei\u00e7\u00e3o. O arranjo fortalece o palanque lulista e isola a governadora Raquel Lyra (PSD), que tamb\u00e9m \u00e9 aliada de Lula, mas perde espa\u00e7o na disputa pelo apoio do presidente.<!--more--><\/p>\n<p><strong>No Rio Grande do Norte,<\/strong> a disputa envolve tanto o governo quanto o Senado. A governadora F\u00e1tima Bezerra (PT) desistiu de deixar o cargo para concorrer ao Senado, mas apoiar\u00e1 o secret\u00e1rio da Fazenda, Cadu Xavier (PT), como candidato ao governo. Ao mesmo tempo, a composi\u00e7\u00e3o da chapa majorit\u00e1ria enfrenta desafios, especialmente pela dificuldade de recompor a alian\u00e7a com a senadora Zenaide Maia (PSD), o que mant\u00e9m o cen\u00e1rio em aberto.<\/p>\n<p><strong>Em Sergipe,<\/strong> o quadro caminha para uma configura\u00e7\u00e3o pragm\u00e1tica. O governador F\u00e1bio Mitidieri (PSD) quer o apoio do PT, que at\u00e9 ent\u00e3o fazia oposi\u00e7\u00e3o ao seu governo. Em troca, deve abrigar o senador Rog\u00e9rio Carvalho (PT) na chapa. H\u00e1 setores do partido que resistem \u00e0 alian\u00e7a e defendem, em \u00faltimo caso, apoio a um nome do PSOL. Ainda assim, prevalece a avalia\u00e7\u00e3o de que \u00e9 necess\u00e1rio conter o avan\u00e7o do bolsonarismo, representado pela candidatura do vice-prefeito de Aracaju, do PL, e, em menor grau, pelo prefeito de Itabaiana, Valmir de Francisquinho (Republicanos).<\/p>\n<p><strong>Alagoas e Piau\u00ed<\/strong> aparecem como os cen\u00e1rios mais controlados para o governo federal. Em Alagoas, a tend\u00eancia \u00e9 de alinhamento em torno do ministro Renan Filho (MDB) ao governo, com apoio do senador Renan Calheiros (MDB) \u00e0 reelei\u00e7\u00e3o no Senado, apesar da movimenta\u00e7\u00e3o da oposi\u00e7\u00e3o liderada por Arthur Lira (PP). J\u00e1 no Piau\u00ed, o governador Rafael Fonteles (PT) deve disputar a reelei\u00e7\u00e3o com uma base consolidada e acordos j\u00e1 firmados para a composi\u00e7\u00e3o ao Senado, o que reduz riscos de fragmenta\u00e7\u00e3o.<\/p>\n","protected":false},"excerpt":{"rendered":"<p>A pouco mais de seis meses das elei\u00e7\u00f5es, o presidente Lula (PT) enfrenta ainda um cen\u00e1rio complexo na montagem de palanques no Nordeste, regi\u00e3o decisiva para sua vit\u00f3ria em 2022. O principal obst\u00e1culo \u00e9 a fragmenta\u00e7\u00e3o da base aliada, que disputa protagonismo local, vagas ao Senado e o comando de chapas estaduais. Em ao menos &#8230; <a title=\"Disputa entre aliados complica montagem dos palanques de Lula no Nordeste\" class=\"read-more\" href=\"https:\/\/penoticias.com.br\/blog\/disputa-entre-aliados-complica-montagem-dos-palanques-de-lula-no-nordeste\/\" aria-label=\"Read more about Disputa entre aliados complica montagem dos palanques de Lula no Nordeste\">Ler mais<\/a><\/p>\n<div class='heateorSssClear'><\/div><div  class='heateor_sss_sharing_container heateor_sss_horizontal_sharing' data-heateor-sss-href='https:\/\/penoticias.com.br\/blog\/disputa-entre-aliados-complica-montagem-dos-palanques-de-lula-no-nordeste\/'><div class='heateor_sss_sharing_title' style=\"font-weight:bold\" ><\/div><div class=\"heateor_sss_sharing_ul\"><a aria-label=\"Facebook\" class=\"heateor_sss_facebook\" href=\"https:\/\/www.facebook.com\/sharer\/sharer.php?u=https%3A%2F%2Fpenoticias.com.br%2Fblog%2Fdisputa-entre-aliados-complica-montagem-dos-palanques-de-lula-no-nordeste%2F\" title=\"Facebook\" rel=\"nofollow noopener\" target=\"_blank\" style=\"font-size:32px!important;box-shadow:none;display:inline-block;vertical-align:middle\"><span class=\"heateor_sss_svg\" style=\"background-color:#0765FE;width:35px;height:35px;border-radius:999px;display:inline-block;opacity:1;float:left;font-size:32px;box-shadow:none;display:inline-block;font-size:16px;padding:0 4px;vertical-align:middle;background-repeat:repeat;overflow:hidden;padding:0;cursor:pointer;box-sizing:content-box\"><svg style=\"display:block;border-radius:999px;\" focusable=\"false\" aria-hidden=\"true\" xmlns=\"http:\/\/www.w3.org\/2000\/svg\" width=\"100%\" height=\"100%\" viewBox=\"0 0 32 32\"><path fill=\"#fff\" d=\"M28 16c0-6.627-5.373-12-12-12S4 9.373 4 16c0 5.628 3.875 10.35 9.101 11.647v-7.98h-2.474V16H13.1v-1.58c0-4.085 1.849-5.978 5.859-5.978.76 0 2.072.15 2.608.298v3.325c-.283-.03-.775-.045-1.386-.045-1.967 0-2.728.745-2.728 2.683V16h3.92l-.673 3.667h-3.247v8.245C23.395 27.195 28 22.135 28 16Z\"><\/path><\/svg><\/span><\/a><a aria-label=\"Twitter\" class=\"heateor_sss_button_twitter\" href=\"https:\/\/twitter.com\/intent\/tweet?text=Disputa%20entre%20aliados%20complica%20montagem%20dos%20palanques%20de%20Lula%20no%20Nordeste&url=https%3A%2F%2Fpenoticias.com.br%2Fblog%2Fdisputa-entre-aliados-complica-montagem-dos-palanques-de-lula-no-nordeste%2F\" title=\"Twitter\" rel=\"nofollow noopener\" target=\"_blank\" style=\"font-size:32px!important;box-shadow:none;display:inline-block;vertical-align:middle\"><span class=\"heateor_sss_svg heateor_sss_s__default heateor_sss_s_twitter\" style=\"background-color:#55acee;width:35px;height:35px;border-radius:999px;display:inline-block;opacity:1;float:left;font-size:32px;box-shadow:none;display:inline-block;font-size:16px;padding:0 4px;vertical-align:middle;background-repeat:repeat;overflow:hidden;padding:0;cursor:pointer;box-sizing:content-box\"><svg style=\"display:block;border-radius:999px;\" focusable=\"false\" aria-hidden=\"true\" xmlns=\"http:\/\/www.w3.org\/2000\/svg\" width=\"100%\" height=\"100%\" viewBox=\"-4 -4 39 39\"><path d=\"M28 8.557a9.913 9.913 0 0 1-2.828.775 4.93 4.93 0 0 0 2.166-2.725 9.738 9.738 0 0 1-3.13 1.194 4.92 4.92 0 0 0-3.593-1.55 4.924 4.924 0 0 0-4.794 6.049c-4.09-.21-7.72-2.17-10.15-5.15a4.942 4.942 0 0 0-.665 2.477c0 1.71.87 3.214 2.19 4.1a4.968 4.968 0 0 1-2.23-.616v.06c0 2.39 1.7 4.38 3.952 4.83-.414.115-.85.174-1.297.174-.318 0-.626-.03-.928-.086a4.935 4.935 0 0 0 4.6 3.42 9.893 9.893 0 0 1-6.114 2.107c-.398 0-.79-.023-1.175-.068a13.953 13.953 0 0 0 7.55 2.213c9.056 0 14.01-7.507 14.01-14.013 0-.213-.005-.426-.015-.637.96-.695 1.795-1.56 2.455-2.55z\" fill=\"#fff\"><\/path><\/svg><\/span><\/a><a aria-label=\"Whatsapp\" class=\"heateor_sss_whatsapp\" href=\"https:\/\/api.whatsapp.com\/send?text=Disputa%20entre%20aliados%20complica%20montagem%20dos%20palanques%20de%20Lula%20no%20Nordeste%20https%3A%2F%2Fpenoticias.com.br%2Fblog%2Fdisputa-entre-aliados-complica-montagem-dos-palanques-de-lula-no-nordeste%2F\" title=\"Whatsapp\" rel=\"nofollow noopener\" target=\"_blank\" style=\"font-size:32px!important;box-shadow:none;display:inline-block;vertical-align:middle\"><span class=\"heateor_sss_svg\" style=\"background-color:#55eb4c;width:35px;height:35px;border-radius:999px;display:inline-block;opacity:1;float:left;font-size:32px;box-shadow:none;display:inline-block;font-size:16px;padding:0 4px;vertical-align:middle;background-repeat:repeat;overflow:hidden;padding:0;cursor:pointer;box-sizing:content-box\"><svg style=\"display:block;border-radius:999px;\" focusable=\"false\" aria-hidden=\"true\" xmlns=\"http:\/\/www.w3.org\/2000\/svg\" width=\"100%\" height=\"100%\" viewBox=\"-6 -5 40 40\"><path class=\"heateor_sss_svg_stroke heateor_sss_no_fill\" stroke=\"#fff\" stroke-width=\"2\" fill=\"none\" d=\"M 11.579798566743314 24.396926207859085 A 10 10 0 1 0 6.808479557110079 20.73576436351046\"><\/path><path d=\"M 7 19 l -1 6 l 6 -1\" class=\"heateor_sss_no_fill heateor_sss_svg_stroke\" stroke=\"#fff\" stroke-width=\"2\" fill=\"none\"><\/path><path d=\"M 10 10 q -1 8 8 11 c 5 -1 0 -6 -1 -3 q -4 -3 -5 -5 c 4 -2 -1 -5 -1 -4\" fill=\"#fff\"><\/path><\/svg><\/span><\/a><a aria-label=\"Gmail\" class=\"heateor_sss_button_google_gmail\" href=\"https:\/\/mail.google.com\/mail\/?ui=2&view=cm&fs=1&tf=1&su=Disputa%20entre%20aliados%20complica%20montagem%20dos%20palanques%20de%20Lula%20no%20Nordeste&body=Link:https%3A%2F%2Fpenoticias.com.br%2Fblog%2Fdisputa-entre-aliados-complica-montagem-dos-palanques-de-lula-no-nordeste%2F\" title=\"Google Gmail\" rel=\"nofollow noopener\" target=\"_blank\" style=\"font-size:32px!important;box-shadow:none;display:inline-block;vertical-align:middle\"><span class=\"heateor_sss_svg heateor_sss_s__default heateor_sss_s_Google_Gmail\" style=\"background-color:#e5e5e5;width:35px;height:35px;border-radius:999px;display:inline-block;opacity:1;float:left;font-size:32px;box-shadow:none;display:inline-block;font-size:16px;padding:0 4px;vertical-align:middle;background-repeat:repeat;overflow:hidden;padding:0;cursor:pointer;box-sizing:content-box\"><svg style=\"display:block;border-radius:999px;\" focusable=\"false\" aria-hidden=\"true\" xmlns=\"http:\/\/www.w3.org\/2000\/svg\" width=\"100%\" height=\"100%\" viewBox=\"0 0 32 32\"><path fill=\"#fff\" d=\"M2.902 6.223h26.195v19.554H2.902z\"><\/path><path fill=\"#E14C41\" class=\"heateor_sss_no_fill\" d=\"M2.902 25.777h26.195V6.223H2.902v19.554zm22.44-4.007v3.806H6.955v-3.6h.032l.093-.034 6.9-5.558 2.09 1.77 1.854-1.63 7.42 5.246zm0-.672l-7.027-4.917 7.028-6.09V21.1zm-1.17-14.67l-.947.905c-2.356 2.284-4.693 4.75-7.17 6.876l-.078.06L8.062 6.39l16.11.033zm-10.597 9.61l-6.62 5.294.016-10.914 6.607 5.62\"><\/path><\/svg><\/span><\/a><a aria-label=\"Instagram\" class=\"heateor_sss_button_instagram\" href=\"https:\/\/www.instagram.com\/\" title=\"Instagram\" rel=\"nofollow noopener\" target=\"_blank\" style=\"font-size:32px!important;box-shadow:none;display:inline-block;vertical-align:middle\"><span class=\"heateor_sss_svg\" style=\"background-color:#53beee;width:35px;height:35px;border-radius:999px;display:inline-block;opacity:1;float:left;font-size:32px;box-shadow:none;display:inline-block;font-size:16px;padding:0 4px;vertical-align:middle;background-repeat:repeat;overflow:hidden;padding:0;cursor:pointer;box-sizing:content-box\"><svg style=\"display:block;border-radius:999px;\" version=\"1.1\" viewBox=\"-10 -10 148 148\" width=\"100%\" height=\"100%\" xml:space=\"preserve\" xmlns=\"http:\/\/www.w3.org\/2000\/svg\" xmlns:xlink=\"http:\/\/www.w3.org\/1999\/xlink\"><g><g><path d=\"M86,112H42c-14.336,0-26-11.663-26-26V42c0-14.337,11.664-26,26-26h44c14.337,0,26,11.663,26,26v44 C112,100.337,100.337,112,86,112z M42,24c-9.925,0-18,8.074-18,18v44c0,9.925,8.075,18,18,18h44c9.926,0,18-8.075,18-18V42 c0-9.926-8.074-18-18-18H42z\" fill=\"#fff\"><\/path><\/g><g><path d=\"M64,88c-13.234,0-24-10.767-24-24c0-13.234,10.766-24,24-24s24,10.766,24,24C88,77.233,77.234,88,64,88z M64,48c-8.822,0-16,7.178-16,16s7.178,16,16,16c8.822,0,16-7.178,16-16S72.822,48,64,48z\" fill=\"#fff\"><\/path><\/g><g><circle cx=\"89.5\" cy=\"38.5\" fill=\"#fff\" r=\"5.5\"><\/circle><\/g><\/g><\/svg><\/span><\/a><a aria-label=\"Print\" class=\"heateor_sss_button_print\" href=\"https:\/\/penoticias.com.br\/blog\/disputa-entre-aliados-complica-montagem-dos-palanques-de-lula-no-nordeste\/\" onclick=\"event.preventDefault();window.print()\" title=\"Print\" rel=\"noopener\" style=\"font-size:32px!important;box-shadow:none;display:inline-block;vertical-align:middle\"><span class=\"heateor_sss_svg heateor_sss_s__default heateor_sss_s_print\" style=\"background-color:#fd6500;width:35px;height:35px;border-radius:999px;display:inline-block;opacity:1;float:left;font-size:32px;box-shadow:none;display:inline-block;font-size:16px;padding:0 4px;vertical-align:middle;background-repeat:repeat;overflow:hidden;padding:0;cursor:pointer;box-sizing:content-box\"><svg style=\"display:block;border-radius:999px;\" focusable=\"false\" aria-hidden=\"true\" xmlns=\"http:\/\/www.w3.org\/2000\/svg\" width=\"100%\" height=\"100%\" viewBox=\"-2.8 -4.5 35 35\"><path stroke=\"#fff\" class=\"heateor_sss_svg_stroke\" d=\"M 7 10 h 2 v 3 h 12 v -3 h 2 v 7 h -2 v -3 h -12 v 3 h -2 z\" stroke-width=\"1\" fill=\"#fff\"><\/path><rect class=\"heateor_sss_no_fill heateor_sss_svg_stroke\" stroke=\"#fff\" stroke-width=\"1.8\" height=\"7\" width=\"10\" x=\"10\" y=\"5\" fill=\"none\"><\/rect><rect class=\"heateor_sss_svg_stroke\" stroke=\"#fff\" stroke-width=\"1\" height=\"5\" width=\"8\" x=\"11\" y=\"16\" fill=\"#fff\"><\/rect><\/svg><\/span><\/a><a class=\"heateor_sss_more\" aria-label=\"More\" title=\"More\" rel=\"nofollow noopener\" style=\"font-size: 32px!important;border:0;box-shadow:none;display:inline-block!important;font-size:16px;padding:0 4px;vertical-align: middle;display:inline;\" href=\"https:\/\/penoticias.com.br\/blog\/disputa-entre-aliados-complica-montagem-dos-palanques-de-lula-no-nordeste\/\" onclick=\"event.preventDefault()\"><span class=\"heateor_sss_svg\" style=\"background-color:#ee8e2d;width:35px;height:35px;border-radius:999px;display:inline-block!important;opacity:1;float:left;font-size:32px!important;box-shadow:none;display:inline-block;font-size:16px;padding:0 4px;vertical-align:middle;display:inline;background-repeat:repeat;overflow:hidden;padding:0;cursor:pointer;box-sizing:content-box;\" onclick=\"heateorSssMoreSharingPopup(this, 'https:\/\/penoticias.com.br\/blog\/disputa-entre-aliados-complica-montagem-dos-palanques-de-lula-no-nordeste\/', 'Disputa%20entre%20aliados%20complica%20montagem%20dos%20palanques%20de%20Lula%20no%20Nordeste', '' )\"><svg xmlns=\"http:\/\/www.w3.org\/2000\/svg\" xmlns:xlink=\"http:\/\/www.w3.org\/1999\/xlink\" viewBox=\"-.3 0 32 32\" version=\"1.1\" width=\"100%\" height=\"100%\" style=\"display:block;border-radius:999px;\" xml:space=\"preserve\"><g><path fill=\"#fff\" d=\"M18 14V8h-4v6H8v4h6v6h4v-6h6v-4h-6z\" fill-rule=\"evenodd\"><\/path><\/g><\/svg><\/span><\/a><\/div><div class=\"heateorSssClear\"><\/div><\/div><div class='heateorSssClear'><\/div>","protected":false},"author":2,"featured_media":0,"comment_status":"closed","ping_status":"closed","sticky":false,"template":"","format":"standard","meta":{"footnotes":""},"categories":[10],"tags":[],"class_list":["post-213429","post","type-post","status-publish","format-standard","hentry","category-politica"],"yoast_head":"<!-- This site is optimized with the Yoast SEO plugin v28.4 - https:\/\/yoast.com\/product\/yoast-seo-wordpress\/ -->\n<title>Disputa entre aliados complica montagem dos palanques de Lula no Nordeste - PE Not\u00edcias<\/title>\n<meta name=\"robots\" content=\"index, follow, max-snippet:-1, max-image-preview:large, max-video-preview:-1\" \/>\n<link rel=\"canonical\" href=\"https:\/\/penoticias.com.br\/blog\/disputa-entre-aliados-complica-montagem-dos-palanques-de-lula-no-nordeste\/\" \/>\n<meta property=\"og:locale\" content=\"pt_BR\" \/>\n<meta property=\"og:type\" content=\"article\" \/>\n<meta property=\"og:title\" content=\"Disputa entre aliados complica montagem dos palanques de Lula no Nordeste - PE Not\u00edcias\" \/>\n<meta property=\"og:description\" content=\"A pouco mais de seis meses das elei\u00e7\u00f5es, o presidente Lula (PT) enfrenta ainda um cen\u00e1rio complexo na montagem de palanques no Nordeste, regi\u00e3o decisiva para sua vit\u00f3ria em 2022. O principal obst\u00e1culo \u00e9 a fragmenta\u00e7\u00e3o da base aliada, que disputa protagonismo local, vagas ao Senado e o comando de chapas estaduais. Em ao menos ... Ler mais\" \/>\n<meta property=\"og:url\" content=\"https:\/\/penoticias.com.br\/blog\/disputa-entre-aliados-complica-montagem-dos-palanques-de-lula-no-nordeste\/\" \/>\n<meta property=\"og:site_name\" content=\"PE Not\u00edcias\" \/>\n<meta property=\"article:publisher\" content=\"pedrovicentearaujo@hotmail.com\" \/>\n<meta property=\"article:author\" content=\"pedrovicentearaujo@hotmail.com\" \/>\n<meta property=\"article:published_time\" content=\"2026-03-27T03:07:30+00:00\" \/>\n<meta property=\"og:image\" content=\"https:\/\/penoticias.com.br\/blog\/wp-content\/uploads\/2026\/03\/Lula-2.jpg\" \/>\n\t<meta property=\"og:image:width\" content=\"1000\" \/>\n\t<meta property=\"og:image:height\" content=\"667\" \/>\n\t<meta property=\"og:image:type\" content=\"image\/jpeg\" \/>\n<meta name=\"author\" content=\"Pedro Ara\u00fajo\" \/>\n<meta name=\"twitter:card\" content=\"summary_large_image\" \/>\n<meta name=\"twitter:creator\" content=\"@pedromuela\" \/>\n<meta name=\"twitter:site\" content=\"@pedromuela\" \/>\n<meta name=\"twitter:label1\" content=\"Escrito por\" \/>\n\t<meta name=\"twitter:data1\" content=\"Pedro Ara\u00fajo\" \/>\n\t<meta name=\"twitter:label2\" content=\"Est. tempo de leitura\" \/>\n\t<meta name=\"twitter:data2\" content=\"6 minutos\" \/>\n<script type=\"application\/ld+json\" class=\"yoast-schema-graph\">{\"@context\":\"https:\\\/\\\/schema.org\",\"@graph\":[{\"@type\":\"Article\",\"@id\":\"https:\\\/\\\/penoticias.com.br\\\/blog\\\/disputa-entre-aliados-complica-montagem-dos-palanques-de-lula-no-nordeste\\\/#article\",\"isPartOf\":{\"@id\":\"https:\\\/\\\/penoticias.com.br\\\/blog\\\/disputa-entre-aliados-complica-montagem-dos-palanques-de-lula-no-nordeste\\\/\"},\"author\":{\"name\":\"Pedro Ara\u00fajo\",\"@id\":\"https:\\\/\\\/penoticias.com.br\\\/blog\\\/#\\\/schema\\\/person\\\/13ea60669d2351f129ef3657907f1432\"},\"headline\":\"Disputa entre aliados complica montagem dos palanques de Lula no Nordeste\",\"datePublished\":\"2026-03-27T03:07:30+00:00\",\"mainEntityOfPage\":{\"@id\":\"https:\\\/\\\/penoticias.com.br\\\/blog\\\/disputa-entre-aliados-complica-montagem-dos-palanques-de-lula-no-nordeste\\\/\"},\"wordCount\":998,\"publisher\":{\"@id\":\"https:\\\/\\\/penoticias.com.br\\\/blog\\\/#\\\/schema\\\/person\\\/13ea60669d2351f129ef3657907f1432\"},\"image\":{\"@id\":\"https:\\\/\\\/penoticias.com.br\\\/blog\\\/disputa-entre-aliados-complica-montagem-dos-palanques-de-lula-no-nordeste\\\/#primaryimage\"},\"thumbnailUrl\":\"https:\\\/\\\/penoticias.com.br\\\/blog\\\/wp-content\\\/uploads\\\/2026\\\/03\\\/Lula-2.jpg\",\"articleSection\":[\"Pol\u00edtica\"],\"inLanguage\":\"pt-BR\"},{\"@type\":\"WebPage\",\"@id\":\"https:\\\/\\\/penoticias.com.br\\\/blog\\\/disputa-entre-aliados-complica-montagem-dos-palanques-de-lula-no-nordeste\\\/\",\"url\":\"https:\\\/\\\/penoticias.com.br\\\/blog\\\/disputa-entre-aliados-complica-montagem-dos-palanques-de-lula-no-nordeste\\\/\",\"name\":\"Disputa entre aliados complica montagem dos palanques de Lula no Nordeste - PE Not\u00edcias\",\"isPartOf\":{\"@id\":\"https:\\\/\\\/penoticias.com.br\\\/blog\\\/#website\"},\"primaryImageOfPage\":{\"@id\":\"https:\\\/\\\/penoticias.com.br\\\/blog\\\/disputa-entre-aliados-complica-montagem-dos-palanques-de-lula-no-nordeste\\\/#primaryimage\"},\"image\":{\"@id\":\"https:\\\/\\\/penoticias.com.br\\\/blog\\\/disputa-entre-aliados-complica-montagem-dos-palanques-de-lula-no-nordeste\\\/#primaryimage\"},\"thumbnailUrl\":\"https:\\\/\\\/penoticias.com.br\\\/blog\\\/wp-content\\\/uploads\\\/2026\\\/03\\\/Lula-2.jpg\",\"datePublished\":\"2026-03-27T03:07:30+00:00\",\"breadcrumb\":{\"@id\":\"https:\\\/\\\/penoticias.com.br\\\/blog\\\/disputa-entre-aliados-complica-montagem-dos-palanques-de-lula-no-nordeste\\\/#breadcrumb\"},\"inLanguage\":\"pt-BR\",\"potentialAction\":[{\"@type\":\"ReadAction\",\"target\":[\"https:\\\/\\\/penoticias.com.br\\\/blog\\\/disputa-entre-aliados-complica-montagem-dos-palanques-de-lula-no-nordeste\\\/\"]}]},{\"@type\":\"ImageObject\",\"inLanguage\":\"pt-BR\",\"@id\":\"https:\\\/\\\/penoticias.com.br\\\/blog\\\/disputa-entre-aliados-complica-montagem-dos-palanques-de-lula-no-nordeste\\\/#primaryimage\",\"url\":\"https:\\\/\\\/penoticias.com.br\\\/blog\\\/wp-content\\\/uploads\\\/2026\\\/03\\\/Lula-2.jpg\",\"contentUrl\":\"https:\\\/\\\/penoticias.com.br\\\/blog\\\/wp-content\\\/uploads\\\/2026\\\/03\\\/Lula-2.jpg\",\"width\":1000,\"height\":667},{\"@type\":\"BreadcrumbList\",\"@id\":\"https:\\\/\\\/penoticias.com.br\\\/blog\\\/disputa-entre-aliados-complica-montagem-dos-palanques-de-lula-no-nordeste\\\/#breadcrumb\",\"itemListElement\":[{\"@type\":\"ListItem\",\"position\":1,\"name\":\"In\u00edcio\",\"item\":\"https:\\\/\\\/penoticias.com.br\\\/blog\\\/\"},{\"@type\":\"ListItem\",\"position\":2,\"name\":\"Disputa entre aliados complica montagem dos palanques de Lula no Nordeste\"}]},{\"@type\":\"WebSite\",\"@id\":\"https:\\\/\\\/penoticias.com.br\\\/blog\\\/#website\",\"url\":\"https:\\\/\\\/penoticias.com.br\\\/blog\\\/\",\"name\":\"PE Not\u00edcias\",\"description\":\"Voc\u00ea no Mundo da Informa\u00e7\u00e3o.\",\"publisher\":{\"@id\":\"https:\\\/\\\/penoticias.com.br\\\/blog\\\/#\\\/schema\\\/person\\\/13ea60669d2351f129ef3657907f1432\"},\"potentialAction\":[{\"@type\":\"SearchAction\",\"target\":{\"@type\":\"EntryPoint\",\"urlTemplate\":\"https:\\\/\\\/penoticias.com.br\\\/blog\\\/?s={search_term_string}\"},\"query-input\":{\"@type\":\"PropertyValueSpecification\",\"valueRequired\":true,\"valueName\":\"search_term_string\"}}],\"inLanguage\":\"pt-BR\"},{\"@type\":[\"Person\",\"Organization\"],\"@id\":\"https:\\\/\\\/penoticias.com.br\\\/blog\\\/#\\\/schema\\\/person\\\/13ea60669d2351f129ef3657907f1432\",\"name\":\"Pedro Ara\u00fajo\",\"image\":{\"@type\":\"ImageObject\",\"inLanguage\":\"pt-BR\",\"@id\":\"https:\\\/\\\/secure.gravatar.com\\\/avatar\\\/d654258027afd7c928561b83494a45e3aff23d7ac7ce926d2bceac1ffe030175?s=96&d=mm&r=g\",\"url\":\"https:\\\/\\\/secure.gravatar.com\\\/avatar\\\/d654258027afd7c928561b83494a45e3aff23d7ac7ce926d2bceac1ffe030175?s=96&d=mm&r=g\",\"contentUrl\":\"https:\\\/\\\/secure.gravatar.com\\\/avatar\\\/d654258027afd7c928561b83494a45e3aff23d7ac7ce926d2bceac1ffe030175?s=96&d=mm&r=g\",\"caption\":\"Pedro Ara\u00fajo\"},\"logo\":{\"@id\":\"https:\\\/\\\/secure.gravatar.com\\\/avatar\\\/d654258027afd7c928561b83494a45e3aff23d7ac7ce926d2bceac1ffe030175?s=96&d=mm&r=g\"},\"description\":\"As informa\u00e7\u00f5es que traduzem as verdades dos fatos, sem ferir ou denegrir pessoas ou imagens. Como tamb\u00e9m, nunca procurando agradar aos maus feitores.\",\"sameAs\":[\"http:\\\/\\\/www.penoticias.com.br\",\"pedrovicentearaujo@hotmail.com\",\"@pedroafogados\",\"https:\\\/\\\/x.com\\\/pedromuela\",\"www.penoticias.com.br\"],\"url\":\"https:\\\/\\\/penoticias.com.br\\\/blog\\\/author\\\/pedro\\\/\"}]}<\/script>\n<!-- \/ Yoast SEO plugin. -->","yoast_head_json":{"title":"Disputa entre aliados complica montagem dos palanques de Lula no Nordeste - PE Not\u00edcias","robots":{"index":"index","follow":"follow","max-snippet":"max-snippet:-1","max-image-preview":"max-image-preview:large","max-video-preview":"max-video-preview:-1"},"canonical":"https:\/\/penoticias.com.br\/blog\/disputa-entre-aliados-complica-montagem-dos-palanques-de-lula-no-nordeste\/","og_locale":"pt_BR","og_type":"article","og_title":"Disputa entre aliados complica montagem dos palanques de Lula no Nordeste - PE Not\u00edcias","og_description":"A pouco mais de seis meses das elei\u00e7\u00f5es, o presidente Lula (PT) enfrenta ainda um cen\u00e1rio complexo na montagem de palanques no Nordeste, regi\u00e3o decisiva para sua vit\u00f3ria em 2022. O principal obst\u00e1culo \u00e9 a fragmenta\u00e7\u00e3o da base aliada, que disputa protagonismo local, vagas ao Senado e o comando de chapas estaduais. Em ao menos ... Ler mais","og_url":"https:\/\/penoticias.com.br\/blog\/disputa-entre-aliados-complica-montagem-dos-palanques-de-lula-no-nordeste\/","og_site_name":"PE Not\u00edcias","article_publisher":"pedrovicentearaujo@hotmail.com","article_author":"pedrovicentearaujo@hotmail.com","article_published_time":"2026-03-27T03:07:30+00:00","og_image":[{"width":1000,"height":667,"url":"https:\/\/penoticias.com.br\/blog\/wp-content\/uploads\/2026\/03\/Lula-2.jpg","type":"image\/jpeg"}],"author":"Pedro Ara\u00fajo","twitter_card":"summary_large_image","twitter_creator":"@pedromuela","twitter_site":"@pedromuela","twitter_misc":{"Escrito por":"Pedro Ara\u00fajo","Est. tempo de leitura":"6 minutos"},"schema":{"@context":"https:\/\/schema.org","@graph":[{"@type":"Article","@id":"https:\/\/penoticias.com.br\/blog\/disputa-entre-aliados-complica-montagem-dos-palanques-de-lula-no-nordeste\/#article","isPartOf":{"@id":"https:\/\/penoticias.com.br\/blog\/disputa-entre-aliados-complica-montagem-dos-palanques-de-lula-no-nordeste\/"},"author":{"name":"Pedro Ara\u00fajo","@id":"https:\/\/penoticias.com.br\/blog\/#\/schema\/person\/13ea60669d2351f129ef3657907f1432"},"headline":"Disputa entre aliados complica montagem dos palanques de Lula no Nordeste","datePublished":"2026-03-27T03:07:30+00:00","mainEntityOfPage":{"@id":"https:\/\/penoticias.com.br\/blog\/disputa-entre-aliados-complica-montagem-dos-palanques-de-lula-no-nordeste\/"},"wordCount":998,"publisher":{"@id":"https:\/\/penoticias.com.br\/blog\/#\/schema\/person\/13ea60669d2351f129ef3657907f1432"},"image":{"@id":"https:\/\/penoticias.com.br\/blog\/disputa-entre-aliados-complica-montagem-dos-palanques-de-lula-no-nordeste\/#primaryimage"},"thumbnailUrl":"https:\/\/penoticias.com.br\/blog\/wp-content\/uploads\/2026\/03\/Lula-2.jpg","articleSection":["Pol\u00edtica"],"inLanguage":"pt-BR"},{"@type":"WebPage","@id":"https:\/\/penoticias.com.br\/blog\/disputa-entre-aliados-complica-montagem-dos-palanques-de-lula-no-nordeste\/","url":"https:\/\/penoticias.com.br\/blog\/disputa-entre-aliados-complica-montagem-dos-palanques-de-lula-no-nordeste\/","name":"Disputa entre aliados complica montagem dos palanques de Lula no Nordeste - PE Not\u00edcias","isPartOf":{"@id":"https:\/\/penoticias.com.br\/blog\/#website"},"primaryImageOfPage":{"@id":"https:\/\/penoticias.com.br\/blog\/disputa-entre-aliados-complica-montagem-dos-palanques-de-lula-no-nordeste\/#primaryimage"},"image":{"@id":"https:\/\/penoticias.com.br\/blog\/disputa-entre-aliados-complica-montagem-dos-palanques-de-lula-no-nordeste\/#primaryimage"},"thumbnailUrl":"https:\/\/penoticias.com.br\/blog\/wp-content\/uploads\/2026\/03\/Lula-2.jpg","datePublished":"2026-03-27T03:07:30+00:00","breadcrumb":{"@id":"https:\/\/penoticias.com.br\/blog\/disputa-entre-aliados-complica-montagem-dos-palanques-de-lula-no-nordeste\/#breadcrumb"},"inLanguage":"pt-BR","potentialAction":[{"@type":"ReadAction","target":["https:\/\/penoticias.com.br\/blog\/disputa-entre-aliados-complica-montagem-dos-palanques-de-lula-no-nordeste\/"]}]},{"@type":"ImageObject","inLanguage":"pt-BR","@id":"https:\/\/penoticias.com.br\/blog\/disputa-entre-aliados-complica-montagem-dos-palanques-de-lula-no-nordeste\/#primaryimage","url":"https:\/\/penoticias.com.br\/blog\/wp-content\/uploads\/2026\/03\/Lula-2.jpg","contentUrl":"https:\/\/penoticias.com.br\/blog\/wp-content\/uploads\/2026\/03\/Lula-2.jpg","width":1000,"height":667},{"@type":"BreadcrumbList","@id":"https:\/\/penoticias.com.br\/blog\/disputa-entre-aliados-complica-montagem-dos-palanques-de-lula-no-nordeste\/#breadcrumb","itemListElement":[{"@type":"ListItem","position":1,"name":"In\u00edcio","item":"https:\/\/penoticias.com.br\/blog\/"},{"@type":"ListItem","position":2,"name":"Disputa entre aliados complica montagem dos palanques de Lula no Nordeste"}]},{"@type":"WebSite","@id":"https:\/\/penoticias.com.br\/blog\/#website","url":"https:\/\/penoticias.com.br\/blog\/","name":"PE Not\u00edcias","description":"Voc\u00ea no Mundo da Informa\u00e7\u00e3o.","publisher":{"@id":"https:\/\/penoticias.com.br\/blog\/#\/schema\/person\/13ea60669d2351f129ef3657907f1432"},"potentialAction":[{"@type":"SearchAction","target":{"@type":"EntryPoint","urlTemplate":"https:\/\/penoticias.com.br\/blog\/?s={search_term_string}"},"query-input":{"@type":"PropertyValueSpecification","valueRequired":true,"valueName":"search_term_string"}}],"inLanguage":"pt-BR"},{"@type":["Person","Organization"],"@id":"https:\/\/penoticias.com.br\/blog\/#\/schema\/person\/13ea60669d2351f129ef3657907f1432","name":"Pedro Ara\u00fajo","image":{"@type":"ImageObject","inLanguage":"pt-BR","@id":"https:\/\/secure.gravatar.com\/avatar\/d654258027afd7c928561b83494a45e3aff23d7ac7ce926d2bceac1ffe030175?s=96&d=mm&r=g","url":"https:\/\/secure.gravatar.com\/avatar\/d654258027afd7c928561b83494a45e3aff23d7ac7ce926d2bceac1ffe030175?s=96&d=mm&r=g","contentUrl":"https:\/\/secure.gravatar.com\/avatar\/d654258027afd7c928561b83494a45e3aff23d7ac7ce926d2bceac1ffe030175?s=96&d=mm&r=g","caption":"Pedro Ara\u00fajo"},"logo":{"@id":"https:\/\/secure.gravatar.com\/avatar\/d654258027afd7c928561b83494a45e3aff23d7ac7ce926d2bceac1ffe030175?s=96&d=mm&r=g"},"description":"As informa\u00e7\u00f5es que traduzem as verdades dos fatos, sem ferir ou denegrir pessoas ou imagens. Como tamb\u00e9m, nunca procurando agradar aos maus feitores.","sameAs":["http:\/\/www.penoticias.com.br","pedrovicentearaujo@hotmail.com","@pedroafogados","https:\/\/x.com\/pedromuela","www.penoticias.com.br"],"url":"https:\/\/penoticias.com.br\/blog\/author\/pedro\/"}]}},"_links":{"self":[{"href":"https:\/\/penoticias.com.br\/blog\/wp-json\/wp\/v2\/posts\/213429","targetHints":{"allow":["GET"]}}],"collection":[{"href":"https:\/\/penoticias.com.br\/blog\/wp-json\/wp\/v2\/posts"}],"about":[{"href":"https:\/\/penoticias.com.br\/blog\/wp-json\/wp\/v2\/types\/post"}],"author":[{"embeddable":true,"href":"https:\/\/penoticias.com.br\/blog\/wp-json\/wp\/v2\/users\/2"}],"replies":[{"embeddable":true,"href":"https:\/\/penoticias.com.br\/blog\/wp-json\/wp\/v2\/comments?post=213429"}],"version-history":[{"count":1,"href":"https:\/\/penoticias.com.br\/blog\/wp-json\/wp\/v2\/posts\/213429\/revisions"}],"predecessor-version":[{"id":213431,"href":"https:\/\/penoticias.com.br\/blog\/wp-json\/wp\/v2\/posts\/213429\/revisions\/213431"}],"wp:attachment":[{"href":"https:\/\/penoticias.com.br\/blog\/wp-json\/wp\/v2\/media?parent=213429"}],"wp:term":[{"taxonomy":"category","embeddable":true,"href":"https:\/\/penoticias.com.br\/blog\/wp-json\/wp\/v2\/categories?post=213429"},{"taxonomy":"post_tag","embeddable":true,"href":"https:\/\/penoticias.com.br\/blog\/wp-json\/wp\/v2\/tags?post=213429"}],"curies":[{"name":"wp","href":"https:\/\/api.w.org\/{rel}","templated":true}]}}