{"id":218203,"date":"2026-05-21T08:15:00","date_gmt":"2026-05-21T11:15:00","guid":{"rendered":"https:\/\/penoticias.com.br\/blog\/?p=218203"},"modified":"2026-05-20T15:14:57","modified_gmt":"2026-05-20T18:14:57","slug":"sicredi-esta-com-inscricoes-abertas-para-o-premio-sicredi-comunicacao-em-rede","status":"publish","type":"post","link":"https:\/\/penoticias.com.br\/blog\/sicredi-esta-com-inscricoes-abertas-para-o-premio-sicredi-comunicacao-em-rede\/","title":{"rendered":"Sicredi est\u00e1 com inscri\u00e7\u00f5es abertas para o Pr\u00eamio Sicredi Comunica\u00e7\u00e3o em Rede"},"content":{"rendered":"<p style=\"text-align: center;\"><img fetchpriority=\"high\" decoding=\"async\" class=\"alignnone wp-image-218204 \" src=\"https:\/\/penoticias.com.br\/blog\/wp-content\/uploads\/2026\/05\/a-28-1024x683.jpg\" alt=\"\" width=\"655\" height=\"437\" srcset=\"https:\/\/penoticias.com.br\/blog\/wp-content\/uploads\/2026\/05\/a-28-1024x683.jpg 1024w, https:\/\/penoticias.com.br\/blog\/wp-content\/uploads\/2026\/05\/a-28-300x200.jpg 300w, https:\/\/penoticias.com.br\/blog\/wp-content\/uploads\/2026\/05\/a-28-768x512.jpg 768w, https:\/\/penoticias.com.br\/blog\/wp-content\/uploads\/2026\/05\/a-28-1536x1024.jpg 1536w, https:\/\/penoticias.com.br\/blog\/wp-content\/uploads\/2026\/05\/a-28-2048x1365.jpg 2048w\" sizes=\"(max-width: 655px) 100vw, 655px\" \/><\/p>\n<p><span style=\"font-size: 8pt;\"><em>Da Assessoria<\/em><\/span><\/p>\n<p>Presente em todo territ\u00f3rio brasileiro, a institui\u00e7\u00e3o financeira de cooperativismo Sicredi anuncia a abertura das inscri\u00e7\u00f5es para a primeira edi\u00e7\u00e3o do Pr\u00eamio Sicredi Comunica\u00e7\u00e3o em Rede, voltado para jornalistas e criadores de conte\u00fado que publicarem materiais destinados \u00e0 tem\u00e1tica de cooperativismo de cr\u00e9dito no pa\u00eds. A premia\u00e7\u00e3o foi lan\u00e7ada durante o 10\u00ba Encontro Nacional com Jornalistas e Formadores de Opini\u00e3o do Sicredi, em Porto Alegre (RS). As inscri\u00e7\u00f5es, que est\u00e3o abertas, s\u00e3o gratuitas e devem ser feitas at\u00e9 30 de junho de 2026, exclusivamente pelo site <span style=\"color: #ff0000;\"><a style=\"color: #ff0000;\" href=\"http:\/\/www.sicredi.com.br\/premio-comunicacao-em-rede\"><strong>www.sicredi.com.br\/premio-comunicacao-em-rede<\/strong><\/a><\/span><\/p>\n<p>O lan\u00e7amento do Pr\u00eamio visa fortalecer a produ\u00e7\u00e3o jornal\u00edstica de conte\u00fado qualificado sobre o tema e valorizar o impacto do cooperativismo de cr\u00e9dito na transforma\u00e7\u00e3o de realidades por meio da inclus\u00e3o financeira, e o desenvolvimento social e local e da coopera\u00e7\u00e3o entre pessoas. A a\u00e7\u00e3o desempenhada pela Sicredi est\u00e1 alinhada diretamente ao Ano Internacional das Cooperativas (2025), institu\u00eddo pela Organiza\u00e7\u00e3o das Na\u00e7\u00f5es Unidas (ONU).<\/p>\n<p>El\u00edsio Guerra, diretor executivo da Sicredi Recife, destaca o valor dessa experi\u00eancia para os profissionais de comunica\u00e7\u00e3o de Pernambuco. &#8220;O Pr\u00eamio \u00e9 uma oportunidade de engajamento entre jornalistas e produtores especializados locais e \u00e9 importante que todos participem, pois ao criarem conte\u00fados sobre cooperativismo, eles enriquecem o di\u00e1logo e ampliam a dissemina\u00e7\u00e3o de servi\u00e7os e iniciativas que impactam positivamente a vida de milhares de pessoas. \u00c9 tamb\u00e9m uma forma de reconhecer e agradecer a dedica\u00e7\u00e3o desses comunicadores\u201d, explica El\u00edsio.<\/p>\n<p>Com premia\u00e7\u00e3o total de R$220 mil, o concurso est\u00e1 dividido em duas categorias principais: jornalistas profissionais (com subcategorias em texto, \u00e1udio e audiovisual, nos \u00e2mbitos nacional, regional e local) e Comunicadores em Rede (criadores de conte\u00fado digital com projetos multim\u00eddia). No total, ser\u00e3o 11 pr\u00eamios de R$ 20 mil e os candidatos podem se inscrever em at\u00e9 3 categorias.<\/p>\n<p>&#8220;O Pr\u00eamio Sicredi Comunica\u00e7\u00e3o em Rede simboliza nossa cren\u00e7a no papel transformador do cooperativismo por meio da comunica\u00e7\u00e3o e no potencial do jornalismo em amplificar o conhecimento da sociedade sobre cooperativismo de cr\u00e9dito. Nossa inten\u00e7\u00e3o \u00e9 incentivar profissionais e criadores de conte\u00fado a contar hist\u00f3rias que inspiram, conscientizem e fortale\u00e7am nossa identidade cooperativa&#8221;, afirma Jo\u00e3o Clark, superintendente de Marketing e Growth do Sicredi.<\/p>\n<p><strong>Requisitos<\/strong><!--more--><\/p>\n<p>Podem se inscrever no Pr\u00eamio Sicredi Comunica\u00e7\u00e3o em Rede, jornalistas profissionais que sejam autores de mat\u00e9rias publicadas em ve\u00edculos da imprensa brasileira, em l\u00edngua portuguesa, at\u00e9 o dia 30 de junho de 2026. Ser\u00e3o aceitos conte\u00fados nos formatos texto, \u00e1udio e audiovisual, veiculados em meios impressos, digitais, r\u00e1dio ou televis\u00e3o.<\/p>\n<p>E, tamb\u00e9m, comunicadores em rede (criadores de conte\u00fado digital): autores de conte\u00fados originais sobre cooperativismo de cr\u00e9dito, publicados em blogs, m\u00eddias sociais, podcasts, servi\u00e7os de streaming ou outras plataformas digitais, desde que em l\u00edngua portuguesa, com link p\u00fablico. Como requisito, o participante deve possuir um m\u00ednimo de 5.000 seguidores em, pelo menos, um \u00fanico perfil de rede social.<\/p>\n<p>Todos os participantes devem ser pessoas f\u00edsicas, maiores de 18 anos, domiciliadas no Brasil, com cadastro regular no CPF. Os materiais inscritos ser\u00e3o avaliados a partir de crit\u00e9rios como: t\u00e9cnico (qualidade da produ\u00e7\u00e3o, apura\u00e7\u00e3o jornal\u00edstica, inova\u00e7\u00e3o); impacto (relev\u00e2ncia social, alcance, influ\u00eancia) e criatividade (originalidade, engajamento).<\/p>\n<p><strong>Como se inscrever<\/strong><\/p>\n<p>As inscri\u00e7\u00f5es devem ser feitas at\u00e9 30 de junho de 2026, exclusivamente pelo site <span style=\"color: #ff0000;\"><a style=\"color: #ff0000;\" href=\"http:\/\/www.sicredi.com.br\/premio-comunicacao-em-rede\"><strong>www.sicredi.com.br\/premio-comunicacao-em-rede<\/strong><\/a><\/span><\/p>\n<p><strong>Sobre o Sicredi<\/strong><\/p>\n<p>O Sicredi \u00e9 uma institui\u00e7\u00e3o financeira cooperativa comprometida com o crescimento de seus associados e com o desenvolvimento das regi\u00f5es onde atua. Possui um modelo de gest\u00e3o que valoriza a participa\u00e7\u00e3o dos mais de 9,5 milh\u00f5es de associados, que exercem o papel de donos do neg\u00f3cio. Com mais de 3 mil ag\u00eancias, o Sicredi est\u00e1 presente fisicamente em todos os estados brasileiros e no Distrito Federal, disponibilizando uma gama completa de solu\u00e7\u00f5es financeiras e n\u00e3o financeiras.<\/p>\n<p>A Sicredi Recife \u00e9 uma cooperativa financeira genuinamente pernambucana, fundada e dirigida por l\u00edderes locais comprometidos com o desenvolvimento econ\u00f4mico e social do estado. Com mais de 32 anos de atua\u00e7\u00e3o, a cooperativa se consolidou como uma refer\u00eancia em solu\u00e7\u00f5es financeiras, com ativos totais superior a R$ 1 bilh\u00e3o.<br \/>\nAtualmente, a Sicredi Recife conta com mais de 120 colaboradores e uma rede de 7 ag\u00eancias f\u00edsicas estrategicamente distribu\u00eddas nas cidades de Recife (Boa Viagem e Boa Vista), Olinda, Paulista, Goiana, Vit\u00f3ria de Santo Ant\u00e3o, al\u00e9m de uma Ag\u00eancia M\u00f3vel, ampliando o acesso ao cr\u00e9dito cooperativo e demais servi\u00e7os financeiros para pessoas f\u00edsicas e jur\u00eddicas.<\/p>\n","protected":false},"excerpt":{"rendered":"<p>Da Assessoria Presente em todo territ\u00f3rio brasileiro, a institui\u00e7\u00e3o financeira de cooperativismo Sicredi anuncia a abertura das inscri\u00e7\u00f5es para a primeira edi\u00e7\u00e3o do Pr\u00eamio Sicredi Comunica\u00e7\u00e3o em Rede, voltado para jornalistas e criadores de conte\u00fado que publicarem materiais destinados \u00e0 tem\u00e1tica de cooperativismo de cr\u00e9dito no pa\u00eds. A premia\u00e7\u00e3o foi lan\u00e7ada durante o 10\u00ba Encontro &#8230; <a title=\"Sicredi est\u00e1 com inscri\u00e7\u00f5es abertas para o Pr\u00eamio Sicredi Comunica\u00e7\u00e3o em Rede\" class=\"read-more\" href=\"https:\/\/penoticias.com.br\/blog\/sicredi-esta-com-inscricoes-abertas-para-o-premio-sicredi-comunicacao-em-rede\/\" aria-label=\"Read more about Sicredi est\u00e1 com inscri\u00e7\u00f5es abertas para o Pr\u00eamio Sicredi Comunica\u00e7\u00e3o em Rede\">Ler mais<\/a><\/p>\n<div class='heateorSssClear'><\/div><div  class='heateor_sss_sharing_container heateor_sss_horizontal_sharing' data-heateor-sss-href='https:\/\/penoticias.com.br\/blog\/sicredi-esta-com-inscricoes-abertas-para-o-premio-sicredi-comunicacao-em-rede\/'><div class='heateor_sss_sharing_title' style=\"font-weight:bold\" ><\/div><div class=\"heateor_sss_sharing_ul\"><a aria-label=\"Facebook\" class=\"heateor_sss_facebook\" href=\"https:\/\/www.facebook.com\/sharer\/sharer.php?u=https%3A%2F%2Fpenoticias.com.br%2Fblog%2Fsicredi-esta-com-inscricoes-abertas-para-o-premio-sicredi-comunicacao-em-rede%2F\" title=\"Facebook\" rel=\"nofollow noopener\" target=\"_blank\" style=\"font-size:32px!important;box-shadow:none;display:inline-block;vertical-align:middle\"><span class=\"heateor_sss_svg\" style=\"background-color:#0765FE;width:35px;height:35px;border-radius:999px;display:inline-block;opacity:1;float:left;font-size:32px;box-shadow:none;display:inline-block;font-size:16px;padding:0 4px;vertical-align:middle;background-repeat:repeat;overflow:hidden;padding:0;cursor:pointer;box-sizing:content-box\"><svg style=\"display:block;border-radius:999px;\" focusable=\"false\" aria-hidden=\"true\" xmlns=\"http:\/\/www.w3.org\/2000\/svg\" width=\"100%\" height=\"100%\" viewBox=\"0 0 32 32\"><path fill=\"#fff\" d=\"M28 16c0-6.627-5.373-12-12-12S4 9.373 4 16c0 5.628 3.875 10.35 9.101 11.647v-7.98h-2.474V16H13.1v-1.58c0-4.085 1.849-5.978 5.859-5.978.76 0 2.072.15 2.608.298v3.325c-.283-.03-.775-.045-1.386-.045-1.967 0-2.728.745-2.728 2.683V16h3.92l-.673 3.667h-3.247v8.245C23.395 27.195 28 22.135 28 16Z\"><\/path><\/svg><\/span><\/a><a aria-label=\"Twitter\" class=\"heateor_sss_button_twitter\" href=\"https:\/\/twitter.com\/intent\/tweet?text=Sicredi%20est%C3%A1%20com%20inscri%C3%A7%C3%B5es%20abertas%20para%20o%20Pr%C3%AAmio%20Sicredi%20Comunica%C3%A7%C3%A3o%20em%20Rede&url=https%3A%2F%2Fpenoticias.com.br%2Fblog%2Fsicredi-esta-com-inscricoes-abertas-para-o-premio-sicredi-comunicacao-em-rede%2F\" title=\"Twitter\" rel=\"nofollow noopener\" target=\"_blank\" style=\"font-size:32px!important;box-shadow:none;display:inline-block;vertical-align:middle\"><span class=\"heateor_sss_svg heateor_sss_s__default heateor_sss_s_twitter\" style=\"background-color:#55acee;width:35px;height:35px;border-radius:999px;display:inline-block;opacity:1;float:left;font-size:32px;box-shadow:none;display:inline-block;font-size:16px;padding:0 4px;vertical-align:middle;background-repeat:repeat;overflow:hidden;padding:0;cursor:pointer;box-sizing:content-box\"><svg style=\"display:block;border-radius:999px;\" focusable=\"false\" aria-hidden=\"true\" xmlns=\"http:\/\/www.w3.org\/2000\/svg\" width=\"100%\" height=\"100%\" viewBox=\"-4 -4 39 39\"><path d=\"M28 8.557a9.913 9.913 0 0 1-2.828.775 4.93 4.93 0 0 0 2.166-2.725 9.738 9.738 0 0 1-3.13 1.194 4.92 4.92 0 0 0-3.593-1.55 4.924 4.924 0 0 0-4.794 6.049c-4.09-.21-7.72-2.17-10.15-5.15a4.942 4.942 0 0 0-.665 2.477c0 1.71.87 3.214 2.19 4.1a4.968 4.968 0 0 1-2.23-.616v.06c0 2.39 1.7 4.38 3.952 4.83-.414.115-.85.174-1.297.174-.318 0-.626-.03-.928-.086a4.935 4.935 0 0 0 4.6 3.42 9.893 9.893 0 0 1-6.114 2.107c-.398 0-.79-.023-1.175-.068a13.953 13.953 0 0 0 7.55 2.213c9.056 0 14.01-7.507 14.01-14.013 0-.213-.005-.426-.015-.637.96-.695 1.795-1.56 2.455-2.55z\" fill=\"#fff\"><\/path><\/svg><\/span><\/a><a aria-label=\"Whatsapp\" class=\"heateor_sss_whatsapp\" href=\"https:\/\/api.whatsapp.com\/send?text=Sicredi%20est%C3%A1%20com%20inscri%C3%A7%C3%B5es%20abertas%20para%20o%20Pr%C3%AAmio%20Sicredi%20Comunica%C3%A7%C3%A3o%20em%20Rede%20https%3A%2F%2Fpenoticias.com.br%2Fblog%2Fsicredi-esta-com-inscricoes-abertas-para-o-premio-sicredi-comunicacao-em-rede%2F\" title=\"Whatsapp\" rel=\"nofollow noopener\" target=\"_blank\" style=\"font-size:32px!important;box-shadow:none;display:inline-block;vertical-align:middle\"><span class=\"heateor_sss_svg\" style=\"background-color:#55eb4c;width:35px;height:35px;border-radius:999px;display:inline-block;opacity:1;float:left;font-size:32px;box-shadow:none;display:inline-block;font-size:16px;padding:0 4px;vertical-align:middle;background-repeat:repeat;overflow:hidden;padding:0;cursor:pointer;box-sizing:content-box\"><svg style=\"display:block;border-radius:999px;\" focusable=\"false\" aria-hidden=\"true\" xmlns=\"http:\/\/www.w3.org\/2000\/svg\" width=\"100%\" height=\"100%\" viewBox=\"-6 -5 40 40\"><path class=\"heateor_sss_svg_stroke heateor_sss_no_fill\" stroke=\"#fff\" stroke-width=\"2\" fill=\"none\" d=\"M 11.579798566743314 24.396926207859085 A 10 10 0 1 0 6.808479557110079 20.73576436351046\"><\/path><path d=\"M 7 19 l -1 6 l 6 -1\" class=\"heateor_sss_no_fill heateor_sss_svg_stroke\" stroke=\"#fff\" stroke-width=\"2\" fill=\"none\"><\/path><path d=\"M 10 10 q -1 8 8 11 c 5 -1 0 -6 -1 -3 q -4 -3 -5 -5 c 4 -2 -1 -5 -1 -4\" fill=\"#fff\"><\/path><\/svg><\/span><\/a><a aria-label=\"Gmail\" class=\"heateor_sss_button_google_gmail\" href=\"https:\/\/mail.google.com\/mail\/?ui=2&view=cm&fs=1&tf=1&su=Sicredi%20est%C3%A1%20com%20inscri%C3%A7%C3%B5es%20abertas%20para%20o%20Pr%C3%AAmio%20Sicredi%20Comunica%C3%A7%C3%A3o%20em%20Rede&body=Link:https%3A%2F%2Fpenoticias.com.br%2Fblog%2Fsicredi-esta-com-inscricoes-abertas-para-o-premio-sicredi-comunicacao-em-rede%2F\" title=\"Google Gmail\" rel=\"nofollow noopener\" target=\"_blank\" style=\"font-size:32px!important;box-shadow:none;display:inline-block;vertical-align:middle\"><span class=\"heateor_sss_svg heateor_sss_s__default heateor_sss_s_Google_Gmail\" style=\"background-color:#e5e5e5;width:35px;height:35px;border-radius:999px;display:inline-block;opacity:1;float:left;font-size:32px;box-shadow:none;display:inline-block;font-size:16px;padding:0 4px;vertical-align:middle;background-repeat:repeat;overflow:hidden;padding:0;cursor:pointer;box-sizing:content-box\"><svg style=\"display:block;border-radius:999px;\" focusable=\"false\" aria-hidden=\"true\" xmlns=\"http:\/\/www.w3.org\/2000\/svg\" width=\"100%\" height=\"100%\" viewBox=\"0 0 32 32\"><path fill=\"#fff\" d=\"M2.902 6.223h26.195v19.554H2.902z\"><\/path><path fill=\"#E14C41\" class=\"heateor_sss_no_fill\" d=\"M2.902 25.777h26.195V6.223H2.902v19.554zm22.44-4.007v3.806H6.955v-3.6h.032l.093-.034 6.9-5.558 2.09 1.77 1.854-1.63 7.42 5.246zm0-.672l-7.027-4.917 7.028-6.09V21.1zm-1.17-14.67l-.947.905c-2.356 2.284-4.693 4.75-7.17 6.876l-.078.06L8.062 6.39l16.11.033zm-10.597 9.61l-6.62 5.294.016-10.914 6.607 5.62\"><\/path><\/svg><\/span><\/a><a aria-label=\"Instagram\" class=\"heateor_sss_button_instagram\" href=\"https:\/\/www.instagram.com\/\" title=\"Instagram\" rel=\"nofollow noopener\" target=\"_blank\" style=\"font-size:32px!important;box-shadow:none;display:inline-block;vertical-align:middle\"><span class=\"heateor_sss_svg\" style=\"background-color:#53beee;width:35px;height:35px;border-radius:999px;display:inline-block;opacity:1;float:left;font-size:32px;box-shadow:none;display:inline-block;font-size:16px;padding:0 4px;vertical-align:middle;background-repeat:repeat;overflow:hidden;padding:0;cursor:pointer;box-sizing:content-box\"><svg style=\"display:block;border-radius:999px;\" version=\"1.1\" viewBox=\"-10 -10 148 148\" width=\"100%\" height=\"100%\" xml:space=\"preserve\" xmlns=\"http:\/\/www.w3.org\/2000\/svg\" xmlns:xlink=\"http:\/\/www.w3.org\/1999\/xlink\"><g><g><path d=\"M86,112H42c-14.336,0-26-11.663-26-26V42c0-14.337,11.664-26,26-26h44c14.337,0,26,11.663,26,26v44 C112,100.337,100.337,112,86,112z M42,24c-9.925,0-18,8.074-18,18v44c0,9.925,8.075,18,18,18h44c9.926,0,18-8.075,18-18V42 c0-9.926-8.074-18-18-18H42z\" fill=\"#fff\"><\/path><\/g><g><path d=\"M64,88c-13.234,0-24-10.767-24-24c0-13.234,10.766-24,24-24s24,10.766,24,24C88,77.233,77.234,88,64,88z M64,48c-8.822,0-16,7.178-16,16s7.178,16,16,16c8.822,0,16-7.178,16-16S72.822,48,64,48z\" fill=\"#fff\"><\/path><\/g><g><circle cx=\"89.5\" cy=\"38.5\" fill=\"#fff\" r=\"5.5\"><\/circle><\/g><\/g><\/svg><\/span><\/a><a aria-label=\"Print\" class=\"heateor_sss_button_print\" href=\"https:\/\/penoticias.com.br\/blog\/sicredi-esta-com-inscricoes-abertas-para-o-premio-sicredi-comunicacao-em-rede\/\" onclick=\"event.preventDefault();window.print()\" title=\"Print\" rel=\"noopener\" style=\"font-size:32px!important;box-shadow:none;display:inline-block;vertical-align:middle\"><span class=\"heateor_sss_svg heateor_sss_s__default heateor_sss_s_print\" style=\"background-color:#fd6500;width:35px;height:35px;border-radius:999px;display:inline-block;opacity:1;float:left;font-size:32px;box-shadow:none;display:inline-block;font-size:16px;padding:0 4px;vertical-align:middle;background-repeat:repeat;overflow:hidden;padding:0;cursor:pointer;box-sizing:content-box\"><svg style=\"display:block;border-radius:999px;\" focusable=\"false\" aria-hidden=\"true\" xmlns=\"http:\/\/www.w3.org\/2000\/svg\" width=\"100%\" height=\"100%\" viewBox=\"-2.8 -4.5 35 35\"><path stroke=\"#fff\" class=\"heateor_sss_svg_stroke\" d=\"M 7 10 h 2 v 3 h 12 v -3 h 2 v 7 h -2 v -3 h -12 v 3 h -2 z\" stroke-width=\"1\" fill=\"#fff\"><\/path><rect class=\"heateor_sss_no_fill heateor_sss_svg_stroke\" stroke=\"#fff\" stroke-width=\"1.8\" height=\"7\" width=\"10\" x=\"10\" y=\"5\" fill=\"none\"><\/rect><rect class=\"heateor_sss_svg_stroke\" stroke=\"#fff\" stroke-width=\"1\" height=\"5\" width=\"8\" x=\"11\" y=\"16\" fill=\"#fff\"><\/rect><\/svg><\/span><\/a><a class=\"heateor_sss_more\" aria-label=\"More\" title=\"More\" rel=\"nofollow noopener\" style=\"font-size: 32px!important;border:0;box-shadow:none;display:inline-block!important;font-size:16px;padding:0 4px;vertical-align: middle;display:inline;\" href=\"https:\/\/penoticias.com.br\/blog\/sicredi-esta-com-inscricoes-abertas-para-o-premio-sicredi-comunicacao-em-rede\/\" onclick=\"event.preventDefault()\"><span class=\"heateor_sss_svg\" style=\"background-color:#ee8e2d;width:35px;height:35px;border-radius:999px;display:inline-block!important;opacity:1;float:left;font-size:32px!important;box-shadow:none;display:inline-block;font-size:16px;padding:0 4px;vertical-align:middle;display:inline;background-repeat:repeat;overflow:hidden;padding:0;cursor:pointer;box-sizing:content-box;\" onclick=\"heateorSssMoreSharingPopup(this, 'https:\/\/penoticias.com.br\/blog\/sicredi-esta-com-inscricoes-abertas-para-o-premio-sicredi-comunicacao-em-rede\/', 'Sicredi%20est%C3%A1%20com%20inscri%C3%A7%C3%B5es%20abertas%20para%20o%20Pr%C3%AAmio%20Sicredi%20Comunica%C3%A7%C3%A3o%20em%20Rede', '' )\"><svg xmlns=\"http:\/\/www.w3.org\/2000\/svg\" xmlns:xlink=\"http:\/\/www.w3.org\/1999\/xlink\" viewBox=\"-.3 0 32 32\" version=\"1.1\" width=\"100%\" height=\"100%\" style=\"display:block;border-radius:999px;\" xml:space=\"preserve\"><g><path fill=\"#fff\" d=\"M18 14V8h-4v6H8v4h6v6h4v-6h6v-4h-6z\" fill-rule=\"evenodd\"><\/path><\/g><\/svg><\/span><\/a><\/div><div class=\"heateorSssClear\"><\/div><\/div><div class='heateorSssClear'><\/div>","protected":false},"author":2,"featured_media":0,"comment_status":"closed","ping_status":"closed","sticky":false,"template":"","format":"standard","meta":{"footnotes":""},"categories":[58],"tags":[],"class_list":["post-218203","post","type-post","status-publish","format-standard","hentry","category-comunicacao"],"yoast_head":"<!-- This site is optimized with the Yoast SEO plugin v28.4 - https:\/\/yoast.com\/product\/yoast-seo-wordpress\/ -->\n<title>Sicredi est\u00e1 com inscri\u00e7\u00f5es abertas para o Pr\u00eamio Sicredi Comunica\u00e7\u00e3o em Rede - PE Not\u00edcias<\/title>\n<meta name=\"robots\" content=\"index, follow, max-snippet:-1, max-image-preview:large, max-video-preview:-1\" \/>\n<link rel=\"canonical\" href=\"https:\/\/penoticias.com.br\/blog\/sicredi-esta-com-inscricoes-abertas-para-o-premio-sicredi-comunicacao-em-rede\/\" \/>\n<meta property=\"og:locale\" content=\"pt_BR\" \/>\n<meta property=\"og:type\" content=\"article\" \/>\n<meta property=\"og:title\" content=\"Sicredi est\u00e1 com inscri\u00e7\u00f5es abertas para o Pr\u00eamio Sicredi Comunica\u00e7\u00e3o em Rede - PE Not\u00edcias\" \/>\n<meta property=\"og:description\" content=\"Da Assessoria Presente em todo territ\u00f3rio brasileiro, a institui\u00e7\u00e3o financeira de cooperativismo Sicredi anuncia a abertura das inscri\u00e7\u00f5es para a primeira edi\u00e7\u00e3o do Pr\u00eamio Sicredi Comunica\u00e7\u00e3o em Rede, voltado para jornalistas e criadores de conte\u00fado que publicarem materiais destinados \u00e0 tem\u00e1tica de cooperativismo de cr\u00e9dito no pa\u00eds. A premia\u00e7\u00e3o foi lan\u00e7ada durante o 10\u00ba Encontro ... Ler mais\" \/>\n<meta property=\"og:url\" content=\"https:\/\/penoticias.com.br\/blog\/sicredi-esta-com-inscricoes-abertas-para-o-premio-sicredi-comunicacao-em-rede\/\" \/>\n<meta property=\"og:site_name\" content=\"PE Not\u00edcias\" \/>\n<meta property=\"article:publisher\" content=\"pedrovicentearaujo@hotmail.com\" \/>\n<meta property=\"article:author\" content=\"pedrovicentearaujo@hotmail.com\" \/>\n<meta property=\"article:published_time\" content=\"2026-05-21T11:15:00+00:00\" \/>\n<meta property=\"og:image\" content=\"https:\/\/penoticias.com.br\/blog\/wp-content\/uploads\/2026\/05\/a-28-scaled.jpg\" \/>\n\t<meta property=\"og:image:width\" content=\"2560\" \/>\n\t<meta property=\"og:image:height\" content=\"1707\" \/>\n\t<meta property=\"og:image:type\" content=\"image\/jpeg\" \/>\n<meta name=\"author\" content=\"Pedro Ara\u00fajo\" \/>\n<meta name=\"twitter:card\" content=\"summary_large_image\" \/>\n<meta name=\"twitter:creator\" content=\"@pedromuela\" \/>\n<meta name=\"twitter:site\" content=\"@pedromuela\" \/>\n<meta name=\"twitter:label1\" content=\"Escrito por\" \/>\n\t<meta name=\"twitter:data1\" content=\"Pedro Ara\u00fajo\" \/>\n\t<meta name=\"twitter:label2\" content=\"Est. tempo de leitura\" \/>\n\t<meta name=\"twitter:data2\" content=\"5 minutos\" \/>\n<script type=\"application\/ld+json\" class=\"yoast-schema-graph\">{\"@context\":\"https:\\\/\\\/schema.org\",\"@graph\":[{\"@type\":\"Article\",\"@id\":\"https:\\\/\\\/penoticias.com.br\\\/blog\\\/sicredi-esta-com-inscricoes-abertas-para-o-premio-sicredi-comunicacao-em-rede\\\/#article\",\"isPartOf\":{\"@id\":\"https:\\\/\\\/penoticias.com.br\\\/blog\\\/sicredi-esta-com-inscricoes-abertas-para-o-premio-sicredi-comunicacao-em-rede\\\/\"},\"author\":{\"name\":\"Pedro Ara\u00fajo\",\"@id\":\"https:\\\/\\\/penoticias.com.br\\\/blog\\\/#\\\/schema\\\/person\\\/13ea60669d2351f129ef3657907f1432\"},\"headline\":\"Sicredi est\u00e1 com inscri\u00e7\u00f5es abertas para o Pr\u00eamio Sicredi Comunica\u00e7\u00e3o em Rede\",\"datePublished\":\"2026-05-21T11:15:00+00:00\",\"mainEntityOfPage\":{\"@id\":\"https:\\\/\\\/penoticias.com.br\\\/blog\\\/sicredi-esta-com-inscricoes-abertas-para-o-premio-sicredi-comunicacao-em-rede\\\/\"},\"wordCount\":817,\"publisher\":{\"@id\":\"https:\\\/\\\/penoticias.com.br\\\/blog\\\/#\\\/schema\\\/person\\\/13ea60669d2351f129ef3657907f1432\"},\"image\":{\"@id\":\"https:\\\/\\\/penoticias.com.br\\\/blog\\\/sicredi-esta-com-inscricoes-abertas-para-o-premio-sicredi-comunicacao-em-rede\\\/#primaryimage\"},\"thumbnailUrl\":\"https:\\\/\\\/penoticias.com.br\\\/blog\\\/wp-content\\\/uploads\\\/2026\\\/05\\\/a-28-1024x683.jpg\",\"articleSection\":[\"Comunica\u00e7\u00e3o\"],\"inLanguage\":\"pt-BR\"},{\"@type\":\"WebPage\",\"@id\":\"https:\\\/\\\/penoticias.com.br\\\/blog\\\/sicredi-esta-com-inscricoes-abertas-para-o-premio-sicredi-comunicacao-em-rede\\\/\",\"url\":\"https:\\\/\\\/penoticias.com.br\\\/blog\\\/sicredi-esta-com-inscricoes-abertas-para-o-premio-sicredi-comunicacao-em-rede\\\/\",\"name\":\"Sicredi est\u00e1 com inscri\u00e7\u00f5es abertas para o Pr\u00eamio Sicredi Comunica\u00e7\u00e3o em Rede - PE Not\u00edcias\",\"isPartOf\":{\"@id\":\"https:\\\/\\\/penoticias.com.br\\\/blog\\\/#website\"},\"primaryImageOfPage\":{\"@id\":\"https:\\\/\\\/penoticias.com.br\\\/blog\\\/sicredi-esta-com-inscricoes-abertas-para-o-premio-sicredi-comunicacao-em-rede\\\/#primaryimage\"},\"image\":{\"@id\":\"https:\\\/\\\/penoticias.com.br\\\/blog\\\/sicredi-esta-com-inscricoes-abertas-para-o-premio-sicredi-comunicacao-em-rede\\\/#primaryimage\"},\"thumbnailUrl\":\"https:\\\/\\\/penoticias.com.br\\\/blog\\\/wp-content\\\/uploads\\\/2026\\\/05\\\/a-28-1024x683.jpg\",\"datePublished\":\"2026-05-21T11:15:00+00:00\",\"breadcrumb\":{\"@id\":\"https:\\\/\\\/penoticias.com.br\\\/blog\\\/sicredi-esta-com-inscricoes-abertas-para-o-premio-sicredi-comunicacao-em-rede\\\/#breadcrumb\"},\"inLanguage\":\"pt-BR\",\"potentialAction\":[{\"@type\":\"ReadAction\",\"target\":[\"https:\\\/\\\/penoticias.com.br\\\/blog\\\/sicredi-esta-com-inscricoes-abertas-para-o-premio-sicredi-comunicacao-em-rede\\\/\"]}]},{\"@type\":\"ImageObject\",\"inLanguage\":\"pt-BR\",\"@id\":\"https:\\\/\\\/penoticias.com.br\\\/blog\\\/sicredi-esta-com-inscricoes-abertas-para-o-premio-sicredi-comunicacao-em-rede\\\/#primaryimage\",\"url\":\"https:\\\/\\\/penoticias.com.br\\\/blog\\\/wp-content\\\/uploads\\\/2026\\\/05\\\/a-28-scaled.jpg\",\"contentUrl\":\"https:\\\/\\\/penoticias.com.br\\\/blog\\\/wp-content\\\/uploads\\\/2026\\\/05\\\/a-28-scaled.jpg\",\"width\":2560,\"height\":1707},{\"@type\":\"BreadcrumbList\",\"@id\":\"https:\\\/\\\/penoticias.com.br\\\/blog\\\/sicredi-esta-com-inscricoes-abertas-para-o-premio-sicredi-comunicacao-em-rede\\\/#breadcrumb\",\"itemListElement\":[{\"@type\":\"ListItem\",\"position\":1,\"name\":\"In\u00edcio\",\"item\":\"https:\\\/\\\/penoticias.com.br\\\/blog\\\/\"},{\"@type\":\"ListItem\",\"position\":2,\"name\":\"Sicredi est\u00e1 com inscri\u00e7\u00f5es abertas para o Pr\u00eamio Sicredi Comunica\u00e7\u00e3o em Rede\"}]},{\"@type\":\"WebSite\",\"@id\":\"https:\\\/\\\/penoticias.com.br\\\/blog\\\/#website\",\"url\":\"https:\\\/\\\/penoticias.com.br\\\/blog\\\/\",\"name\":\"PE Not\u00edcias\",\"description\":\"Voc\u00ea no Mundo da Informa\u00e7\u00e3o.\",\"publisher\":{\"@id\":\"https:\\\/\\\/penoticias.com.br\\\/blog\\\/#\\\/schema\\\/person\\\/13ea60669d2351f129ef3657907f1432\"},\"potentialAction\":[{\"@type\":\"SearchAction\",\"target\":{\"@type\":\"EntryPoint\",\"urlTemplate\":\"https:\\\/\\\/penoticias.com.br\\\/blog\\\/?s={search_term_string}\"},\"query-input\":{\"@type\":\"PropertyValueSpecification\",\"valueRequired\":true,\"valueName\":\"search_term_string\"}}],\"inLanguage\":\"pt-BR\"},{\"@type\":[\"Person\",\"Organization\"],\"@id\":\"https:\\\/\\\/penoticias.com.br\\\/blog\\\/#\\\/schema\\\/person\\\/13ea60669d2351f129ef3657907f1432\",\"name\":\"Pedro Ara\u00fajo\",\"image\":{\"@type\":\"ImageObject\",\"inLanguage\":\"pt-BR\",\"@id\":\"https:\\\/\\\/secure.gravatar.com\\\/avatar\\\/d654258027afd7c928561b83494a45e3aff23d7ac7ce926d2bceac1ffe030175?s=96&d=mm&r=g\",\"url\":\"https:\\\/\\\/secure.gravatar.com\\\/avatar\\\/d654258027afd7c928561b83494a45e3aff23d7ac7ce926d2bceac1ffe030175?s=96&d=mm&r=g\",\"contentUrl\":\"https:\\\/\\\/secure.gravatar.com\\\/avatar\\\/d654258027afd7c928561b83494a45e3aff23d7ac7ce926d2bceac1ffe030175?s=96&d=mm&r=g\",\"caption\":\"Pedro Ara\u00fajo\"},\"logo\":{\"@id\":\"https:\\\/\\\/secure.gravatar.com\\\/avatar\\\/d654258027afd7c928561b83494a45e3aff23d7ac7ce926d2bceac1ffe030175?s=96&d=mm&r=g\"},\"description\":\"As informa\u00e7\u00f5es que traduzem as verdades dos fatos, sem ferir ou denegrir pessoas ou imagens. Como tamb\u00e9m, nunca procurando agradar aos maus feitores.\",\"sameAs\":[\"http:\\\/\\\/www.penoticias.com.br\",\"pedrovicentearaujo@hotmail.com\",\"@pedroafogados\",\"https:\\\/\\\/x.com\\\/pedromuela\",\"www.penoticias.com.br\"],\"url\":\"https:\\\/\\\/penoticias.com.br\\\/blog\\\/author\\\/pedro\\\/\"}]}<\/script>\n<!-- \/ Yoast SEO plugin. -->","yoast_head_json":{"title":"Sicredi est\u00e1 com inscri\u00e7\u00f5es abertas para o Pr\u00eamio Sicredi Comunica\u00e7\u00e3o em Rede - PE Not\u00edcias","robots":{"index":"index","follow":"follow","max-snippet":"max-snippet:-1","max-image-preview":"max-image-preview:large","max-video-preview":"max-video-preview:-1"},"canonical":"https:\/\/penoticias.com.br\/blog\/sicredi-esta-com-inscricoes-abertas-para-o-premio-sicredi-comunicacao-em-rede\/","og_locale":"pt_BR","og_type":"article","og_title":"Sicredi est\u00e1 com inscri\u00e7\u00f5es abertas para o Pr\u00eamio Sicredi Comunica\u00e7\u00e3o em Rede - PE Not\u00edcias","og_description":"Da Assessoria Presente em todo territ\u00f3rio brasileiro, a institui\u00e7\u00e3o financeira de cooperativismo Sicredi anuncia a abertura das inscri\u00e7\u00f5es para a primeira edi\u00e7\u00e3o do Pr\u00eamio Sicredi Comunica\u00e7\u00e3o em Rede, voltado para jornalistas e criadores de conte\u00fado que publicarem materiais destinados \u00e0 tem\u00e1tica de cooperativismo de cr\u00e9dito no pa\u00eds. A premia\u00e7\u00e3o foi lan\u00e7ada durante o 10\u00ba Encontro ... Ler mais","og_url":"https:\/\/penoticias.com.br\/blog\/sicredi-esta-com-inscricoes-abertas-para-o-premio-sicredi-comunicacao-em-rede\/","og_site_name":"PE Not\u00edcias","article_publisher":"pedrovicentearaujo@hotmail.com","article_author":"pedrovicentearaujo@hotmail.com","article_published_time":"2026-05-21T11:15:00+00:00","og_image":[{"width":2560,"height":1707,"url":"https:\/\/penoticias.com.br\/blog\/wp-content\/uploads\/2026\/05\/a-28-scaled.jpg","type":"image\/jpeg"}],"author":"Pedro Ara\u00fajo","twitter_card":"summary_large_image","twitter_creator":"@pedromuela","twitter_site":"@pedromuela","twitter_misc":{"Escrito por":"Pedro Ara\u00fajo","Est. tempo de leitura":"5 minutos"},"schema":{"@context":"https:\/\/schema.org","@graph":[{"@type":"Article","@id":"https:\/\/penoticias.com.br\/blog\/sicredi-esta-com-inscricoes-abertas-para-o-premio-sicredi-comunicacao-em-rede\/#article","isPartOf":{"@id":"https:\/\/penoticias.com.br\/blog\/sicredi-esta-com-inscricoes-abertas-para-o-premio-sicredi-comunicacao-em-rede\/"},"author":{"name":"Pedro Ara\u00fajo","@id":"https:\/\/penoticias.com.br\/blog\/#\/schema\/person\/13ea60669d2351f129ef3657907f1432"},"headline":"Sicredi est\u00e1 com inscri\u00e7\u00f5es abertas para o Pr\u00eamio Sicredi Comunica\u00e7\u00e3o em Rede","datePublished":"2026-05-21T11:15:00+00:00","mainEntityOfPage":{"@id":"https:\/\/penoticias.com.br\/blog\/sicredi-esta-com-inscricoes-abertas-para-o-premio-sicredi-comunicacao-em-rede\/"},"wordCount":817,"publisher":{"@id":"https:\/\/penoticias.com.br\/blog\/#\/schema\/person\/13ea60669d2351f129ef3657907f1432"},"image":{"@id":"https:\/\/penoticias.com.br\/blog\/sicredi-esta-com-inscricoes-abertas-para-o-premio-sicredi-comunicacao-em-rede\/#primaryimage"},"thumbnailUrl":"https:\/\/penoticias.com.br\/blog\/wp-content\/uploads\/2026\/05\/a-28-1024x683.jpg","articleSection":["Comunica\u00e7\u00e3o"],"inLanguage":"pt-BR"},{"@type":"WebPage","@id":"https:\/\/penoticias.com.br\/blog\/sicredi-esta-com-inscricoes-abertas-para-o-premio-sicredi-comunicacao-em-rede\/","url":"https:\/\/penoticias.com.br\/blog\/sicredi-esta-com-inscricoes-abertas-para-o-premio-sicredi-comunicacao-em-rede\/","name":"Sicredi est\u00e1 com inscri\u00e7\u00f5es abertas para o Pr\u00eamio Sicredi Comunica\u00e7\u00e3o em Rede - PE Not\u00edcias","isPartOf":{"@id":"https:\/\/penoticias.com.br\/blog\/#website"},"primaryImageOfPage":{"@id":"https:\/\/penoticias.com.br\/blog\/sicredi-esta-com-inscricoes-abertas-para-o-premio-sicredi-comunicacao-em-rede\/#primaryimage"},"image":{"@id":"https:\/\/penoticias.com.br\/blog\/sicredi-esta-com-inscricoes-abertas-para-o-premio-sicredi-comunicacao-em-rede\/#primaryimage"},"thumbnailUrl":"https:\/\/penoticias.com.br\/blog\/wp-content\/uploads\/2026\/05\/a-28-1024x683.jpg","datePublished":"2026-05-21T11:15:00+00:00","breadcrumb":{"@id":"https:\/\/penoticias.com.br\/blog\/sicredi-esta-com-inscricoes-abertas-para-o-premio-sicredi-comunicacao-em-rede\/#breadcrumb"},"inLanguage":"pt-BR","potentialAction":[{"@type":"ReadAction","target":["https:\/\/penoticias.com.br\/blog\/sicredi-esta-com-inscricoes-abertas-para-o-premio-sicredi-comunicacao-em-rede\/"]}]},{"@type":"ImageObject","inLanguage":"pt-BR","@id":"https:\/\/penoticias.com.br\/blog\/sicredi-esta-com-inscricoes-abertas-para-o-premio-sicredi-comunicacao-em-rede\/#primaryimage","url":"https:\/\/penoticias.com.br\/blog\/wp-content\/uploads\/2026\/05\/a-28-scaled.jpg","contentUrl":"https:\/\/penoticias.com.br\/blog\/wp-content\/uploads\/2026\/05\/a-28-scaled.jpg","width":2560,"height":1707},{"@type":"BreadcrumbList","@id":"https:\/\/penoticias.com.br\/blog\/sicredi-esta-com-inscricoes-abertas-para-o-premio-sicredi-comunicacao-em-rede\/#breadcrumb","itemListElement":[{"@type":"ListItem","position":1,"name":"In\u00edcio","item":"https:\/\/penoticias.com.br\/blog\/"},{"@type":"ListItem","position":2,"name":"Sicredi est\u00e1 com inscri\u00e7\u00f5es abertas para o Pr\u00eamio Sicredi Comunica\u00e7\u00e3o em Rede"}]},{"@type":"WebSite","@id":"https:\/\/penoticias.com.br\/blog\/#website","url":"https:\/\/penoticias.com.br\/blog\/","name":"PE Not\u00edcias","description":"Voc\u00ea no Mundo da Informa\u00e7\u00e3o.","publisher":{"@id":"https:\/\/penoticias.com.br\/blog\/#\/schema\/person\/13ea60669d2351f129ef3657907f1432"},"potentialAction":[{"@type":"SearchAction","target":{"@type":"EntryPoint","urlTemplate":"https:\/\/penoticias.com.br\/blog\/?s={search_term_string}"},"query-input":{"@type":"PropertyValueSpecification","valueRequired":true,"valueName":"search_term_string"}}],"inLanguage":"pt-BR"},{"@type":["Person","Organization"],"@id":"https:\/\/penoticias.com.br\/blog\/#\/schema\/person\/13ea60669d2351f129ef3657907f1432","name":"Pedro Ara\u00fajo","image":{"@type":"ImageObject","inLanguage":"pt-BR","@id":"https:\/\/secure.gravatar.com\/avatar\/d654258027afd7c928561b83494a45e3aff23d7ac7ce926d2bceac1ffe030175?s=96&d=mm&r=g","url":"https:\/\/secure.gravatar.com\/avatar\/d654258027afd7c928561b83494a45e3aff23d7ac7ce926d2bceac1ffe030175?s=96&d=mm&r=g","contentUrl":"https:\/\/secure.gravatar.com\/avatar\/d654258027afd7c928561b83494a45e3aff23d7ac7ce926d2bceac1ffe030175?s=96&d=mm&r=g","caption":"Pedro Ara\u00fajo"},"logo":{"@id":"https:\/\/secure.gravatar.com\/avatar\/d654258027afd7c928561b83494a45e3aff23d7ac7ce926d2bceac1ffe030175?s=96&d=mm&r=g"},"description":"As informa\u00e7\u00f5es que traduzem as verdades dos fatos, sem ferir ou denegrir pessoas ou imagens. Como tamb\u00e9m, nunca procurando agradar aos maus feitores.","sameAs":["http:\/\/www.penoticias.com.br","pedrovicentearaujo@hotmail.com","@pedroafogados","https:\/\/x.com\/pedromuela","www.penoticias.com.br"],"url":"https:\/\/penoticias.com.br\/blog\/author\/pedro\/"}]}},"_links":{"self":[{"href":"https:\/\/penoticias.com.br\/blog\/wp-json\/wp\/v2\/posts\/218203","targetHints":{"allow":["GET"]}}],"collection":[{"href":"https:\/\/penoticias.com.br\/blog\/wp-json\/wp\/v2\/posts"}],"about":[{"href":"https:\/\/penoticias.com.br\/blog\/wp-json\/wp\/v2\/types\/post"}],"author":[{"embeddable":true,"href":"https:\/\/penoticias.com.br\/blog\/wp-json\/wp\/v2\/users\/2"}],"replies":[{"embeddable":true,"href":"https:\/\/penoticias.com.br\/blog\/wp-json\/wp\/v2\/comments?post=218203"}],"version-history":[{"count":1,"href":"https:\/\/penoticias.com.br\/blog\/wp-json\/wp\/v2\/posts\/218203\/revisions"}],"predecessor-version":[{"id":218205,"href":"https:\/\/penoticias.com.br\/blog\/wp-json\/wp\/v2\/posts\/218203\/revisions\/218205"}],"wp:attachment":[{"href":"https:\/\/penoticias.com.br\/blog\/wp-json\/wp\/v2\/media?parent=218203"}],"wp:term":[{"taxonomy":"category","embeddable":true,"href":"https:\/\/penoticias.com.br\/blog\/wp-json\/wp\/v2\/categories?post=218203"},{"taxonomy":"post_tag","embeddable":true,"href":"https:\/\/penoticias.com.br\/blog\/wp-json\/wp\/v2\/tags?post=218203"}],"curies":[{"name":"wp","href":"https:\/\/api.w.org\/{rel}","templated":true}]}}