{"id":218232,"date":"2026-05-21T07:30:55","date_gmt":"2026-05-21T10:30:55","guid":{"rendered":"https:\/\/penoticias.com.br\/blog\/?p=218232"},"modified":"2026-05-20T22:09:18","modified_gmt":"2026-05-21T01:09:18","slug":"programa-de-formacao-para-gestores-governamentais-e-lancado-pela-secretaria-de-administracao-do-estado","status":"publish","type":"post","link":"https:\/\/penoticias.com.br\/blog\/programa-de-formacao-para-gestores-governamentais-e-lancado-pela-secretaria-de-administracao-do-estado\/","title":{"rendered":"Programa de Forma\u00e7\u00e3o para gestores governamentais \u00e9 lan\u00e7ado pela Secretaria de Administra\u00e7\u00e3o do Estado"},"content":{"rendered":"<p style=\"text-align: center;\"><img fetchpriority=\"high\" decoding=\"async\" class=\"alignnone wp-image-218233 \" src=\"https:\/\/penoticias.com.br\/blog\/wp-content\/uploads\/2026\/05\/a-12-1024x683.jpeg\" alt=\"\" width=\"642\" height=\"428\" srcset=\"https:\/\/penoticias.com.br\/blog\/wp-content\/uploads\/2026\/05\/a-12-1024x683.jpeg 1024w, https:\/\/penoticias.com.br\/blog\/wp-content\/uploads\/2026\/05\/a-12-300x200.jpeg 300w, https:\/\/penoticias.com.br\/blog\/wp-content\/uploads\/2026\/05\/a-12-768x512.jpeg 768w, https:\/\/penoticias.com.br\/blog\/wp-content\/uploads\/2026\/05\/a-12.jpeg 1280w\" sizes=\"(max-width: 642px) 100vw, 642px\" \/><\/p>\n<p><span style=\"font-size: 8pt;\"><em>Da Assessoria<\/em><\/span><\/p>\n<p>A Secretaria de Administra\u00e7\u00e3o do Estado (SAD) deu in\u00edcio, nesta quarta-feira (20), \u00e0 2\u00aa etapa do Concurso P\u00fablico Unificado de Pernambuco (CPU\/PE), inaugurando o Programa de Forma\u00e7\u00e3o que abrange todas as especialidades, \u00e1reas e qualifica\u00e7\u00f5es do cargo de Gestor Governamental (Ggov). A cerim\u00f4nia, realizada na Escola de Governo da Administra\u00e7\u00e3o P\u00fablica de Pernambuco (Egape), teve a presen\u00e7a de secret\u00e1rios de Estado, de servidores estaduais e dos candidatos aprovados no CPU-PE.<\/p>\n<p>&#8220;\u00c9 uma grande satisfa\u00e7\u00e3o receber voc\u00eas neste momento t\u00e3o importante. Depois de muito esfor\u00e7o, dedica\u00e7\u00e3o e supera\u00e7\u00e3o, voc\u00eas chegam em um momento que representa n\u00e3o apenas uma conquista pessoal, mas tamb\u00e9m um compromisso com o servi\u00e7o p\u00fablico e com a sociedade pernambucana. Cada um de voc\u00eas deve se orgulhar desse resultado, mas n\u00f3s, que participamos do processo de elabora\u00e7\u00e3o do CPU-PE, tamb\u00e9m temos muito orgulho de participar desse momento&#8221;, ressaltou a secret\u00e1ria executiva de Gest\u00e3o de Pessoas, Luciana Pires, que na ocasi\u00e3o representou a secret\u00e1ria de Administra\u00e7\u00e3o, Ana Mara\u00edza.<\/p>\n<p>O secret\u00e1rio da Fazenda, Fl\u00e1vio Mota, ressaltou a import\u00e2ncia do cargo de gestor governamental. &#8220;A carreira de Ggov n\u00e3o foi criada apenas para fun\u00e7\u00f5es administrativas ordin\u00e1rias. Ela nasceu para profissionalizar a gest\u00e3o p\u00fablica e qualificar ainda mais a tomada de decis\u00f5es e as pol\u00edticas de Estado&#8221;, enfatizou.<\/p>\n<p>O secret\u00e1rio de Planejamento, Gest\u00e3o e Desenvolvimento Regional, Fabr\u00edcio Marques, ressaltou a contribui\u00e7\u00e3o da SAD para a elabora\u00e7\u00e3o do CPU-PE. &#8220;Eu gostaria de homenagear nossa secret\u00e1ria de Administra\u00e7\u00e3o, Ana Mara\u00edza, que n\u00e3o p\u00f4de estar presente, pois hoje ela est\u00e1 no Consad, que \u00e9 o maior evento de gest\u00e3o p\u00fablica do pa\u00eds, e ela \u00e9 vice-presidente do \u00f3rg\u00e3o. Com toda a capacidade que Dra. Ana tem, ela liderou esse processo de estrutura\u00e7\u00e3o do Concurso P\u00fablico Unificado de Pernambuco, juntamente com todo o n\u00facleo de gest\u00e3o de governo&#8221;, destacou.<\/p>\n<p>Tamb\u00e9m presente na solenidade, o secret\u00e1rio da Controladoria-Geral do Estado de Pernambuco (SCGE-PE), Renato Cirne, comentou a nova etapa dos candidatos aprovados no certame. &#8220;Como eu passei por esse momento quando fui aprovado no concurso anterior, a sugest\u00e3o que eu dou para voc\u00eas \u00e9 a de se unirem. \u00c9 muito importante criar essas rela\u00e7\u00f5es porque elas perduram toda a vida profissional no servi\u00e7o p\u00fablico&#8221;, disse.<\/p>\n<p><strong>Candidatos<\/strong><!--more--><\/p>\n<p>Aprovado para o cargo de gestor governamental na especialidade controle interno, Diego Hygo Claudino da Silva destacou a satisfa\u00e7\u00e3o pelo resultado. &#8220;Sou formado em contabilidade, \u00e9 um prazer enorme trabalhar na Secretaria da Controladoria Geral do Estado, pois sou servidor p\u00fablico, mas n\u00e3o trabalho na minha \u00e1rea, ent\u00e3o isso era um projeto de vida. Sempre tive um vi\u00e9s de aperfei\u00e7oar os processos, ent\u00e3o acredito que na SCGE-PE terei uma satisfa\u00e7\u00e3o pessoal e profissional muito grande&#8221;, ressaltou.<\/p>\n<p>&#8220;Fui aprovada na etapa anterior do CPU-PE para o cargo de gestora governamental da \u00e1rea administrativa, para a Secretaria de Administra\u00e7\u00e3o. Espero conseguir ser aprovada no curso de forma\u00e7\u00e3o. Tenho grande expectativa de contribuir, por meio de meu servi\u00e7o p\u00fablico, para esse Estado que tanto amo, pois meu esposo \u00e9 pernambucano e meu filho nasceu aqui&#8221;, destacou Denisy Mura, representante do povo ind\u00edgena Mura, do Amazonas.<\/p>\n<p>Tamb\u00e9m participaram da solenidade a gerente de educa\u00e7\u00e3o profissional da Egape, Clarice Gimenes, e a coordenadora geral do curso de forma\u00e7\u00e3o de gestores governamentais, Tarcia Regina da Silva, que na ocasi\u00e3o representou o professor Pedro Falc\u00e3o, diretor do Instituto de Apoio \u00e0 Universidade de Pernambuco (IAUPE).<\/p>\n<p>As aulas do Programa de Forma\u00e7\u00e3o ser\u00e3o realizadas na Escola de Governo da Administra\u00e7\u00e3o P\u00fablica de Pernambuco (Egape), no per\u00edodo de 20 de maio a 16 de junho. As disciplinas abordadas no Programa de Forma\u00e7\u00e3o incluem Gest\u00e3o Estrat\u00e9gica e Inova\u00e7\u00e3o no Setor P\u00fablico Estadual, Sistema de Controle Interno: Aspectos Hist\u00f3ricos, Conceituais e Legais, al\u00e9m de outros assuntos.<\/p>\n","protected":false},"excerpt":{"rendered":"<p>Da Assessoria A Secretaria de Administra\u00e7\u00e3o do Estado (SAD) deu in\u00edcio, nesta quarta-feira (20), \u00e0 2\u00aa etapa do Concurso P\u00fablico Unificado de Pernambuco (CPU\/PE), inaugurando o Programa de Forma\u00e7\u00e3o que abrange todas as especialidades, \u00e1reas e qualifica\u00e7\u00f5es do cargo de Gestor Governamental (Ggov). A cerim\u00f4nia, realizada na Escola de Governo da Administra\u00e7\u00e3o P\u00fablica de Pernambuco &#8230; <a title=\"Programa de Forma\u00e7\u00e3o para gestores governamentais \u00e9 lan\u00e7ado pela Secretaria de Administra\u00e7\u00e3o do Estado\" class=\"read-more\" href=\"https:\/\/penoticias.com.br\/blog\/programa-de-formacao-para-gestores-governamentais-e-lancado-pela-secretaria-de-administracao-do-estado\/\" aria-label=\"Read more about Programa de Forma\u00e7\u00e3o para gestores governamentais \u00e9 lan\u00e7ado pela Secretaria de Administra\u00e7\u00e3o do Estado\">Ler mais<\/a><\/p>\n<div class='heateorSssClear'><\/div><div  class='heateor_sss_sharing_container heateor_sss_horizontal_sharing' data-heateor-sss-href='https:\/\/penoticias.com.br\/blog\/programa-de-formacao-para-gestores-governamentais-e-lancado-pela-secretaria-de-administracao-do-estado\/'><div class='heateor_sss_sharing_title' style=\"font-weight:bold\" ><\/div><div class=\"heateor_sss_sharing_ul\"><a aria-label=\"Facebook\" class=\"heateor_sss_facebook\" href=\"https:\/\/www.facebook.com\/sharer\/sharer.php?u=https%3A%2F%2Fpenoticias.com.br%2Fblog%2Fprograma-de-formacao-para-gestores-governamentais-e-lancado-pela-secretaria-de-administracao-do-estado%2F\" title=\"Facebook\" rel=\"nofollow noopener\" target=\"_blank\" style=\"font-size:32px!important;box-shadow:none;display:inline-block;vertical-align:middle\"><span class=\"heateor_sss_svg\" style=\"background-color:#0765FE;width:35px;height:35px;border-radius:999px;display:inline-block;opacity:1;float:left;font-size:32px;box-shadow:none;display:inline-block;font-size:16px;padding:0 4px;vertical-align:middle;background-repeat:repeat;overflow:hidden;padding:0;cursor:pointer;box-sizing:content-box\"><svg style=\"display:block;border-radius:999px;\" focusable=\"false\" aria-hidden=\"true\" xmlns=\"http:\/\/www.w3.org\/2000\/svg\" width=\"100%\" height=\"100%\" viewBox=\"0 0 32 32\"><path fill=\"#fff\" d=\"M28 16c0-6.627-5.373-12-12-12S4 9.373 4 16c0 5.628 3.875 10.35 9.101 11.647v-7.98h-2.474V16H13.1v-1.58c0-4.085 1.849-5.978 5.859-5.978.76 0 2.072.15 2.608.298v3.325c-.283-.03-.775-.045-1.386-.045-1.967 0-2.728.745-2.728 2.683V16h3.92l-.673 3.667h-3.247v8.245C23.395 27.195 28 22.135 28 16Z\"><\/path><\/svg><\/span><\/a><a aria-label=\"Twitter\" class=\"heateor_sss_button_twitter\" href=\"https:\/\/twitter.com\/intent\/tweet?text=Programa%20de%20Forma%C3%A7%C3%A3o%20para%20gestores%20governamentais%20%C3%A9%20lan%C3%A7ado%20pela%20Secretaria%20de%20Administra%C3%A7%C3%A3o%20do%20Estado&url=https%3A%2F%2Fpenoticias.com.br%2Fblog%2Fprograma-de-formacao-para-gestores-governamentais-e-lancado-pela-secretaria-de-administracao-do-estado%2F\" title=\"Twitter\" rel=\"nofollow noopener\" target=\"_blank\" style=\"font-size:32px!important;box-shadow:none;display:inline-block;vertical-align:middle\"><span class=\"heateor_sss_svg heateor_sss_s__default heateor_sss_s_twitter\" style=\"background-color:#55acee;width:35px;height:35px;border-radius:999px;display:inline-block;opacity:1;float:left;font-size:32px;box-shadow:none;display:inline-block;font-size:16px;padding:0 4px;vertical-align:middle;background-repeat:repeat;overflow:hidden;padding:0;cursor:pointer;box-sizing:content-box\"><svg style=\"display:block;border-radius:999px;\" focusable=\"false\" aria-hidden=\"true\" xmlns=\"http:\/\/www.w3.org\/2000\/svg\" width=\"100%\" height=\"100%\" viewBox=\"-4 -4 39 39\"><path d=\"M28 8.557a9.913 9.913 0 0 1-2.828.775 4.93 4.93 0 0 0 2.166-2.725 9.738 9.738 0 0 1-3.13 1.194 4.92 4.92 0 0 0-3.593-1.55 4.924 4.924 0 0 0-4.794 6.049c-4.09-.21-7.72-2.17-10.15-5.15a4.942 4.942 0 0 0-.665 2.477c0 1.71.87 3.214 2.19 4.1a4.968 4.968 0 0 1-2.23-.616v.06c0 2.39 1.7 4.38 3.952 4.83-.414.115-.85.174-1.297.174-.318 0-.626-.03-.928-.086a4.935 4.935 0 0 0 4.6 3.42 9.893 9.893 0 0 1-6.114 2.107c-.398 0-.79-.023-1.175-.068a13.953 13.953 0 0 0 7.55 2.213c9.056 0 14.01-7.507 14.01-14.013 0-.213-.005-.426-.015-.637.96-.695 1.795-1.56 2.455-2.55z\" fill=\"#fff\"><\/path><\/svg><\/span><\/a><a aria-label=\"Whatsapp\" class=\"heateor_sss_whatsapp\" href=\"https:\/\/api.whatsapp.com\/send?text=Programa%20de%20Forma%C3%A7%C3%A3o%20para%20gestores%20governamentais%20%C3%A9%20lan%C3%A7ado%20pela%20Secretaria%20de%20Administra%C3%A7%C3%A3o%20do%20Estado%20https%3A%2F%2Fpenoticias.com.br%2Fblog%2Fprograma-de-formacao-para-gestores-governamentais-e-lancado-pela-secretaria-de-administracao-do-estado%2F\" title=\"Whatsapp\" rel=\"nofollow noopener\" target=\"_blank\" style=\"font-size:32px!important;box-shadow:none;display:inline-block;vertical-align:middle\"><span class=\"heateor_sss_svg\" style=\"background-color:#55eb4c;width:35px;height:35px;border-radius:999px;display:inline-block;opacity:1;float:left;font-size:32px;box-shadow:none;display:inline-block;font-size:16px;padding:0 4px;vertical-align:middle;background-repeat:repeat;overflow:hidden;padding:0;cursor:pointer;box-sizing:content-box\"><svg style=\"display:block;border-radius:999px;\" focusable=\"false\" aria-hidden=\"true\" xmlns=\"http:\/\/www.w3.org\/2000\/svg\" width=\"100%\" height=\"100%\" viewBox=\"-6 -5 40 40\"><path class=\"heateor_sss_svg_stroke heateor_sss_no_fill\" stroke=\"#fff\" stroke-width=\"2\" fill=\"none\" d=\"M 11.579798566743314 24.396926207859085 A 10 10 0 1 0 6.808479557110079 20.73576436351046\"><\/path><path d=\"M 7 19 l -1 6 l 6 -1\" class=\"heateor_sss_no_fill heateor_sss_svg_stroke\" stroke=\"#fff\" stroke-width=\"2\" fill=\"none\"><\/path><path d=\"M 10 10 q -1 8 8 11 c 5 -1 0 -6 -1 -3 q -4 -3 -5 -5 c 4 -2 -1 -5 -1 -4\" fill=\"#fff\"><\/path><\/svg><\/span><\/a><a aria-label=\"Gmail\" class=\"heateor_sss_button_google_gmail\" href=\"https:\/\/mail.google.com\/mail\/?ui=2&view=cm&fs=1&tf=1&su=Programa%20de%20Forma%C3%A7%C3%A3o%20para%20gestores%20governamentais%20%C3%A9%20lan%C3%A7ado%20pela%20Secretaria%20de%20Administra%C3%A7%C3%A3o%20do%20Estado&body=Link:https%3A%2F%2Fpenoticias.com.br%2Fblog%2Fprograma-de-formacao-para-gestores-governamentais-e-lancado-pela-secretaria-de-administracao-do-estado%2F\" title=\"Google Gmail\" rel=\"nofollow noopener\" target=\"_blank\" style=\"font-size:32px!important;box-shadow:none;display:inline-block;vertical-align:middle\"><span class=\"heateor_sss_svg heateor_sss_s__default heateor_sss_s_Google_Gmail\" style=\"background-color:#e5e5e5;width:35px;height:35px;border-radius:999px;display:inline-block;opacity:1;float:left;font-size:32px;box-shadow:none;display:inline-block;font-size:16px;padding:0 4px;vertical-align:middle;background-repeat:repeat;overflow:hidden;padding:0;cursor:pointer;box-sizing:content-box\"><svg style=\"display:block;border-radius:999px;\" focusable=\"false\" aria-hidden=\"true\" xmlns=\"http:\/\/www.w3.org\/2000\/svg\" width=\"100%\" height=\"100%\" viewBox=\"0 0 32 32\"><path fill=\"#fff\" d=\"M2.902 6.223h26.195v19.554H2.902z\"><\/path><path fill=\"#E14C41\" class=\"heateor_sss_no_fill\" d=\"M2.902 25.777h26.195V6.223H2.902v19.554zm22.44-4.007v3.806H6.955v-3.6h.032l.093-.034 6.9-5.558 2.09 1.77 1.854-1.63 7.42 5.246zm0-.672l-7.027-4.917 7.028-6.09V21.1zm-1.17-14.67l-.947.905c-2.356 2.284-4.693 4.75-7.17 6.876l-.078.06L8.062 6.39l16.11.033zm-10.597 9.61l-6.62 5.294.016-10.914 6.607 5.62\"><\/path><\/svg><\/span><\/a><a aria-label=\"Instagram\" class=\"heateor_sss_button_instagram\" href=\"https:\/\/www.instagram.com\/\" title=\"Instagram\" rel=\"nofollow noopener\" target=\"_blank\" style=\"font-size:32px!important;box-shadow:none;display:inline-block;vertical-align:middle\"><span class=\"heateor_sss_svg\" style=\"background-color:#53beee;width:35px;height:35px;border-radius:999px;display:inline-block;opacity:1;float:left;font-size:32px;box-shadow:none;display:inline-block;font-size:16px;padding:0 4px;vertical-align:middle;background-repeat:repeat;overflow:hidden;padding:0;cursor:pointer;box-sizing:content-box\"><svg style=\"display:block;border-radius:999px;\" version=\"1.1\" viewBox=\"-10 -10 148 148\" width=\"100%\" height=\"100%\" xml:space=\"preserve\" xmlns=\"http:\/\/www.w3.org\/2000\/svg\" xmlns:xlink=\"http:\/\/www.w3.org\/1999\/xlink\"><g><g><path d=\"M86,112H42c-14.336,0-26-11.663-26-26V42c0-14.337,11.664-26,26-26h44c14.337,0,26,11.663,26,26v44 C112,100.337,100.337,112,86,112z M42,24c-9.925,0-18,8.074-18,18v44c0,9.925,8.075,18,18,18h44c9.926,0,18-8.075,18-18V42 c0-9.926-8.074-18-18-18H42z\" fill=\"#fff\"><\/path><\/g><g><path d=\"M64,88c-13.234,0-24-10.767-24-24c0-13.234,10.766-24,24-24s24,10.766,24,24C88,77.233,77.234,88,64,88z M64,48c-8.822,0-16,7.178-16,16s7.178,16,16,16c8.822,0,16-7.178,16-16S72.822,48,64,48z\" fill=\"#fff\"><\/path><\/g><g><circle cx=\"89.5\" cy=\"38.5\" fill=\"#fff\" r=\"5.5\"><\/circle><\/g><\/g><\/svg><\/span><\/a><a aria-label=\"Print\" class=\"heateor_sss_button_print\" href=\"https:\/\/penoticias.com.br\/blog\/programa-de-formacao-para-gestores-governamentais-e-lancado-pela-secretaria-de-administracao-do-estado\/\" onclick=\"event.preventDefault();window.print()\" title=\"Print\" rel=\"noopener\" style=\"font-size:32px!important;box-shadow:none;display:inline-block;vertical-align:middle\"><span class=\"heateor_sss_svg heateor_sss_s__default heateor_sss_s_print\" style=\"background-color:#fd6500;width:35px;height:35px;border-radius:999px;display:inline-block;opacity:1;float:left;font-size:32px;box-shadow:none;display:inline-block;font-size:16px;padding:0 4px;vertical-align:middle;background-repeat:repeat;overflow:hidden;padding:0;cursor:pointer;box-sizing:content-box\"><svg style=\"display:block;border-radius:999px;\" focusable=\"false\" aria-hidden=\"true\" xmlns=\"http:\/\/www.w3.org\/2000\/svg\" width=\"100%\" height=\"100%\" viewBox=\"-2.8 -4.5 35 35\"><path stroke=\"#fff\" class=\"heateor_sss_svg_stroke\" d=\"M 7 10 h 2 v 3 h 12 v -3 h 2 v 7 h -2 v -3 h -12 v 3 h -2 z\" stroke-width=\"1\" fill=\"#fff\"><\/path><rect class=\"heateor_sss_no_fill heateor_sss_svg_stroke\" stroke=\"#fff\" stroke-width=\"1.8\" height=\"7\" width=\"10\" x=\"10\" y=\"5\" fill=\"none\"><\/rect><rect class=\"heateor_sss_svg_stroke\" stroke=\"#fff\" stroke-width=\"1\" height=\"5\" width=\"8\" x=\"11\" y=\"16\" fill=\"#fff\"><\/rect><\/svg><\/span><\/a><a class=\"heateor_sss_more\" aria-label=\"More\" title=\"More\" rel=\"nofollow noopener\" style=\"font-size: 32px!important;border:0;box-shadow:none;display:inline-block!important;font-size:16px;padding:0 4px;vertical-align: middle;display:inline;\" href=\"https:\/\/penoticias.com.br\/blog\/programa-de-formacao-para-gestores-governamentais-e-lancado-pela-secretaria-de-administracao-do-estado\/\" onclick=\"event.preventDefault()\"><span class=\"heateor_sss_svg\" style=\"background-color:#ee8e2d;width:35px;height:35px;border-radius:999px;display:inline-block!important;opacity:1;float:left;font-size:32px!important;box-shadow:none;display:inline-block;font-size:16px;padding:0 4px;vertical-align:middle;display:inline;background-repeat:repeat;overflow:hidden;padding:0;cursor:pointer;box-sizing:content-box;\" onclick=\"heateorSssMoreSharingPopup(this, 'https:\/\/penoticias.com.br\/blog\/programa-de-formacao-para-gestores-governamentais-e-lancado-pela-secretaria-de-administracao-do-estado\/', 'Programa%20de%20Forma%C3%A7%C3%A3o%20para%20gestores%20governamentais%20%C3%A9%20lan%C3%A7ado%20pela%20Secretaria%20de%20Administra%C3%A7%C3%A3o%20do%20Estado', '' )\"><svg xmlns=\"http:\/\/www.w3.org\/2000\/svg\" xmlns:xlink=\"http:\/\/www.w3.org\/1999\/xlink\" viewBox=\"-.3 0 32 32\" version=\"1.1\" width=\"100%\" height=\"100%\" style=\"display:block;border-radius:999px;\" xml:space=\"preserve\"><g><path fill=\"#fff\" d=\"M18 14V8h-4v6H8v4h6v6h4v-6h6v-4h-6z\" fill-rule=\"evenodd\"><\/path><\/g><\/svg><\/span><\/a><\/div><div class=\"heateorSssClear\"><\/div><\/div><div class='heateorSssClear'><\/div>","protected":false},"author":2,"featured_media":0,"comment_status":"closed","ping_status":"closed","sticky":false,"template":"","format":"standard","meta":{"footnotes":""},"categories":[2],"tags":[],"class_list":["post-218232","post","type-post","status-publish","format-standard","hentry","category-uncategorised"],"yoast_head":"<!-- This site is optimized with the Yoast SEO plugin v28.4 - https:\/\/yoast.com\/product\/yoast-seo-wordpress\/ -->\n<title>Programa de Forma\u00e7\u00e3o para gestores governamentais \u00e9 lan\u00e7ado pela Secretaria de Administra\u00e7\u00e3o do Estado - PE Not\u00edcias<\/title>\n<meta name=\"robots\" content=\"index, follow, max-snippet:-1, max-image-preview:large, max-video-preview:-1\" \/>\n<link rel=\"canonical\" href=\"https:\/\/penoticias.com.br\/blog\/programa-de-formacao-para-gestores-governamentais-e-lancado-pela-secretaria-de-administracao-do-estado\/\" \/>\n<meta property=\"og:locale\" content=\"pt_BR\" \/>\n<meta property=\"og:type\" content=\"article\" \/>\n<meta property=\"og:title\" content=\"Programa de Forma\u00e7\u00e3o para gestores governamentais \u00e9 lan\u00e7ado pela Secretaria de Administra\u00e7\u00e3o do Estado - PE Not\u00edcias\" \/>\n<meta property=\"og:description\" content=\"Da Assessoria A Secretaria de Administra\u00e7\u00e3o do Estado (SAD) deu in\u00edcio, nesta quarta-feira (20), \u00e0 2\u00aa etapa do Concurso P\u00fablico Unificado de Pernambuco (CPU\/PE), inaugurando o Programa de Forma\u00e7\u00e3o que abrange todas as especialidades, \u00e1reas e qualifica\u00e7\u00f5es do cargo de Gestor Governamental (Ggov). A cerim\u00f4nia, realizada na Escola de Governo da Administra\u00e7\u00e3o P\u00fablica de Pernambuco ... Ler mais\" \/>\n<meta property=\"og:url\" content=\"https:\/\/penoticias.com.br\/blog\/programa-de-formacao-para-gestores-governamentais-e-lancado-pela-secretaria-de-administracao-do-estado\/\" \/>\n<meta property=\"og:site_name\" content=\"PE Not\u00edcias\" \/>\n<meta property=\"article:publisher\" content=\"pedrovicentearaujo@hotmail.com\" \/>\n<meta property=\"article:author\" content=\"pedrovicentearaujo@hotmail.com\" \/>\n<meta property=\"article:published_time\" content=\"2026-05-21T10:30:55+00:00\" \/>\n<meta property=\"og:image\" content=\"https:\/\/penoticias.com.br\/blog\/wp-content\/uploads\/2026\/05\/a-12.jpeg\" \/>\n\t<meta property=\"og:image:width\" content=\"1280\" \/>\n\t<meta property=\"og:image:height\" content=\"854\" \/>\n\t<meta property=\"og:image:type\" content=\"image\/jpeg\" \/>\n<meta name=\"author\" content=\"Pedro Ara\u00fajo\" \/>\n<meta name=\"twitter:card\" content=\"summary_large_image\" \/>\n<meta name=\"twitter:creator\" content=\"@pedromuela\" \/>\n<meta name=\"twitter:site\" content=\"@pedromuela\" \/>\n<meta name=\"twitter:label1\" content=\"Escrito por\" \/>\n\t<meta name=\"twitter:data1\" content=\"Pedro Ara\u00fajo\" \/>\n\t<meta name=\"twitter:label2\" content=\"Est. tempo de leitura\" \/>\n\t<meta name=\"twitter:data2\" content=\"4 minutos\" \/>\n<script type=\"application\/ld+json\" class=\"yoast-schema-graph\">{\"@context\":\"https:\\\/\\\/schema.org\",\"@graph\":[{\"@type\":\"Article\",\"@id\":\"https:\\\/\\\/penoticias.com.br\\\/blog\\\/programa-de-formacao-para-gestores-governamentais-e-lancado-pela-secretaria-de-administracao-do-estado\\\/#article\",\"isPartOf\":{\"@id\":\"https:\\\/\\\/penoticias.com.br\\\/blog\\\/programa-de-formacao-para-gestores-governamentais-e-lancado-pela-secretaria-de-administracao-do-estado\\\/\"},\"author\":{\"name\":\"Pedro Ara\u00fajo\",\"@id\":\"https:\\\/\\\/penoticias.com.br\\\/blog\\\/#\\\/schema\\\/person\\\/13ea60669d2351f129ef3657907f1432\"},\"headline\":\"Programa de Forma\u00e7\u00e3o para gestores governamentais \u00e9 lan\u00e7ado pela Secretaria de Administra\u00e7\u00e3o do Estado\",\"datePublished\":\"2026-05-21T10:30:55+00:00\",\"mainEntityOfPage\":{\"@id\":\"https:\\\/\\\/penoticias.com.br\\\/blog\\\/programa-de-formacao-para-gestores-governamentais-e-lancado-pela-secretaria-de-administracao-do-estado\\\/\"},\"wordCount\":706,\"publisher\":{\"@id\":\"https:\\\/\\\/penoticias.com.br\\\/blog\\\/#\\\/schema\\\/person\\\/13ea60669d2351f129ef3657907f1432\"},\"image\":{\"@id\":\"https:\\\/\\\/penoticias.com.br\\\/blog\\\/programa-de-formacao-para-gestores-governamentais-e-lancado-pela-secretaria-de-administracao-do-estado\\\/#primaryimage\"},\"thumbnailUrl\":\"https:\\\/\\\/penoticias.com.br\\\/blog\\\/wp-content\\\/uploads\\\/2026\\\/05\\\/a-12-1024x683.jpeg\",\"articleSection\":[\"Geral\"],\"inLanguage\":\"pt-BR\"},{\"@type\":\"WebPage\",\"@id\":\"https:\\\/\\\/penoticias.com.br\\\/blog\\\/programa-de-formacao-para-gestores-governamentais-e-lancado-pela-secretaria-de-administracao-do-estado\\\/\",\"url\":\"https:\\\/\\\/penoticias.com.br\\\/blog\\\/programa-de-formacao-para-gestores-governamentais-e-lancado-pela-secretaria-de-administracao-do-estado\\\/\",\"name\":\"Programa de Forma\u00e7\u00e3o para gestores governamentais \u00e9 lan\u00e7ado pela Secretaria de Administra\u00e7\u00e3o do Estado - PE Not\u00edcias\",\"isPartOf\":{\"@id\":\"https:\\\/\\\/penoticias.com.br\\\/blog\\\/#website\"},\"primaryImageOfPage\":{\"@id\":\"https:\\\/\\\/penoticias.com.br\\\/blog\\\/programa-de-formacao-para-gestores-governamentais-e-lancado-pela-secretaria-de-administracao-do-estado\\\/#primaryimage\"},\"image\":{\"@id\":\"https:\\\/\\\/penoticias.com.br\\\/blog\\\/programa-de-formacao-para-gestores-governamentais-e-lancado-pela-secretaria-de-administracao-do-estado\\\/#primaryimage\"},\"thumbnailUrl\":\"https:\\\/\\\/penoticias.com.br\\\/blog\\\/wp-content\\\/uploads\\\/2026\\\/05\\\/a-12-1024x683.jpeg\",\"datePublished\":\"2026-05-21T10:30:55+00:00\",\"breadcrumb\":{\"@id\":\"https:\\\/\\\/penoticias.com.br\\\/blog\\\/programa-de-formacao-para-gestores-governamentais-e-lancado-pela-secretaria-de-administracao-do-estado\\\/#breadcrumb\"},\"inLanguage\":\"pt-BR\",\"potentialAction\":[{\"@type\":\"ReadAction\",\"target\":[\"https:\\\/\\\/penoticias.com.br\\\/blog\\\/programa-de-formacao-para-gestores-governamentais-e-lancado-pela-secretaria-de-administracao-do-estado\\\/\"]}]},{\"@type\":\"ImageObject\",\"inLanguage\":\"pt-BR\",\"@id\":\"https:\\\/\\\/penoticias.com.br\\\/blog\\\/programa-de-formacao-para-gestores-governamentais-e-lancado-pela-secretaria-de-administracao-do-estado\\\/#primaryimage\",\"url\":\"https:\\\/\\\/penoticias.com.br\\\/blog\\\/wp-content\\\/uploads\\\/2026\\\/05\\\/a-12.jpeg\",\"contentUrl\":\"https:\\\/\\\/penoticias.com.br\\\/blog\\\/wp-content\\\/uploads\\\/2026\\\/05\\\/a-12.jpeg\",\"width\":1280,\"height\":854},{\"@type\":\"BreadcrumbList\",\"@id\":\"https:\\\/\\\/penoticias.com.br\\\/blog\\\/programa-de-formacao-para-gestores-governamentais-e-lancado-pela-secretaria-de-administracao-do-estado\\\/#breadcrumb\",\"itemListElement\":[{\"@type\":\"ListItem\",\"position\":1,\"name\":\"In\u00edcio\",\"item\":\"https:\\\/\\\/penoticias.com.br\\\/blog\\\/\"},{\"@type\":\"ListItem\",\"position\":2,\"name\":\"Programa de Forma\u00e7\u00e3o para gestores governamentais \u00e9 lan\u00e7ado pela Secretaria de Administra\u00e7\u00e3o do Estado\"}]},{\"@type\":\"WebSite\",\"@id\":\"https:\\\/\\\/penoticias.com.br\\\/blog\\\/#website\",\"url\":\"https:\\\/\\\/penoticias.com.br\\\/blog\\\/\",\"name\":\"PE Not\u00edcias\",\"description\":\"Voc\u00ea no Mundo da Informa\u00e7\u00e3o.\",\"publisher\":{\"@id\":\"https:\\\/\\\/penoticias.com.br\\\/blog\\\/#\\\/schema\\\/person\\\/13ea60669d2351f129ef3657907f1432\"},\"potentialAction\":[{\"@type\":\"SearchAction\",\"target\":{\"@type\":\"EntryPoint\",\"urlTemplate\":\"https:\\\/\\\/penoticias.com.br\\\/blog\\\/?s={search_term_string}\"},\"query-input\":{\"@type\":\"PropertyValueSpecification\",\"valueRequired\":true,\"valueName\":\"search_term_string\"}}],\"inLanguage\":\"pt-BR\"},{\"@type\":[\"Person\",\"Organization\"],\"@id\":\"https:\\\/\\\/penoticias.com.br\\\/blog\\\/#\\\/schema\\\/person\\\/13ea60669d2351f129ef3657907f1432\",\"name\":\"Pedro Ara\u00fajo\",\"image\":{\"@type\":\"ImageObject\",\"inLanguage\":\"pt-BR\",\"@id\":\"https:\\\/\\\/secure.gravatar.com\\\/avatar\\\/d654258027afd7c928561b83494a45e3aff23d7ac7ce926d2bceac1ffe030175?s=96&d=mm&r=g\",\"url\":\"https:\\\/\\\/secure.gravatar.com\\\/avatar\\\/d654258027afd7c928561b83494a45e3aff23d7ac7ce926d2bceac1ffe030175?s=96&d=mm&r=g\",\"contentUrl\":\"https:\\\/\\\/secure.gravatar.com\\\/avatar\\\/d654258027afd7c928561b83494a45e3aff23d7ac7ce926d2bceac1ffe030175?s=96&d=mm&r=g\",\"caption\":\"Pedro Ara\u00fajo\"},\"logo\":{\"@id\":\"https:\\\/\\\/secure.gravatar.com\\\/avatar\\\/d654258027afd7c928561b83494a45e3aff23d7ac7ce926d2bceac1ffe030175?s=96&d=mm&r=g\"},\"description\":\"As informa\u00e7\u00f5es que traduzem as verdades dos fatos, sem ferir ou denegrir pessoas ou imagens. Como tamb\u00e9m, nunca procurando agradar aos maus feitores.\",\"sameAs\":[\"http:\\\/\\\/www.penoticias.com.br\",\"pedrovicentearaujo@hotmail.com\",\"@pedroafogados\",\"https:\\\/\\\/x.com\\\/pedromuela\",\"www.penoticias.com.br\"],\"url\":\"https:\\\/\\\/penoticias.com.br\\\/blog\\\/author\\\/pedro\\\/\"}]}<\/script>\n<!-- \/ Yoast SEO plugin. -->","yoast_head_json":{"title":"Programa de Forma\u00e7\u00e3o para gestores governamentais \u00e9 lan\u00e7ado pela Secretaria de Administra\u00e7\u00e3o do Estado - PE Not\u00edcias","robots":{"index":"index","follow":"follow","max-snippet":"max-snippet:-1","max-image-preview":"max-image-preview:large","max-video-preview":"max-video-preview:-1"},"canonical":"https:\/\/penoticias.com.br\/blog\/programa-de-formacao-para-gestores-governamentais-e-lancado-pela-secretaria-de-administracao-do-estado\/","og_locale":"pt_BR","og_type":"article","og_title":"Programa de Forma\u00e7\u00e3o para gestores governamentais \u00e9 lan\u00e7ado pela Secretaria de Administra\u00e7\u00e3o do Estado - PE Not\u00edcias","og_description":"Da Assessoria A Secretaria de Administra\u00e7\u00e3o do Estado (SAD) deu in\u00edcio, nesta quarta-feira (20), \u00e0 2\u00aa etapa do Concurso P\u00fablico Unificado de Pernambuco (CPU\/PE), inaugurando o Programa de Forma\u00e7\u00e3o que abrange todas as especialidades, \u00e1reas e qualifica\u00e7\u00f5es do cargo de Gestor Governamental (Ggov). A cerim\u00f4nia, realizada na Escola de Governo da Administra\u00e7\u00e3o P\u00fablica de Pernambuco ... Ler mais","og_url":"https:\/\/penoticias.com.br\/blog\/programa-de-formacao-para-gestores-governamentais-e-lancado-pela-secretaria-de-administracao-do-estado\/","og_site_name":"PE Not\u00edcias","article_publisher":"pedrovicentearaujo@hotmail.com","article_author":"pedrovicentearaujo@hotmail.com","article_published_time":"2026-05-21T10:30:55+00:00","og_image":[{"width":1280,"height":854,"url":"https:\/\/penoticias.com.br\/blog\/wp-content\/uploads\/2026\/05\/a-12.jpeg","type":"image\/jpeg"}],"author":"Pedro Ara\u00fajo","twitter_card":"summary_large_image","twitter_creator":"@pedromuela","twitter_site":"@pedromuela","twitter_misc":{"Escrito por":"Pedro Ara\u00fajo","Est. tempo de leitura":"4 minutos"},"schema":{"@context":"https:\/\/schema.org","@graph":[{"@type":"Article","@id":"https:\/\/penoticias.com.br\/blog\/programa-de-formacao-para-gestores-governamentais-e-lancado-pela-secretaria-de-administracao-do-estado\/#article","isPartOf":{"@id":"https:\/\/penoticias.com.br\/blog\/programa-de-formacao-para-gestores-governamentais-e-lancado-pela-secretaria-de-administracao-do-estado\/"},"author":{"name":"Pedro Ara\u00fajo","@id":"https:\/\/penoticias.com.br\/blog\/#\/schema\/person\/13ea60669d2351f129ef3657907f1432"},"headline":"Programa de Forma\u00e7\u00e3o para gestores governamentais \u00e9 lan\u00e7ado pela Secretaria de Administra\u00e7\u00e3o do Estado","datePublished":"2026-05-21T10:30:55+00:00","mainEntityOfPage":{"@id":"https:\/\/penoticias.com.br\/blog\/programa-de-formacao-para-gestores-governamentais-e-lancado-pela-secretaria-de-administracao-do-estado\/"},"wordCount":706,"publisher":{"@id":"https:\/\/penoticias.com.br\/blog\/#\/schema\/person\/13ea60669d2351f129ef3657907f1432"},"image":{"@id":"https:\/\/penoticias.com.br\/blog\/programa-de-formacao-para-gestores-governamentais-e-lancado-pela-secretaria-de-administracao-do-estado\/#primaryimage"},"thumbnailUrl":"https:\/\/penoticias.com.br\/blog\/wp-content\/uploads\/2026\/05\/a-12-1024x683.jpeg","articleSection":["Geral"],"inLanguage":"pt-BR"},{"@type":"WebPage","@id":"https:\/\/penoticias.com.br\/blog\/programa-de-formacao-para-gestores-governamentais-e-lancado-pela-secretaria-de-administracao-do-estado\/","url":"https:\/\/penoticias.com.br\/blog\/programa-de-formacao-para-gestores-governamentais-e-lancado-pela-secretaria-de-administracao-do-estado\/","name":"Programa de Forma\u00e7\u00e3o para gestores governamentais \u00e9 lan\u00e7ado pela Secretaria de Administra\u00e7\u00e3o do Estado - PE Not\u00edcias","isPartOf":{"@id":"https:\/\/penoticias.com.br\/blog\/#website"},"primaryImageOfPage":{"@id":"https:\/\/penoticias.com.br\/blog\/programa-de-formacao-para-gestores-governamentais-e-lancado-pela-secretaria-de-administracao-do-estado\/#primaryimage"},"image":{"@id":"https:\/\/penoticias.com.br\/blog\/programa-de-formacao-para-gestores-governamentais-e-lancado-pela-secretaria-de-administracao-do-estado\/#primaryimage"},"thumbnailUrl":"https:\/\/penoticias.com.br\/blog\/wp-content\/uploads\/2026\/05\/a-12-1024x683.jpeg","datePublished":"2026-05-21T10:30:55+00:00","breadcrumb":{"@id":"https:\/\/penoticias.com.br\/blog\/programa-de-formacao-para-gestores-governamentais-e-lancado-pela-secretaria-de-administracao-do-estado\/#breadcrumb"},"inLanguage":"pt-BR","potentialAction":[{"@type":"ReadAction","target":["https:\/\/penoticias.com.br\/blog\/programa-de-formacao-para-gestores-governamentais-e-lancado-pela-secretaria-de-administracao-do-estado\/"]}]},{"@type":"ImageObject","inLanguage":"pt-BR","@id":"https:\/\/penoticias.com.br\/blog\/programa-de-formacao-para-gestores-governamentais-e-lancado-pela-secretaria-de-administracao-do-estado\/#primaryimage","url":"https:\/\/penoticias.com.br\/blog\/wp-content\/uploads\/2026\/05\/a-12.jpeg","contentUrl":"https:\/\/penoticias.com.br\/blog\/wp-content\/uploads\/2026\/05\/a-12.jpeg","width":1280,"height":854},{"@type":"BreadcrumbList","@id":"https:\/\/penoticias.com.br\/blog\/programa-de-formacao-para-gestores-governamentais-e-lancado-pela-secretaria-de-administracao-do-estado\/#breadcrumb","itemListElement":[{"@type":"ListItem","position":1,"name":"In\u00edcio","item":"https:\/\/penoticias.com.br\/blog\/"},{"@type":"ListItem","position":2,"name":"Programa de Forma\u00e7\u00e3o para gestores governamentais \u00e9 lan\u00e7ado pela Secretaria de Administra\u00e7\u00e3o do Estado"}]},{"@type":"WebSite","@id":"https:\/\/penoticias.com.br\/blog\/#website","url":"https:\/\/penoticias.com.br\/blog\/","name":"PE Not\u00edcias","description":"Voc\u00ea no Mundo da Informa\u00e7\u00e3o.","publisher":{"@id":"https:\/\/penoticias.com.br\/blog\/#\/schema\/person\/13ea60669d2351f129ef3657907f1432"},"potentialAction":[{"@type":"SearchAction","target":{"@type":"EntryPoint","urlTemplate":"https:\/\/penoticias.com.br\/blog\/?s={search_term_string}"},"query-input":{"@type":"PropertyValueSpecification","valueRequired":true,"valueName":"search_term_string"}}],"inLanguage":"pt-BR"},{"@type":["Person","Organization"],"@id":"https:\/\/penoticias.com.br\/blog\/#\/schema\/person\/13ea60669d2351f129ef3657907f1432","name":"Pedro Ara\u00fajo","image":{"@type":"ImageObject","inLanguage":"pt-BR","@id":"https:\/\/secure.gravatar.com\/avatar\/d654258027afd7c928561b83494a45e3aff23d7ac7ce926d2bceac1ffe030175?s=96&d=mm&r=g","url":"https:\/\/secure.gravatar.com\/avatar\/d654258027afd7c928561b83494a45e3aff23d7ac7ce926d2bceac1ffe030175?s=96&d=mm&r=g","contentUrl":"https:\/\/secure.gravatar.com\/avatar\/d654258027afd7c928561b83494a45e3aff23d7ac7ce926d2bceac1ffe030175?s=96&d=mm&r=g","caption":"Pedro Ara\u00fajo"},"logo":{"@id":"https:\/\/secure.gravatar.com\/avatar\/d654258027afd7c928561b83494a45e3aff23d7ac7ce926d2bceac1ffe030175?s=96&d=mm&r=g"},"description":"As informa\u00e7\u00f5es que traduzem as verdades dos fatos, sem ferir ou denegrir pessoas ou imagens. Como tamb\u00e9m, nunca procurando agradar aos maus feitores.","sameAs":["http:\/\/www.penoticias.com.br","pedrovicentearaujo@hotmail.com","@pedroafogados","https:\/\/x.com\/pedromuela","www.penoticias.com.br"],"url":"https:\/\/penoticias.com.br\/blog\/author\/pedro\/"}]}},"_links":{"self":[{"href":"https:\/\/penoticias.com.br\/blog\/wp-json\/wp\/v2\/posts\/218232","targetHints":{"allow":["GET"]}}],"collection":[{"href":"https:\/\/penoticias.com.br\/blog\/wp-json\/wp\/v2\/posts"}],"about":[{"href":"https:\/\/penoticias.com.br\/blog\/wp-json\/wp\/v2\/types\/post"}],"author":[{"embeddable":true,"href":"https:\/\/penoticias.com.br\/blog\/wp-json\/wp\/v2\/users\/2"}],"replies":[{"embeddable":true,"href":"https:\/\/penoticias.com.br\/blog\/wp-json\/wp\/v2\/comments?post=218232"}],"version-history":[{"count":1,"href":"https:\/\/penoticias.com.br\/blog\/wp-json\/wp\/v2\/posts\/218232\/revisions"}],"predecessor-version":[{"id":218234,"href":"https:\/\/penoticias.com.br\/blog\/wp-json\/wp\/v2\/posts\/218232\/revisions\/218234"}],"wp:attachment":[{"href":"https:\/\/penoticias.com.br\/blog\/wp-json\/wp\/v2\/media?parent=218232"}],"wp:term":[{"taxonomy":"category","embeddable":true,"href":"https:\/\/penoticias.com.br\/blog\/wp-json\/wp\/v2\/categories?post=218232"},{"taxonomy":"post_tag","embeddable":true,"href":"https:\/\/penoticias.com.br\/blog\/wp-json\/wp\/v2\/tags?post=218232"}],"curies":[{"name":"wp","href":"https:\/\/api.w.org\/{rel}","templated":true}]}}