{"id":218368,"date":"2026-05-23T00:09:47","date_gmt":"2026-05-23T03:09:47","guid":{"rendered":"https:\/\/penoticias.com.br\/blog\/?p=218368"},"modified":"2026-05-22T14:27:32","modified_gmt":"2026-05-22T17:27:32","slug":"tce-libera-concessao-privada-da-orla-do-recife-mas-restringe-acesso-ao-relatorio-prefeitura-tambem-impede-acesso-ao-parecer-diz-blog","status":"publish","type":"post","link":"https:\/\/penoticias.com.br\/blog\/tce-libera-concessao-privada-da-orla-do-recife-mas-restringe-acesso-ao-relatorio-prefeitura-tambem-impede-acesso-ao-parecer-diz-blog\/","title":{"rendered":"TCE libera concess\u00e3o privada da Orla do Recife, mas restringe acesso ao relat\u00f3rio; Prefeitura tamb\u00e9m impede acesso ao parecer, diz blog"},"content":{"rendered":"<p style=\"text-align: center;\"><img fetchpriority=\"high\" decoding=\"async\" class=\"alignnone wp-image-218371 \" src=\"https:\/\/penoticias.com.br\/blog\/wp-content\/uploads\/2026\/05\/aa-87.jpg\" alt=\"\" width=\"643\" height=\"415\" srcset=\"https:\/\/penoticias.com.br\/blog\/wp-content\/uploads\/2026\/05\/aa-87.jpg 907w, https:\/\/penoticias.com.br\/blog\/wp-content\/uploads\/2026\/05\/aa-87-300x193.jpg 300w, https:\/\/penoticias.com.br\/blog\/wp-content\/uploads\/2026\/05\/aa-87-768x495.jpg 768w\" sizes=\"(max-width: 643px) 100vw, 643px\" \/><\/p>\n<p><span style=\"font-size: 8pt;\"><em>Blog Manoel Medeiro<\/em>s<\/span><\/p>\n<p>O processo de concess\u00e3o \u00e0 iniciativa privada da Orla do Recife teve sinal verde do Tribunal de Contas do Estado de Pernambuco (TCE-PE), que \u201cn\u00e3o viu \u00f3bices ao prosseguimento do processo\u201d, segundo informou a Prefeitura do Recife. Com a libera\u00e7\u00e3o do conselheiro Dirceu Rodolfo, relator do processo, a Procuradoria-Geral do Munic\u00edpio est\u00e1 com a documenta\u00e7\u00e3o em fase \u201cpreparat\u00f3ria\u201d para lan\u00e7ar a licita\u00e7\u00e3o ainda em 2026.<\/p>\n<p>O projeto prev\u00ea entregar por 25 anos \u00e0 iniciativa privada 60 quiosques, 21 banheiros, 18 equipamentos esportivos, as torres hist\u00f3ricas de salva-vidas, os equipamentos esportivos, uma fonte interativa, chuveir\u00f5es de praia e mobili\u00e1rios al\u00e9m da possibilidade de equipamentos da Orla serem renomeados com nome de marcas (naming rights).<\/p>\n<p>Apesar de n\u00e3o ter disponibilizado o documento no seu inteiro teor, em ato contr\u00e1rio ao princ\u00edpio da publicidade e \u00e0 transpar\u00eancia necess\u00e1ria, o TCE-PE informou que o valor m\u00ednimo do dote para a iniciativa privada ganhar direitos em torno da Orla subiu de R$ 2,1 milh\u00f5es para R$ 7,3 milh\u00f5es por atua\u00e7\u00e3o da corte de contas.<\/p>\n<p>Ap\u00f3s os processos de concess\u00e3o de quatro parques p\u00fablicos do Recife marcados por pouco debate p\u00fablico e resultados question\u00e1veis (outorga abaixo de R$ 350 mil, demoli\u00e7\u00e3o de equipamentos p\u00fablicos na Jaqueira e divulga\u00e7\u00e3o de marcas de bets em espa\u00e7os infantis) e tamb\u00e9m a falta de debate sobre a PPP da moradia no Centro, torna-se cada vez mais relevante o acesso p\u00fablico a todas as informa\u00e7\u00f5es sobre os processos de concess\u00e3o em curso na cidade do Recife.<\/p>\n<p>O Blog Manoel Medeiros diz que solicitou ao TCE-PE ainda no in\u00edcio de abril o inteiro teor do opinativo do \u00f3rg\u00e3o de controle, respons\u00e1vel por resguardar a correta atua\u00e7\u00e3o da gest\u00e3o p\u00fablica em Pernambuco. O TCE-PE, no entanto, negou o acesso p\u00fablico do documento, abrindo margem para que um processo p\u00fablico e de relevante consequ\u00eancia para a cidade, a concess\u00e3o de onze quil\u00f4metros da Orla (Boa Viagem, Bras\u00edlia Teimosa e Pina), incluindo parte da faixa de areia, seja debatida com todas as informa\u00e7\u00f5es dispon\u00edveis e de forma transparente.<\/p>\n<p>\u201cInformamos que o procedimento mencionado \u00e9 um processo de auditoria de natureza interna e preparat\u00f3ria do Tribunal de Contas, raz\u00e3o pela qual n\u00e3o \u00e9 poss\u00edvel fornecer c\u00f3pia dos autos a um pedido externo. No entanto, em nome da transpar\u00eancia, comunicamos que a conclus\u00e3o do relat\u00f3rio de auditoria n\u00e3o identificou \u00f3bices ao prosseguimento da licita\u00e7\u00e3o para a concess\u00e3o da Orla Parque do Munic\u00edpio do Recife. As principais altera\u00e7\u00f5es, resultantes da atua\u00e7\u00e3o da auditoria, inclu\u00edram: a mudan\u00e7a do crit\u00e9rio de julgamento para \u2018maior oferta pela outorga fixa\u2019, corre\u00e7\u00f5es na modelagem econ\u00f4mico-financeira e ajustes nos custos e receitas, o que resultou em um aumento da outorga fixa m\u00ednima de R$ 2.069.084,61 para R$ 7.289.264,39\u201d, informou o Tribunal.<!--more--><\/p>\n<p>Tamb\u00e9m a partir da Lei de Acesso \u00e0 Informa\u00e7\u00e3o (LAI), foi solicitado o inteiro teor do parecer do Tribunal \u00e0 Prefeitura, que tamb\u00e9m se negou a disponibilizar o documento. \u201cA Secretaria Executiva de Parcerias Estrat\u00e9gicas informa que, no \u00e2mbito desta Prefeitura, o referido documento foi recebido exclusivamente no contexto da fase preparat\u00f3ria da licita\u00e7\u00e3o, a qual ainda se encontra em curso. Dessa forma, considerando a natureza preparat\u00f3ria dos atos e documentos relacionados ao processo, n\u00e3o \u00e9 poss\u00edvel, neste momento, disponibilizar a c\u00f3pia solicitada por este \u00f3rg\u00e3o municipal\u201d.<\/p>\n<p>O modelo econ\u00f4mico-financeiro da concess\u00e3o da Orla do Recife prev\u00ea a utiliza\u00e7\u00e3o das fachadas dos quiosques e dos banheiros como algumas das \u00e1reas de publicidade, principal fonte de recursos para a iniciativa privada. De acordo com o plano de neg\u00f3cios referencial, a expectativa \u00e9 que a renda proveniente apenas das a\u00e7\u00f5es de publicidade na Orla renda R$ 256,2 milh\u00f5es nos 25 anos da concess\u00e3o, sendo R$ 131,5 milh\u00f5es da explora\u00e7\u00e3o do mobili\u00e1rio urbano e R$ 124,8 milh\u00f5es de\u00a0naming rights, que na pr\u00e1tica \u00e9 a compra, por empresas privadas, do direito de \u201cdar nome a locais ou equipamentos p\u00fablicos\u201d.<\/p>\n<p style=\"text-align: center;\"><img decoding=\"async\" class=\"alignnone wp-image-218369 \" src=\"https:\/\/penoticias.com.br\/blog\/wp-content\/uploads\/2026\/05\/a-29-1024x722.jpg\" alt=\"\" width=\"569\" height=\"401\" srcset=\"https:\/\/penoticias.com.br\/blog\/wp-content\/uploads\/2026\/05\/a-29-1024x722.jpg 1024w, https:\/\/penoticias.com.br\/blog\/wp-content\/uploads\/2026\/05\/a-29-300x212.jpg 300w, https:\/\/penoticias.com.br\/blog\/wp-content\/uploads\/2026\/05\/a-29-768x542.jpg 768w, https:\/\/penoticias.com.br\/blog\/wp-content\/uploads\/2026\/05\/a-29.jpg 1150w\" sizes=\"(max-width: 569px) 100vw, 569px\" \/><\/p>\n<p style=\"text-align: center;\"><img decoding=\"async\" class=\"alignnone wp-image-218370 \" src=\"https:\/\/penoticias.com.br\/blog\/wp-content\/uploads\/2026\/05\/aa-86-1024x345.jpg\" alt=\"\" width=\"573\" height=\"193\" srcset=\"https:\/\/penoticias.com.br\/blog\/wp-content\/uploads\/2026\/05\/aa-86-1024x345.jpg 1024w, https:\/\/penoticias.com.br\/blog\/wp-content\/uploads\/2026\/05\/aa-86-300x101.jpg 300w, https:\/\/penoticias.com.br\/blog\/wp-content\/uploads\/2026\/05\/aa-86-768x258.jpg 768w, https:\/\/penoticias.com.br\/blog\/wp-content\/uploads\/2026\/05\/aa-86-1536x517.jpg 1536w, https:\/\/penoticias.com.br\/blog\/wp-content\/uploads\/2026\/05\/aa-86.jpg 1608w\" sizes=\"(max-width: 573px) 100vw, 573px\" \/><\/p>\n","protected":false},"excerpt":{"rendered":"<p>Blog Manoel Medeiros O processo de concess\u00e3o \u00e0 iniciativa privada da Orla do Recife teve sinal verde do Tribunal de Contas do Estado de Pernambuco (TCE-PE), que \u201cn\u00e3o viu \u00f3bices ao prosseguimento do processo\u201d, segundo informou a Prefeitura do Recife. Com a libera\u00e7\u00e3o do conselheiro Dirceu Rodolfo, relator do processo, a Procuradoria-Geral do Munic\u00edpio est\u00e1 &#8230; <a title=\"TCE libera concess\u00e3o privada da Orla do Recife, mas restringe acesso ao relat\u00f3rio; Prefeitura tamb\u00e9m impede acesso ao parecer, diz blog\" class=\"read-more\" href=\"https:\/\/penoticias.com.br\/blog\/tce-libera-concessao-privada-da-orla-do-recife-mas-restringe-acesso-ao-relatorio-prefeitura-tambem-impede-acesso-ao-parecer-diz-blog\/\" aria-label=\"Read more about TCE libera concess\u00e3o privada da Orla do Recife, mas restringe acesso ao relat\u00f3rio; Prefeitura tamb\u00e9m impede acesso ao parecer, diz blog\">Ler mais<\/a><\/p>\n<div class='heateorSssClear'><\/div><div  class='heateor_sss_sharing_container heateor_sss_horizontal_sharing' data-heateor-sss-href='https:\/\/penoticias.com.br\/blog\/tce-libera-concessao-privada-da-orla-do-recife-mas-restringe-acesso-ao-relatorio-prefeitura-tambem-impede-acesso-ao-parecer-diz-blog\/'><div class='heateor_sss_sharing_title' style=\"font-weight:bold\" ><\/div><div class=\"heateor_sss_sharing_ul\"><a aria-label=\"Facebook\" class=\"heateor_sss_facebook\" href=\"https:\/\/www.facebook.com\/sharer\/sharer.php?u=https%3A%2F%2Fpenoticias.com.br%2Fblog%2Ftce-libera-concessao-privada-da-orla-do-recife-mas-restringe-acesso-ao-relatorio-prefeitura-tambem-impede-acesso-ao-parecer-diz-blog%2F\" title=\"Facebook\" rel=\"nofollow noopener\" target=\"_blank\" style=\"font-size:32px!important;box-shadow:none;display:inline-block;vertical-align:middle\"><span class=\"heateor_sss_svg\" style=\"background-color:#0765FE;width:35px;height:35px;border-radius:999px;display:inline-block;opacity:1;float:left;font-size:32px;box-shadow:none;display:inline-block;font-size:16px;padding:0 4px;vertical-align:middle;background-repeat:repeat;overflow:hidden;padding:0;cursor:pointer;box-sizing:content-box\"><svg style=\"display:block;border-radius:999px;\" focusable=\"false\" aria-hidden=\"true\" xmlns=\"http:\/\/www.w3.org\/2000\/svg\" width=\"100%\" height=\"100%\" viewBox=\"0 0 32 32\"><path fill=\"#fff\" d=\"M28 16c0-6.627-5.373-12-12-12S4 9.373 4 16c0 5.628 3.875 10.35 9.101 11.647v-7.98h-2.474V16H13.1v-1.58c0-4.085 1.849-5.978 5.859-5.978.76 0 2.072.15 2.608.298v3.325c-.283-.03-.775-.045-1.386-.045-1.967 0-2.728.745-2.728 2.683V16h3.92l-.673 3.667h-3.247v8.245C23.395 27.195 28 22.135 28 16Z\"><\/path><\/svg><\/span><\/a><a aria-label=\"Twitter\" class=\"heateor_sss_button_twitter\" href=\"https:\/\/twitter.com\/intent\/tweet?text=TCE%20libera%20concess%C3%A3o%20privada%20da%20Orla%20do%20Recife%2C%20mas%20restringe%20acesso%20ao%20relat%C3%B3rio%3B%20Prefeitura%20tamb%C3%A9m%20impede%20acesso%20ao%20parecer%2C%20diz%20blog&url=https%3A%2F%2Fpenoticias.com.br%2Fblog%2Ftce-libera-concessao-privada-da-orla-do-recife-mas-restringe-acesso-ao-relatorio-prefeitura-tambem-impede-acesso-ao-parecer-diz-blog%2F\" title=\"Twitter\" rel=\"nofollow noopener\" target=\"_blank\" style=\"font-size:32px!important;box-shadow:none;display:inline-block;vertical-align:middle\"><span class=\"heateor_sss_svg heateor_sss_s__default heateor_sss_s_twitter\" style=\"background-color:#55acee;width:35px;height:35px;border-radius:999px;display:inline-block;opacity:1;float:left;font-size:32px;box-shadow:none;display:inline-block;font-size:16px;padding:0 4px;vertical-align:middle;background-repeat:repeat;overflow:hidden;padding:0;cursor:pointer;box-sizing:content-box\"><svg style=\"display:block;border-radius:999px;\" focusable=\"false\" aria-hidden=\"true\" xmlns=\"http:\/\/www.w3.org\/2000\/svg\" width=\"100%\" height=\"100%\" viewBox=\"-4 -4 39 39\"><path d=\"M28 8.557a9.913 9.913 0 0 1-2.828.775 4.93 4.93 0 0 0 2.166-2.725 9.738 9.738 0 0 1-3.13 1.194 4.92 4.92 0 0 0-3.593-1.55 4.924 4.924 0 0 0-4.794 6.049c-4.09-.21-7.72-2.17-10.15-5.15a4.942 4.942 0 0 0-.665 2.477c0 1.71.87 3.214 2.19 4.1a4.968 4.968 0 0 1-2.23-.616v.06c0 2.39 1.7 4.38 3.952 4.83-.414.115-.85.174-1.297.174-.318 0-.626-.03-.928-.086a4.935 4.935 0 0 0 4.6 3.42 9.893 9.893 0 0 1-6.114 2.107c-.398 0-.79-.023-1.175-.068a13.953 13.953 0 0 0 7.55 2.213c9.056 0 14.01-7.507 14.01-14.013 0-.213-.005-.426-.015-.637.96-.695 1.795-1.56 2.455-2.55z\" fill=\"#fff\"><\/path><\/svg><\/span><\/a><a aria-label=\"Whatsapp\" class=\"heateor_sss_whatsapp\" href=\"https:\/\/api.whatsapp.com\/send?text=TCE%20libera%20concess%C3%A3o%20privada%20da%20Orla%20do%20Recife%2C%20mas%20restringe%20acesso%20ao%20relat%C3%B3rio%3B%20Prefeitura%20tamb%C3%A9m%20impede%20acesso%20ao%20parecer%2C%20diz%20blog%20https%3A%2F%2Fpenoticias.com.br%2Fblog%2Ftce-libera-concessao-privada-da-orla-do-recife-mas-restringe-acesso-ao-relatorio-prefeitura-tambem-impede-acesso-ao-parecer-diz-blog%2F\" title=\"Whatsapp\" rel=\"nofollow noopener\" target=\"_blank\" style=\"font-size:32px!important;box-shadow:none;display:inline-block;vertical-align:middle\"><span class=\"heateor_sss_svg\" style=\"background-color:#55eb4c;width:35px;height:35px;border-radius:999px;display:inline-block;opacity:1;float:left;font-size:32px;box-shadow:none;display:inline-block;font-size:16px;padding:0 4px;vertical-align:middle;background-repeat:repeat;overflow:hidden;padding:0;cursor:pointer;box-sizing:content-box\"><svg style=\"display:block;border-radius:999px;\" focusable=\"false\" aria-hidden=\"true\" xmlns=\"http:\/\/www.w3.org\/2000\/svg\" width=\"100%\" height=\"100%\" viewBox=\"-6 -5 40 40\"><path class=\"heateor_sss_svg_stroke heateor_sss_no_fill\" stroke=\"#fff\" stroke-width=\"2\" fill=\"none\" d=\"M 11.579798566743314 24.396926207859085 A 10 10 0 1 0 6.808479557110079 20.73576436351046\"><\/path><path d=\"M 7 19 l -1 6 l 6 -1\" class=\"heateor_sss_no_fill heateor_sss_svg_stroke\" stroke=\"#fff\" stroke-width=\"2\" fill=\"none\"><\/path><path d=\"M 10 10 q -1 8 8 11 c 5 -1 0 -6 -1 -3 q -4 -3 -5 -5 c 4 -2 -1 -5 -1 -4\" fill=\"#fff\"><\/path><\/svg><\/span><\/a><a aria-label=\"Gmail\" class=\"heateor_sss_button_google_gmail\" href=\"https:\/\/mail.google.com\/mail\/?ui=2&view=cm&fs=1&tf=1&su=TCE%20libera%20concess%C3%A3o%20privada%20da%20Orla%20do%20Recife%2C%20mas%20restringe%20acesso%20ao%20relat%C3%B3rio%3B%20Prefeitura%20tamb%C3%A9m%20impede%20acesso%20ao%20parecer%2C%20diz%20blog&body=Link:https%3A%2F%2Fpenoticias.com.br%2Fblog%2Ftce-libera-concessao-privada-da-orla-do-recife-mas-restringe-acesso-ao-relatorio-prefeitura-tambem-impede-acesso-ao-parecer-diz-blog%2F\" title=\"Google Gmail\" rel=\"nofollow noopener\" target=\"_blank\" style=\"font-size:32px!important;box-shadow:none;display:inline-block;vertical-align:middle\"><span class=\"heateor_sss_svg heateor_sss_s__default heateor_sss_s_Google_Gmail\" style=\"background-color:#e5e5e5;width:35px;height:35px;border-radius:999px;display:inline-block;opacity:1;float:left;font-size:32px;box-shadow:none;display:inline-block;font-size:16px;padding:0 4px;vertical-align:middle;background-repeat:repeat;overflow:hidden;padding:0;cursor:pointer;box-sizing:content-box\"><svg style=\"display:block;border-radius:999px;\" focusable=\"false\" aria-hidden=\"true\" xmlns=\"http:\/\/www.w3.org\/2000\/svg\" width=\"100%\" height=\"100%\" viewBox=\"0 0 32 32\"><path fill=\"#fff\" d=\"M2.902 6.223h26.195v19.554H2.902z\"><\/path><path fill=\"#E14C41\" class=\"heateor_sss_no_fill\" d=\"M2.902 25.777h26.195V6.223H2.902v19.554zm22.44-4.007v3.806H6.955v-3.6h.032l.093-.034 6.9-5.558 2.09 1.77 1.854-1.63 7.42 5.246zm0-.672l-7.027-4.917 7.028-6.09V21.1zm-1.17-14.67l-.947.905c-2.356 2.284-4.693 4.75-7.17 6.876l-.078.06L8.062 6.39l16.11.033zm-10.597 9.61l-6.62 5.294.016-10.914 6.607 5.62\"><\/path><\/svg><\/span><\/a><a aria-label=\"Instagram\" class=\"heateor_sss_button_instagram\" href=\"https:\/\/www.instagram.com\/\" title=\"Instagram\" rel=\"nofollow noopener\" target=\"_blank\" style=\"font-size:32px!important;box-shadow:none;display:inline-block;vertical-align:middle\"><span class=\"heateor_sss_svg\" style=\"background-color:#53beee;width:35px;height:35px;border-radius:999px;display:inline-block;opacity:1;float:left;font-size:32px;box-shadow:none;display:inline-block;font-size:16px;padding:0 4px;vertical-align:middle;background-repeat:repeat;overflow:hidden;padding:0;cursor:pointer;box-sizing:content-box\"><svg style=\"display:block;border-radius:999px;\" version=\"1.1\" viewBox=\"-10 -10 148 148\" width=\"100%\" height=\"100%\" xml:space=\"preserve\" xmlns=\"http:\/\/www.w3.org\/2000\/svg\" xmlns:xlink=\"http:\/\/www.w3.org\/1999\/xlink\"><g><g><path d=\"M86,112H42c-14.336,0-26-11.663-26-26V42c0-14.337,11.664-26,26-26h44c14.337,0,26,11.663,26,26v44 C112,100.337,100.337,112,86,112z M42,24c-9.925,0-18,8.074-18,18v44c0,9.925,8.075,18,18,18h44c9.926,0,18-8.075,18-18V42 c0-9.926-8.074-18-18-18H42z\" fill=\"#fff\"><\/path><\/g><g><path d=\"M64,88c-13.234,0-24-10.767-24-24c0-13.234,10.766-24,24-24s24,10.766,24,24C88,77.233,77.234,88,64,88z M64,48c-8.822,0-16,7.178-16,16s7.178,16,16,16c8.822,0,16-7.178,16-16S72.822,48,64,48z\" fill=\"#fff\"><\/path><\/g><g><circle cx=\"89.5\" cy=\"38.5\" fill=\"#fff\" r=\"5.5\"><\/circle><\/g><\/g><\/svg><\/span><\/a><a aria-label=\"Print\" class=\"heateor_sss_button_print\" href=\"https:\/\/penoticias.com.br\/blog\/tce-libera-concessao-privada-da-orla-do-recife-mas-restringe-acesso-ao-relatorio-prefeitura-tambem-impede-acesso-ao-parecer-diz-blog\/\" onclick=\"event.preventDefault();window.print()\" title=\"Print\" rel=\"noopener\" style=\"font-size:32px!important;box-shadow:none;display:inline-block;vertical-align:middle\"><span class=\"heateor_sss_svg heateor_sss_s__default heateor_sss_s_print\" style=\"background-color:#fd6500;width:35px;height:35px;border-radius:999px;display:inline-block;opacity:1;float:left;font-size:32px;box-shadow:none;display:inline-block;font-size:16px;padding:0 4px;vertical-align:middle;background-repeat:repeat;overflow:hidden;padding:0;cursor:pointer;box-sizing:content-box\"><svg style=\"display:block;border-radius:999px;\" focusable=\"false\" aria-hidden=\"true\" xmlns=\"http:\/\/www.w3.org\/2000\/svg\" width=\"100%\" height=\"100%\" viewBox=\"-2.8 -4.5 35 35\"><path stroke=\"#fff\" class=\"heateor_sss_svg_stroke\" d=\"M 7 10 h 2 v 3 h 12 v -3 h 2 v 7 h -2 v -3 h -12 v 3 h -2 z\" stroke-width=\"1\" fill=\"#fff\"><\/path><rect class=\"heateor_sss_no_fill heateor_sss_svg_stroke\" stroke=\"#fff\" stroke-width=\"1.8\" height=\"7\" width=\"10\" x=\"10\" y=\"5\" fill=\"none\"><\/rect><rect class=\"heateor_sss_svg_stroke\" stroke=\"#fff\" stroke-width=\"1\" height=\"5\" width=\"8\" x=\"11\" y=\"16\" fill=\"#fff\"><\/rect><\/svg><\/span><\/a><a class=\"heateor_sss_more\" aria-label=\"More\" title=\"More\" rel=\"nofollow noopener\" style=\"font-size: 32px!important;border:0;box-shadow:none;display:inline-block!important;font-size:16px;padding:0 4px;vertical-align: middle;display:inline;\" href=\"https:\/\/penoticias.com.br\/blog\/tce-libera-concessao-privada-da-orla-do-recife-mas-restringe-acesso-ao-relatorio-prefeitura-tambem-impede-acesso-ao-parecer-diz-blog\/\" onclick=\"event.preventDefault()\"><span class=\"heateor_sss_svg\" style=\"background-color:#ee8e2d;width:35px;height:35px;border-radius:999px;display:inline-block!important;opacity:1;float:left;font-size:32px!important;box-shadow:none;display:inline-block;font-size:16px;padding:0 4px;vertical-align:middle;display:inline;background-repeat:repeat;overflow:hidden;padding:0;cursor:pointer;box-sizing:content-box;\" onclick=\"heateorSssMoreSharingPopup(this, 'https:\/\/penoticias.com.br\/blog\/tce-libera-concessao-privada-da-orla-do-recife-mas-restringe-acesso-ao-relatorio-prefeitura-tambem-impede-acesso-ao-parecer-diz-blog\/', 'TCE%20libera%20concess%C3%A3o%20privada%20da%20Orla%20do%20Recife%2C%20mas%20restringe%20acesso%20ao%20relat%C3%B3rio%3B%20Prefeitura%20tamb%C3%A9m%20impede%20acesso%20ao%20parecer%2C%20diz%20blog', '' )\"><svg xmlns=\"http:\/\/www.w3.org\/2000\/svg\" xmlns:xlink=\"http:\/\/www.w3.org\/1999\/xlink\" viewBox=\"-.3 0 32 32\" version=\"1.1\" width=\"100%\" height=\"100%\" style=\"display:block;border-radius:999px;\" xml:space=\"preserve\"><g><path fill=\"#fff\" d=\"M18 14V8h-4v6H8v4h6v6h4v-6h6v-4h-6z\" fill-rule=\"evenodd\"><\/path><\/g><\/svg><\/span><\/a><\/div><div class=\"heateorSssClear\"><\/div><\/div><div class='heateorSssClear'><\/div>","protected":false},"author":2,"featured_media":0,"comment_status":"closed","ping_status":"closed","sticky":false,"template":"","format":"standard","meta":{"footnotes":""},"categories":[10],"tags":[],"class_list":["post-218368","post","type-post","status-publish","format-standard","hentry","category-politica"],"yoast_head":"<!-- This site is optimized with the Yoast SEO plugin v28.4 - https:\/\/yoast.com\/product\/yoast-seo-wordpress\/ -->\n<title>TCE libera concess\u00e3o privada da Orla do Recife, mas restringe acesso ao relat\u00f3rio; Prefeitura tamb\u00e9m impede acesso ao parecer, diz blog - PE Not\u00edcias<\/title>\n<meta name=\"robots\" content=\"index, follow, max-snippet:-1, max-image-preview:large, max-video-preview:-1\" \/>\n<link rel=\"canonical\" href=\"https:\/\/penoticias.com.br\/blog\/tce-libera-concessao-privada-da-orla-do-recife-mas-restringe-acesso-ao-relatorio-prefeitura-tambem-impede-acesso-ao-parecer-diz-blog\/\" \/>\n<meta property=\"og:locale\" content=\"pt_BR\" \/>\n<meta property=\"og:type\" content=\"article\" \/>\n<meta property=\"og:title\" content=\"TCE libera concess\u00e3o privada da Orla do Recife, mas restringe acesso ao relat\u00f3rio; Prefeitura tamb\u00e9m impede acesso ao parecer, diz blog - PE Not\u00edcias\" \/>\n<meta property=\"og:description\" content=\"Blog Manoel Medeiros O processo de concess\u00e3o \u00e0 iniciativa privada da Orla do Recife teve sinal verde do Tribunal de Contas do Estado de Pernambuco (TCE-PE), que \u201cn\u00e3o viu \u00f3bices ao prosseguimento do processo\u201d, segundo informou a Prefeitura do Recife. Com a libera\u00e7\u00e3o do conselheiro Dirceu Rodolfo, relator do processo, a Procuradoria-Geral do Munic\u00edpio est\u00e1 ... Ler mais\" \/>\n<meta property=\"og:url\" content=\"https:\/\/penoticias.com.br\/blog\/tce-libera-concessao-privada-da-orla-do-recife-mas-restringe-acesso-ao-relatorio-prefeitura-tambem-impede-acesso-ao-parecer-diz-blog\/\" \/>\n<meta property=\"og:site_name\" content=\"PE Not\u00edcias\" \/>\n<meta property=\"article:publisher\" content=\"pedrovicentearaujo@hotmail.com\" \/>\n<meta property=\"article:author\" content=\"pedrovicentearaujo@hotmail.com\" \/>\n<meta property=\"article:published_time\" content=\"2026-05-23T03:09:47+00:00\" \/>\n<meta property=\"og:image\" content=\"https:\/\/penoticias.com.br\/blog\/wp-content\/uploads\/2026\/05\/aa-87.jpg\" \/>\n\t<meta property=\"og:image:width\" content=\"907\" \/>\n\t<meta property=\"og:image:height\" content=\"585\" \/>\n\t<meta property=\"og:image:type\" content=\"image\/jpeg\" \/>\n<meta name=\"author\" content=\"Pedro Ara\u00fajo\" \/>\n<meta name=\"twitter:card\" content=\"summary_large_image\" \/>\n<meta name=\"twitter:creator\" content=\"@pedromuela\" \/>\n<meta name=\"twitter:site\" content=\"@pedromuela\" \/>\n<meta name=\"twitter:label1\" content=\"Escrito por\" \/>\n\t<meta name=\"twitter:data1\" content=\"Pedro Ara\u00fajo\" \/>\n\t<meta name=\"twitter:label2\" content=\"Est. tempo de leitura\" \/>\n\t<meta name=\"twitter:data2\" content=\"5 minutos\" \/>\n<script type=\"application\/ld+json\" class=\"yoast-schema-graph\">{\"@context\":\"https:\\\/\\\/schema.org\",\"@graph\":[{\"@type\":\"Article\",\"@id\":\"https:\\\/\\\/penoticias.com.br\\\/blog\\\/tce-libera-concessao-privada-da-orla-do-recife-mas-restringe-acesso-ao-relatorio-prefeitura-tambem-impede-acesso-ao-parecer-diz-blog\\\/#article\",\"isPartOf\":{\"@id\":\"https:\\\/\\\/penoticias.com.br\\\/blog\\\/tce-libera-concessao-privada-da-orla-do-recife-mas-restringe-acesso-ao-relatorio-prefeitura-tambem-impede-acesso-ao-parecer-diz-blog\\\/\"},\"author\":{\"name\":\"Pedro Ara\u00fajo\",\"@id\":\"https:\\\/\\\/penoticias.com.br\\\/blog\\\/#\\\/schema\\\/person\\\/13ea60669d2351f129ef3657907f1432\"},\"headline\":\"TCE libera concess\u00e3o privada da Orla do Recife, mas restringe acesso ao relat\u00f3rio; Prefeitura tamb\u00e9m impede acesso ao parecer, diz blog\",\"datePublished\":\"2026-05-23T03:09:47+00:00\",\"mainEntityOfPage\":{\"@id\":\"https:\\\/\\\/penoticias.com.br\\\/blog\\\/tce-libera-concessao-privada-da-orla-do-recife-mas-restringe-acesso-ao-relatorio-prefeitura-tambem-impede-acesso-ao-parecer-diz-blog\\\/\"},\"wordCount\":728,\"publisher\":{\"@id\":\"https:\\\/\\\/penoticias.com.br\\\/blog\\\/#\\\/schema\\\/person\\\/13ea60669d2351f129ef3657907f1432\"},\"image\":{\"@id\":\"https:\\\/\\\/penoticias.com.br\\\/blog\\\/tce-libera-concessao-privada-da-orla-do-recife-mas-restringe-acesso-ao-relatorio-prefeitura-tambem-impede-acesso-ao-parecer-diz-blog\\\/#primaryimage\"},\"thumbnailUrl\":\"https:\\\/\\\/penoticias.com.br\\\/blog\\\/wp-content\\\/uploads\\\/2026\\\/05\\\/aa-87.jpg\",\"articleSection\":[\"Pol\u00edtica\"],\"inLanguage\":\"pt-BR\"},{\"@type\":\"WebPage\",\"@id\":\"https:\\\/\\\/penoticias.com.br\\\/blog\\\/tce-libera-concessao-privada-da-orla-do-recife-mas-restringe-acesso-ao-relatorio-prefeitura-tambem-impede-acesso-ao-parecer-diz-blog\\\/\",\"url\":\"https:\\\/\\\/penoticias.com.br\\\/blog\\\/tce-libera-concessao-privada-da-orla-do-recife-mas-restringe-acesso-ao-relatorio-prefeitura-tambem-impede-acesso-ao-parecer-diz-blog\\\/\",\"name\":\"TCE libera concess\u00e3o privada da Orla do Recife, mas restringe acesso ao relat\u00f3rio; Prefeitura tamb\u00e9m impede acesso ao parecer, diz blog - PE Not\u00edcias\",\"isPartOf\":{\"@id\":\"https:\\\/\\\/penoticias.com.br\\\/blog\\\/#website\"},\"primaryImageOfPage\":{\"@id\":\"https:\\\/\\\/penoticias.com.br\\\/blog\\\/tce-libera-concessao-privada-da-orla-do-recife-mas-restringe-acesso-ao-relatorio-prefeitura-tambem-impede-acesso-ao-parecer-diz-blog\\\/#primaryimage\"},\"image\":{\"@id\":\"https:\\\/\\\/penoticias.com.br\\\/blog\\\/tce-libera-concessao-privada-da-orla-do-recife-mas-restringe-acesso-ao-relatorio-prefeitura-tambem-impede-acesso-ao-parecer-diz-blog\\\/#primaryimage\"},\"thumbnailUrl\":\"https:\\\/\\\/penoticias.com.br\\\/blog\\\/wp-content\\\/uploads\\\/2026\\\/05\\\/aa-87.jpg\",\"datePublished\":\"2026-05-23T03:09:47+00:00\",\"breadcrumb\":{\"@id\":\"https:\\\/\\\/penoticias.com.br\\\/blog\\\/tce-libera-concessao-privada-da-orla-do-recife-mas-restringe-acesso-ao-relatorio-prefeitura-tambem-impede-acesso-ao-parecer-diz-blog\\\/#breadcrumb\"},\"inLanguage\":\"pt-BR\",\"potentialAction\":[{\"@type\":\"ReadAction\",\"target\":[\"https:\\\/\\\/penoticias.com.br\\\/blog\\\/tce-libera-concessao-privada-da-orla-do-recife-mas-restringe-acesso-ao-relatorio-prefeitura-tambem-impede-acesso-ao-parecer-diz-blog\\\/\"]}]},{\"@type\":\"ImageObject\",\"inLanguage\":\"pt-BR\",\"@id\":\"https:\\\/\\\/penoticias.com.br\\\/blog\\\/tce-libera-concessao-privada-da-orla-do-recife-mas-restringe-acesso-ao-relatorio-prefeitura-tambem-impede-acesso-ao-parecer-diz-blog\\\/#primaryimage\",\"url\":\"https:\\\/\\\/penoticias.com.br\\\/blog\\\/wp-content\\\/uploads\\\/2026\\\/05\\\/aa-87.jpg\",\"contentUrl\":\"https:\\\/\\\/penoticias.com.br\\\/blog\\\/wp-content\\\/uploads\\\/2026\\\/05\\\/aa-87.jpg\",\"width\":907,\"height\":585},{\"@type\":\"BreadcrumbList\",\"@id\":\"https:\\\/\\\/penoticias.com.br\\\/blog\\\/tce-libera-concessao-privada-da-orla-do-recife-mas-restringe-acesso-ao-relatorio-prefeitura-tambem-impede-acesso-ao-parecer-diz-blog\\\/#breadcrumb\",\"itemListElement\":[{\"@type\":\"ListItem\",\"position\":1,\"name\":\"In\u00edcio\",\"item\":\"https:\\\/\\\/penoticias.com.br\\\/blog\\\/\"},{\"@type\":\"ListItem\",\"position\":2,\"name\":\"TCE libera concess\u00e3o privada da Orla do Recife, mas restringe acesso ao relat\u00f3rio; Prefeitura tamb\u00e9m impede acesso ao parecer, diz blog\"}]},{\"@type\":\"WebSite\",\"@id\":\"https:\\\/\\\/penoticias.com.br\\\/blog\\\/#website\",\"url\":\"https:\\\/\\\/penoticias.com.br\\\/blog\\\/\",\"name\":\"PE Not\u00edcias\",\"description\":\"Voc\u00ea no Mundo da Informa\u00e7\u00e3o.\",\"publisher\":{\"@id\":\"https:\\\/\\\/penoticias.com.br\\\/blog\\\/#\\\/schema\\\/person\\\/13ea60669d2351f129ef3657907f1432\"},\"potentialAction\":[{\"@type\":\"SearchAction\",\"target\":{\"@type\":\"EntryPoint\",\"urlTemplate\":\"https:\\\/\\\/penoticias.com.br\\\/blog\\\/?s={search_term_string}\"},\"query-input\":{\"@type\":\"PropertyValueSpecification\",\"valueRequired\":true,\"valueName\":\"search_term_string\"}}],\"inLanguage\":\"pt-BR\"},{\"@type\":[\"Person\",\"Organization\"],\"@id\":\"https:\\\/\\\/penoticias.com.br\\\/blog\\\/#\\\/schema\\\/person\\\/13ea60669d2351f129ef3657907f1432\",\"name\":\"Pedro Ara\u00fajo\",\"image\":{\"@type\":\"ImageObject\",\"inLanguage\":\"pt-BR\",\"@id\":\"https:\\\/\\\/secure.gravatar.com\\\/avatar\\\/d654258027afd7c928561b83494a45e3aff23d7ac7ce926d2bceac1ffe030175?s=96&d=mm&r=g\",\"url\":\"https:\\\/\\\/secure.gravatar.com\\\/avatar\\\/d654258027afd7c928561b83494a45e3aff23d7ac7ce926d2bceac1ffe030175?s=96&d=mm&r=g\",\"contentUrl\":\"https:\\\/\\\/secure.gravatar.com\\\/avatar\\\/d654258027afd7c928561b83494a45e3aff23d7ac7ce926d2bceac1ffe030175?s=96&d=mm&r=g\",\"caption\":\"Pedro Ara\u00fajo\"},\"logo\":{\"@id\":\"https:\\\/\\\/secure.gravatar.com\\\/avatar\\\/d654258027afd7c928561b83494a45e3aff23d7ac7ce926d2bceac1ffe030175?s=96&d=mm&r=g\"},\"description\":\"As informa\u00e7\u00f5es que traduzem as verdades dos fatos, sem ferir ou denegrir pessoas ou imagens. Como tamb\u00e9m, nunca procurando agradar aos maus feitores.\",\"sameAs\":[\"http:\\\/\\\/www.penoticias.com.br\",\"pedrovicentearaujo@hotmail.com\",\"@pedroafogados\",\"https:\\\/\\\/x.com\\\/pedromuela\",\"www.penoticias.com.br\"],\"url\":\"https:\\\/\\\/penoticias.com.br\\\/blog\\\/author\\\/pedro\\\/\"}]}<\/script>\n<!-- \/ Yoast SEO plugin. -->","yoast_head_json":{"title":"TCE libera concess\u00e3o privada da Orla do Recife, mas restringe acesso ao relat\u00f3rio; Prefeitura tamb\u00e9m impede acesso ao parecer, diz blog - PE Not\u00edcias","robots":{"index":"index","follow":"follow","max-snippet":"max-snippet:-1","max-image-preview":"max-image-preview:large","max-video-preview":"max-video-preview:-1"},"canonical":"https:\/\/penoticias.com.br\/blog\/tce-libera-concessao-privada-da-orla-do-recife-mas-restringe-acesso-ao-relatorio-prefeitura-tambem-impede-acesso-ao-parecer-diz-blog\/","og_locale":"pt_BR","og_type":"article","og_title":"TCE libera concess\u00e3o privada da Orla do Recife, mas restringe acesso ao relat\u00f3rio; Prefeitura tamb\u00e9m impede acesso ao parecer, diz blog - PE Not\u00edcias","og_description":"Blog Manoel Medeiros O processo de concess\u00e3o \u00e0 iniciativa privada da Orla do Recife teve sinal verde do Tribunal de Contas do Estado de Pernambuco (TCE-PE), que \u201cn\u00e3o viu \u00f3bices ao prosseguimento do processo\u201d, segundo informou a Prefeitura do Recife. Com a libera\u00e7\u00e3o do conselheiro Dirceu Rodolfo, relator do processo, a Procuradoria-Geral do Munic\u00edpio est\u00e1 ... Ler mais","og_url":"https:\/\/penoticias.com.br\/blog\/tce-libera-concessao-privada-da-orla-do-recife-mas-restringe-acesso-ao-relatorio-prefeitura-tambem-impede-acesso-ao-parecer-diz-blog\/","og_site_name":"PE Not\u00edcias","article_publisher":"pedrovicentearaujo@hotmail.com","article_author":"pedrovicentearaujo@hotmail.com","article_published_time":"2026-05-23T03:09:47+00:00","og_image":[{"width":907,"height":585,"url":"https:\/\/penoticias.com.br\/blog\/wp-content\/uploads\/2026\/05\/aa-87.jpg","type":"image\/jpeg"}],"author":"Pedro Ara\u00fajo","twitter_card":"summary_large_image","twitter_creator":"@pedromuela","twitter_site":"@pedromuela","twitter_misc":{"Escrito por":"Pedro Ara\u00fajo","Est. tempo de leitura":"5 minutos"},"schema":{"@context":"https:\/\/schema.org","@graph":[{"@type":"Article","@id":"https:\/\/penoticias.com.br\/blog\/tce-libera-concessao-privada-da-orla-do-recife-mas-restringe-acesso-ao-relatorio-prefeitura-tambem-impede-acesso-ao-parecer-diz-blog\/#article","isPartOf":{"@id":"https:\/\/penoticias.com.br\/blog\/tce-libera-concessao-privada-da-orla-do-recife-mas-restringe-acesso-ao-relatorio-prefeitura-tambem-impede-acesso-ao-parecer-diz-blog\/"},"author":{"name":"Pedro Ara\u00fajo","@id":"https:\/\/penoticias.com.br\/blog\/#\/schema\/person\/13ea60669d2351f129ef3657907f1432"},"headline":"TCE libera concess\u00e3o privada da Orla do Recife, mas restringe acesso ao relat\u00f3rio; Prefeitura tamb\u00e9m impede acesso ao parecer, diz blog","datePublished":"2026-05-23T03:09:47+00:00","mainEntityOfPage":{"@id":"https:\/\/penoticias.com.br\/blog\/tce-libera-concessao-privada-da-orla-do-recife-mas-restringe-acesso-ao-relatorio-prefeitura-tambem-impede-acesso-ao-parecer-diz-blog\/"},"wordCount":728,"publisher":{"@id":"https:\/\/penoticias.com.br\/blog\/#\/schema\/person\/13ea60669d2351f129ef3657907f1432"},"image":{"@id":"https:\/\/penoticias.com.br\/blog\/tce-libera-concessao-privada-da-orla-do-recife-mas-restringe-acesso-ao-relatorio-prefeitura-tambem-impede-acesso-ao-parecer-diz-blog\/#primaryimage"},"thumbnailUrl":"https:\/\/penoticias.com.br\/blog\/wp-content\/uploads\/2026\/05\/aa-87.jpg","articleSection":["Pol\u00edtica"],"inLanguage":"pt-BR"},{"@type":"WebPage","@id":"https:\/\/penoticias.com.br\/blog\/tce-libera-concessao-privada-da-orla-do-recife-mas-restringe-acesso-ao-relatorio-prefeitura-tambem-impede-acesso-ao-parecer-diz-blog\/","url":"https:\/\/penoticias.com.br\/blog\/tce-libera-concessao-privada-da-orla-do-recife-mas-restringe-acesso-ao-relatorio-prefeitura-tambem-impede-acesso-ao-parecer-diz-blog\/","name":"TCE libera concess\u00e3o privada da Orla do Recife, mas restringe acesso ao relat\u00f3rio; Prefeitura tamb\u00e9m impede acesso ao parecer, diz blog - PE Not\u00edcias","isPartOf":{"@id":"https:\/\/penoticias.com.br\/blog\/#website"},"primaryImageOfPage":{"@id":"https:\/\/penoticias.com.br\/blog\/tce-libera-concessao-privada-da-orla-do-recife-mas-restringe-acesso-ao-relatorio-prefeitura-tambem-impede-acesso-ao-parecer-diz-blog\/#primaryimage"},"image":{"@id":"https:\/\/penoticias.com.br\/blog\/tce-libera-concessao-privada-da-orla-do-recife-mas-restringe-acesso-ao-relatorio-prefeitura-tambem-impede-acesso-ao-parecer-diz-blog\/#primaryimage"},"thumbnailUrl":"https:\/\/penoticias.com.br\/blog\/wp-content\/uploads\/2026\/05\/aa-87.jpg","datePublished":"2026-05-23T03:09:47+00:00","breadcrumb":{"@id":"https:\/\/penoticias.com.br\/blog\/tce-libera-concessao-privada-da-orla-do-recife-mas-restringe-acesso-ao-relatorio-prefeitura-tambem-impede-acesso-ao-parecer-diz-blog\/#breadcrumb"},"inLanguage":"pt-BR","potentialAction":[{"@type":"ReadAction","target":["https:\/\/penoticias.com.br\/blog\/tce-libera-concessao-privada-da-orla-do-recife-mas-restringe-acesso-ao-relatorio-prefeitura-tambem-impede-acesso-ao-parecer-diz-blog\/"]}]},{"@type":"ImageObject","inLanguage":"pt-BR","@id":"https:\/\/penoticias.com.br\/blog\/tce-libera-concessao-privada-da-orla-do-recife-mas-restringe-acesso-ao-relatorio-prefeitura-tambem-impede-acesso-ao-parecer-diz-blog\/#primaryimage","url":"https:\/\/penoticias.com.br\/blog\/wp-content\/uploads\/2026\/05\/aa-87.jpg","contentUrl":"https:\/\/penoticias.com.br\/blog\/wp-content\/uploads\/2026\/05\/aa-87.jpg","width":907,"height":585},{"@type":"BreadcrumbList","@id":"https:\/\/penoticias.com.br\/blog\/tce-libera-concessao-privada-da-orla-do-recife-mas-restringe-acesso-ao-relatorio-prefeitura-tambem-impede-acesso-ao-parecer-diz-blog\/#breadcrumb","itemListElement":[{"@type":"ListItem","position":1,"name":"In\u00edcio","item":"https:\/\/penoticias.com.br\/blog\/"},{"@type":"ListItem","position":2,"name":"TCE libera concess\u00e3o privada da Orla do Recife, mas restringe acesso ao relat\u00f3rio; Prefeitura tamb\u00e9m impede acesso ao parecer, diz blog"}]},{"@type":"WebSite","@id":"https:\/\/penoticias.com.br\/blog\/#website","url":"https:\/\/penoticias.com.br\/blog\/","name":"PE Not\u00edcias","description":"Voc\u00ea no Mundo da Informa\u00e7\u00e3o.","publisher":{"@id":"https:\/\/penoticias.com.br\/blog\/#\/schema\/person\/13ea60669d2351f129ef3657907f1432"},"potentialAction":[{"@type":"SearchAction","target":{"@type":"EntryPoint","urlTemplate":"https:\/\/penoticias.com.br\/blog\/?s={search_term_string}"},"query-input":{"@type":"PropertyValueSpecification","valueRequired":true,"valueName":"search_term_string"}}],"inLanguage":"pt-BR"},{"@type":["Person","Organization"],"@id":"https:\/\/penoticias.com.br\/blog\/#\/schema\/person\/13ea60669d2351f129ef3657907f1432","name":"Pedro Ara\u00fajo","image":{"@type":"ImageObject","inLanguage":"pt-BR","@id":"https:\/\/secure.gravatar.com\/avatar\/d654258027afd7c928561b83494a45e3aff23d7ac7ce926d2bceac1ffe030175?s=96&d=mm&r=g","url":"https:\/\/secure.gravatar.com\/avatar\/d654258027afd7c928561b83494a45e3aff23d7ac7ce926d2bceac1ffe030175?s=96&d=mm&r=g","contentUrl":"https:\/\/secure.gravatar.com\/avatar\/d654258027afd7c928561b83494a45e3aff23d7ac7ce926d2bceac1ffe030175?s=96&d=mm&r=g","caption":"Pedro Ara\u00fajo"},"logo":{"@id":"https:\/\/secure.gravatar.com\/avatar\/d654258027afd7c928561b83494a45e3aff23d7ac7ce926d2bceac1ffe030175?s=96&d=mm&r=g"},"description":"As informa\u00e7\u00f5es que traduzem as verdades dos fatos, sem ferir ou denegrir pessoas ou imagens. Como tamb\u00e9m, nunca procurando agradar aos maus feitores.","sameAs":["http:\/\/www.penoticias.com.br","pedrovicentearaujo@hotmail.com","@pedroafogados","https:\/\/x.com\/pedromuela","www.penoticias.com.br"],"url":"https:\/\/penoticias.com.br\/blog\/author\/pedro\/"}]}},"_links":{"self":[{"href":"https:\/\/penoticias.com.br\/blog\/wp-json\/wp\/v2\/posts\/218368","targetHints":{"allow":["GET"]}}],"collection":[{"href":"https:\/\/penoticias.com.br\/blog\/wp-json\/wp\/v2\/posts"}],"about":[{"href":"https:\/\/penoticias.com.br\/blog\/wp-json\/wp\/v2\/types\/post"}],"author":[{"embeddable":true,"href":"https:\/\/penoticias.com.br\/blog\/wp-json\/wp\/v2\/users\/2"}],"replies":[{"embeddable":true,"href":"https:\/\/penoticias.com.br\/blog\/wp-json\/wp\/v2\/comments?post=218368"}],"version-history":[{"count":1,"href":"https:\/\/penoticias.com.br\/blog\/wp-json\/wp\/v2\/posts\/218368\/revisions"}],"predecessor-version":[{"id":218372,"href":"https:\/\/penoticias.com.br\/blog\/wp-json\/wp\/v2\/posts\/218368\/revisions\/218372"}],"wp:attachment":[{"href":"https:\/\/penoticias.com.br\/blog\/wp-json\/wp\/v2\/media?parent=218368"}],"wp:term":[{"taxonomy":"category","embeddable":true,"href":"https:\/\/penoticias.com.br\/blog\/wp-json\/wp\/v2\/categories?post=218368"},{"taxonomy":"post_tag","embeddable":true,"href":"https:\/\/penoticias.com.br\/blog\/wp-json\/wp\/v2\/tags?post=218368"}],"curies":[{"name":"wp","href":"https:\/\/api.w.org\/{rel}","templated":true}]}}