{"id":219662,"date":"2026-06-07T00:08:47","date_gmt":"2026-06-07T03:08:47","guid":{"rendered":"https:\/\/penoticias.com.br\/blog\/?p=219662"},"modified":"2026-06-06T22:35:34","modified_gmt":"2026-06-07T01:35:34","slug":"monitoramento-de-tubaroes-em-pernambuco-precisa-virar-politica-de-estado-diz-cientista","status":"publish","type":"post","link":"https:\/\/penoticias.com.br\/blog\/monitoramento-de-tubaroes-em-pernambuco-precisa-virar-politica-de-estado-diz-cientista\/","title":{"rendered":"Monitoramento de tubar\u00f5es em Pernambuco precisa virar pol\u00edtica de Estado, diz cientista"},"content":{"rendered":"<p style=\"text-align: center;\"><img fetchpriority=\"high\" decoding=\"async\" class=\"alignnone wp-image-219663 \" src=\"https:\/\/penoticias.com.br\/blog\/wp-content\/uploads\/2026\/06\/a-1024x682.jpeg\" alt=\"\" width=\"641\" height=\"427\" srcset=\"https:\/\/penoticias.com.br\/blog\/wp-content\/uploads\/2026\/06\/a-1024x682.jpeg 1024w, https:\/\/penoticias.com.br\/blog\/wp-content\/uploads\/2026\/06\/a-300x200.jpeg 300w, https:\/\/penoticias.com.br\/blog\/wp-content\/uploads\/2026\/06\/a-768x511.jpeg 768w, https:\/\/penoticias.com.br\/blog\/wp-content\/uploads\/2026\/06\/a.jpeg 1200w\" sizes=\"(max-width: 641px) 100vw, 641px\" \/><\/p>\n<p>Com quatro incidentes envolvendo tubar\u00f5es em 2026, Pernambuco n\u00e3o disp\u00f5e de uma pol\u00edtica de Estado de monitoramento e educa\u00e7\u00e3o ambiental voltada para tubar\u00f5es. \u00c9 o que aponta o professor de Engenharia de Pesca da Universidade Federal Rural de Pernambuco (UFRPE) Paulo Oliveira, membro da equipe respons\u00e1vel por vencer o edital do Governo de Pernambuco, captando R$ 1 milh\u00e3o para dois anos de monitoramento em Recife, Olinda e Jaboat\u00e3o dos Guararapes.<\/p>\n<p>Apesar de reconhecer a import\u00e2ncia do recurso, o pesquisador destaca que o monitoramento precisa acontecer de forma cont\u00ednua e lembra que o estado est\u00e1 desde 2015 sem acompanhar os animais. \u201cEsse recurso que recebemos agora para monitoramento n\u00e3o foi dado, n\u00f3s conquistamos atrav\u00e9s de um edital. O monitoramento n\u00e3o pode depender de escolhas pol\u00edticas de governo A ou B, mas ser transformado em uma pol\u00edtica de Estado, com recursos garantidos inclusive para educa\u00e7\u00e3o da popula\u00e7\u00e3o\u201d, destaca Oliveira.<\/p>\n<p>O pesquisador afirma que a descontinuidade do programa de monitoramento da UFRPE, lan\u00e7ado no in\u00edcio dos anos 1990, impede que os cientistas analisem a situa\u00e7\u00e3o da costa\u00a0pernambucana com precis\u00e3o, atrav\u00e9s de uma s\u00e9rie hist\u00f3rica. Ele tamb\u00e9m lembra que novos tubar\u00f5es nascem, crescem e morrem de maneira din\u00e2mica, bem como ressalta que as mudan\u00e7as clim\u00e1ticas t\u00eam afetado o comportamento das esp\u00e9cies no mundo inteiro.<\/p>\n<p>\u201c\u00c9 cada vez mais comum, em v\u00e1rios lugares do planeta, que os tubar\u00f5es estejam se aproximando da costa. E a\u00ed quando a gente vai ter uma s\u00e9rie hist\u00f3rica bacana, o monitoramento precisa acabar porque o financiamento \u00e9 descontinuado\u201d, comenta.<\/p>\n<p>Para Oliveira, Pernambuco deveria dispor de um Centro de Refer\u00eancia para monitoramento e conserva\u00e7\u00e3o marinha, com recursos previstos no or\u00e7amento estadual e atua\u00e7\u00e3o cont\u00ednua, independentemente de mudan\u00e7as de governo. \u201cOs incidentes deste ano aconteceram com duas crian\u00e7as e uma jovem de 19 anos. Isso refor\u00e7a a necessidade de ampliar as a\u00e7\u00f5es educativas junto \u00e0 popula\u00e7\u00e3o, inclusive nas escolas\u201d, acrescenta.<\/p>\n<p><strong>Preven\u00e7\u00e3o em risco<\/strong><!--more--><\/p>\n<p>A diretora-presidente do Instituto PROSHARK, Fernanda Lana, ressalta que a interrup\u00e7\u00e3o do monitoramento coloca em risco as medidas de preven\u00e7\u00e3o que j\u00e1 foram tomadas. A instala\u00e7\u00e3o das placas de alerta nas \u00e1reas de risco, por exemplo, \u00e9 realizada a partir de dados obtidos pelo acompanhamento dos animais.<\/p>\n<p>\u201cO que balizou a coloca\u00e7\u00e3o dos alertas foi o monitoramento realizado at\u00e9 2015. Temos muita informa\u00e7\u00e3o coletada no passado, mas sem a continuidade do trabalho, voc\u00ea n\u00e3o consegue entender como \u00e9 o uso atual do ambiente\u201d, explica a pesquisadora, que \u00e9 mestre e doutora em Recursos Pesqueiros e Aquicultura pela UFRPE.<\/p>\n<p>Ela tamb\u00e9m ressalta que os dados de monitoramento s\u00e3o essenciais para o desenvolvimento de pol\u00edticas p\u00fablicas. \u201cMuitas vezes, a sociedade cobra os cientistas por resultados concretos das pesquisas, mas n\u00f3s n\u00e3o somos tomadores de decis\u00e3o. A press\u00e3o deve acontecer para que o poder p\u00fablico utilize esses dados para agir com efici\u00eancia\u201d, afirma.<\/p>\n<p><strong>Recupera\u00e7\u00e3o ambiental<\/strong><\/p>\n<p>Para a pesquisadora, Pernambuco tamb\u00e9m precisa avan\u00e7ar na recupera\u00e7\u00e3o dos ecossistemas costeiros, especialmente dos manguezais historicamente impactados por aspectos como expans\u00f5es urbanas e portu\u00e1rias, al\u00e9m da pesca predat\u00f3ria. \u201c\u00c9 preciso utilizar os recursos de compensa\u00e7\u00e3o ambiental para recuperar os manguezais, que s\u00e3o a base do ecossistema marinho e t\u00eam sido degradados a d\u00e9cadas\u201d, diz Fernanda Lana.<\/p>\n<p>Segundo a pesquisadora, restaurar habitats degradados n\u00e3o eliminaria completamente os incidentes, mas poderia reduzir a frequ\u00eancia dos encontros entre humanos e tubar\u00f5es. \u201cCom maior disponibilidade de alimento, \u00e1reas recuperadas, a intera\u00e7\u00e3o certamente ir\u00e1 diminuir. Pode n\u00e3o acabar, mas vai diminuir\u201d, acrescenta.<\/p>\n<p><strong>Outro lado<\/strong><\/p>\n<p>Por meio de nota, a Secretaria de Meio Ambiente, Sustentabilidade e Fernando de Noronha (Semas) de Pernambuco disse que, entre 2023 e 2026, foram fomentados 14 projetos estrat\u00e9gicos diretamente relacionados aos objetivos do CEMIT e do PEAST\/PE, &#8220;evidenciando o fortalecimento progressivo das a\u00e7\u00f5es de preven\u00e7\u00e3o, pesquisa, monitoramento e educa\u00e7\u00e3o ambiental&#8221;. Al\u00e9m disso, a Semas informou que estuda a cria\u00e7\u00e3o de um mecanismo permanente de financiamento dessas a\u00e7\u00f5es por meio do Fundo Estadual de Meio Ambiente (FEMA), proposta atualmente em an\u00e1lise t\u00e9cnica e institucional.<\/p>\n<p>De acordo com a pasta, os\u00a0recursos de compensa\u00e7\u00e3o ambiental s\u00e3o disciplinados pela Lei Federal n\u00ba 9.985\/2000 (Sistema Nacional de Unidades de Conserva\u00e7\u00e3o da Natureza \u2013 SNUC), regulamentada pelos Decretos Federais n\u00ba 4.340\/2002 e n\u00ba 6.848\/2009. Em Pernambuco, a mat\u00e9ria \u00e9 regulamentada pela Lei Estadual n\u00ba 13.787\/2009 e pelo Decreto Estadual n\u00ba 56.515\/2024.<\/p>\n<p>&#8220;De acordo com esse conjunto normativo, os recursos de compensa\u00e7\u00e3o ambiental devem ser destinados prioritariamente \u00e0 cria\u00e7\u00e3o, implanta\u00e7\u00e3o, regulariza\u00e7\u00e3o fundi\u00e1ria, prote\u00e7\u00e3o, gest\u00e3o e consolida\u00e7\u00e3o de unidades de conserva\u00e7\u00e3o. Por essa raz\u00e3o, as a\u00e7\u00f5es de pesquisa, monitoramento, educa\u00e7\u00e3o ambiental, comunica\u00e7\u00e3o socioambiental e preven\u00e7\u00e3o de incidentes com tubar\u00f5es s\u00e3o financiadas por outras fontes, como recursos do Tesouro Estadual, editais de pesquisa e inova\u00e7\u00e3o, parcerias institucionais, conv\u00eanios e demais instrumentos de fomento ambiental e cient\u00edfico&#8221;, disse a Semas.<\/p>\n<p>A secretaria ainda destacou que a promo\u00e7\u00e3o do\u00a0Edital Plantar Juntos Manguezal, com investimento que apoiou a\u00e7\u00f5es de restaura\u00e7\u00e3o em Ipojuca, Paulista, Olinda, Recife e Jaboat\u00e3o dos Guararapes. &#8220;Ao todo, foram investidos mais de R$ 1,2 milh\u00e3o em restaura\u00e7\u00e3o de manguezais e corais entre os anos de 2024 e 2026&#8221;, coloca o posicionamento.<\/p>\n<p>Atualmente, segundo a Semas, o CEMIT est\u00e1 concluindo a revis\u00e3o e consolida\u00e7\u00e3o dos dados hist\u00f3ricos e dos registros mais recentes de incidentes envolvendo tubar\u00f5es, com o objetivo de qualificar as informa\u00e7\u00f5es sobre as esp\u00e9cies envolvidas nos incidentes registrados em Pernambuco. &#8220;Os resultados dessa an\u00e1lise ser\u00e3o divulgados em breve pelo Comit\u00ea, ap\u00f3s a finaliza\u00e7\u00e3o das avalia\u00e7\u00f5es t\u00e9cnicas em andamento&#8221;, conclui a nota.<\/p>\n","protected":false},"excerpt":{"rendered":"<p>Com quatro incidentes envolvendo tubar\u00f5es em 2026, Pernambuco n\u00e3o disp\u00f5e de uma pol\u00edtica de Estado de monitoramento e educa\u00e7\u00e3o ambiental voltada para tubar\u00f5es. \u00c9 o que aponta o professor de Engenharia de Pesca da Universidade Federal Rural de Pernambuco (UFRPE) Paulo Oliveira, membro da equipe respons\u00e1vel por vencer o edital do Governo de Pernambuco, captando &#8230; <a title=\"Monitoramento de tubar\u00f5es em Pernambuco precisa virar pol\u00edtica de Estado, diz cientista\" class=\"read-more\" href=\"https:\/\/penoticias.com.br\/blog\/monitoramento-de-tubaroes-em-pernambuco-precisa-virar-politica-de-estado-diz-cientista\/\" aria-label=\"Read more about Monitoramento de tubar\u00f5es em Pernambuco precisa virar pol\u00edtica de Estado, diz cientista\">Ler mais<\/a><\/p>\n<div class='heateorSssClear'><\/div><div  class='heateor_sss_sharing_container heateor_sss_horizontal_sharing' data-heateor-sss-href='https:\/\/penoticias.com.br\/blog\/monitoramento-de-tubaroes-em-pernambuco-precisa-virar-politica-de-estado-diz-cientista\/'><div class='heateor_sss_sharing_title' style=\"font-weight:bold\" ><\/div><div class=\"heateor_sss_sharing_ul\"><a aria-label=\"Facebook\" class=\"heateor_sss_facebook\" href=\"https:\/\/www.facebook.com\/sharer\/sharer.php?u=https%3A%2F%2Fpenoticias.com.br%2Fblog%2Fmonitoramento-de-tubaroes-em-pernambuco-precisa-virar-politica-de-estado-diz-cientista%2F\" title=\"Facebook\" rel=\"nofollow noopener\" target=\"_blank\" style=\"font-size:32px!important;box-shadow:none;display:inline-block;vertical-align:middle\"><span class=\"heateor_sss_svg\" style=\"background-color:#0765FE;width:35px;height:35px;border-radius:999px;display:inline-block;opacity:1;float:left;font-size:32px;box-shadow:none;display:inline-block;font-size:16px;padding:0 4px;vertical-align:middle;background-repeat:repeat;overflow:hidden;padding:0;cursor:pointer;box-sizing:content-box\"><svg style=\"display:block;border-radius:999px;\" focusable=\"false\" aria-hidden=\"true\" xmlns=\"http:\/\/www.w3.org\/2000\/svg\" width=\"100%\" height=\"100%\" viewBox=\"0 0 32 32\"><path fill=\"#fff\" d=\"M28 16c0-6.627-5.373-12-12-12S4 9.373 4 16c0 5.628 3.875 10.35 9.101 11.647v-7.98h-2.474V16H13.1v-1.58c0-4.085 1.849-5.978 5.859-5.978.76 0 2.072.15 2.608.298v3.325c-.283-.03-.775-.045-1.386-.045-1.967 0-2.728.745-2.728 2.683V16h3.92l-.673 3.667h-3.247v8.245C23.395 27.195 28 22.135 28 16Z\"><\/path><\/svg><\/span><\/a><a aria-label=\"Twitter\" class=\"heateor_sss_button_twitter\" href=\"https:\/\/twitter.com\/intent\/tweet?text=Monitoramento%20de%20tubar%C3%B5es%20em%20Pernambuco%20precisa%20virar%20pol%C3%ADtica%20de%20Estado%2C%20diz%20cientista&url=https%3A%2F%2Fpenoticias.com.br%2Fblog%2Fmonitoramento-de-tubaroes-em-pernambuco-precisa-virar-politica-de-estado-diz-cientista%2F\" title=\"Twitter\" rel=\"nofollow noopener\" target=\"_blank\" style=\"font-size:32px!important;box-shadow:none;display:inline-block;vertical-align:middle\"><span class=\"heateor_sss_svg heateor_sss_s__default heateor_sss_s_twitter\" style=\"background-color:#55acee;width:35px;height:35px;border-radius:999px;display:inline-block;opacity:1;float:left;font-size:32px;box-shadow:none;display:inline-block;font-size:16px;padding:0 4px;vertical-align:middle;background-repeat:repeat;overflow:hidden;padding:0;cursor:pointer;box-sizing:content-box\"><svg style=\"display:block;border-radius:999px;\" focusable=\"false\" aria-hidden=\"true\" xmlns=\"http:\/\/www.w3.org\/2000\/svg\" width=\"100%\" height=\"100%\" viewBox=\"-4 -4 39 39\"><path d=\"M28 8.557a9.913 9.913 0 0 1-2.828.775 4.93 4.93 0 0 0 2.166-2.725 9.738 9.738 0 0 1-3.13 1.194 4.92 4.92 0 0 0-3.593-1.55 4.924 4.924 0 0 0-4.794 6.049c-4.09-.21-7.72-2.17-10.15-5.15a4.942 4.942 0 0 0-.665 2.477c0 1.71.87 3.214 2.19 4.1a4.968 4.968 0 0 1-2.23-.616v.06c0 2.39 1.7 4.38 3.952 4.83-.414.115-.85.174-1.297.174-.318 0-.626-.03-.928-.086a4.935 4.935 0 0 0 4.6 3.42 9.893 9.893 0 0 1-6.114 2.107c-.398 0-.79-.023-1.175-.068a13.953 13.953 0 0 0 7.55 2.213c9.056 0 14.01-7.507 14.01-14.013 0-.213-.005-.426-.015-.637.96-.695 1.795-1.56 2.455-2.55z\" fill=\"#fff\"><\/path><\/svg><\/span><\/a><a aria-label=\"Whatsapp\" class=\"heateor_sss_whatsapp\" href=\"https:\/\/api.whatsapp.com\/send?text=Monitoramento%20de%20tubar%C3%B5es%20em%20Pernambuco%20precisa%20virar%20pol%C3%ADtica%20de%20Estado%2C%20diz%20cientista%20https%3A%2F%2Fpenoticias.com.br%2Fblog%2Fmonitoramento-de-tubaroes-em-pernambuco-precisa-virar-politica-de-estado-diz-cientista%2F\" title=\"Whatsapp\" rel=\"nofollow noopener\" target=\"_blank\" style=\"font-size:32px!important;box-shadow:none;display:inline-block;vertical-align:middle\"><span class=\"heateor_sss_svg\" style=\"background-color:#55eb4c;width:35px;height:35px;border-radius:999px;display:inline-block;opacity:1;float:left;font-size:32px;box-shadow:none;display:inline-block;font-size:16px;padding:0 4px;vertical-align:middle;background-repeat:repeat;overflow:hidden;padding:0;cursor:pointer;box-sizing:content-box\"><svg style=\"display:block;border-radius:999px;\" focusable=\"false\" aria-hidden=\"true\" xmlns=\"http:\/\/www.w3.org\/2000\/svg\" width=\"100%\" height=\"100%\" viewBox=\"-6 -5 40 40\"><path class=\"heateor_sss_svg_stroke heateor_sss_no_fill\" stroke=\"#fff\" stroke-width=\"2\" fill=\"none\" d=\"M 11.579798566743314 24.396926207859085 A 10 10 0 1 0 6.808479557110079 20.73576436351046\"><\/path><path d=\"M 7 19 l -1 6 l 6 -1\" class=\"heateor_sss_no_fill heateor_sss_svg_stroke\" stroke=\"#fff\" stroke-width=\"2\" fill=\"none\"><\/path><path d=\"M 10 10 q -1 8 8 11 c 5 -1 0 -6 -1 -3 q -4 -3 -5 -5 c 4 -2 -1 -5 -1 -4\" fill=\"#fff\"><\/path><\/svg><\/span><\/a><a aria-label=\"Gmail\" class=\"heateor_sss_button_google_gmail\" href=\"https:\/\/mail.google.com\/mail\/?ui=2&view=cm&fs=1&tf=1&su=Monitoramento%20de%20tubar%C3%B5es%20em%20Pernambuco%20precisa%20virar%20pol%C3%ADtica%20de%20Estado%2C%20diz%20cientista&body=Link:https%3A%2F%2Fpenoticias.com.br%2Fblog%2Fmonitoramento-de-tubaroes-em-pernambuco-precisa-virar-politica-de-estado-diz-cientista%2F\" title=\"Google Gmail\" rel=\"nofollow noopener\" target=\"_blank\" style=\"font-size:32px!important;box-shadow:none;display:inline-block;vertical-align:middle\"><span class=\"heateor_sss_svg heateor_sss_s__default heateor_sss_s_Google_Gmail\" style=\"background-color:#e5e5e5;width:35px;height:35px;border-radius:999px;display:inline-block;opacity:1;float:left;font-size:32px;box-shadow:none;display:inline-block;font-size:16px;padding:0 4px;vertical-align:middle;background-repeat:repeat;overflow:hidden;padding:0;cursor:pointer;box-sizing:content-box\"><svg style=\"display:block;border-radius:999px;\" focusable=\"false\" aria-hidden=\"true\" xmlns=\"http:\/\/www.w3.org\/2000\/svg\" width=\"100%\" height=\"100%\" viewBox=\"0 0 32 32\"><path fill=\"#fff\" d=\"M2.902 6.223h26.195v19.554H2.902z\"><\/path><path fill=\"#E14C41\" class=\"heateor_sss_no_fill\" d=\"M2.902 25.777h26.195V6.223H2.902v19.554zm22.44-4.007v3.806H6.955v-3.6h.032l.093-.034 6.9-5.558 2.09 1.77 1.854-1.63 7.42 5.246zm0-.672l-7.027-4.917 7.028-6.09V21.1zm-1.17-14.67l-.947.905c-2.356 2.284-4.693 4.75-7.17 6.876l-.078.06L8.062 6.39l16.11.033zm-10.597 9.61l-6.62 5.294.016-10.914 6.607 5.62\"><\/path><\/svg><\/span><\/a><a aria-label=\"Instagram\" class=\"heateor_sss_button_instagram\" href=\"https:\/\/www.instagram.com\/\" title=\"Instagram\" rel=\"nofollow noopener\" target=\"_blank\" style=\"font-size:32px!important;box-shadow:none;display:inline-block;vertical-align:middle\"><span class=\"heateor_sss_svg\" style=\"background-color:#53beee;width:35px;height:35px;border-radius:999px;display:inline-block;opacity:1;float:left;font-size:32px;box-shadow:none;display:inline-block;font-size:16px;padding:0 4px;vertical-align:middle;background-repeat:repeat;overflow:hidden;padding:0;cursor:pointer;box-sizing:content-box\"><svg style=\"display:block;border-radius:999px;\" version=\"1.1\" viewBox=\"-10 -10 148 148\" width=\"100%\" height=\"100%\" xml:space=\"preserve\" xmlns=\"http:\/\/www.w3.org\/2000\/svg\" xmlns:xlink=\"http:\/\/www.w3.org\/1999\/xlink\"><g><g><path d=\"M86,112H42c-14.336,0-26-11.663-26-26V42c0-14.337,11.664-26,26-26h44c14.337,0,26,11.663,26,26v44 C112,100.337,100.337,112,86,112z M42,24c-9.925,0-18,8.074-18,18v44c0,9.925,8.075,18,18,18h44c9.926,0,18-8.075,18-18V42 c0-9.926-8.074-18-18-18H42z\" fill=\"#fff\"><\/path><\/g><g><path d=\"M64,88c-13.234,0-24-10.767-24-24c0-13.234,10.766-24,24-24s24,10.766,24,24C88,77.233,77.234,88,64,88z M64,48c-8.822,0-16,7.178-16,16s7.178,16,16,16c8.822,0,16-7.178,16-16S72.822,48,64,48z\" fill=\"#fff\"><\/path><\/g><g><circle cx=\"89.5\" cy=\"38.5\" fill=\"#fff\" r=\"5.5\"><\/circle><\/g><\/g><\/svg><\/span><\/a><a aria-label=\"Print\" class=\"heateor_sss_button_print\" href=\"https:\/\/penoticias.com.br\/blog\/monitoramento-de-tubaroes-em-pernambuco-precisa-virar-politica-de-estado-diz-cientista\/\" onclick=\"event.preventDefault();window.print()\" title=\"Print\" rel=\"noopener\" style=\"font-size:32px!important;box-shadow:none;display:inline-block;vertical-align:middle\"><span class=\"heateor_sss_svg heateor_sss_s__default heateor_sss_s_print\" style=\"background-color:#fd6500;width:35px;height:35px;border-radius:999px;display:inline-block;opacity:1;float:left;font-size:32px;box-shadow:none;display:inline-block;font-size:16px;padding:0 4px;vertical-align:middle;background-repeat:repeat;overflow:hidden;padding:0;cursor:pointer;box-sizing:content-box\"><svg style=\"display:block;border-radius:999px;\" focusable=\"false\" aria-hidden=\"true\" xmlns=\"http:\/\/www.w3.org\/2000\/svg\" width=\"100%\" height=\"100%\" viewBox=\"-2.8 -4.5 35 35\"><path stroke=\"#fff\" class=\"heateor_sss_svg_stroke\" d=\"M 7 10 h 2 v 3 h 12 v -3 h 2 v 7 h -2 v -3 h -12 v 3 h -2 z\" stroke-width=\"1\" fill=\"#fff\"><\/path><rect class=\"heateor_sss_no_fill heateor_sss_svg_stroke\" stroke=\"#fff\" stroke-width=\"1.8\" height=\"7\" width=\"10\" x=\"10\" y=\"5\" fill=\"none\"><\/rect><rect class=\"heateor_sss_svg_stroke\" stroke=\"#fff\" stroke-width=\"1\" height=\"5\" width=\"8\" x=\"11\" y=\"16\" fill=\"#fff\"><\/rect><\/svg><\/span><\/a><a class=\"heateor_sss_more\" aria-label=\"More\" title=\"More\" rel=\"nofollow noopener\" style=\"font-size: 32px!important;border:0;box-shadow:none;display:inline-block!important;font-size:16px;padding:0 4px;vertical-align: middle;display:inline;\" href=\"https:\/\/penoticias.com.br\/blog\/monitoramento-de-tubaroes-em-pernambuco-precisa-virar-politica-de-estado-diz-cientista\/\" onclick=\"event.preventDefault()\"><span class=\"heateor_sss_svg\" style=\"background-color:#ee8e2d;width:35px;height:35px;border-radius:999px;display:inline-block!important;opacity:1;float:left;font-size:32px!important;box-shadow:none;display:inline-block;font-size:16px;padding:0 4px;vertical-align:middle;display:inline;background-repeat:repeat;overflow:hidden;padding:0;cursor:pointer;box-sizing:content-box;\" onclick=\"heateorSssMoreSharingPopup(this, 'https:\/\/penoticias.com.br\/blog\/monitoramento-de-tubaroes-em-pernambuco-precisa-virar-politica-de-estado-diz-cientista\/', 'Monitoramento%20de%20tubar%C3%B5es%20em%20Pernambuco%20precisa%20virar%20pol%C3%ADtica%20de%20Estado%2C%20diz%20cientista', '' )\"><svg xmlns=\"http:\/\/www.w3.org\/2000\/svg\" xmlns:xlink=\"http:\/\/www.w3.org\/1999\/xlink\" viewBox=\"-.3 0 32 32\" version=\"1.1\" width=\"100%\" height=\"100%\" style=\"display:block;border-radius:999px;\" xml:space=\"preserve\"><g><path fill=\"#fff\" d=\"M18 14V8h-4v6H8v4h6v6h4v-6h6v-4h-6z\" fill-rule=\"evenodd\"><\/path><\/g><\/svg><\/span><\/a><\/div><div class=\"heateorSssClear\"><\/div><\/div><div class='heateorSssClear'><\/div>","protected":false},"author":2,"featured_media":0,"comment_status":"closed","ping_status":"closed","sticky":false,"template":"","format":"standard","meta":{"footnotes":""},"categories":[2],"tags":[],"class_list":["post-219662","post","type-post","status-publish","format-standard","hentry","category-uncategorised"],"yoast_head":"<!-- This site is optimized with the Yoast SEO plugin v28.4 - https:\/\/yoast.com\/product\/yoast-seo-wordpress\/ -->\n<title>Monitoramento de tubar\u00f5es em Pernambuco precisa virar pol\u00edtica de Estado, diz cientista - PE Not\u00edcias<\/title>\n<meta name=\"robots\" content=\"index, follow, max-snippet:-1, max-image-preview:large, max-video-preview:-1\" \/>\n<link rel=\"canonical\" href=\"https:\/\/penoticias.com.br\/blog\/monitoramento-de-tubaroes-em-pernambuco-precisa-virar-politica-de-estado-diz-cientista\/\" \/>\n<meta property=\"og:locale\" content=\"pt_BR\" \/>\n<meta property=\"og:type\" content=\"article\" \/>\n<meta property=\"og:title\" content=\"Monitoramento de tubar\u00f5es em Pernambuco precisa virar pol\u00edtica de Estado, diz cientista - PE Not\u00edcias\" \/>\n<meta property=\"og:description\" content=\"Com quatro incidentes envolvendo tubar\u00f5es em 2026, Pernambuco n\u00e3o disp\u00f5e de uma pol\u00edtica de Estado de monitoramento e educa\u00e7\u00e3o ambiental voltada para tubar\u00f5es. \u00c9 o que aponta o professor de Engenharia de Pesca da Universidade Federal Rural de Pernambuco (UFRPE) Paulo Oliveira, membro da equipe respons\u00e1vel por vencer o edital do Governo de Pernambuco, captando ... Ler mais\" \/>\n<meta property=\"og:url\" content=\"https:\/\/penoticias.com.br\/blog\/monitoramento-de-tubaroes-em-pernambuco-precisa-virar-politica-de-estado-diz-cientista\/\" \/>\n<meta property=\"og:site_name\" content=\"PE Not\u00edcias\" \/>\n<meta property=\"article:publisher\" content=\"pedrovicentearaujo@hotmail.com\" \/>\n<meta property=\"article:author\" content=\"pedrovicentearaujo@hotmail.com\" \/>\n<meta property=\"article:published_time\" content=\"2026-06-07T03:08:47+00:00\" \/>\n<meta property=\"og:image\" content=\"https:\/\/penoticias.com.br\/blog\/wp-content\/uploads\/2026\/06\/a.jpeg\" \/>\n\t<meta property=\"og:image:width\" content=\"1200\" \/>\n\t<meta property=\"og:image:height\" content=\"799\" \/>\n\t<meta property=\"og:image:type\" content=\"image\/jpeg\" \/>\n<meta name=\"author\" content=\"Pedro Ara\u00fajo\" \/>\n<meta name=\"twitter:card\" content=\"summary_large_image\" \/>\n<meta name=\"twitter:creator\" content=\"@pedromuela\" \/>\n<meta name=\"twitter:site\" content=\"@pedromuela\" \/>\n<meta name=\"twitter:label1\" content=\"Escrito por\" \/>\n\t<meta name=\"twitter:data1\" content=\"Pedro Ara\u00fajo\" \/>\n\t<meta name=\"twitter:label2\" content=\"Est. tempo de leitura\" \/>\n\t<meta name=\"twitter:data2\" content=\"6 minutos\" \/>\n<script type=\"application\/ld+json\" class=\"yoast-schema-graph\">{\"@context\":\"https:\\\/\\\/schema.org\",\"@graph\":[{\"@type\":\"Article\",\"@id\":\"https:\\\/\\\/penoticias.com.br\\\/blog\\\/monitoramento-de-tubaroes-em-pernambuco-precisa-virar-politica-de-estado-diz-cientista\\\/#article\",\"isPartOf\":{\"@id\":\"https:\\\/\\\/penoticias.com.br\\\/blog\\\/monitoramento-de-tubaroes-em-pernambuco-precisa-virar-politica-de-estado-diz-cientista\\\/\"},\"author\":{\"name\":\"Pedro Ara\u00fajo\",\"@id\":\"https:\\\/\\\/penoticias.com.br\\\/blog\\\/#\\\/schema\\\/person\\\/13ea60669d2351f129ef3657907f1432\"},\"headline\":\"Monitoramento de tubar\u00f5es em Pernambuco precisa virar pol\u00edtica de Estado, diz cientista\",\"datePublished\":\"2026-06-07T03:08:47+00:00\",\"mainEntityOfPage\":{\"@id\":\"https:\\\/\\\/penoticias.com.br\\\/blog\\\/monitoramento-de-tubaroes-em-pernambuco-precisa-virar-politica-de-estado-diz-cientista\\\/\"},\"wordCount\":1006,\"publisher\":{\"@id\":\"https:\\\/\\\/penoticias.com.br\\\/blog\\\/#\\\/schema\\\/person\\\/13ea60669d2351f129ef3657907f1432\"},\"image\":{\"@id\":\"https:\\\/\\\/penoticias.com.br\\\/blog\\\/monitoramento-de-tubaroes-em-pernambuco-precisa-virar-politica-de-estado-diz-cientista\\\/#primaryimage\"},\"thumbnailUrl\":\"https:\\\/\\\/penoticias.com.br\\\/blog\\\/wp-content\\\/uploads\\\/2026\\\/06\\\/a-1024x682.jpeg\",\"articleSection\":[\"Geral\"],\"inLanguage\":\"pt-BR\"},{\"@type\":\"WebPage\",\"@id\":\"https:\\\/\\\/penoticias.com.br\\\/blog\\\/monitoramento-de-tubaroes-em-pernambuco-precisa-virar-politica-de-estado-diz-cientista\\\/\",\"url\":\"https:\\\/\\\/penoticias.com.br\\\/blog\\\/monitoramento-de-tubaroes-em-pernambuco-precisa-virar-politica-de-estado-diz-cientista\\\/\",\"name\":\"Monitoramento de tubar\u00f5es em Pernambuco precisa virar pol\u00edtica de Estado, diz cientista - PE Not\u00edcias\",\"isPartOf\":{\"@id\":\"https:\\\/\\\/penoticias.com.br\\\/blog\\\/#website\"},\"primaryImageOfPage\":{\"@id\":\"https:\\\/\\\/penoticias.com.br\\\/blog\\\/monitoramento-de-tubaroes-em-pernambuco-precisa-virar-politica-de-estado-diz-cientista\\\/#primaryimage\"},\"image\":{\"@id\":\"https:\\\/\\\/penoticias.com.br\\\/blog\\\/monitoramento-de-tubaroes-em-pernambuco-precisa-virar-politica-de-estado-diz-cientista\\\/#primaryimage\"},\"thumbnailUrl\":\"https:\\\/\\\/penoticias.com.br\\\/blog\\\/wp-content\\\/uploads\\\/2026\\\/06\\\/a-1024x682.jpeg\",\"datePublished\":\"2026-06-07T03:08:47+00:00\",\"breadcrumb\":{\"@id\":\"https:\\\/\\\/penoticias.com.br\\\/blog\\\/monitoramento-de-tubaroes-em-pernambuco-precisa-virar-politica-de-estado-diz-cientista\\\/#breadcrumb\"},\"inLanguage\":\"pt-BR\",\"potentialAction\":[{\"@type\":\"ReadAction\",\"target\":[\"https:\\\/\\\/penoticias.com.br\\\/blog\\\/monitoramento-de-tubaroes-em-pernambuco-precisa-virar-politica-de-estado-diz-cientista\\\/\"]}]},{\"@type\":\"ImageObject\",\"inLanguage\":\"pt-BR\",\"@id\":\"https:\\\/\\\/penoticias.com.br\\\/blog\\\/monitoramento-de-tubaroes-em-pernambuco-precisa-virar-politica-de-estado-diz-cientista\\\/#primaryimage\",\"url\":\"https:\\\/\\\/penoticias.com.br\\\/blog\\\/wp-content\\\/uploads\\\/2026\\\/06\\\/a.jpeg\",\"contentUrl\":\"https:\\\/\\\/penoticias.com.br\\\/blog\\\/wp-content\\\/uploads\\\/2026\\\/06\\\/a.jpeg\",\"width\":1200,\"height\":799},{\"@type\":\"BreadcrumbList\",\"@id\":\"https:\\\/\\\/penoticias.com.br\\\/blog\\\/monitoramento-de-tubaroes-em-pernambuco-precisa-virar-politica-de-estado-diz-cientista\\\/#breadcrumb\",\"itemListElement\":[{\"@type\":\"ListItem\",\"position\":1,\"name\":\"In\u00edcio\",\"item\":\"https:\\\/\\\/penoticias.com.br\\\/blog\\\/\"},{\"@type\":\"ListItem\",\"position\":2,\"name\":\"Monitoramento de tubar\u00f5es em Pernambuco precisa virar pol\u00edtica de Estado, diz cientista\"}]},{\"@type\":\"WebSite\",\"@id\":\"https:\\\/\\\/penoticias.com.br\\\/blog\\\/#website\",\"url\":\"https:\\\/\\\/penoticias.com.br\\\/blog\\\/\",\"name\":\"PE Not\u00edcias\",\"description\":\"Voc\u00ea no Mundo da Informa\u00e7\u00e3o.\",\"publisher\":{\"@id\":\"https:\\\/\\\/penoticias.com.br\\\/blog\\\/#\\\/schema\\\/person\\\/13ea60669d2351f129ef3657907f1432\"},\"potentialAction\":[{\"@type\":\"SearchAction\",\"target\":{\"@type\":\"EntryPoint\",\"urlTemplate\":\"https:\\\/\\\/penoticias.com.br\\\/blog\\\/?s={search_term_string}\"},\"query-input\":{\"@type\":\"PropertyValueSpecification\",\"valueRequired\":true,\"valueName\":\"search_term_string\"}}],\"inLanguage\":\"pt-BR\"},{\"@type\":[\"Person\",\"Organization\"],\"@id\":\"https:\\\/\\\/penoticias.com.br\\\/blog\\\/#\\\/schema\\\/person\\\/13ea60669d2351f129ef3657907f1432\",\"name\":\"Pedro Ara\u00fajo\",\"image\":{\"@type\":\"ImageObject\",\"inLanguage\":\"pt-BR\",\"@id\":\"https:\\\/\\\/secure.gravatar.com\\\/avatar\\\/d654258027afd7c928561b83494a45e3aff23d7ac7ce926d2bceac1ffe030175?s=96&d=mm&r=g\",\"url\":\"https:\\\/\\\/secure.gravatar.com\\\/avatar\\\/d654258027afd7c928561b83494a45e3aff23d7ac7ce926d2bceac1ffe030175?s=96&d=mm&r=g\",\"contentUrl\":\"https:\\\/\\\/secure.gravatar.com\\\/avatar\\\/d654258027afd7c928561b83494a45e3aff23d7ac7ce926d2bceac1ffe030175?s=96&d=mm&r=g\",\"caption\":\"Pedro Ara\u00fajo\"},\"logo\":{\"@id\":\"https:\\\/\\\/secure.gravatar.com\\\/avatar\\\/d654258027afd7c928561b83494a45e3aff23d7ac7ce926d2bceac1ffe030175?s=96&d=mm&r=g\"},\"description\":\"As informa\u00e7\u00f5es que traduzem as verdades dos fatos, sem ferir ou denegrir pessoas ou imagens. Como tamb\u00e9m, nunca procurando agradar aos maus feitores.\",\"sameAs\":[\"http:\\\/\\\/www.penoticias.com.br\",\"pedrovicentearaujo@hotmail.com\",\"@pedroafogados\",\"https:\\\/\\\/x.com\\\/pedromuela\",\"www.penoticias.com.br\"],\"url\":\"https:\\\/\\\/penoticias.com.br\\\/blog\\\/author\\\/pedro\\\/\"}]}<\/script>\n<!-- \/ Yoast SEO plugin. -->","yoast_head_json":{"title":"Monitoramento de tubar\u00f5es em Pernambuco precisa virar pol\u00edtica de Estado, diz cientista - PE Not\u00edcias","robots":{"index":"index","follow":"follow","max-snippet":"max-snippet:-1","max-image-preview":"max-image-preview:large","max-video-preview":"max-video-preview:-1"},"canonical":"https:\/\/penoticias.com.br\/blog\/monitoramento-de-tubaroes-em-pernambuco-precisa-virar-politica-de-estado-diz-cientista\/","og_locale":"pt_BR","og_type":"article","og_title":"Monitoramento de tubar\u00f5es em Pernambuco precisa virar pol\u00edtica de Estado, diz cientista - PE Not\u00edcias","og_description":"Com quatro incidentes envolvendo tubar\u00f5es em 2026, Pernambuco n\u00e3o disp\u00f5e de uma pol\u00edtica de Estado de monitoramento e educa\u00e7\u00e3o ambiental voltada para tubar\u00f5es. \u00c9 o que aponta o professor de Engenharia de Pesca da Universidade Federal Rural de Pernambuco (UFRPE) Paulo Oliveira, membro da equipe respons\u00e1vel por vencer o edital do Governo de Pernambuco, captando ... Ler mais","og_url":"https:\/\/penoticias.com.br\/blog\/monitoramento-de-tubaroes-em-pernambuco-precisa-virar-politica-de-estado-diz-cientista\/","og_site_name":"PE Not\u00edcias","article_publisher":"pedrovicentearaujo@hotmail.com","article_author":"pedrovicentearaujo@hotmail.com","article_published_time":"2026-06-07T03:08:47+00:00","og_image":[{"width":1200,"height":799,"url":"https:\/\/penoticias.com.br\/blog\/wp-content\/uploads\/2026\/06\/a.jpeg","type":"image\/jpeg"}],"author":"Pedro Ara\u00fajo","twitter_card":"summary_large_image","twitter_creator":"@pedromuela","twitter_site":"@pedromuela","twitter_misc":{"Escrito por":"Pedro Ara\u00fajo","Est. tempo de leitura":"6 minutos"},"schema":{"@context":"https:\/\/schema.org","@graph":[{"@type":"Article","@id":"https:\/\/penoticias.com.br\/blog\/monitoramento-de-tubaroes-em-pernambuco-precisa-virar-politica-de-estado-diz-cientista\/#article","isPartOf":{"@id":"https:\/\/penoticias.com.br\/blog\/monitoramento-de-tubaroes-em-pernambuco-precisa-virar-politica-de-estado-diz-cientista\/"},"author":{"name":"Pedro Ara\u00fajo","@id":"https:\/\/penoticias.com.br\/blog\/#\/schema\/person\/13ea60669d2351f129ef3657907f1432"},"headline":"Monitoramento de tubar\u00f5es em Pernambuco precisa virar pol\u00edtica de Estado, diz cientista","datePublished":"2026-06-07T03:08:47+00:00","mainEntityOfPage":{"@id":"https:\/\/penoticias.com.br\/blog\/monitoramento-de-tubaroes-em-pernambuco-precisa-virar-politica-de-estado-diz-cientista\/"},"wordCount":1006,"publisher":{"@id":"https:\/\/penoticias.com.br\/blog\/#\/schema\/person\/13ea60669d2351f129ef3657907f1432"},"image":{"@id":"https:\/\/penoticias.com.br\/blog\/monitoramento-de-tubaroes-em-pernambuco-precisa-virar-politica-de-estado-diz-cientista\/#primaryimage"},"thumbnailUrl":"https:\/\/penoticias.com.br\/blog\/wp-content\/uploads\/2026\/06\/a-1024x682.jpeg","articleSection":["Geral"],"inLanguage":"pt-BR"},{"@type":"WebPage","@id":"https:\/\/penoticias.com.br\/blog\/monitoramento-de-tubaroes-em-pernambuco-precisa-virar-politica-de-estado-diz-cientista\/","url":"https:\/\/penoticias.com.br\/blog\/monitoramento-de-tubaroes-em-pernambuco-precisa-virar-politica-de-estado-diz-cientista\/","name":"Monitoramento de tubar\u00f5es em Pernambuco precisa virar pol\u00edtica de Estado, diz cientista - PE Not\u00edcias","isPartOf":{"@id":"https:\/\/penoticias.com.br\/blog\/#website"},"primaryImageOfPage":{"@id":"https:\/\/penoticias.com.br\/blog\/monitoramento-de-tubaroes-em-pernambuco-precisa-virar-politica-de-estado-diz-cientista\/#primaryimage"},"image":{"@id":"https:\/\/penoticias.com.br\/blog\/monitoramento-de-tubaroes-em-pernambuco-precisa-virar-politica-de-estado-diz-cientista\/#primaryimage"},"thumbnailUrl":"https:\/\/penoticias.com.br\/blog\/wp-content\/uploads\/2026\/06\/a-1024x682.jpeg","datePublished":"2026-06-07T03:08:47+00:00","breadcrumb":{"@id":"https:\/\/penoticias.com.br\/blog\/monitoramento-de-tubaroes-em-pernambuco-precisa-virar-politica-de-estado-diz-cientista\/#breadcrumb"},"inLanguage":"pt-BR","potentialAction":[{"@type":"ReadAction","target":["https:\/\/penoticias.com.br\/blog\/monitoramento-de-tubaroes-em-pernambuco-precisa-virar-politica-de-estado-diz-cientista\/"]}]},{"@type":"ImageObject","inLanguage":"pt-BR","@id":"https:\/\/penoticias.com.br\/blog\/monitoramento-de-tubaroes-em-pernambuco-precisa-virar-politica-de-estado-diz-cientista\/#primaryimage","url":"https:\/\/penoticias.com.br\/blog\/wp-content\/uploads\/2026\/06\/a.jpeg","contentUrl":"https:\/\/penoticias.com.br\/blog\/wp-content\/uploads\/2026\/06\/a.jpeg","width":1200,"height":799},{"@type":"BreadcrumbList","@id":"https:\/\/penoticias.com.br\/blog\/monitoramento-de-tubaroes-em-pernambuco-precisa-virar-politica-de-estado-diz-cientista\/#breadcrumb","itemListElement":[{"@type":"ListItem","position":1,"name":"In\u00edcio","item":"https:\/\/penoticias.com.br\/blog\/"},{"@type":"ListItem","position":2,"name":"Monitoramento de tubar\u00f5es em Pernambuco precisa virar pol\u00edtica de Estado, diz cientista"}]},{"@type":"WebSite","@id":"https:\/\/penoticias.com.br\/blog\/#website","url":"https:\/\/penoticias.com.br\/blog\/","name":"PE Not\u00edcias","description":"Voc\u00ea no Mundo da Informa\u00e7\u00e3o.","publisher":{"@id":"https:\/\/penoticias.com.br\/blog\/#\/schema\/person\/13ea60669d2351f129ef3657907f1432"},"potentialAction":[{"@type":"SearchAction","target":{"@type":"EntryPoint","urlTemplate":"https:\/\/penoticias.com.br\/blog\/?s={search_term_string}"},"query-input":{"@type":"PropertyValueSpecification","valueRequired":true,"valueName":"search_term_string"}}],"inLanguage":"pt-BR"},{"@type":["Person","Organization"],"@id":"https:\/\/penoticias.com.br\/blog\/#\/schema\/person\/13ea60669d2351f129ef3657907f1432","name":"Pedro Ara\u00fajo","image":{"@type":"ImageObject","inLanguage":"pt-BR","@id":"https:\/\/secure.gravatar.com\/avatar\/d654258027afd7c928561b83494a45e3aff23d7ac7ce926d2bceac1ffe030175?s=96&d=mm&r=g","url":"https:\/\/secure.gravatar.com\/avatar\/d654258027afd7c928561b83494a45e3aff23d7ac7ce926d2bceac1ffe030175?s=96&d=mm&r=g","contentUrl":"https:\/\/secure.gravatar.com\/avatar\/d654258027afd7c928561b83494a45e3aff23d7ac7ce926d2bceac1ffe030175?s=96&d=mm&r=g","caption":"Pedro Ara\u00fajo"},"logo":{"@id":"https:\/\/secure.gravatar.com\/avatar\/d654258027afd7c928561b83494a45e3aff23d7ac7ce926d2bceac1ffe030175?s=96&d=mm&r=g"},"description":"As informa\u00e7\u00f5es que traduzem as verdades dos fatos, sem ferir ou denegrir pessoas ou imagens. Como tamb\u00e9m, nunca procurando agradar aos maus feitores.","sameAs":["http:\/\/www.penoticias.com.br","pedrovicentearaujo@hotmail.com","@pedroafogados","https:\/\/x.com\/pedromuela","www.penoticias.com.br"],"url":"https:\/\/penoticias.com.br\/blog\/author\/pedro\/"}]}},"_links":{"self":[{"href":"https:\/\/penoticias.com.br\/blog\/wp-json\/wp\/v2\/posts\/219662","targetHints":{"allow":["GET"]}}],"collection":[{"href":"https:\/\/penoticias.com.br\/blog\/wp-json\/wp\/v2\/posts"}],"about":[{"href":"https:\/\/penoticias.com.br\/blog\/wp-json\/wp\/v2\/types\/post"}],"author":[{"embeddable":true,"href":"https:\/\/penoticias.com.br\/blog\/wp-json\/wp\/v2\/users\/2"}],"replies":[{"embeddable":true,"href":"https:\/\/penoticias.com.br\/blog\/wp-json\/wp\/v2\/comments?post=219662"}],"version-history":[{"count":1,"href":"https:\/\/penoticias.com.br\/blog\/wp-json\/wp\/v2\/posts\/219662\/revisions"}],"predecessor-version":[{"id":219664,"href":"https:\/\/penoticias.com.br\/blog\/wp-json\/wp\/v2\/posts\/219662\/revisions\/219664"}],"wp:attachment":[{"href":"https:\/\/penoticias.com.br\/blog\/wp-json\/wp\/v2\/media?parent=219662"}],"wp:term":[{"taxonomy":"category","embeddable":true,"href":"https:\/\/penoticias.com.br\/blog\/wp-json\/wp\/v2\/categories?post=219662"},{"taxonomy":"post_tag","embeddable":true,"href":"https:\/\/penoticias.com.br\/blog\/wp-json\/wp\/v2\/tags?post=219662"}],"curies":[{"name":"wp","href":"https:\/\/api.w.org\/{rel}","templated":true}]}}