{"id":219665,"date":"2026-06-07T00:09:51","date_gmt":"2026-06-07T03:09:51","guid":{"rendered":"https:\/\/penoticias.com.br\/blog\/?p=219665"},"modified":"2026-06-06T22:44:42","modified_gmt":"2026-06-07T01:44:42","slug":"a-influencia-que-lula-pode-ter-na-eleicao-de-pernambuco","status":"publish","type":"post","link":"https:\/\/penoticias.com.br\/blog\/a-influencia-que-lula-pode-ter-na-eleicao-de-pernambuco\/","title":{"rendered":"A influ\u00eancia que Lula pode ter na elei\u00e7\u00e3o de Pernambuco"},"content":{"rendered":"<p style=\"text-align: center;\"><img fetchpriority=\"high\" decoding=\"async\" class=\"alignnone wp-image-219666 \" src=\"https:\/\/penoticias.com.br\/blog\/wp-content\/uploads\/2026\/06\/Joao-Campos-e.jpg\" alt=\"\" width=\"615\" height=\"416\" srcset=\"https:\/\/penoticias.com.br\/blog\/wp-content\/uploads\/2026\/06\/Joao-Campos-e.jpg 858w, https:\/\/penoticias.com.br\/blog\/wp-content\/uploads\/2026\/06\/Joao-Campos-e-300x203.jpg 300w, https:\/\/penoticias.com.br\/blog\/wp-content\/uploads\/2026\/06\/Joao-Campos-e-768x519.jpg 768w\" sizes=\"(max-width: 615px) 100vw, 615px\" \/><\/p>\n<p><span style=\"font-size: 8pt;\"><em>Por Terezinha Nunes<\/em><\/span><\/p>\n<p>\u201c\u00c9 melhor um p\u00e1ssaro na m\u00e3o do que dois voando\u201d diz a sabedoria popular, o que acontece na pol\u00edtica quando algu\u00e9m tem possibilidade de conseguir mais votos se mantiver v\u00e1rios apoios, mesmo de partidos ou pessoas antag\u00f4nicas, mas acaba sendo obrigado, pelas circunst\u00e2ncias ou para evitar dores de cabe\u00e7a, a optar por apenas um, correndo um risco que nenhum pol\u00edtico gosta de correr que \u00e9 o de perder a elei\u00e7\u00e3o.<\/p>\n<p>Esse ditado foi citado esta semana por um deputado governista na Assembleia Legislativa, referindo-se ao pedido feito ao presidente Lula h\u00e1 15 dias, pelo ex-prefeito Jo\u00e3o Campos (PSB) para ele estar mais presente em Pernambuco e ajudar a garantir a vit\u00f3ria da Frente Popular na elei\u00e7\u00e3o deste ano.<\/p>\n<p>At\u00e9 as pombas que costumam pousar no Pal\u00e1cio do Campo das Princesas, onde despacha a governadora Raquel Lyra (PSD), e no Pal\u00e1cio Capibaribe, onde despachava o pr\u00f3prio Jo\u00e3o Campos, sabem que o Pal\u00e1cio do Planalto trabalha para o presidente n\u00e3o aparecer em Pernambuco no primeiro turno da campanha e ampliar o seu percentual de votos junto a partid\u00e1rios da governadora e do ex-prefeito.<\/p>\n<p>Foi o pr\u00f3prio Lula que, em ato falho ou n\u00e3o, chegou a se referir a isso em evento do PT na Bahia, no in\u00edcio de 2025, dando como exemplo a elei\u00e7\u00e3o de 2006 quando subiu nos palanques de Humberto e de Eduardo Campos, uniu os dois no segundo turno e a Frente Popular elegeu Eduardo.<\/p>\n<p>\u00c9 dif\u00edcil saber a esta altura se Lula vai seguir a proposta de Jo\u00e3o Campos, mas nos meios pol\u00edticos a possibilidade de o presidente vir ao estado ajudar o ex-prefeito provocou discuss\u00f5es sobre a for\u00e7a que ele poderia ter para estancar o crescimento recente de Raquel Lyra, que ultrapassou Jo\u00e3o na \u00faltima pesquisa da Datafolha.<\/p>\n<p>Um deputado estadual veterano chegou a lembrar que, embora seja imbat\u00edvel em seu estado, Lula n\u00e3o tem sido muito exitoso na hora de transferir votos para as pessoas que apoia.<\/p>\n<p>Os exemplos s\u00e3o muitos, apesar de em 2022 a atual senadora Teresa Leit\u00e3o ter se elegido usando o slogan \u201csenadora de Lula\u201d em uma chapa na qual o candidato a governador do PSB, Danilo Cabral, acabou na quarta coloca\u00e7\u00e3o n\u00e3o conseguindo passar para o 2\u00ba turno.<!--more--><\/p>\n<p>Um dos exemplos citados \u00e9 o pr\u00f3prio PT pernambucano, que elegeu Jo\u00e3o Paulo do PT prefeito do Recife por dois mandatos e nunca mais teve condi\u00e7\u00f5es de vencer elei\u00e7\u00f5es para o Executivo.<\/p>\n<p>O pr\u00f3prio Humberto Costa (PT), com apoio de Lula que veio \u00e0 capital na \u00e9poca, acabou em terceiro lugar na elei\u00e7\u00e3o para prefeito do Recife em 2012, quando o vencedor foi Geraldo J\u00falio (PSD) e o segundo lugar ficou com Daniel Coelho (PSD).<\/p>\n<p>Em 2014, ap\u00f3s a morte de Eduardo Campos, Lula apoiou Armando Monteiro (Podemos) para governador e Jo\u00e3o Paulo para senador, mas os eleitos foram Paulo C\u00e2mara e Fernando Bezerra Coelho (MDB).<\/p>\n<p>Em 2020, quando Mar\u00edlia Arraes (PDT) foi candidata pelo PT a prefeita do Recife e enfrentou Jo\u00e3o Campos, candidato do PSB, o apoio de Lula tamb\u00e9m n\u00e3o foi suficiente para dar a vit\u00f3ria a Mar\u00edlia, e Jo\u00e3o acabou eleito em um pleito no qual atacou, duramente, os petistas.<\/p>\n<p>Em 2022 Mar\u00edlia se candidatou a governadora, venceu bem o primeiro turno, o candidato de Lula era Danilo Cabral, e no segundo turno Lula n\u00e3o s\u00f3 a apoiou como comandou uma enorme passeata no centro do Recife tentando ajud\u00e1-la. Mas foi Raquel Lyra que saiu vencedora.<\/p>\n<p>O cientista pol\u00edtico pernambucano Adriano Oliveira, da Cen\u00e1rio Intelig\u00eancia e especialista em pesquisas qualitativas com atua\u00e7\u00e3o em todo o Nordeste, diz que os levantamentos realizados mostram que para grande parte dos eleitores a elei\u00e7\u00e3o para governador \u00e9 avaliada a partir da realidade local e do desempenho da gest\u00e3o estadual. Por isso, entende que nem o lulismo e nem o bolsonarismo podem reverter isso.<\/p>\n<p>Para ele, independente de quem seja o candidato a presidente ou o presidente de mandato que apoie um nome para o Governo do Estado \u201cgovernantes bem avaliados tendem a chegar mais fortes no processo eleitoral. Quando predomina a percep\u00e7\u00e3o de que o estado melhorou e o governador mant\u00e9m elevados n\u00edveis de aprova\u00e7\u00e3o suas chances de sucesso eleitoral aumentam significativamente\u201d.<\/p>\n<p>Outro achado recorrente nas pesquisas qualitativas, explica, \u00e9 a for\u00e7a do sentimento de \u201cseguir em frente\u201d e da percep\u00e7\u00e3o de que \u201co governador ainda tem tempo para fazer mais\u201d. &#8220;Quando esses sentimentos est\u00e3o presentes de forma intensa no eleitorado, a oposi\u00e7\u00e3o encontra dificuldades para construir uma narrativa de mudan\u00e7a e ampliar sua competitividade eleitoral.&#8221;<\/p>\n<p>A cientista pol\u00edtica Priscila Lapa tem o mesmo pensamento de Adriano Oliveira e adverte para uma \u201caposta excessiva na nacionaliza\u00e7\u00e3o do pleito que pode cegar os candidatos em rela\u00e7\u00e3o a outras estrat\u00e9gias\u201d.<\/p>\n<p>No seu entendimento, &#8220;os altos \u00edndices de aprova\u00e7\u00e3o de Raquel Lyra j\u00e1 mostram que o eleitor est\u00e1 direcionando seu olhar para as entregas locais, para aquilo que est\u00e1 impactando seu bem estar imediato. Possivelmente o pleito de governador ser\u00e1 uma compara\u00e7\u00e3o de performances e de capacidade de gest\u00e3o no \u00e2mbito local. Claro que o pano de fundo nacional, de alguma forma, influencia nessa avalia\u00e7\u00e3o que o eleitor faz no \u00e2mbito local, mas n\u00e3o invalida os tons locais que s\u00e3o predominantes&#8221;.<\/p>\n","protected":false},"excerpt":{"rendered":"<p>Por Terezinha Nunes \u201c\u00c9 melhor um p\u00e1ssaro na m\u00e3o do que dois voando\u201d diz a sabedoria popular, o que acontece na pol\u00edtica quando algu\u00e9m tem possibilidade de conseguir mais votos se mantiver v\u00e1rios apoios, mesmo de partidos ou pessoas antag\u00f4nicas, mas acaba sendo obrigado, pelas circunst\u00e2ncias ou para evitar dores de cabe\u00e7a, a optar por &#8230; <a title=\"A influ\u00eancia que Lula pode ter na elei\u00e7\u00e3o de Pernambuco\" class=\"read-more\" href=\"https:\/\/penoticias.com.br\/blog\/a-influencia-que-lula-pode-ter-na-eleicao-de-pernambuco\/\" aria-label=\"Read more about A influ\u00eancia que Lula pode ter na elei\u00e7\u00e3o de Pernambuco\">Ler mais<\/a><\/p>\n<div class='heateorSssClear'><\/div><div  class='heateor_sss_sharing_container heateor_sss_horizontal_sharing' data-heateor-sss-href='https:\/\/penoticias.com.br\/blog\/a-influencia-que-lula-pode-ter-na-eleicao-de-pernambuco\/'><div class='heateor_sss_sharing_title' style=\"font-weight:bold\" ><\/div><div class=\"heateor_sss_sharing_ul\"><a aria-label=\"Facebook\" class=\"heateor_sss_facebook\" href=\"https:\/\/www.facebook.com\/sharer\/sharer.php?u=https%3A%2F%2Fpenoticias.com.br%2Fblog%2Fa-influencia-que-lula-pode-ter-na-eleicao-de-pernambuco%2F\" title=\"Facebook\" rel=\"nofollow noopener\" target=\"_blank\" style=\"font-size:32px!important;box-shadow:none;display:inline-block;vertical-align:middle\"><span class=\"heateor_sss_svg\" style=\"background-color:#0765FE;width:35px;height:35px;border-radius:999px;display:inline-block;opacity:1;float:left;font-size:32px;box-shadow:none;display:inline-block;font-size:16px;padding:0 4px;vertical-align:middle;background-repeat:repeat;overflow:hidden;padding:0;cursor:pointer;box-sizing:content-box\"><svg style=\"display:block;border-radius:999px;\" focusable=\"false\" aria-hidden=\"true\" xmlns=\"http:\/\/www.w3.org\/2000\/svg\" width=\"100%\" height=\"100%\" viewBox=\"0 0 32 32\"><path fill=\"#fff\" d=\"M28 16c0-6.627-5.373-12-12-12S4 9.373 4 16c0 5.628 3.875 10.35 9.101 11.647v-7.98h-2.474V16H13.1v-1.58c0-4.085 1.849-5.978 5.859-5.978.76 0 2.072.15 2.608.298v3.325c-.283-.03-.775-.045-1.386-.045-1.967 0-2.728.745-2.728 2.683V16h3.92l-.673 3.667h-3.247v8.245C23.395 27.195 28 22.135 28 16Z\"><\/path><\/svg><\/span><\/a><a aria-label=\"Twitter\" class=\"heateor_sss_button_twitter\" href=\"https:\/\/twitter.com\/intent\/tweet?text=A%20influ%C3%AAncia%20que%20Lula%20pode%20ter%20na%20elei%C3%A7%C3%A3o%20de%20Pernambuco&url=https%3A%2F%2Fpenoticias.com.br%2Fblog%2Fa-influencia-que-lula-pode-ter-na-eleicao-de-pernambuco%2F\" title=\"Twitter\" rel=\"nofollow noopener\" target=\"_blank\" style=\"font-size:32px!important;box-shadow:none;display:inline-block;vertical-align:middle\"><span class=\"heateor_sss_svg heateor_sss_s__default heateor_sss_s_twitter\" style=\"background-color:#55acee;width:35px;height:35px;border-radius:999px;display:inline-block;opacity:1;float:left;font-size:32px;box-shadow:none;display:inline-block;font-size:16px;padding:0 4px;vertical-align:middle;background-repeat:repeat;overflow:hidden;padding:0;cursor:pointer;box-sizing:content-box\"><svg style=\"display:block;border-radius:999px;\" focusable=\"false\" aria-hidden=\"true\" xmlns=\"http:\/\/www.w3.org\/2000\/svg\" width=\"100%\" height=\"100%\" viewBox=\"-4 -4 39 39\"><path d=\"M28 8.557a9.913 9.913 0 0 1-2.828.775 4.93 4.93 0 0 0 2.166-2.725 9.738 9.738 0 0 1-3.13 1.194 4.92 4.92 0 0 0-3.593-1.55 4.924 4.924 0 0 0-4.794 6.049c-4.09-.21-7.72-2.17-10.15-5.15a4.942 4.942 0 0 0-.665 2.477c0 1.71.87 3.214 2.19 4.1a4.968 4.968 0 0 1-2.23-.616v.06c0 2.39 1.7 4.38 3.952 4.83-.414.115-.85.174-1.297.174-.318 0-.626-.03-.928-.086a4.935 4.935 0 0 0 4.6 3.42 9.893 9.893 0 0 1-6.114 2.107c-.398 0-.79-.023-1.175-.068a13.953 13.953 0 0 0 7.55 2.213c9.056 0 14.01-7.507 14.01-14.013 0-.213-.005-.426-.015-.637.96-.695 1.795-1.56 2.455-2.55z\" fill=\"#fff\"><\/path><\/svg><\/span><\/a><a aria-label=\"Whatsapp\" class=\"heateor_sss_whatsapp\" href=\"https:\/\/api.whatsapp.com\/send?text=A%20influ%C3%AAncia%20que%20Lula%20pode%20ter%20na%20elei%C3%A7%C3%A3o%20de%20Pernambuco%20https%3A%2F%2Fpenoticias.com.br%2Fblog%2Fa-influencia-que-lula-pode-ter-na-eleicao-de-pernambuco%2F\" title=\"Whatsapp\" rel=\"nofollow noopener\" target=\"_blank\" style=\"font-size:32px!important;box-shadow:none;display:inline-block;vertical-align:middle\"><span class=\"heateor_sss_svg\" style=\"background-color:#55eb4c;width:35px;height:35px;border-radius:999px;display:inline-block;opacity:1;float:left;font-size:32px;box-shadow:none;display:inline-block;font-size:16px;padding:0 4px;vertical-align:middle;background-repeat:repeat;overflow:hidden;padding:0;cursor:pointer;box-sizing:content-box\"><svg style=\"display:block;border-radius:999px;\" focusable=\"false\" aria-hidden=\"true\" xmlns=\"http:\/\/www.w3.org\/2000\/svg\" width=\"100%\" height=\"100%\" viewBox=\"-6 -5 40 40\"><path class=\"heateor_sss_svg_stroke heateor_sss_no_fill\" stroke=\"#fff\" stroke-width=\"2\" fill=\"none\" d=\"M 11.579798566743314 24.396926207859085 A 10 10 0 1 0 6.808479557110079 20.73576436351046\"><\/path><path d=\"M 7 19 l -1 6 l 6 -1\" class=\"heateor_sss_no_fill heateor_sss_svg_stroke\" stroke=\"#fff\" stroke-width=\"2\" fill=\"none\"><\/path><path d=\"M 10 10 q -1 8 8 11 c 5 -1 0 -6 -1 -3 q -4 -3 -5 -5 c 4 -2 -1 -5 -1 -4\" fill=\"#fff\"><\/path><\/svg><\/span><\/a><a aria-label=\"Gmail\" class=\"heateor_sss_button_google_gmail\" href=\"https:\/\/mail.google.com\/mail\/?ui=2&view=cm&fs=1&tf=1&su=A%20influ%C3%AAncia%20que%20Lula%20pode%20ter%20na%20elei%C3%A7%C3%A3o%20de%20Pernambuco&body=Link:https%3A%2F%2Fpenoticias.com.br%2Fblog%2Fa-influencia-que-lula-pode-ter-na-eleicao-de-pernambuco%2F\" title=\"Google Gmail\" rel=\"nofollow noopener\" target=\"_blank\" style=\"font-size:32px!important;box-shadow:none;display:inline-block;vertical-align:middle\"><span class=\"heateor_sss_svg heateor_sss_s__default heateor_sss_s_Google_Gmail\" style=\"background-color:#e5e5e5;width:35px;height:35px;border-radius:999px;display:inline-block;opacity:1;float:left;font-size:32px;box-shadow:none;display:inline-block;font-size:16px;padding:0 4px;vertical-align:middle;background-repeat:repeat;overflow:hidden;padding:0;cursor:pointer;box-sizing:content-box\"><svg style=\"display:block;border-radius:999px;\" focusable=\"false\" aria-hidden=\"true\" xmlns=\"http:\/\/www.w3.org\/2000\/svg\" width=\"100%\" height=\"100%\" viewBox=\"0 0 32 32\"><path fill=\"#fff\" d=\"M2.902 6.223h26.195v19.554H2.902z\"><\/path><path fill=\"#E14C41\" class=\"heateor_sss_no_fill\" d=\"M2.902 25.777h26.195V6.223H2.902v19.554zm22.44-4.007v3.806H6.955v-3.6h.032l.093-.034 6.9-5.558 2.09 1.77 1.854-1.63 7.42 5.246zm0-.672l-7.027-4.917 7.028-6.09V21.1zm-1.17-14.67l-.947.905c-2.356 2.284-4.693 4.75-7.17 6.876l-.078.06L8.062 6.39l16.11.033zm-10.597 9.61l-6.62 5.294.016-10.914 6.607 5.62\"><\/path><\/svg><\/span><\/a><a aria-label=\"Instagram\" class=\"heateor_sss_button_instagram\" href=\"https:\/\/www.instagram.com\/\" title=\"Instagram\" rel=\"nofollow noopener\" target=\"_blank\" style=\"font-size:32px!important;box-shadow:none;display:inline-block;vertical-align:middle\"><span class=\"heateor_sss_svg\" style=\"background-color:#53beee;width:35px;height:35px;border-radius:999px;display:inline-block;opacity:1;float:left;font-size:32px;box-shadow:none;display:inline-block;font-size:16px;padding:0 4px;vertical-align:middle;background-repeat:repeat;overflow:hidden;padding:0;cursor:pointer;box-sizing:content-box\"><svg style=\"display:block;border-radius:999px;\" version=\"1.1\" viewBox=\"-10 -10 148 148\" width=\"100%\" height=\"100%\" xml:space=\"preserve\" xmlns=\"http:\/\/www.w3.org\/2000\/svg\" xmlns:xlink=\"http:\/\/www.w3.org\/1999\/xlink\"><g><g><path d=\"M86,112H42c-14.336,0-26-11.663-26-26V42c0-14.337,11.664-26,26-26h44c14.337,0,26,11.663,26,26v44 C112,100.337,100.337,112,86,112z M42,24c-9.925,0-18,8.074-18,18v44c0,9.925,8.075,18,18,18h44c9.926,0,18-8.075,18-18V42 c0-9.926-8.074-18-18-18H42z\" fill=\"#fff\"><\/path><\/g><g><path d=\"M64,88c-13.234,0-24-10.767-24-24c0-13.234,10.766-24,24-24s24,10.766,24,24C88,77.233,77.234,88,64,88z M64,48c-8.822,0-16,7.178-16,16s7.178,16,16,16c8.822,0,16-7.178,16-16S72.822,48,64,48z\" fill=\"#fff\"><\/path><\/g><g><circle cx=\"89.5\" cy=\"38.5\" fill=\"#fff\" r=\"5.5\"><\/circle><\/g><\/g><\/svg><\/span><\/a><a aria-label=\"Print\" class=\"heateor_sss_button_print\" href=\"https:\/\/penoticias.com.br\/blog\/a-influencia-que-lula-pode-ter-na-eleicao-de-pernambuco\/\" onclick=\"event.preventDefault();window.print()\" title=\"Print\" rel=\"noopener\" style=\"font-size:32px!important;box-shadow:none;display:inline-block;vertical-align:middle\"><span class=\"heateor_sss_svg heateor_sss_s__default heateor_sss_s_print\" style=\"background-color:#fd6500;width:35px;height:35px;border-radius:999px;display:inline-block;opacity:1;float:left;font-size:32px;box-shadow:none;display:inline-block;font-size:16px;padding:0 4px;vertical-align:middle;background-repeat:repeat;overflow:hidden;padding:0;cursor:pointer;box-sizing:content-box\"><svg style=\"display:block;border-radius:999px;\" focusable=\"false\" aria-hidden=\"true\" xmlns=\"http:\/\/www.w3.org\/2000\/svg\" width=\"100%\" height=\"100%\" viewBox=\"-2.8 -4.5 35 35\"><path stroke=\"#fff\" class=\"heateor_sss_svg_stroke\" d=\"M 7 10 h 2 v 3 h 12 v -3 h 2 v 7 h -2 v -3 h -12 v 3 h -2 z\" stroke-width=\"1\" fill=\"#fff\"><\/path><rect class=\"heateor_sss_no_fill heateor_sss_svg_stroke\" stroke=\"#fff\" stroke-width=\"1.8\" height=\"7\" width=\"10\" x=\"10\" y=\"5\" fill=\"none\"><\/rect><rect class=\"heateor_sss_svg_stroke\" stroke=\"#fff\" stroke-width=\"1\" height=\"5\" width=\"8\" x=\"11\" y=\"16\" fill=\"#fff\"><\/rect><\/svg><\/span><\/a><a class=\"heateor_sss_more\" aria-label=\"More\" title=\"More\" rel=\"nofollow noopener\" style=\"font-size: 32px!important;border:0;box-shadow:none;display:inline-block!important;font-size:16px;padding:0 4px;vertical-align: middle;display:inline;\" href=\"https:\/\/penoticias.com.br\/blog\/a-influencia-que-lula-pode-ter-na-eleicao-de-pernambuco\/\" onclick=\"event.preventDefault()\"><span class=\"heateor_sss_svg\" style=\"background-color:#ee8e2d;width:35px;height:35px;border-radius:999px;display:inline-block!important;opacity:1;float:left;font-size:32px!important;box-shadow:none;display:inline-block;font-size:16px;padding:0 4px;vertical-align:middle;display:inline;background-repeat:repeat;overflow:hidden;padding:0;cursor:pointer;box-sizing:content-box;\" onclick=\"heateorSssMoreSharingPopup(this, 'https:\/\/penoticias.com.br\/blog\/a-influencia-que-lula-pode-ter-na-eleicao-de-pernambuco\/', 'A%20influ%C3%AAncia%20que%20Lula%20pode%20ter%20na%20elei%C3%A7%C3%A3o%20de%20Pernambuco', '' )\"><svg xmlns=\"http:\/\/www.w3.org\/2000\/svg\" xmlns:xlink=\"http:\/\/www.w3.org\/1999\/xlink\" viewBox=\"-.3 0 32 32\" version=\"1.1\" width=\"100%\" height=\"100%\" style=\"display:block;border-radius:999px;\" xml:space=\"preserve\"><g><path fill=\"#fff\" d=\"M18 14V8h-4v6H8v4h6v6h4v-6h6v-4h-6z\" fill-rule=\"evenodd\"><\/path><\/g><\/svg><\/span><\/a><\/div><div class=\"heateorSssClear\"><\/div><\/div><div class='heateorSssClear'><\/div>","protected":false},"author":2,"featured_media":0,"comment_status":"closed","ping_status":"closed","sticky":false,"template":"","format":"standard","meta":{"footnotes":""},"categories":[10],"tags":[],"class_list":["post-219665","post","type-post","status-publish","format-standard","hentry","category-politica"],"yoast_head":"<!-- This site is optimized with the Yoast SEO plugin v28.4 - https:\/\/yoast.com\/product\/yoast-seo-wordpress\/ -->\n<title>A influ\u00eancia que Lula pode ter na elei\u00e7\u00e3o de Pernambuco - PE Not\u00edcias<\/title>\n<meta name=\"robots\" content=\"index, follow, max-snippet:-1, max-image-preview:large, max-video-preview:-1\" \/>\n<link rel=\"canonical\" href=\"https:\/\/penoticias.com.br\/blog\/a-influencia-que-lula-pode-ter-na-eleicao-de-pernambuco\/\" \/>\n<meta property=\"og:locale\" content=\"pt_BR\" \/>\n<meta property=\"og:type\" content=\"article\" \/>\n<meta property=\"og:title\" content=\"A influ\u00eancia que Lula pode ter na elei\u00e7\u00e3o de Pernambuco - PE Not\u00edcias\" \/>\n<meta property=\"og:description\" content=\"Por Terezinha Nunes \u201c\u00c9 melhor um p\u00e1ssaro na m\u00e3o do que dois voando\u201d diz a sabedoria popular, o que acontece na pol\u00edtica quando algu\u00e9m tem possibilidade de conseguir mais votos se mantiver v\u00e1rios apoios, mesmo de partidos ou pessoas antag\u00f4nicas, mas acaba sendo obrigado, pelas circunst\u00e2ncias ou para evitar dores de cabe\u00e7a, a optar por ... Ler mais\" \/>\n<meta property=\"og:url\" content=\"https:\/\/penoticias.com.br\/blog\/a-influencia-que-lula-pode-ter-na-eleicao-de-pernambuco\/\" \/>\n<meta property=\"og:site_name\" content=\"PE Not\u00edcias\" \/>\n<meta property=\"article:publisher\" content=\"pedrovicentearaujo@hotmail.com\" \/>\n<meta property=\"article:author\" content=\"pedrovicentearaujo@hotmail.com\" \/>\n<meta property=\"article:published_time\" content=\"2026-06-07T03:09:51+00:00\" \/>\n<meta property=\"og:image\" content=\"https:\/\/penoticias.com.br\/blog\/wp-content\/uploads\/2026\/06\/Joao-Campos-e.jpg\" \/>\n\t<meta property=\"og:image:width\" content=\"858\" \/>\n\t<meta property=\"og:image:height\" content=\"580\" \/>\n\t<meta property=\"og:image:type\" content=\"image\/jpeg\" \/>\n<meta name=\"author\" content=\"Pedro Ara\u00fajo\" \/>\n<meta name=\"twitter:card\" content=\"summary_large_image\" \/>\n<meta name=\"twitter:creator\" content=\"@pedromuela\" \/>\n<meta name=\"twitter:site\" content=\"@pedromuela\" \/>\n<meta name=\"twitter:label1\" content=\"Escrito por\" \/>\n\t<meta name=\"twitter:data1\" content=\"Pedro Ara\u00fajo\" \/>\n\t<meta name=\"twitter:label2\" content=\"Est. tempo de leitura\" \/>\n\t<meta name=\"twitter:data2\" content=\"5 minutos\" \/>\n<script type=\"application\/ld+json\" class=\"yoast-schema-graph\">{\"@context\":\"https:\\\/\\\/schema.org\",\"@graph\":[{\"@type\":\"Article\",\"@id\":\"https:\\\/\\\/penoticias.com.br\\\/blog\\\/a-influencia-que-lula-pode-ter-na-eleicao-de-pernambuco\\\/#article\",\"isPartOf\":{\"@id\":\"https:\\\/\\\/penoticias.com.br\\\/blog\\\/a-influencia-que-lula-pode-ter-na-eleicao-de-pernambuco\\\/\"},\"author\":{\"name\":\"Pedro Ara\u00fajo\",\"@id\":\"https:\\\/\\\/penoticias.com.br\\\/blog\\\/#\\\/schema\\\/person\\\/13ea60669d2351f129ef3657907f1432\"},\"headline\":\"A influ\u00eancia que Lula pode ter na elei\u00e7\u00e3o de Pernambuco\",\"datePublished\":\"2026-06-07T03:09:51+00:00\",\"mainEntityOfPage\":{\"@id\":\"https:\\\/\\\/penoticias.com.br\\\/blog\\\/a-influencia-que-lula-pode-ter-na-eleicao-de-pernambuco\\\/\"},\"wordCount\":935,\"publisher\":{\"@id\":\"https:\\\/\\\/penoticias.com.br\\\/blog\\\/#\\\/schema\\\/person\\\/13ea60669d2351f129ef3657907f1432\"},\"image\":{\"@id\":\"https:\\\/\\\/penoticias.com.br\\\/blog\\\/a-influencia-que-lula-pode-ter-na-eleicao-de-pernambuco\\\/#primaryimage\"},\"thumbnailUrl\":\"https:\\\/\\\/penoticias.com.br\\\/blog\\\/wp-content\\\/uploads\\\/2026\\\/06\\\/Joao-Campos-e.jpg\",\"articleSection\":[\"Pol\u00edtica\"],\"inLanguage\":\"pt-BR\"},{\"@type\":\"WebPage\",\"@id\":\"https:\\\/\\\/penoticias.com.br\\\/blog\\\/a-influencia-que-lula-pode-ter-na-eleicao-de-pernambuco\\\/\",\"url\":\"https:\\\/\\\/penoticias.com.br\\\/blog\\\/a-influencia-que-lula-pode-ter-na-eleicao-de-pernambuco\\\/\",\"name\":\"A influ\u00eancia que Lula pode ter na elei\u00e7\u00e3o de Pernambuco - PE Not\u00edcias\",\"isPartOf\":{\"@id\":\"https:\\\/\\\/penoticias.com.br\\\/blog\\\/#website\"},\"primaryImageOfPage\":{\"@id\":\"https:\\\/\\\/penoticias.com.br\\\/blog\\\/a-influencia-que-lula-pode-ter-na-eleicao-de-pernambuco\\\/#primaryimage\"},\"image\":{\"@id\":\"https:\\\/\\\/penoticias.com.br\\\/blog\\\/a-influencia-que-lula-pode-ter-na-eleicao-de-pernambuco\\\/#primaryimage\"},\"thumbnailUrl\":\"https:\\\/\\\/penoticias.com.br\\\/blog\\\/wp-content\\\/uploads\\\/2026\\\/06\\\/Joao-Campos-e.jpg\",\"datePublished\":\"2026-06-07T03:09:51+00:00\",\"breadcrumb\":{\"@id\":\"https:\\\/\\\/penoticias.com.br\\\/blog\\\/a-influencia-que-lula-pode-ter-na-eleicao-de-pernambuco\\\/#breadcrumb\"},\"inLanguage\":\"pt-BR\",\"potentialAction\":[{\"@type\":\"ReadAction\",\"target\":[\"https:\\\/\\\/penoticias.com.br\\\/blog\\\/a-influencia-que-lula-pode-ter-na-eleicao-de-pernambuco\\\/\"]}]},{\"@type\":\"ImageObject\",\"inLanguage\":\"pt-BR\",\"@id\":\"https:\\\/\\\/penoticias.com.br\\\/blog\\\/a-influencia-que-lula-pode-ter-na-eleicao-de-pernambuco\\\/#primaryimage\",\"url\":\"https:\\\/\\\/penoticias.com.br\\\/blog\\\/wp-content\\\/uploads\\\/2026\\\/06\\\/Joao-Campos-e.jpg\",\"contentUrl\":\"https:\\\/\\\/penoticias.com.br\\\/blog\\\/wp-content\\\/uploads\\\/2026\\\/06\\\/Joao-Campos-e.jpg\",\"width\":858,\"height\":580},{\"@type\":\"BreadcrumbList\",\"@id\":\"https:\\\/\\\/penoticias.com.br\\\/blog\\\/a-influencia-que-lula-pode-ter-na-eleicao-de-pernambuco\\\/#breadcrumb\",\"itemListElement\":[{\"@type\":\"ListItem\",\"position\":1,\"name\":\"In\u00edcio\",\"item\":\"https:\\\/\\\/penoticias.com.br\\\/blog\\\/\"},{\"@type\":\"ListItem\",\"position\":2,\"name\":\"A influ\u00eancia que Lula pode ter na elei\u00e7\u00e3o de Pernambuco\"}]},{\"@type\":\"WebSite\",\"@id\":\"https:\\\/\\\/penoticias.com.br\\\/blog\\\/#website\",\"url\":\"https:\\\/\\\/penoticias.com.br\\\/blog\\\/\",\"name\":\"PE Not\u00edcias\",\"description\":\"Voc\u00ea no Mundo da Informa\u00e7\u00e3o.\",\"publisher\":{\"@id\":\"https:\\\/\\\/penoticias.com.br\\\/blog\\\/#\\\/schema\\\/person\\\/13ea60669d2351f129ef3657907f1432\"},\"potentialAction\":[{\"@type\":\"SearchAction\",\"target\":{\"@type\":\"EntryPoint\",\"urlTemplate\":\"https:\\\/\\\/penoticias.com.br\\\/blog\\\/?s={search_term_string}\"},\"query-input\":{\"@type\":\"PropertyValueSpecification\",\"valueRequired\":true,\"valueName\":\"search_term_string\"}}],\"inLanguage\":\"pt-BR\"},{\"@type\":[\"Person\",\"Organization\"],\"@id\":\"https:\\\/\\\/penoticias.com.br\\\/blog\\\/#\\\/schema\\\/person\\\/13ea60669d2351f129ef3657907f1432\",\"name\":\"Pedro Ara\u00fajo\",\"image\":{\"@type\":\"ImageObject\",\"inLanguage\":\"pt-BR\",\"@id\":\"https:\\\/\\\/secure.gravatar.com\\\/avatar\\\/d654258027afd7c928561b83494a45e3aff23d7ac7ce926d2bceac1ffe030175?s=96&d=mm&r=g\",\"url\":\"https:\\\/\\\/secure.gravatar.com\\\/avatar\\\/d654258027afd7c928561b83494a45e3aff23d7ac7ce926d2bceac1ffe030175?s=96&d=mm&r=g\",\"contentUrl\":\"https:\\\/\\\/secure.gravatar.com\\\/avatar\\\/d654258027afd7c928561b83494a45e3aff23d7ac7ce926d2bceac1ffe030175?s=96&d=mm&r=g\",\"caption\":\"Pedro Ara\u00fajo\"},\"logo\":{\"@id\":\"https:\\\/\\\/secure.gravatar.com\\\/avatar\\\/d654258027afd7c928561b83494a45e3aff23d7ac7ce926d2bceac1ffe030175?s=96&d=mm&r=g\"},\"description\":\"As informa\u00e7\u00f5es que traduzem as verdades dos fatos, sem ferir ou denegrir pessoas ou imagens. Como tamb\u00e9m, nunca procurando agradar aos maus feitores.\",\"sameAs\":[\"http:\\\/\\\/www.penoticias.com.br\",\"pedrovicentearaujo@hotmail.com\",\"@pedroafogados\",\"https:\\\/\\\/x.com\\\/pedromuela\",\"www.penoticias.com.br\"],\"url\":\"https:\\\/\\\/penoticias.com.br\\\/blog\\\/author\\\/pedro\\\/\"}]}<\/script>\n<!-- \/ Yoast SEO plugin. -->","yoast_head_json":{"title":"A influ\u00eancia que Lula pode ter na elei\u00e7\u00e3o de Pernambuco - PE Not\u00edcias","robots":{"index":"index","follow":"follow","max-snippet":"max-snippet:-1","max-image-preview":"max-image-preview:large","max-video-preview":"max-video-preview:-1"},"canonical":"https:\/\/penoticias.com.br\/blog\/a-influencia-que-lula-pode-ter-na-eleicao-de-pernambuco\/","og_locale":"pt_BR","og_type":"article","og_title":"A influ\u00eancia que Lula pode ter na elei\u00e7\u00e3o de Pernambuco - PE Not\u00edcias","og_description":"Por Terezinha Nunes \u201c\u00c9 melhor um p\u00e1ssaro na m\u00e3o do que dois voando\u201d diz a sabedoria popular, o que acontece na pol\u00edtica quando algu\u00e9m tem possibilidade de conseguir mais votos se mantiver v\u00e1rios apoios, mesmo de partidos ou pessoas antag\u00f4nicas, mas acaba sendo obrigado, pelas circunst\u00e2ncias ou para evitar dores de cabe\u00e7a, a optar por ... Ler mais","og_url":"https:\/\/penoticias.com.br\/blog\/a-influencia-que-lula-pode-ter-na-eleicao-de-pernambuco\/","og_site_name":"PE Not\u00edcias","article_publisher":"pedrovicentearaujo@hotmail.com","article_author":"pedrovicentearaujo@hotmail.com","article_published_time":"2026-06-07T03:09:51+00:00","og_image":[{"width":858,"height":580,"url":"https:\/\/penoticias.com.br\/blog\/wp-content\/uploads\/2026\/06\/Joao-Campos-e.jpg","type":"image\/jpeg"}],"author":"Pedro Ara\u00fajo","twitter_card":"summary_large_image","twitter_creator":"@pedromuela","twitter_site":"@pedromuela","twitter_misc":{"Escrito por":"Pedro Ara\u00fajo","Est. tempo de leitura":"5 minutos"},"schema":{"@context":"https:\/\/schema.org","@graph":[{"@type":"Article","@id":"https:\/\/penoticias.com.br\/blog\/a-influencia-que-lula-pode-ter-na-eleicao-de-pernambuco\/#article","isPartOf":{"@id":"https:\/\/penoticias.com.br\/blog\/a-influencia-que-lula-pode-ter-na-eleicao-de-pernambuco\/"},"author":{"name":"Pedro Ara\u00fajo","@id":"https:\/\/penoticias.com.br\/blog\/#\/schema\/person\/13ea60669d2351f129ef3657907f1432"},"headline":"A influ\u00eancia que Lula pode ter na elei\u00e7\u00e3o de Pernambuco","datePublished":"2026-06-07T03:09:51+00:00","mainEntityOfPage":{"@id":"https:\/\/penoticias.com.br\/blog\/a-influencia-que-lula-pode-ter-na-eleicao-de-pernambuco\/"},"wordCount":935,"publisher":{"@id":"https:\/\/penoticias.com.br\/blog\/#\/schema\/person\/13ea60669d2351f129ef3657907f1432"},"image":{"@id":"https:\/\/penoticias.com.br\/blog\/a-influencia-que-lula-pode-ter-na-eleicao-de-pernambuco\/#primaryimage"},"thumbnailUrl":"https:\/\/penoticias.com.br\/blog\/wp-content\/uploads\/2026\/06\/Joao-Campos-e.jpg","articleSection":["Pol\u00edtica"],"inLanguage":"pt-BR"},{"@type":"WebPage","@id":"https:\/\/penoticias.com.br\/blog\/a-influencia-que-lula-pode-ter-na-eleicao-de-pernambuco\/","url":"https:\/\/penoticias.com.br\/blog\/a-influencia-que-lula-pode-ter-na-eleicao-de-pernambuco\/","name":"A influ\u00eancia que Lula pode ter na elei\u00e7\u00e3o de Pernambuco - PE Not\u00edcias","isPartOf":{"@id":"https:\/\/penoticias.com.br\/blog\/#website"},"primaryImageOfPage":{"@id":"https:\/\/penoticias.com.br\/blog\/a-influencia-que-lula-pode-ter-na-eleicao-de-pernambuco\/#primaryimage"},"image":{"@id":"https:\/\/penoticias.com.br\/blog\/a-influencia-que-lula-pode-ter-na-eleicao-de-pernambuco\/#primaryimage"},"thumbnailUrl":"https:\/\/penoticias.com.br\/blog\/wp-content\/uploads\/2026\/06\/Joao-Campos-e.jpg","datePublished":"2026-06-07T03:09:51+00:00","breadcrumb":{"@id":"https:\/\/penoticias.com.br\/blog\/a-influencia-que-lula-pode-ter-na-eleicao-de-pernambuco\/#breadcrumb"},"inLanguage":"pt-BR","potentialAction":[{"@type":"ReadAction","target":["https:\/\/penoticias.com.br\/blog\/a-influencia-que-lula-pode-ter-na-eleicao-de-pernambuco\/"]}]},{"@type":"ImageObject","inLanguage":"pt-BR","@id":"https:\/\/penoticias.com.br\/blog\/a-influencia-que-lula-pode-ter-na-eleicao-de-pernambuco\/#primaryimage","url":"https:\/\/penoticias.com.br\/blog\/wp-content\/uploads\/2026\/06\/Joao-Campos-e.jpg","contentUrl":"https:\/\/penoticias.com.br\/blog\/wp-content\/uploads\/2026\/06\/Joao-Campos-e.jpg","width":858,"height":580},{"@type":"BreadcrumbList","@id":"https:\/\/penoticias.com.br\/blog\/a-influencia-que-lula-pode-ter-na-eleicao-de-pernambuco\/#breadcrumb","itemListElement":[{"@type":"ListItem","position":1,"name":"In\u00edcio","item":"https:\/\/penoticias.com.br\/blog\/"},{"@type":"ListItem","position":2,"name":"A influ\u00eancia que Lula pode ter na elei\u00e7\u00e3o de Pernambuco"}]},{"@type":"WebSite","@id":"https:\/\/penoticias.com.br\/blog\/#website","url":"https:\/\/penoticias.com.br\/blog\/","name":"PE Not\u00edcias","description":"Voc\u00ea no Mundo da Informa\u00e7\u00e3o.","publisher":{"@id":"https:\/\/penoticias.com.br\/blog\/#\/schema\/person\/13ea60669d2351f129ef3657907f1432"},"potentialAction":[{"@type":"SearchAction","target":{"@type":"EntryPoint","urlTemplate":"https:\/\/penoticias.com.br\/blog\/?s={search_term_string}"},"query-input":{"@type":"PropertyValueSpecification","valueRequired":true,"valueName":"search_term_string"}}],"inLanguage":"pt-BR"},{"@type":["Person","Organization"],"@id":"https:\/\/penoticias.com.br\/blog\/#\/schema\/person\/13ea60669d2351f129ef3657907f1432","name":"Pedro Ara\u00fajo","image":{"@type":"ImageObject","inLanguage":"pt-BR","@id":"https:\/\/secure.gravatar.com\/avatar\/d654258027afd7c928561b83494a45e3aff23d7ac7ce926d2bceac1ffe030175?s=96&d=mm&r=g","url":"https:\/\/secure.gravatar.com\/avatar\/d654258027afd7c928561b83494a45e3aff23d7ac7ce926d2bceac1ffe030175?s=96&d=mm&r=g","contentUrl":"https:\/\/secure.gravatar.com\/avatar\/d654258027afd7c928561b83494a45e3aff23d7ac7ce926d2bceac1ffe030175?s=96&d=mm&r=g","caption":"Pedro Ara\u00fajo"},"logo":{"@id":"https:\/\/secure.gravatar.com\/avatar\/d654258027afd7c928561b83494a45e3aff23d7ac7ce926d2bceac1ffe030175?s=96&d=mm&r=g"},"description":"As informa\u00e7\u00f5es que traduzem as verdades dos fatos, sem ferir ou denegrir pessoas ou imagens. Como tamb\u00e9m, nunca procurando agradar aos maus feitores.","sameAs":["http:\/\/www.penoticias.com.br","pedrovicentearaujo@hotmail.com","@pedroafogados","https:\/\/x.com\/pedromuela","www.penoticias.com.br"],"url":"https:\/\/penoticias.com.br\/blog\/author\/pedro\/"}]}},"_links":{"self":[{"href":"https:\/\/penoticias.com.br\/blog\/wp-json\/wp\/v2\/posts\/219665","targetHints":{"allow":["GET"]}}],"collection":[{"href":"https:\/\/penoticias.com.br\/blog\/wp-json\/wp\/v2\/posts"}],"about":[{"href":"https:\/\/penoticias.com.br\/blog\/wp-json\/wp\/v2\/types\/post"}],"author":[{"embeddable":true,"href":"https:\/\/penoticias.com.br\/blog\/wp-json\/wp\/v2\/users\/2"}],"replies":[{"embeddable":true,"href":"https:\/\/penoticias.com.br\/blog\/wp-json\/wp\/v2\/comments?post=219665"}],"version-history":[{"count":1,"href":"https:\/\/penoticias.com.br\/blog\/wp-json\/wp\/v2\/posts\/219665\/revisions"}],"predecessor-version":[{"id":219667,"href":"https:\/\/penoticias.com.br\/blog\/wp-json\/wp\/v2\/posts\/219665\/revisions\/219667"}],"wp:attachment":[{"href":"https:\/\/penoticias.com.br\/blog\/wp-json\/wp\/v2\/media?parent=219665"}],"wp:term":[{"taxonomy":"category","embeddable":true,"href":"https:\/\/penoticias.com.br\/blog\/wp-json\/wp\/v2\/categories?post=219665"},{"taxonomy":"post_tag","embeddable":true,"href":"https:\/\/penoticias.com.br\/blog\/wp-json\/wp\/v2\/tags?post=219665"}],"curies":[{"name":"wp","href":"https:\/\/api.w.org\/{rel}","templated":true}]}}