{"id":219678,"date":"2026-06-07T00:07:36","date_gmt":"2026-06-07T03:07:36","guid":{"rendered":"https:\/\/penoticias.com.br\/blog\/?p=219678"},"modified":"2026-06-06T23:27:37","modified_gmt":"2026-06-07T02:27:37","slug":"fadiga-eleitoral-desafia-lula-80-anos-terceiro-governante-ha-mais-tempo-no-poder-no-brasil","status":"publish","type":"post","link":"https:\/\/penoticias.com.br\/blog\/fadiga-eleitoral-desafia-lula-80-anos-terceiro-governante-ha-mais-tempo-no-poder-no-brasil\/","title":{"rendered":"Fadiga eleitoral desafia Lula, 80 anos, terceiro governante h\u00e1 mais tempo no poder no Brasil"},"content":{"rendered":"<p style=\"text-align: center;\"><img fetchpriority=\"high\" decoding=\"async\" class=\"\" src=\"https:\/\/f.i.uol.com.br\/fotografia\/2026\/06\/05\/17806898886a232be018aa2_1780689888_3x2_xs.jpg\" alt=\"https:\/\/f.i.uol.com.br\/fotografia\/2026\/06\/05\/17806898886a232be018aa2_1780689888_3x2_xs.jpg\" width=\"624\" height=\"415\" \/><\/p>\n<p><span style=\"font-size: 8pt;\"><em>Folha de S.Paulo<\/em><\/span><\/p>\n<p>A corridinha virou marca registrada da comunica\u00e7\u00e3o do presidente Lula (PT), de 80 anos. Em agendas oficiais, ele aperta o passo para ser flagrado pelas lentes de sua equipe, que logo posta a cena nas redes sociais. O petista tamb\u00e9m se deixa filmar quando faz exerc\u00edcios, t\u00e1tica que tem sido usada para mostrar disposi\u00e7\u00e3o e afastar as cr\u00edticas \u00e0 sua idade avan\u00e7ada.<\/p>\n<p>Foi o que ocorreu, na semana passada, quando a primeira-dama Ros\u00e2ngela Lula da Silva, a Janja, postou imagens do marido malhando sem camisa \u00e0s 6h da manh\u00e3. &#8220;Feriad\u00e3o nesse pique&#8221;, dizia a legenda. Mas a quest\u00e3o et\u00e1ria \u00e9 s\u00f3 parte do desafio. A longevidade de Lula reflete-se em uma extensa vida p\u00fablica, o que agora provoca um fen\u00f4meno de fadiga de material, na avalia\u00e7\u00e3o de especialistas.<\/p>\n<p>Lula \u00e9 o terceiro governante que mais tempo permaneceu no poder, no Brasil. At\u00e9 o fim de 2026, ele completar\u00e1 12 anos na presid\u00eancia, tempo equivalente a tr\u00eas mandatos. Considerando o Brasil Imp\u00e9rio, Lula perde para Dom Pedro 2\u00ba (49 anos) e Get\u00falio Vargas (18 anos). Aparecem depois do petista Dom Pedro 1\u00ba (10 anos) e Fernando Henrique Cardoso (8 anos).<\/p>\n<p>Lula est\u00e1 no panorama pol\u00edtico desde os anos 1980. Participou de sete das nove elei\u00e7\u00f5es presidenciais desde a redemocratiza\u00e7\u00e3o, em 1989. As exce\u00e7\u00f5es foram 2010 e 2014, quando emplacou Dilma Rousseff (PT) no Planalto; em 2018, n\u00e3o chegou a ter o nome nas urnas, porque estava preso e teve a candidatura barrada pelo Tribunal Superior Eleitoral (TSE).<\/p>\n<p>Em 2025, tornou-se o primeiro octogen\u00e1rio na Presid\u00eancia da Rep\u00fablica. J\u00e1 o PT governou o Brasil em 17 anos deste s\u00e9culo 21. &#8220;O tempo por si s\u00f3 n\u00e3o \u00e9 fator determinante para o desgaste, mas crises acumuladas pelo PT, como o mensal\u00e3o e a Lava Jato, al\u00e9m do trabalho muito bem estruturado da oposi\u00e7\u00e3o&#8221;, diz Paulo Loiola, consultor de marketing eleitoral, especializado no campo progressista.<\/p>\n<p>Loiola avalia que a esquerda tem tido dificuldade de ampliar a comunica\u00e7\u00e3o digital, mesmo com ideias bem recebidas pela sociedade, como defesa da soberania nacional e a isen\u00e7\u00e3o do Imposto de Renda para quem ganha at\u00e9 R$ 5.000.<!--more--><\/p>\n<p>No marketing, fadiga de material \u00e9 uma express\u00e3o que designa o esgotamento da for\u00e7a de determinado partido ou figura pol\u00edtica. Segundo Lucas Pimenta, tamb\u00e9m consultor de comunica\u00e7\u00e3o eleitoral, a fadiga de Lula relaciona-se, sobretudo, a uma vis\u00e3o anacr\u00f4nica das rela\u00e7\u00f5es de trabalho.<\/p>\n<p>&#8220;Lula n\u00e3o se comunica com um novo trabalhador brasileiro. Ele tenta trazer medidas populistas, mas isso n\u00e3o se reflete nos n\u00fameros de aprova\u00e7\u00e3o do governo, porque est\u00e1 desconectado dos novos anseios da popula\u00e7\u00e3o&#8221;, diz Pimenta.<\/p>\n<p>Pesquisa Datafolha mostra que 38% avaliam o governo Lula negativamente, e 32%, positivamente. Ele \u00e9 visto como o mais experiente pela maioria dos entrevistados, e o senador e pr\u00e9-candidato Fl\u00e1vio Bolsonaro (PL-RJ), 45, \u00e9 visto como o mais moderno e inovador. Neste ano eleitoral, o petista anunciou um pacote de bondades, incluindo o Desenrola 2.0, programa de renegocia\u00e7\u00e3o de d\u00edvidas, o G\u00e1s do Povo e o Luz do Povo, para ampliar a oferta de luz e g\u00e1s.<\/p>\n<p>Agora tenta elevar \u00e0 marca de seu terceiro mandato a aprova\u00e7\u00e3o do fim da escala 6&#215;1 no Congresso. A maioria da popula\u00e7\u00e3o aprova a medida, que beneficiaria 37 milh\u00f5es de brasileiros, segundo o governo.<\/p>\n<p>Contudo, o especialista avalia que Lula n\u00e3o deu respostas aos segmentos que valorizam a autonomia e o empreendedorismo. Segundo Pimenta, a aus\u00eancia de novidade se reflete, antes de tudo, no discurso do presidente, que tenta, desde a campanha de 2022, reavivar a lembran\u00e7a dos dois primeiros mandatos.<\/p>\n<p>Em outra frente, a imagem do petista se desgasta com as gafes que se acumulam e denotam certa inadequa\u00e7\u00e3o com os novos tempos. Muitas delas t\u00eam como alvo o p\u00fablico feminino, a maior parcela do eleitorado. H\u00e1 dois anos, Lula disse, em um evento, que mulher com forma\u00e7\u00e3o n\u00e3o depende do pai para comprar batom e calcinha.<\/p>\n<p>Tamb\u00e9m em 2024 afirmou ser inacredit\u00e1vel que os casos de viol\u00eancia contra a mulher aumentem depois de jogos de futebol. Em seguida, emendou: &#8220;Se o cara \u00e9 corinthiano, tudo bem&#8221;. Pimenta identifica uma mudan\u00e7a arquet\u00edpica na imagem de Lula. Se nos dois primeiros mandatos notabilizou-se como pai dos pobres, agora tenta ser um her\u00f3i, digladiando-se com o bolsonarismo. Segundo o especialista, a guerra ideol\u00f3gica pode cansar o eleitorado.<\/p>\n<p>&#8220;O que marca o governo Lula 3 \u00e9 uma guerra ideol\u00f3gica permanente. No lugar de se preocupar em criar marcas, ele se preocupa com a constru\u00e7\u00e3o do arqu\u00e9tipo do her\u00f3i&#8221;, afirma Pimenta. &#8220;Nos primeiros mandatos, ele dialogava com o Congresso, que agora \u00e9 visto como inimigo do povo pela esquerda&#8221;.<\/p>\n<p>Leonardo Belinelli, professor de ci\u00eancia pol\u00edtica da Universidade Federal Rural do Rio de Janeiro (UFRRJ), pondera que, se Lula est\u00e1 na vida p\u00fablica h\u00e1 quatro d\u00e9cadas e tem a imagem desgastada, isso indica o sucesso de suas pol\u00edticas de inclus\u00e3o do subproletariado. Ele diz, por\u00e9m, que a repeti\u00e7\u00e3o de um mesmo discurso vira uma armadilha com o tempo.<\/p>\n<p>&#8220;O mundo do trabalho mudou muito, hoje tem influenciador, home office e padr\u00f5es de consumo que n\u00e3o existiam antes. O jovem n\u00e3o quer s\u00f3 picanha e cervejinha, ele quer um videogame que custa R$ 5.000. E n\u00e3o basta somente fazer universidade, a concorr\u00eancia \u00e9 alta para conseguir um bom emprego&#8221;.<\/p>\n<p>O cientista pol\u00edtico analisa a fadiga de material do petista a partir da altern\u00e2ncia de poder, fundamento da democracia. Na vis\u00e3o dele, o cansa\u00e7o \u00e9 uma t\u00f4nica em toda a Am\u00e9rica Latina, com pol\u00edticos que n\u00e3o conseguem se reeleger ou emplacar um sucessor.<\/p>\n<p>&#8220;Isso tem a ver com um certo esgotamento de um ciclo com pol\u00edticos genericamente chamados de populistas \u00e0 esquerda&#8221;, diz, acrescentando que altern\u00e2ncia de poder n\u00e3o afere a qualidade da democracia. Uma sequ\u00eancia de impeachments, como aconteceu no Peru, provaria o contr\u00e1rio.<\/p>\n<p>Para Belinelli, a longevidade pol\u00edtica de Lula se aproxima e se distancia daquela de Vargas. Para ficar 18 anos no poder, Vargas instituiu uma ditadura no pa\u00eds, o Estado Novo, de 1937 a 1945. O petista sempre foi eleito democraticamente. Ao mesmo tempo, as duas figuras pol\u00edticas s\u00e3o longevas, diz o professor, porque ampliaram a cidadania para as classes baixas sem confrontar a burguesia.<\/p>\n<p>Em outubro, Lula enfrentar\u00e1 nas urnas um candidato que tem quase metade da sua idade. De acordo com o cientista pol\u00edtico, n\u00e3o seria sagaz o senador atacar a idade do presidente. &#8220;Fl\u00e1vio n\u00e3o \u00e9 exatamente jovem, ele n\u00e3o \u00e9 Renan Santos, e est\u00e1 associado \u00e0 imagem do pai. Pelo que estamos vendo, ser\u00e1 uma elei\u00e7\u00e3o de lulistas contra n\u00e3o lulistas&#8221;, afirma.<\/p>\n","protected":false},"excerpt":{"rendered":"<p>Folha de S.Paulo A corridinha virou marca registrada da comunica\u00e7\u00e3o do presidente Lula (PT), de 80 anos. Em agendas oficiais, ele aperta o passo para ser flagrado pelas lentes de sua equipe, que logo posta a cena nas redes sociais. O petista tamb\u00e9m se deixa filmar quando faz exerc\u00edcios, t\u00e1tica que tem sido usada para &#8230; <a title=\"Fadiga eleitoral desafia Lula, 80 anos, terceiro governante h\u00e1 mais tempo no poder no Brasil\" class=\"read-more\" href=\"https:\/\/penoticias.com.br\/blog\/fadiga-eleitoral-desafia-lula-80-anos-terceiro-governante-ha-mais-tempo-no-poder-no-brasil\/\" aria-label=\"Read more about Fadiga eleitoral desafia Lula, 80 anos, terceiro governante h\u00e1 mais tempo no poder no Brasil\">Ler mais<\/a><\/p>\n<div class='heateorSssClear'><\/div><div  class='heateor_sss_sharing_container heateor_sss_horizontal_sharing' data-heateor-sss-href='https:\/\/penoticias.com.br\/blog\/fadiga-eleitoral-desafia-lula-80-anos-terceiro-governante-ha-mais-tempo-no-poder-no-brasil\/'><div class='heateor_sss_sharing_title' style=\"font-weight:bold\" ><\/div><div class=\"heateor_sss_sharing_ul\"><a aria-label=\"Facebook\" class=\"heateor_sss_facebook\" href=\"https:\/\/www.facebook.com\/sharer\/sharer.php?u=https%3A%2F%2Fpenoticias.com.br%2Fblog%2Ffadiga-eleitoral-desafia-lula-80-anos-terceiro-governante-ha-mais-tempo-no-poder-no-brasil%2F\" title=\"Facebook\" rel=\"nofollow noopener\" target=\"_blank\" style=\"font-size:32px!important;box-shadow:none;display:inline-block;vertical-align:middle\"><span class=\"heateor_sss_svg\" style=\"background-color:#0765FE;width:35px;height:35px;border-radius:999px;display:inline-block;opacity:1;float:left;font-size:32px;box-shadow:none;display:inline-block;font-size:16px;padding:0 4px;vertical-align:middle;background-repeat:repeat;overflow:hidden;padding:0;cursor:pointer;box-sizing:content-box\"><svg style=\"display:block;border-radius:999px;\" focusable=\"false\" aria-hidden=\"true\" xmlns=\"http:\/\/www.w3.org\/2000\/svg\" width=\"100%\" height=\"100%\" viewBox=\"0 0 32 32\"><path fill=\"#fff\" d=\"M28 16c0-6.627-5.373-12-12-12S4 9.373 4 16c0 5.628 3.875 10.35 9.101 11.647v-7.98h-2.474V16H13.1v-1.58c0-4.085 1.849-5.978 5.859-5.978.76 0 2.072.15 2.608.298v3.325c-.283-.03-.775-.045-1.386-.045-1.967 0-2.728.745-2.728 2.683V16h3.92l-.673 3.667h-3.247v8.245C23.395 27.195 28 22.135 28 16Z\"><\/path><\/svg><\/span><\/a><a aria-label=\"Twitter\" class=\"heateor_sss_button_twitter\" href=\"https:\/\/twitter.com\/intent\/tweet?text=Fadiga%20eleitoral%20desafia%20Lula%2C%2080%20anos%2C%20terceiro%20governante%20h%C3%A1%20mais%20tempo%20no%20poder%20no%20Brasil&url=https%3A%2F%2Fpenoticias.com.br%2Fblog%2Ffadiga-eleitoral-desafia-lula-80-anos-terceiro-governante-ha-mais-tempo-no-poder-no-brasil%2F\" title=\"Twitter\" rel=\"nofollow noopener\" target=\"_blank\" style=\"font-size:32px!important;box-shadow:none;display:inline-block;vertical-align:middle\"><span class=\"heateor_sss_svg heateor_sss_s__default heateor_sss_s_twitter\" style=\"background-color:#55acee;width:35px;height:35px;border-radius:999px;display:inline-block;opacity:1;float:left;font-size:32px;box-shadow:none;display:inline-block;font-size:16px;padding:0 4px;vertical-align:middle;background-repeat:repeat;overflow:hidden;padding:0;cursor:pointer;box-sizing:content-box\"><svg style=\"display:block;border-radius:999px;\" focusable=\"false\" aria-hidden=\"true\" xmlns=\"http:\/\/www.w3.org\/2000\/svg\" width=\"100%\" height=\"100%\" viewBox=\"-4 -4 39 39\"><path d=\"M28 8.557a9.913 9.913 0 0 1-2.828.775 4.93 4.93 0 0 0 2.166-2.725 9.738 9.738 0 0 1-3.13 1.194 4.92 4.92 0 0 0-3.593-1.55 4.924 4.924 0 0 0-4.794 6.049c-4.09-.21-7.72-2.17-10.15-5.15a4.942 4.942 0 0 0-.665 2.477c0 1.71.87 3.214 2.19 4.1a4.968 4.968 0 0 1-2.23-.616v.06c0 2.39 1.7 4.38 3.952 4.83-.414.115-.85.174-1.297.174-.318 0-.626-.03-.928-.086a4.935 4.935 0 0 0 4.6 3.42 9.893 9.893 0 0 1-6.114 2.107c-.398 0-.79-.023-1.175-.068a13.953 13.953 0 0 0 7.55 2.213c9.056 0 14.01-7.507 14.01-14.013 0-.213-.005-.426-.015-.637.96-.695 1.795-1.56 2.455-2.55z\" fill=\"#fff\"><\/path><\/svg><\/span><\/a><a aria-label=\"Whatsapp\" class=\"heateor_sss_whatsapp\" href=\"https:\/\/api.whatsapp.com\/send?text=Fadiga%20eleitoral%20desafia%20Lula%2C%2080%20anos%2C%20terceiro%20governante%20h%C3%A1%20mais%20tempo%20no%20poder%20no%20Brasil%20https%3A%2F%2Fpenoticias.com.br%2Fblog%2Ffadiga-eleitoral-desafia-lula-80-anos-terceiro-governante-ha-mais-tempo-no-poder-no-brasil%2F\" title=\"Whatsapp\" rel=\"nofollow noopener\" target=\"_blank\" style=\"font-size:32px!important;box-shadow:none;display:inline-block;vertical-align:middle\"><span class=\"heateor_sss_svg\" style=\"background-color:#55eb4c;width:35px;height:35px;border-radius:999px;display:inline-block;opacity:1;float:left;font-size:32px;box-shadow:none;display:inline-block;font-size:16px;padding:0 4px;vertical-align:middle;background-repeat:repeat;overflow:hidden;padding:0;cursor:pointer;box-sizing:content-box\"><svg style=\"display:block;border-radius:999px;\" focusable=\"false\" aria-hidden=\"true\" xmlns=\"http:\/\/www.w3.org\/2000\/svg\" width=\"100%\" height=\"100%\" viewBox=\"-6 -5 40 40\"><path class=\"heateor_sss_svg_stroke heateor_sss_no_fill\" stroke=\"#fff\" stroke-width=\"2\" fill=\"none\" d=\"M 11.579798566743314 24.396926207859085 A 10 10 0 1 0 6.808479557110079 20.73576436351046\"><\/path><path d=\"M 7 19 l -1 6 l 6 -1\" class=\"heateor_sss_no_fill heateor_sss_svg_stroke\" stroke=\"#fff\" stroke-width=\"2\" fill=\"none\"><\/path><path d=\"M 10 10 q -1 8 8 11 c 5 -1 0 -6 -1 -3 q -4 -3 -5 -5 c 4 -2 -1 -5 -1 -4\" fill=\"#fff\"><\/path><\/svg><\/span><\/a><a aria-label=\"Gmail\" class=\"heateor_sss_button_google_gmail\" href=\"https:\/\/mail.google.com\/mail\/?ui=2&view=cm&fs=1&tf=1&su=Fadiga%20eleitoral%20desafia%20Lula%2C%2080%20anos%2C%20terceiro%20governante%20h%C3%A1%20mais%20tempo%20no%20poder%20no%20Brasil&body=Link:https%3A%2F%2Fpenoticias.com.br%2Fblog%2Ffadiga-eleitoral-desafia-lula-80-anos-terceiro-governante-ha-mais-tempo-no-poder-no-brasil%2F\" title=\"Google Gmail\" rel=\"nofollow noopener\" target=\"_blank\" style=\"font-size:32px!important;box-shadow:none;display:inline-block;vertical-align:middle\"><span class=\"heateor_sss_svg heateor_sss_s__default heateor_sss_s_Google_Gmail\" style=\"background-color:#e5e5e5;width:35px;height:35px;border-radius:999px;display:inline-block;opacity:1;float:left;font-size:32px;box-shadow:none;display:inline-block;font-size:16px;padding:0 4px;vertical-align:middle;background-repeat:repeat;overflow:hidden;padding:0;cursor:pointer;box-sizing:content-box\"><svg style=\"display:block;border-radius:999px;\" focusable=\"false\" aria-hidden=\"true\" xmlns=\"http:\/\/www.w3.org\/2000\/svg\" width=\"100%\" height=\"100%\" viewBox=\"0 0 32 32\"><path fill=\"#fff\" d=\"M2.902 6.223h26.195v19.554H2.902z\"><\/path><path fill=\"#E14C41\" class=\"heateor_sss_no_fill\" d=\"M2.902 25.777h26.195V6.223H2.902v19.554zm22.44-4.007v3.806H6.955v-3.6h.032l.093-.034 6.9-5.558 2.09 1.77 1.854-1.63 7.42 5.246zm0-.672l-7.027-4.917 7.028-6.09V21.1zm-1.17-14.67l-.947.905c-2.356 2.284-4.693 4.75-7.17 6.876l-.078.06L8.062 6.39l16.11.033zm-10.597 9.61l-6.62 5.294.016-10.914 6.607 5.62\"><\/path><\/svg><\/span><\/a><a aria-label=\"Instagram\" class=\"heateor_sss_button_instagram\" href=\"https:\/\/www.instagram.com\/\" title=\"Instagram\" rel=\"nofollow noopener\" target=\"_blank\" style=\"font-size:32px!important;box-shadow:none;display:inline-block;vertical-align:middle\"><span class=\"heateor_sss_svg\" style=\"background-color:#53beee;width:35px;height:35px;border-radius:999px;display:inline-block;opacity:1;float:left;font-size:32px;box-shadow:none;display:inline-block;font-size:16px;padding:0 4px;vertical-align:middle;background-repeat:repeat;overflow:hidden;padding:0;cursor:pointer;box-sizing:content-box\"><svg style=\"display:block;border-radius:999px;\" version=\"1.1\" viewBox=\"-10 -10 148 148\" width=\"100%\" height=\"100%\" xml:space=\"preserve\" xmlns=\"http:\/\/www.w3.org\/2000\/svg\" xmlns:xlink=\"http:\/\/www.w3.org\/1999\/xlink\"><g><g><path d=\"M86,112H42c-14.336,0-26-11.663-26-26V42c0-14.337,11.664-26,26-26h44c14.337,0,26,11.663,26,26v44 C112,100.337,100.337,112,86,112z M42,24c-9.925,0-18,8.074-18,18v44c0,9.925,8.075,18,18,18h44c9.926,0,18-8.075,18-18V42 c0-9.926-8.074-18-18-18H42z\" fill=\"#fff\"><\/path><\/g><g><path d=\"M64,88c-13.234,0-24-10.767-24-24c0-13.234,10.766-24,24-24s24,10.766,24,24C88,77.233,77.234,88,64,88z M64,48c-8.822,0-16,7.178-16,16s7.178,16,16,16c8.822,0,16-7.178,16-16S72.822,48,64,48z\" fill=\"#fff\"><\/path><\/g><g><circle cx=\"89.5\" cy=\"38.5\" fill=\"#fff\" r=\"5.5\"><\/circle><\/g><\/g><\/svg><\/span><\/a><a aria-label=\"Print\" class=\"heateor_sss_button_print\" href=\"https:\/\/penoticias.com.br\/blog\/fadiga-eleitoral-desafia-lula-80-anos-terceiro-governante-ha-mais-tempo-no-poder-no-brasil\/\" onclick=\"event.preventDefault();window.print()\" title=\"Print\" rel=\"noopener\" style=\"font-size:32px!important;box-shadow:none;display:inline-block;vertical-align:middle\"><span class=\"heateor_sss_svg heateor_sss_s__default heateor_sss_s_print\" style=\"background-color:#fd6500;width:35px;height:35px;border-radius:999px;display:inline-block;opacity:1;float:left;font-size:32px;box-shadow:none;display:inline-block;font-size:16px;padding:0 4px;vertical-align:middle;background-repeat:repeat;overflow:hidden;padding:0;cursor:pointer;box-sizing:content-box\"><svg style=\"display:block;border-radius:999px;\" focusable=\"false\" aria-hidden=\"true\" xmlns=\"http:\/\/www.w3.org\/2000\/svg\" width=\"100%\" height=\"100%\" viewBox=\"-2.8 -4.5 35 35\"><path stroke=\"#fff\" class=\"heateor_sss_svg_stroke\" d=\"M 7 10 h 2 v 3 h 12 v -3 h 2 v 7 h -2 v -3 h -12 v 3 h -2 z\" stroke-width=\"1\" fill=\"#fff\"><\/path><rect class=\"heateor_sss_no_fill heateor_sss_svg_stroke\" stroke=\"#fff\" stroke-width=\"1.8\" height=\"7\" width=\"10\" x=\"10\" y=\"5\" fill=\"none\"><\/rect><rect class=\"heateor_sss_svg_stroke\" stroke=\"#fff\" stroke-width=\"1\" height=\"5\" width=\"8\" x=\"11\" y=\"16\" fill=\"#fff\"><\/rect><\/svg><\/span><\/a><a class=\"heateor_sss_more\" aria-label=\"More\" title=\"More\" rel=\"nofollow noopener\" style=\"font-size: 32px!important;border:0;box-shadow:none;display:inline-block!important;font-size:16px;padding:0 4px;vertical-align: middle;display:inline;\" href=\"https:\/\/penoticias.com.br\/blog\/fadiga-eleitoral-desafia-lula-80-anos-terceiro-governante-ha-mais-tempo-no-poder-no-brasil\/\" onclick=\"event.preventDefault()\"><span class=\"heateor_sss_svg\" style=\"background-color:#ee8e2d;width:35px;height:35px;border-radius:999px;display:inline-block!important;opacity:1;float:left;font-size:32px!important;box-shadow:none;display:inline-block;font-size:16px;padding:0 4px;vertical-align:middle;display:inline;background-repeat:repeat;overflow:hidden;padding:0;cursor:pointer;box-sizing:content-box;\" onclick=\"heateorSssMoreSharingPopup(this, 'https:\/\/penoticias.com.br\/blog\/fadiga-eleitoral-desafia-lula-80-anos-terceiro-governante-ha-mais-tempo-no-poder-no-brasil\/', 'Fadiga%20eleitoral%20desafia%20Lula%2C%2080%20anos%2C%20terceiro%20governante%20h%C3%A1%20mais%20tempo%20no%20poder%20no%20Brasil', '' )\"><svg xmlns=\"http:\/\/www.w3.org\/2000\/svg\" xmlns:xlink=\"http:\/\/www.w3.org\/1999\/xlink\" viewBox=\"-.3 0 32 32\" version=\"1.1\" width=\"100%\" height=\"100%\" style=\"display:block;border-radius:999px;\" xml:space=\"preserve\"><g><path fill=\"#fff\" d=\"M18 14V8h-4v6H8v4h6v6h4v-6h6v-4h-6z\" fill-rule=\"evenodd\"><\/path><\/g><\/svg><\/span><\/a><\/div><div class=\"heateorSssClear\"><\/div><\/div><div class='heateorSssClear'><\/div>","protected":false},"author":2,"featured_media":0,"comment_status":"closed","ping_status":"closed","sticky":false,"template":"","format":"standard","meta":{"footnotes":""},"categories":[10],"tags":[],"class_list":["post-219678","post","type-post","status-publish","format-standard","hentry","category-politica"],"yoast_head":"<!-- This site is optimized with the Yoast SEO plugin v28.4 - https:\/\/yoast.com\/product\/yoast-seo-wordpress\/ -->\n<title>Fadiga eleitoral desafia Lula, 80 anos, terceiro governante h\u00e1 mais tempo no poder no Brasil - PE Not\u00edcias<\/title>\n<meta name=\"robots\" content=\"index, follow, max-snippet:-1, max-image-preview:large, max-video-preview:-1\" \/>\n<link rel=\"canonical\" href=\"https:\/\/penoticias.com.br\/blog\/fadiga-eleitoral-desafia-lula-80-anos-terceiro-governante-ha-mais-tempo-no-poder-no-brasil\/\" \/>\n<meta property=\"og:locale\" content=\"pt_BR\" \/>\n<meta property=\"og:type\" content=\"article\" \/>\n<meta property=\"og:title\" content=\"Fadiga eleitoral desafia Lula, 80 anos, terceiro governante h\u00e1 mais tempo no poder no Brasil - PE Not\u00edcias\" \/>\n<meta property=\"og:description\" content=\"Folha de S.Paulo A corridinha virou marca registrada da comunica\u00e7\u00e3o do presidente Lula (PT), de 80 anos. Em agendas oficiais, ele aperta o passo para ser flagrado pelas lentes de sua equipe, que logo posta a cena nas redes sociais. O petista tamb\u00e9m se deixa filmar quando faz exerc\u00edcios, t\u00e1tica que tem sido usada para ... Ler mais\" \/>\n<meta property=\"og:url\" content=\"https:\/\/penoticias.com.br\/blog\/fadiga-eleitoral-desafia-lula-80-anos-terceiro-governante-ha-mais-tempo-no-poder-no-brasil\/\" \/>\n<meta property=\"og:site_name\" content=\"PE Not\u00edcias\" \/>\n<meta property=\"article:publisher\" content=\"pedrovicentearaujo@hotmail.com\" \/>\n<meta property=\"article:author\" content=\"pedrovicentearaujo@hotmail.com\" \/>\n<meta property=\"article:published_time\" content=\"2026-06-07T03:07:36+00:00\" \/>\n<meta property=\"og:image\" content=\"https:\/\/f.i.uol.com.br\/fotografia\/2026\/06\/05\/17806898886a232be018aa2_1780689888_3x2_xs.jpg\" \/>\n<meta name=\"author\" content=\"Pedro Ara\u00fajo\" \/>\n<meta name=\"twitter:card\" content=\"summary_large_image\" \/>\n<meta name=\"twitter:creator\" content=\"@pedromuela\" \/>\n<meta name=\"twitter:site\" content=\"@pedromuela\" \/>\n<meta name=\"twitter:label1\" content=\"Escrito por\" \/>\n\t<meta name=\"twitter:data1\" content=\"Pedro Ara\u00fajo\" \/>\n\t<meta name=\"twitter:label2\" content=\"Est. tempo de leitura\" \/>\n\t<meta name=\"twitter:data2\" content=\"7 minutos\" \/>\n<script type=\"application\/ld+json\" class=\"yoast-schema-graph\">{\"@context\":\"https:\\\/\\\/schema.org\",\"@graph\":[{\"@type\":\"Article\",\"@id\":\"https:\\\/\\\/penoticias.com.br\\\/blog\\\/fadiga-eleitoral-desafia-lula-80-anos-terceiro-governante-ha-mais-tempo-no-poder-no-brasil\\\/#article\",\"isPartOf\":{\"@id\":\"https:\\\/\\\/penoticias.com.br\\\/blog\\\/fadiga-eleitoral-desafia-lula-80-anos-terceiro-governante-ha-mais-tempo-no-poder-no-brasil\\\/\"},\"author\":{\"name\":\"Pedro Ara\u00fajo\",\"@id\":\"https:\\\/\\\/penoticias.com.br\\\/blog\\\/#\\\/schema\\\/person\\\/13ea60669d2351f129ef3657907f1432\"},\"headline\":\"Fadiga eleitoral desafia Lula, 80 anos, terceiro governante h\u00e1 mais tempo no poder no Brasil\",\"datePublished\":\"2026-06-07T03:07:36+00:00\",\"mainEntityOfPage\":{\"@id\":\"https:\\\/\\\/penoticias.com.br\\\/blog\\\/fadiga-eleitoral-desafia-lula-80-anos-terceiro-governante-ha-mais-tempo-no-poder-no-brasil\\\/\"},\"wordCount\":1159,\"publisher\":{\"@id\":\"https:\\\/\\\/penoticias.com.br\\\/blog\\\/#\\\/schema\\\/person\\\/13ea60669d2351f129ef3657907f1432\"},\"image\":{\"@id\":\"https:\\\/\\\/penoticias.com.br\\\/blog\\\/fadiga-eleitoral-desafia-lula-80-anos-terceiro-governante-ha-mais-tempo-no-poder-no-brasil\\\/#primaryimage\"},\"thumbnailUrl\":\"https:\\\/\\\/f.i.uol.com.br\\\/fotografia\\\/2026\\\/06\\\/05\\\/17806898886a232be018aa2_1780689888_3x2_xs.jpg\",\"articleSection\":[\"Pol\u00edtica\"],\"inLanguage\":\"pt-BR\"},{\"@type\":\"WebPage\",\"@id\":\"https:\\\/\\\/penoticias.com.br\\\/blog\\\/fadiga-eleitoral-desafia-lula-80-anos-terceiro-governante-ha-mais-tempo-no-poder-no-brasil\\\/\",\"url\":\"https:\\\/\\\/penoticias.com.br\\\/blog\\\/fadiga-eleitoral-desafia-lula-80-anos-terceiro-governante-ha-mais-tempo-no-poder-no-brasil\\\/\",\"name\":\"Fadiga eleitoral desafia Lula, 80 anos, terceiro governante h\u00e1 mais tempo no poder no Brasil - PE Not\u00edcias\",\"isPartOf\":{\"@id\":\"https:\\\/\\\/penoticias.com.br\\\/blog\\\/#website\"},\"primaryImageOfPage\":{\"@id\":\"https:\\\/\\\/penoticias.com.br\\\/blog\\\/fadiga-eleitoral-desafia-lula-80-anos-terceiro-governante-ha-mais-tempo-no-poder-no-brasil\\\/#primaryimage\"},\"image\":{\"@id\":\"https:\\\/\\\/penoticias.com.br\\\/blog\\\/fadiga-eleitoral-desafia-lula-80-anos-terceiro-governante-ha-mais-tempo-no-poder-no-brasil\\\/#primaryimage\"},\"thumbnailUrl\":\"https:\\\/\\\/f.i.uol.com.br\\\/fotografia\\\/2026\\\/06\\\/05\\\/17806898886a232be018aa2_1780689888_3x2_xs.jpg\",\"datePublished\":\"2026-06-07T03:07:36+00:00\",\"breadcrumb\":{\"@id\":\"https:\\\/\\\/penoticias.com.br\\\/blog\\\/fadiga-eleitoral-desafia-lula-80-anos-terceiro-governante-ha-mais-tempo-no-poder-no-brasil\\\/#breadcrumb\"},\"inLanguage\":\"pt-BR\",\"potentialAction\":[{\"@type\":\"ReadAction\",\"target\":[\"https:\\\/\\\/penoticias.com.br\\\/blog\\\/fadiga-eleitoral-desafia-lula-80-anos-terceiro-governante-ha-mais-tempo-no-poder-no-brasil\\\/\"]}]},{\"@type\":\"ImageObject\",\"inLanguage\":\"pt-BR\",\"@id\":\"https:\\\/\\\/penoticias.com.br\\\/blog\\\/fadiga-eleitoral-desafia-lula-80-anos-terceiro-governante-ha-mais-tempo-no-poder-no-brasil\\\/#primaryimage\",\"url\":\"https:\\\/\\\/f.i.uol.com.br\\\/fotografia\\\/2026\\\/06\\\/05\\\/17806898886a232be018aa2_1780689888_3x2_xs.jpg\",\"contentUrl\":\"https:\\\/\\\/f.i.uol.com.br\\\/fotografia\\\/2026\\\/06\\\/05\\\/17806898886a232be018aa2_1780689888_3x2_xs.jpg\"},{\"@type\":\"BreadcrumbList\",\"@id\":\"https:\\\/\\\/penoticias.com.br\\\/blog\\\/fadiga-eleitoral-desafia-lula-80-anos-terceiro-governante-ha-mais-tempo-no-poder-no-brasil\\\/#breadcrumb\",\"itemListElement\":[{\"@type\":\"ListItem\",\"position\":1,\"name\":\"In\u00edcio\",\"item\":\"https:\\\/\\\/penoticias.com.br\\\/blog\\\/\"},{\"@type\":\"ListItem\",\"position\":2,\"name\":\"Fadiga eleitoral desafia Lula, 80 anos, terceiro governante h\u00e1 mais tempo no poder no Brasil\"}]},{\"@type\":\"WebSite\",\"@id\":\"https:\\\/\\\/penoticias.com.br\\\/blog\\\/#website\",\"url\":\"https:\\\/\\\/penoticias.com.br\\\/blog\\\/\",\"name\":\"PE Not\u00edcias\",\"description\":\"Voc\u00ea no Mundo da Informa\u00e7\u00e3o.\",\"publisher\":{\"@id\":\"https:\\\/\\\/penoticias.com.br\\\/blog\\\/#\\\/schema\\\/person\\\/13ea60669d2351f129ef3657907f1432\"},\"potentialAction\":[{\"@type\":\"SearchAction\",\"target\":{\"@type\":\"EntryPoint\",\"urlTemplate\":\"https:\\\/\\\/penoticias.com.br\\\/blog\\\/?s={search_term_string}\"},\"query-input\":{\"@type\":\"PropertyValueSpecification\",\"valueRequired\":true,\"valueName\":\"search_term_string\"}}],\"inLanguage\":\"pt-BR\"},{\"@type\":[\"Person\",\"Organization\"],\"@id\":\"https:\\\/\\\/penoticias.com.br\\\/blog\\\/#\\\/schema\\\/person\\\/13ea60669d2351f129ef3657907f1432\",\"name\":\"Pedro Ara\u00fajo\",\"image\":{\"@type\":\"ImageObject\",\"inLanguage\":\"pt-BR\",\"@id\":\"https:\\\/\\\/secure.gravatar.com\\\/avatar\\\/d654258027afd7c928561b83494a45e3aff23d7ac7ce926d2bceac1ffe030175?s=96&d=mm&r=g\",\"url\":\"https:\\\/\\\/secure.gravatar.com\\\/avatar\\\/d654258027afd7c928561b83494a45e3aff23d7ac7ce926d2bceac1ffe030175?s=96&d=mm&r=g\",\"contentUrl\":\"https:\\\/\\\/secure.gravatar.com\\\/avatar\\\/d654258027afd7c928561b83494a45e3aff23d7ac7ce926d2bceac1ffe030175?s=96&d=mm&r=g\",\"caption\":\"Pedro Ara\u00fajo\"},\"logo\":{\"@id\":\"https:\\\/\\\/secure.gravatar.com\\\/avatar\\\/d654258027afd7c928561b83494a45e3aff23d7ac7ce926d2bceac1ffe030175?s=96&d=mm&r=g\"},\"description\":\"As informa\u00e7\u00f5es que traduzem as verdades dos fatos, sem ferir ou denegrir pessoas ou imagens. Como tamb\u00e9m, nunca procurando agradar aos maus feitores.\",\"sameAs\":[\"http:\\\/\\\/www.penoticias.com.br\",\"pedrovicentearaujo@hotmail.com\",\"@pedroafogados\",\"https:\\\/\\\/x.com\\\/pedromuela\",\"www.penoticias.com.br\"],\"url\":\"https:\\\/\\\/penoticias.com.br\\\/blog\\\/author\\\/pedro\\\/\"}]}<\/script>\n<!-- \/ Yoast SEO plugin. -->","yoast_head_json":{"title":"Fadiga eleitoral desafia Lula, 80 anos, terceiro governante h\u00e1 mais tempo no poder no Brasil - PE Not\u00edcias","robots":{"index":"index","follow":"follow","max-snippet":"max-snippet:-1","max-image-preview":"max-image-preview:large","max-video-preview":"max-video-preview:-1"},"canonical":"https:\/\/penoticias.com.br\/blog\/fadiga-eleitoral-desafia-lula-80-anos-terceiro-governante-ha-mais-tempo-no-poder-no-brasil\/","og_locale":"pt_BR","og_type":"article","og_title":"Fadiga eleitoral desafia Lula, 80 anos, terceiro governante h\u00e1 mais tempo no poder no Brasil - PE Not\u00edcias","og_description":"Folha de S.Paulo A corridinha virou marca registrada da comunica\u00e7\u00e3o do presidente Lula (PT), de 80 anos. Em agendas oficiais, ele aperta o passo para ser flagrado pelas lentes de sua equipe, que logo posta a cena nas redes sociais. O petista tamb\u00e9m se deixa filmar quando faz exerc\u00edcios, t\u00e1tica que tem sido usada para ... Ler mais","og_url":"https:\/\/penoticias.com.br\/blog\/fadiga-eleitoral-desafia-lula-80-anos-terceiro-governante-ha-mais-tempo-no-poder-no-brasil\/","og_site_name":"PE Not\u00edcias","article_publisher":"pedrovicentearaujo@hotmail.com","article_author":"pedrovicentearaujo@hotmail.com","article_published_time":"2026-06-07T03:07:36+00:00","og_image":[{"url":"https:\/\/f.i.uol.com.br\/fotografia\/2026\/06\/05\/17806898886a232be018aa2_1780689888_3x2_xs.jpg","type":"","width":"","height":""}],"author":"Pedro Ara\u00fajo","twitter_card":"summary_large_image","twitter_creator":"@pedromuela","twitter_site":"@pedromuela","twitter_misc":{"Escrito por":"Pedro Ara\u00fajo","Est. tempo de leitura":"7 minutos"},"schema":{"@context":"https:\/\/schema.org","@graph":[{"@type":"Article","@id":"https:\/\/penoticias.com.br\/blog\/fadiga-eleitoral-desafia-lula-80-anos-terceiro-governante-ha-mais-tempo-no-poder-no-brasil\/#article","isPartOf":{"@id":"https:\/\/penoticias.com.br\/blog\/fadiga-eleitoral-desafia-lula-80-anos-terceiro-governante-ha-mais-tempo-no-poder-no-brasil\/"},"author":{"name":"Pedro Ara\u00fajo","@id":"https:\/\/penoticias.com.br\/blog\/#\/schema\/person\/13ea60669d2351f129ef3657907f1432"},"headline":"Fadiga eleitoral desafia Lula, 80 anos, terceiro governante h\u00e1 mais tempo no poder no Brasil","datePublished":"2026-06-07T03:07:36+00:00","mainEntityOfPage":{"@id":"https:\/\/penoticias.com.br\/blog\/fadiga-eleitoral-desafia-lula-80-anos-terceiro-governante-ha-mais-tempo-no-poder-no-brasil\/"},"wordCount":1159,"publisher":{"@id":"https:\/\/penoticias.com.br\/blog\/#\/schema\/person\/13ea60669d2351f129ef3657907f1432"},"image":{"@id":"https:\/\/penoticias.com.br\/blog\/fadiga-eleitoral-desafia-lula-80-anos-terceiro-governante-ha-mais-tempo-no-poder-no-brasil\/#primaryimage"},"thumbnailUrl":"https:\/\/f.i.uol.com.br\/fotografia\/2026\/06\/05\/17806898886a232be018aa2_1780689888_3x2_xs.jpg","articleSection":["Pol\u00edtica"],"inLanguage":"pt-BR"},{"@type":"WebPage","@id":"https:\/\/penoticias.com.br\/blog\/fadiga-eleitoral-desafia-lula-80-anos-terceiro-governante-ha-mais-tempo-no-poder-no-brasil\/","url":"https:\/\/penoticias.com.br\/blog\/fadiga-eleitoral-desafia-lula-80-anos-terceiro-governante-ha-mais-tempo-no-poder-no-brasil\/","name":"Fadiga eleitoral desafia Lula, 80 anos, terceiro governante h\u00e1 mais tempo no poder no Brasil - PE Not\u00edcias","isPartOf":{"@id":"https:\/\/penoticias.com.br\/blog\/#website"},"primaryImageOfPage":{"@id":"https:\/\/penoticias.com.br\/blog\/fadiga-eleitoral-desafia-lula-80-anos-terceiro-governante-ha-mais-tempo-no-poder-no-brasil\/#primaryimage"},"image":{"@id":"https:\/\/penoticias.com.br\/blog\/fadiga-eleitoral-desafia-lula-80-anos-terceiro-governante-ha-mais-tempo-no-poder-no-brasil\/#primaryimage"},"thumbnailUrl":"https:\/\/f.i.uol.com.br\/fotografia\/2026\/06\/05\/17806898886a232be018aa2_1780689888_3x2_xs.jpg","datePublished":"2026-06-07T03:07:36+00:00","breadcrumb":{"@id":"https:\/\/penoticias.com.br\/blog\/fadiga-eleitoral-desafia-lula-80-anos-terceiro-governante-ha-mais-tempo-no-poder-no-brasil\/#breadcrumb"},"inLanguage":"pt-BR","potentialAction":[{"@type":"ReadAction","target":["https:\/\/penoticias.com.br\/blog\/fadiga-eleitoral-desafia-lula-80-anos-terceiro-governante-ha-mais-tempo-no-poder-no-brasil\/"]}]},{"@type":"ImageObject","inLanguage":"pt-BR","@id":"https:\/\/penoticias.com.br\/blog\/fadiga-eleitoral-desafia-lula-80-anos-terceiro-governante-ha-mais-tempo-no-poder-no-brasil\/#primaryimage","url":"https:\/\/f.i.uol.com.br\/fotografia\/2026\/06\/05\/17806898886a232be018aa2_1780689888_3x2_xs.jpg","contentUrl":"https:\/\/f.i.uol.com.br\/fotografia\/2026\/06\/05\/17806898886a232be018aa2_1780689888_3x2_xs.jpg"},{"@type":"BreadcrumbList","@id":"https:\/\/penoticias.com.br\/blog\/fadiga-eleitoral-desafia-lula-80-anos-terceiro-governante-ha-mais-tempo-no-poder-no-brasil\/#breadcrumb","itemListElement":[{"@type":"ListItem","position":1,"name":"In\u00edcio","item":"https:\/\/penoticias.com.br\/blog\/"},{"@type":"ListItem","position":2,"name":"Fadiga eleitoral desafia Lula, 80 anos, terceiro governante h\u00e1 mais tempo no poder no Brasil"}]},{"@type":"WebSite","@id":"https:\/\/penoticias.com.br\/blog\/#website","url":"https:\/\/penoticias.com.br\/blog\/","name":"PE Not\u00edcias","description":"Voc\u00ea no Mundo da Informa\u00e7\u00e3o.","publisher":{"@id":"https:\/\/penoticias.com.br\/blog\/#\/schema\/person\/13ea60669d2351f129ef3657907f1432"},"potentialAction":[{"@type":"SearchAction","target":{"@type":"EntryPoint","urlTemplate":"https:\/\/penoticias.com.br\/blog\/?s={search_term_string}"},"query-input":{"@type":"PropertyValueSpecification","valueRequired":true,"valueName":"search_term_string"}}],"inLanguage":"pt-BR"},{"@type":["Person","Organization"],"@id":"https:\/\/penoticias.com.br\/blog\/#\/schema\/person\/13ea60669d2351f129ef3657907f1432","name":"Pedro Ara\u00fajo","image":{"@type":"ImageObject","inLanguage":"pt-BR","@id":"https:\/\/secure.gravatar.com\/avatar\/d654258027afd7c928561b83494a45e3aff23d7ac7ce926d2bceac1ffe030175?s=96&d=mm&r=g","url":"https:\/\/secure.gravatar.com\/avatar\/d654258027afd7c928561b83494a45e3aff23d7ac7ce926d2bceac1ffe030175?s=96&d=mm&r=g","contentUrl":"https:\/\/secure.gravatar.com\/avatar\/d654258027afd7c928561b83494a45e3aff23d7ac7ce926d2bceac1ffe030175?s=96&d=mm&r=g","caption":"Pedro Ara\u00fajo"},"logo":{"@id":"https:\/\/secure.gravatar.com\/avatar\/d654258027afd7c928561b83494a45e3aff23d7ac7ce926d2bceac1ffe030175?s=96&d=mm&r=g"},"description":"As informa\u00e7\u00f5es que traduzem as verdades dos fatos, sem ferir ou denegrir pessoas ou imagens. Como tamb\u00e9m, nunca procurando agradar aos maus feitores.","sameAs":["http:\/\/www.penoticias.com.br","pedrovicentearaujo@hotmail.com","@pedroafogados","https:\/\/x.com\/pedromuela","www.penoticias.com.br"],"url":"https:\/\/penoticias.com.br\/blog\/author\/pedro\/"}]}},"_links":{"self":[{"href":"https:\/\/penoticias.com.br\/blog\/wp-json\/wp\/v2\/posts\/219678","targetHints":{"allow":["GET"]}}],"collection":[{"href":"https:\/\/penoticias.com.br\/blog\/wp-json\/wp\/v2\/posts"}],"about":[{"href":"https:\/\/penoticias.com.br\/blog\/wp-json\/wp\/v2\/types\/post"}],"author":[{"embeddable":true,"href":"https:\/\/penoticias.com.br\/blog\/wp-json\/wp\/v2\/users\/2"}],"replies":[{"embeddable":true,"href":"https:\/\/penoticias.com.br\/blog\/wp-json\/wp\/v2\/comments?post=219678"}],"version-history":[{"count":1,"href":"https:\/\/penoticias.com.br\/blog\/wp-json\/wp\/v2\/posts\/219678\/revisions"}],"predecessor-version":[{"id":219679,"href":"https:\/\/penoticias.com.br\/blog\/wp-json\/wp\/v2\/posts\/219678\/revisions\/219679"}],"wp:attachment":[{"href":"https:\/\/penoticias.com.br\/blog\/wp-json\/wp\/v2\/media?parent=219678"}],"wp:term":[{"taxonomy":"category","embeddable":true,"href":"https:\/\/penoticias.com.br\/blog\/wp-json\/wp\/v2\/categories?post=219678"},{"taxonomy":"post_tag","embeddable":true,"href":"https:\/\/penoticias.com.br\/blog\/wp-json\/wp\/v2\/tags?post=219678"}],"curies":[{"name":"wp","href":"https:\/\/api.w.org\/{rel}","templated":true}]}}