{"id":223049,"date":"2026-07-14T00:03:07","date_gmt":"2026-07-14T03:03:07","guid":{"rendered":"https:\/\/penoticias.com.br\/blog\/?p=223049"},"modified":"2026-07-13T10:50:09","modified_gmt":"2026-07-13T13:50:09","slug":"pp-uniao-brasil-e-pl-lideram-ranking-de-emendas-sem-digital-na-camara","status":"publish","type":"post","link":"https:\/\/penoticias.com.br\/blog\/pp-uniao-brasil-e-pl-lideram-ranking-de-emendas-sem-digital-na-camara\/","title":{"rendered":"PP, Uni\u00e3o Brasil e PL lideram ranking de emendas \u201csem digital\u201d na C\u00e2mara"},"content":{"rendered":"<p style=\"text-align: center;\"><img fetchpriority=\"high\" decoding=\"async\" class=\"alignnone wp-image-206265 \" src=\"https:\/\/penoticias.com.br\/blog\/wp-content\/uploads\/2026\/01\/Brasilia.jpg\" alt=\"\" width=\"636\" height=\"356\" srcset=\"https:\/\/penoticias.com.br\/blog\/wp-content\/uploads\/2026\/01\/Brasilia.jpg 799w, https:\/\/penoticias.com.br\/blog\/wp-content\/uploads\/2026\/01\/Brasilia-300x168.jpg 300w, https:\/\/penoticias.com.br\/blog\/wp-content\/uploads\/2026\/01\/Brasilia-768x430.jpg 768w\" sizes=\"(max-width: 636px) 100vw, 636px\" \/><\/p>\n<p><span style=\"font-size: 8pt;\"><em>CNN Brasil<\/em><\/span><\/p>\n<p>Os partidos Partido Progressistas (PP), Uni\u00e3o Brasil e Partido Liberal (PL) s\u00e3o as siglas que mais enviaram emendas da C\u00e2mara dos Deputados em 2025 com autoria associada \u00e0 lideran\u00e7a partid\u00e1ria. Isso ocultaria os reais autores da indica\u00e7\u00e3o dos recursos. As informa\u00e7\u00f5es constam em relat\u00f3rio da organiza\u00e7\u00e3o Transpar\u00eancia Brasil.<\/p>\n<p>O Republicanos, Avante, Solidariedade e Podemos tamb\u00e9m constam na lista relativa \u00e0s emendas de lideran\u00e7a da C\u00e2mara referente a 2025. A Transpar\u00eancia Brasil acrescenta que a maior parte desses repasses concentra recursos em um ou dois estados. O restante \u00e9 pulverizado em outros entes.<\/p>\n<p>&#8220;A pr\u00e1tica sugere que a escolha do benefici\u00e1rio final \u00e9 feita por diversos deputados da legenda, de diferentes regi\u00f5es do pa\u00eds, com caciques partid\u00e1rios se apropriando de maiores volumes para seus estados de interesse. Nenhum desses parlamentares \u00e9 identificado&#8221;, aponta o relat\u00f3rio.<\/p>\n<p><strong>Distribui\u00e7\u00e3o das indica\u00e7\u00f5es \u00e0s emendas:<\/strong><\/p>\n<ul>\n<li><strong>Progressistas <\/strong>&#8211; 464 indica\u00e7\u00f5es &#8211; R$ 427.749.685;<\/li>\n<li><strong>Uni\u00e3o Brasil<\/strong> &#8211; 303 indica\u00e7\u00f5es\u00a0 &#8211; R$ 288.744.163;<\/li>\n<li><strong>Partido Liberal<\/strong> &#8211; 234 indica\u00e7\u00f5es &#8211; R$ 254.339.840;<\/li>\n<li><strong>Republicanos <\/strong>&#8211; 260 indica\u00e7\u00f5es &#8211; R$ 218.454.614;<\/li>\n<li><strong>Avante<\/strong> &#8211; 50 indica\u00e7\u00f5es &#8211; R$ 29.995.000;<\/li>\n<li><strong>Solidariedade<\/strong> &#8211; 6 indica\u00e7\u00f5es &#8211; R$ 22.000.000;<\/li>\n<li><strong>Podemos<\/strong> &#8211; 24 indica\u00e7\u00f5es &#8211; R$ 18.983.331.<\/li>\n<\/ul>\n<p>Os dados foram reunidos a partir de documentos disponibilizados da Comiss\u00e3o Mista de Planos, Or\u00e7amentos P\u00fablicos e Fiscaliza\u00e7\u00e3o (CMO) do Congresso Nacional. Havia R$ 11,7 bilh\u00f5es em indica\u00e7\u00f5es para as emendas de comiss\u00e3o em 2025.<\/p>\n<p>Deste montante, R$ 3,8 bilh\u00f5es s\u00e3o origin\u00e1rios do Senado e R$ 7,9 bilh\u00f5es da C\u00e2mara. Elas s\u00e3o referentes a 4.415 indica\u00e7\u00f5es de senadores e de 12.231 indica\u00e7\u00f5es de deputados. A Transpar\u00eancia Brasil indica que todas as indica\u00e7\u00f5es das comiss\u00f5es do Senado estavam associadas a um senador.<\/p>\n<p><strong>Emendas de lideran\u00e7a da C\u00e2mara por UF<\/strong><\/p>\n<p>O relat\u00f3rio atesta que os l\u00edderes da bancada de seis dos sete partidos indicaram emendas sem apontar o respons\u00e1vel. &#8220;Esses seis l\u00edderes partid\u00e1rios fizeram indica\u00e7\u00f5es que somam R$ 143,2 milh\u00f5es em 2025. A totalidade desses recursos foi para benefici\u00e1rios dos estados em que foram eleitos&#8221;.<\/p>\n<p>A \u00fanica exce\u00e7\u00e3o \u00e9 o Progressistas j\u00e1 que n\u00e3o h\u00e1 registros de indica\u00e7\u00f5es atreladas ao nome de Dr. Luizinho (PP-RJ), l\u00edder da bancada na C\u00e2mara. O partido concentrou mais da metade do montante distribu\u00eddo no Piau\u00ed. Este estado \u00e9 a base eleitoral do senador Ciro Nogueira, presidente do PP e que tenta a reelei\u00e7\u00e3o em uma disputa acirrada.<!--more--><\/p>\n<p>O Uni\u00e3o Brasil \u00e9 o segundo partido com mais \u201cemendas de lideran\u00e7a\u201d, sendo R$ 134,9 milh\u00f5es (47%) concentrados no Maranh\u00e3o, domic\u00edlio eleitoral do deputado Pedro Lucas Fernandes, l\u00edder da bancada na C\u00e2mara.<\/p>\n<p><strong>Valor direcionado em 2025 a benefici\u00e1rios dos estados dos l\u00edderes partid\u00e1rios:<\/strong><\/p>\n<ul>\n<li><strong>Pedro Lucas Fernandes (Uni\u00e3o-MA)<\/strong> &#8211; 47% das emendas de lideran\u00e7a do partido foram para benefici\u00e1rios da UF do l\u00edder;<\/li>\n<li><strong>S\u00f3stenes Cavalcante (PL-RJ)<\/strong> &#8211; 8%\u00a0das emendas de lideran\u00e7a do partido foram para benefici\u00e1rios da UF do l\u00edder;<\/li>\n<li><strong>Dr. Luizinho (PP-RJ)<\/strong> &#8211; 24% das emendas de lideran\u00e7a do partido foram para benefici\u00e1rios da UF do l\u00edder;<\/li>\n<li><strong>Aureo Ribeiro (Solidariedade-RJ)<\/strong> &#8211; 100% das emendas de lideran\u00e7a do partido foram para benefici\u00e1rios da UF do l\u00edder;<\/li>\n<li><strong>Gilberto Abramo (Republicanos-MG)<\/strong> &#8211; 17% das emendas de lideran\u00e7a do partido foram para benefici\u00e1rios da UF do l\u00edder;<\/li>\n<li><strong>Neto Carletto (Avante-BA)<\/strong> &#8211; 67% das emendas de lideran\u00e7a do partido foram para benefici\u00e1rios da UF do l\u00edder;<\/li>\n<li><strong>Rodrigo Gambale (Podemos-SP)<\/strong> &#8211; 21% das emendas de lideran\u00e7a do partido foram para benefici\u00e1rios da UF do l\u00edder.<\/li>\n<\/ul>\n<p>&#8220;Esse quadro refor\u00e7a o entendimento de que as \u00b4emendas de lideran\u00e7a\u00b4 n\u00e3o correspondem \u00e0 cota individual dos l\u00edderes, tampouco representam uma decis\u00e3o exclusiva deste parlamentar, pois a fragmenta\u00e7\u00e3o em benefici\u00e1rios de diversos entes sugere m\u00faltiplos autores ocultos&#8221;, afirma a organiza\u00e7\u00e3o respons\u00e1vel pelo ranking.<\/p>\n<p>De forma geral, o estado do Rio de Janeiro lidera o ranking de recebimento de \u201cemendas de lideran\u00e7a\u201d. O estado do Piau\u00ed aparece em seguida e tem R$ 216,5 milh\u00f5es registrados em \u201cemendas de lideran\u00e7a\u201d, todas do PP.<\/p>\n<p><strong>Situa\u00e7\u00e3o em 2026<\/strong><\/p>\n<p>O relat\u00f3rio identificou que o cen\u00e1rio das \u201cemendas de lideran\u00e7a\u201d na C\u00e2mara persiste em 2026. As escolhas dos benefici\u00e1rios das emendas de comiss\u00e3o incorporadas ao or\u00e7amento come\u00e7aram a ser publicizadas em abril deste ano. Rastreamento feito pela Transpar\u00eancia Brasil em 29 de maio demonstram R$ 373,8 milh\u00f5es em recursos registrados com autoria de lideran\u00e7as partid\u00e1rias.<\/p>\n<p>&#8220;Das sete lideran\u00e7as partid\u00e1rias com indica\u00e7\u00f5es que ocultam o parlamentar autor em 2025, apenas a do Solidariedade n\u00e3o aparece nos arquivos de 2026. J\u00e1 o PT<br \/>\ningressou no grupo, com R$ 107,5 milh\u00f5es atrelados \u00e0 lideran\u00e7a petista. Os dados parciais apontam que praticamente um ter\u00e7o das \u201cemendas de lideran\u00e7a\u201d em 2026 \u00e9 de autoria do Republicanos (R$ 126,5 milh\u00f5es)&#8221;, revela a Transpar\u00eancia Brasil.<\/p>\n<p>O Republicanos \u00e9 o partido de Hugo Motta, presidente da C\u00e2mara a partir de 2025.<\/p>\n<p><strong>Atas indispon\u00edveis e indica\u00e7\u00f5es irrastre\u00e1veis<\/strong><\/p>\n<p>A legisla\u00e7\u00e3o determinar que as atas das reuni\u00f5es para decidir a distribui\u00e7\u00e3o das emendas precisam ser p\u00fablicas. Segundo a Transpar\u00eancia Brasil, a C\u00e2mara dos Deputados apresentou &#8220;respostas evasivas&#8221; quando questionada sobre as atas. &#8220;Como n\u00e3o foi poss\u00edvel obter os documentos, tanto em transpar\u00eancia ativa quanto passiva, torna-se invi\u00e1vel verificar se as \u201cemendas de lideran\u00e7a\u201d decorrem de consenso das respectivas bancadas e pesquisar se os autores originais das indica\u00e7\u00f5es de lideran\u00e7a est\u00e3o de alguma forma identificados&#8221;.<\/p>\n<p>A Transpar\u00eancia Brasil realizou o cruzamento de todas as indica\u00e7\u00f5es de emendas de comiss\u00e3o em 2025 disponibilizadas pelo Congresso \u2013 tanto de autoria definida, como de lideran\u00e7as \u2013 com os dados do arquivo de indica\u00e7\u00f5es Portal da Transpar\u00eancia, a partir dos campos CNPJ do benefici\u00e1rio e n\u00famero da emenda. Como resultado, R$ 821 milh\u00f5es em recursos empenhados n\u00e3o puderam ser associados a nenhuma das indica\u00e7\u00f5es da C\u00e2mara e do Senado a partir dessas duas bases.<\/p>\n","protected":false},"excerpt":{"rendered":"<p>CNN Brasil Os partidos Partido Progressistas (PP), Uni\u00e3o Brasil e Partido Liberal (PL) s\u00e3o as siglas que mais enviaram emendas da C\u00e2mara dos Deputados em 2025 com autoria associada \u00e0 lideran\u00e7a partid\u00e1ria. Isso ocultaria os reais autores da indica\u00e7\u00e3o dos recursos. As informa\u00e7\u00f5es constam em relat\u00f3rio da organiza\u00e7\u00e3o Transpar\u00eancia Brasil. O Republicanos, Avante, Solidariedade e &#8230; <a title=\"PP, Uni\u00e3o Brasil e PL lideram ranking de emendas \u201csem digital\u201d na C\u00e2mara\" class=\"read-more\" href=\"https:\/\/penoticias.com.br\/blog\/pp-uniao-brasil-e-pl-lideram-ranking-de-emendas-sem-digital-na-camara\/\" aria-label=\"Read more about PP, Uni\u00e3o Brasil e PL lideram ranking de emendas \u201csem digital\u201d na C\u00e2mara\">Ler mais<\/a><\/p>\n<div class='heateorSssClear'><\/div><div  class='heateor_sss_sharing_container heateor_sss_horizontal_sharing' data-heateor-sss-href='https:\/\/penoticias.com.br\/blog\/pp-uniao-brasil-e-pl-lideram-ranking-de-emendas-sem-digital-na-camara\/'><div class='heateor_sss_sharing_title' style=\"font-weight:bold\" ><\/div><div class=\"heateor_sss_sharing_ul\"><a aria-label=\"Facebook\" class=\"heateor_sss_facebook\" href=\"https:\/\/www.facebook.com\/sharer\/sharer.php?u=https%3A%2F%2Fpenoticias.com.br%2Fblog%2Fpp-uniao-brasil-e-pl-lideram-ranking-de-emendas-sem-digital-na-camara%2F\" title=\"Facebook\" rel=\"nofollow noopener\" target=\"_blank\" style=\"font-size:32px!important;box-shadow:none;display:inline-block;vertical-align:middle\"><span class=\"heateor_sss_svg\" style=\"background-color:#0765FE;width:35px;height:35px;border-radius:999px;display:inline-block;opacity:1;float:left;font-size:32px;box-shadow:none;display:inline-block;font-size:16px;padding:0 4px;vertical-align:middle;background-repeat:repeat;overflow:hidden;padding:0;cursor:pointer;box-sizing:content-box\"><svg style=\"display:block;border-radius:999px;\" focusable=\"false\" aria-hidden=\"true\" xmlns=\"http:\/\/www.w3.org\/2000\/svg\" width=\"100%\" height=\"100%\" viewBox=\"0 0 32 32\"><path fill=\"#fff\" d=\"M28 16c0-6.627-5.373-12-12-12S4 9.373 4 16c0 5.628 3.875 10.35 9.101 11.647v-7.98h-2.474V16H13.1v-1.58c0-4.085 1.849-5.978 5.859-5.978.76 0 2.072.15 2.608.298v3.325c-.283-.03-.775-.045-1.386-.045-1.967 0-2.728.745-2.728 2.683V16h3.92l-.673 3.667h-3.247v8.245C23.395 27.195 28 22.135 28 16Z\"><\/path><\/svg><\/span><\/a><a aria-label=\"Twitter\" class=\"heateor_sss_button_twitter\" href=\"https:\/\/twitter.com\/intent\/tweet?text=PP%2C%20Uni%C3%A3o%20Brasil%20e%20PL%20lideram%20ranking%20de%20emendas%20%E2%80%9Csem%20digital%E2%80%9D%20na%20C%C3%A2mara&url=https%3A%2F%2Fpenoticias.com.br%2Fblog%2Fpp-uniao-brasil-e-pl-lideram-ranking-de-emendas-sem-digital-na-camara%2F\" title=\"Twitter\" rel=\"nofollow noopener\" target=\"_blank\" style=\"font-size:32px!important;box-shadow:none;display:inline-block;vertical-align:middle\"><span class=\"heateor_sss_svg heateor_sss_s__default heateor_sss_s_twitter\" style=\"background-color:#55acee;width:35px;height:35px;border-radius:999px;display:inline-block;opacity:1;float:left;font-size:32px;box-shadow:none;display:inline-block;font-size:16px;padding:0 4px;vertical-align:middle;background-repeat:repeat;overflow:hidden;padding:0;cursor:pointer;box-sizing:content-box\"><svg style=\"display:block;border-radius:999px;\" focusable=\"false\" aria-hidden=\"true\" xmlns=\"http:\/\/www.w3.org\/2000\/svg\" width=\"100%\" height=\"100%\" viewBox=\"-4 -4 39 39\"><path d=\"M28 8.557a9.913 9.913 0 0 1-2.828.775 4.93 4.93 0 0 0 2.166-2.725 9.738 9.738 0 0 1-3.13 1.194 4.92 4.92 0 0 0-3.593-1.55 4.924 4.924 0 0 0-4.794 6.049c-4.09-.21-7.72-2.17-10.15-5.15a4.942 4.942 0 0 0-.665 2.477c0 1.71.87 3.214 2.19 4.1a4.968 4.968 0 0 1-2.23-.616v.06c0 2.39 1.7 4.38 3.952 4.83-.414.115-.85.174-1.297.174-.318 0-.626-.03-.928-.086a4.935 4.935 0 0 0 4.6 3.42 9.893 9.893 0 0 1-6.114 2.107c-.398 0-.79-.023-1.175-.068a13.953 13.953 0 0 0 7.55 2.213c9.056 0 14.01-7.507 14.01-14.013 0-.213-.005-.426-.015-.637.96-.695 1.795-1.56 2.455-2.55z\" fill=\"#fff\"><\/path><\/svg><\/span><\/a><a aria-label=\"Whatsapp\" class=\"heateor_sss_whatsapp\" href=\"https:\/\/api.whatsapp.com\/send?text=PP%2C%20Uni%C3%A3o%20Brasil%20e%20PL%20lideram%20ranking%20de%20emendas%20%E2%80%9Csem%20digital%E2%80%9D%20na%20C%C3%A2mara%20https%3A%2F%2Fpenoticias.com.br%2Fblog%2Fpp-uniao-brasil-e-pl-lideram-ranking-de-emendas-sem-digital-na-camara%2F\" title=\"Whatsapp\" rel=\"nofollow noopener\" target=\"_blank\" style=\"font-size:32px!important;box-shadow:none;display:inline-block;vertical-align:middle\"><span class=\"heateor_sss_svg\" style=\"background-color:#55eb4c;width:35px;height:35px;border-radius:999px;display:inline-block;opacity:1;float:left;font-size:32px;box-shadow:none;display:inline-block;font-size:16px;padding:0 4px;vertical-align:middle;background-repeat:repeat;overflow:hidden;padding:0;cursor:pointer;box-sizing:content-box\"><svg style=\"display:block;border-radius:999px;\" focusable=\"false\" aria-hidden=\"true\" xmlns=\"http:\/\/www.w3.org\/2000\/svg\" width=\"100%\" height=\"100%\" viewBox=\"-6 -5 40 40\"><path class=\"heateor_sss_svg_stroke heateor_sss_no_fill\" stroke=\"#fff\" stroke-width=\"2\" fill=\"none\" d=\"M 11.579798566743314 24.396926207859085 A 10 10 0 1 0 6.808479557110079 20.73576436351046\"><\/path><path d=\"M 7 19 l -1 6 l 6 -1\" class=\"heateor_sss_no_fill heateor_sss_svg_stroke\" stroke=\"#fff\" stroke-width=\"2\" fill=\"none\"><\/path><path d=\"M 10 10 q -1 8 8 11 c 5 -1 0 -6 -1 -3 q -4 -3 -5 -5 c 4 -2 -1 -5 -1 -4\" fill=\"#fff\"><\/path><\/svg><\/span><\/a><a aria-label=\"Gmail\" class=\"heateor_sss_button_google_gmail\" href=\"https:\/\/mail.google.com\/mail\/?ui=2&view=cm&fs=1&tf=1&su=PP%2C%20Uni%C3%A3o%20Brasil%20e%20PL%20lideram%20ranking%20de%20emendas%20%E2%80%9Csem%20digital%E2%80%9D%20na%20C%C3%A2mara&body=Link:https%3A%2F%2Fpenoticias.com.br%2Fblog%2Fpp-uniao-brasil-e-pl-lideram-ranking-de-emendas-sem-digital-na-camara%2F\" title=\"Google Gmail\" rel=\"nofollow noopener\" target=\"_blank\" style=\"font-size:32px!important;box-shadow:none;display:inline-block;vertical-align:middle\"><span class=\"heateor_sss_svg heateor_sss_s__default heateor_sss_s_Google_Gmail\" style=\"background-color:#e5e5e5;width:35px;height:35px;border-radius:999px;display:inline-block;opacity:1;float:left;font-size:32px;box-shadow:none;display:inline-block;font-size:16px;padding:0 4px;vertical-align:middle;background-repeat:repeat;overflow:hidden;padding:0;cursor:pointer;box-sizing:content-box\"><svg style=\"display:block;border-radius:999px;\" focusable=\"false\" aria-hidden=\"true\" xmlns=\"http:\/\/www.w3.org\/2000\/svg\" width=\"100%\" height=\"100%\" viewBox=\"0 0 32 32\"><path fill=\"#fff\" d=\"M2.902 6.223h26.195v19.554H2.902z\"><\/path><path fill=\"#E14C41\" class=\"heateor_sss_no_fill\" d=\"M2.902 25.777h26.195V6.223H2.902v19.554zm22.44-4.007v3.806H6.955v-3.6h.032l.093-.034 6.9-5.558 2.09 1.77 1.854-1.63 7.42 5.246zm0-.672l-7.027-4.917 7.028-6.09V21.1zm-1.17-14.67l-.947.905c-2.356 2.284-4.693 4.75-7.17 6.876l-.078.06L8.062 6.39l16.11.033zm-10.597 9.61l-6.62 5.294.016-10.914 6.607 5.62\"><\/path><\/svg><\/span><\/a><a aria-label=\"Instagram\" class=\"heateor_sss_button_instagram\" href=\"https:\/\/www.instagram.com\/\" title=\"Instagram\" rel=\"nofollow noopener\" target=\"_blank\" style=\"font-size:32px!important;box-shadow:none;display:inline-block;vertical-align:middle\"><span class=\"heateor_sss_svg\" style=\"background-color:#53beee;width:35px;height:35px;border-radius:999px;display:inline-block;opacity:1;float:left;font-size:32px;box-shadow:none;display:inline-block;font-size:16px;padding:0 4px;vertical-align:middle;background-repeat:repeat;overflow:hidden;padding:0;cursor:pointer;box-sizing:content-box\"><svg style=\"display:block;border-radius:999px;\" version=\"1.1\" viewBox=\"-10 -10 148 148\" width=\"100%\" height=\"100%\" xml:space=\"preserve\" xmlns=\"http:\/\/www.w3.org\/2000\/svg\" xmlns:xlink=\"http:\/\/www.w3.org\/1999\/xlink\"><g><g><path d=\"M86,112H42c-14.336,0-26-11.663-26-26V42c0-14.337,11.664-26,26-26h44c14.337,0,26,11.663,26,26v44 C112,100.337,100.337,112,86,112z M42,24c-9.925,0-18,8.074-18,18v44c0,9.925,8.075,18,18,18h44c9.926,0,18-8.075,18-18V42 c0-9.926-8.074-18-18-18H42z\" fill=\"#fff\"><\/path><\/g><g><path d=\"M64,88c-13.234,0-24-10.767-24-24c0-13.234,10.766-24,24-24s24,10.766,24,24C88,77.233,77.234,88,64,88z M64,48c-8.822,0-16,7.178-16,16s7.178,16,16,16c8.822,0,16-7.178,16-16S72.822,48,64,48z\" fill=\"#fff\"><\/path><\/g><g><circle cx=\"89.5\" cy=\"38.5\" fill=\"#fff\" r=\"5.5\"><\/circle><\/g><\/g><\/svg><\/span><\/a><a aria-label=\"Print\" class=\"heateor_sss_button_print\" href=\"https:\/\/penoticias.com.br\/blog\/pp-uniao-brasil-e-pl-lideram-ranking-de-emendas-sem-digital-na-camara\/\" onclick=\"event.preventDefault();window.print()\" title=\"Print\" rel=\"noopener\" style=\"font-size:32px!important;box-shadow:none;display:inline-block;vertical-align:middle\"><span class=\"heateor_sss_svg heateor_sss_s__default heateor_sss_s_print\" style=\"background-color:#fd6500;width:35px;height:35px;border-radius:999px;display:inline-block;opacity:1;float:left;font-size:32px;box-shadow:none;display:inline-block;font-size:16px;padding:0 4px;vertical-align:middle;background-repeat:repeat;overflow:hidden;padding:0;cursor:pointer;box-sizing:content-box\"><svg style=\"display:block;border-radius:999px;\" focusable=\"false\" aria-hidden=\"true\" xmlns=\"http:\/\/www.w3.org\/2000\/svg\" width=\"100%\" height=\"100%\" viewBox=\"-2.8 -4.5 35 35\"><path stroke=\"#fff\" class=\"heateor_sss_svg_stroke\" d=\"M 7 10 h 2 v 3 h 12 v -3 h 2 v 7 h -2 v -3 h -12 v 3 h -2 z\" stroke-width=\"1\" fill=\"#fff\"><\/path><rect class=\"heateor_sss_no_fill heateor_sss_svg_stroke\" stroke=\"#fff\" stroke-width=\"1.8\" height=\"7\" width=\"10\" x=\"10\" y=\"5\" fill=\"none\"><\/rect><rect class=\"heateor_sss_svg_stroke\" stroke=\"#fff\" stroke-width=\"1\" height=\"5\" width=\"8\" x=\"11\" y=\"16\" fill=\"#fff\"><\/rect><\/svg><\/span><\/a><a class=\"heateor_sss_more\" aria-label=\"More\" title=\"More\" rel=\"nofollow noopener\" style=\"font-size: 32px!important;border:0;box-shadow:none;display:inline-block!important;font-size:16px;padding:0 4px;vertical-align: middle;display:inline;\" href=\"https:\/\/penoticias.com.br\/blog\/pp-uniao-brasil-e-pl-lideram-ranking-de-emendas-sem-digital-na-camara\/\" onclick=\"event.preventDefault()\"><span class=\"heateor_sss_svg\" style=\"background-color:#ee8e2d;width:35px;height:35px;border-radius:999px;display:inline-block!important;opacity:1;float:left;font-size:32px!important;box-shadow:none;display:inline-block;font-size:16px;padding:0 4px;vertical-align:middle;display:inline;background-repeat:repeat;overflow:hidden;padding:0;cursor:pointer;box-sizing:content-box;\" onclick=\"heateorSssMoreSharingPopup(this, 'https:\/\/penoticias.com.br\/blog\/pp-uniao-brasil-e-pl-lideram-ranking-de-emendas-sem-digital-na-camara\/', 'PP%2C%20Uni%C3%A3o%20Brasil%20e%20PL%20lideram%20ranking%20de%20emendas%20%E2%80%9Csem%20digital%E2%80%9D%20na%20C%C3%A2mara', '' )\"><svg xmlns=\"http:\/\/www.w3.org\/2000\/svg\" xmlns:xlink=\"http:\/\/www.w3.org\/1999\/xlink\" viewBox=\"-.3 0 32 32\" version=\"1.1\" width=\"100%\" height=\"100%\" style=\"display:block;border-radius:999px;\" xml:space=\"preserve\"><g><path fill=\"#fff\" d=\"M18 14V8h-4v6H8v4h6v6h4v-6h6v-4h-6z\" fill-rule=\"evenodd\"><\/path><\/g><\/svg><\/span><\/a><\/div><div class=\"heateorSssClear\"><\/div><\/div><div class='heateorSssClear'><\/div>","protected":false},"author":2,"featured_media":0,"comment_status":"closed","ping_status":"closed","sticky":false,"template":"","format":"standard","meta":{"footnotes":""},"categories":[10],"tags":[],"class_list":["post-223049","post","type-post","status-publish","format-standard","hentry","category-politica"],"yoast_head":"<!-- This site is optimized with the Yoast SEO plugin v28.4 - https:\/\/yoast.com\/product\/yoast-seo-wordpress\/ -->\n<title>PP, Uni\u00e3o Brasil e PL lideram ranking de emendas \u201csem digital\u201d na C\u00e2mara - PE Not\u00edcias<\/title>\n<meta name=\"robots\" content=\"index, follow, max-snippet:-1, max-image-preview:large, max-video-preview:-1\" \/>\n<link rel=\"canonical\" href=\"https:\/\/penoticias.com.br\/blog\/pp-uniao-brasil-e-pl-lideram-ranking-de-emendas-sem-digital-na-camara\/\" \/>\n<meta property=\"og:locale\" content=\"pt_BR\" \/>\n<meta property=\"og:type\" content=\"article\" \/>\n<meta property=\"og:title\" content=\"PP, Uni\u00e3o Brasil e PL lideram ranking de emendas \u201csem digital\u201d na C\u00e2mara - PE Not\u00edcias\" \/>\n<meta property=\"og:description\" content=\"CNN Brasil Os partidos Partido Progressistas (PP), Uni\u00e3o Brasil e Partido Liberal (PL) s\u00e3o as siglas que mais enviaram emendas da C\u00e2mara dos Deputados em 2025 com autoria associada \u00e0 lideran\u00e7a partid\u00e1ria. Isso ocultaria os reais autores da indica\u00e7\u00e3o dos recursos. As informa\u00e7\u00f5es constam em relat\u00f3rio da organiza\u00e7\u00e3o Transpar\u00eancia Brasil. O Republicanos, Avante, Solidariedade e ... Ler mais\" \/>\n<meta property=\"og:url\" content=\"https:\/\/penoticias.com.br\/blog\/pp-uniao-brasil-e-pl-lideram-ranking-de-emendas-sem-digital-na-camara\/\" \/>\n<meta property=\"og:site_name\" content=\"PE Not\u00edcias\" \/>\n<meta property=\"article:publisher\" content=\"pedrovicentearaujo@hotmail.com\" \/>\n<meta property=\"article:author\" content=\"pedrovicentearaujo@hotmail.com\" \/>\n<meta property=\"article:published_time\" content=\"2026-07-14T03:03:07+00:00\" \/>\n<meta property=\"og:image\" content=\"https:\/\/penoticias.com.br\/blog\/wp-content\/uploads\/2026\/01\/Brasilia.jpg\" \/>\n\t<meta property=\"og:image:width\" content=\"799\" \/>\n\t<meta property=\"og:image:height\" content=\"447\" \/>\n\t<meta property=\"og:image:type\" content=\"image\/jpeg\" \/>\n<meta name=\"author\" content=\"Pedro Ara\u00fajo\" \/>\n<meta name=\"twitter:card\" content=\"summary_large_image\" \/>\n<meta name=\"twitter:creator\" content=\"@pedromuela\" \/>\n<meta name=\"twitter:site\" content=\"@pedromuela\" \/>\n<meta name=\"twitter:label1\" content=\"Escrito por\" \/>\n\t<meta name=\"twitter:data1\" content=\"Pedro Ara\u00fajo\" \/>\n\t<meta name=\"twitter:label2\" content=\"Est. tempo de leitura\" \/>\n\t<meta name=\"twitter:data2\" content=\"6 minutos\" \/>\n<script type=\"application\/ld+json\" class=\"yoast-schema-graph\">{\"@context\":\"https:\\\/\\\/schema.org\",\"@graph\":[{\"@type\":\"Article\",\"@id\":\"https:\\\/\\\/penoticias.com.br\\\/blog\\\/pp-uniao-brasil-e-pl-lideram-ranking-de-emendas-sem-digital-na-camara\\\/#article\",\"isPartOf\":{\"@id\":\"https:\\\/\\\/penoticias.com.br\\\/blog\\\/pp-uniao-brasil-e-pl-lideram-ranking-de-emendas-sem-digital-na-camara\\\/\"},\"author\":{\"name\":\"Pedro Ara\u00fajo\",\"@id\":\"https:\\\/\\\/penoticias.com.br\\\/blog\\\/#\\\/schema\\\/person\\\/13ea60669d2351f129ef3657907f1432\"},\"headline\":\"PP, Uni\u00e3o Brasil e PL lideram ranking de emendas \u201csem digital\u201d na C\u00e2mara\",\"datePublished\":\"2026-07-14T03:03:07+00:00\",\"mainEntityOfPage\":{\"@id\":\"https:\\\/\\\/penoticias.com.br\\\/blog\\\/pp-uniao-brasil-e-pl-lideram-ranking-de-emendas-sem-digital-na-camara\\\/\"},\"wordCount\":1044,\"publisher\":{\"@id\":\"https:\\\/\\\/penoticias.com.br\\\/blog\\\/#\\\/schema\\\/person\\\/13ea60669d2351f129ef3657907f1432\"},\"image\":{\"@id\":\"https:\\\/\\\/penoticias.com.br\\\/blog\\\/pp-uniao-brasil-e-pl-lideram-ranking-de-emendas-sem-digital-na-camara\\\/#primaryimage\"},\"thumbnailUrl\":\"https:\\\/\\\/penoticias.com.br\\\/blog\\\/wp-content\\\/uploads\\\/2026\\\/01\\\/Brasilia.jpg\",\"articleSection\":[\"Pol\u00edtica\"],\"inLanguage\":\"pt-BR\"},{\"@type\":\"WebPage\",\"@id\":\"https:\\\/\\\/penoticias.com.br\\\/blog\\\/pp-uniao-brasil-e-pl-lideram-ranking-de-emendas-sem-digital-na-camara\\\/\",\"url\":\"https:\\\/\\\/penoticias.com.br\\\/blog\\\/pp-uniao-brasil-e-pl-lideram-ranking-de-emendas-sem-digital-na-camara\\\/\",\"name\":\"PP, Uni\u00e3o Brasil e PL lideram ranking de emendas \u201csem digital\u201d na C\u00e2mara - PE Not\u00edcias\",\"isPartOf\":{\"@id\":\"https:\\\/\\\/penoticias.com.br\\\/blog\\\/#website\"},\"primaryImageOfPage\":{\"@id\":\"https:\\\/\\\/penoticias.com.br\\\/blog\\\/pp-uniao-brasil-e-pl-lideram-ranking-de-emendas-sem-digital-na-camara\\\/#primaryimage\"},\"image\":{\"@id\":\"https:\\\/\\\/penoticias.com.br\\\/blog\\\/pp-uniao-brasil-e-pl-lideram-ranking-de-emendas-sem-digital-na-camara\\\/#primaryimage\"},\"thumbnailUrl\":\"https:\\\/\\\/penoticias.com.br\\\/blog\\\/wp-content\\\/uploads\\\/2026\\\/01\\\/Brasilia.jpg\",\"datePublished\":\"2026-07-14T03:03:07+00:00\",\"breadcrumb\":{\"@id\":\"https:\\\/\\\/penoticias.com.br\\\/blog\\\/pp-uniao-brasil-e-pl-lideram-ranking-de-emendas-sem-digital-na-camara\\\/#breadcrumb\"},\"inLanguage\":\"pt-BR\",\"potentialAction\":[{\"@type\":\"ReadAction\",\"target\":[\"https:\\\/\\\/penoticias.com.br\\\/blog\\\/pp-uniao-brasil-e-pl-lideram-ranking-de-emendas-sem-digital-na-camara\\\/\"]}]},{\"@type\":\"ImageObject\",\"inLanguage\":\"pt-BR\",\"@id\":\"https:\\\/\\\/penoticias.com.br\\\/blog\\\/pp-uniao-brasil-e-pl-lideram-ranking-de-emendas-sem-digital-na-camara\\\/#primaryimage\",\"url\":\"https:\\\/\\\/penoticias.com.br\\\/blog\\\/wp-content\\\/uploads\\\/2026\\\/01\\\/Brasilia.jpg\",\"contentUrl\":\"https:\\\/\\\/penoticias.com.br\\\/blog\\\/wp-content\\\/uploads\\\/2026\\\/01\\\/Brasilia.jpg\",\"width\":799,\"height\":447},{\"@type\":\"BreadcrumbList\",\"@id\":\"https:\\\/\\\/penoticias.com.br\\\/blog\\\/pp-uniao-brasil-e-pl-lideram-ranking-de-emendas-sem-digital-na-camara\\\/#breadcrumb\",\"itemListElement\":[{\"@type\":\"ListItem\",\"position\":1,\"name\":\"In\u00edcio\",\"item\":\"https:\\\/\\\/penoticias.com.br\\\/blog\\\/\"},{\"@type\":\"ListItem\",\"position\":2,\"name\":\"PP, Uni\u00e3o Brasil e PL lideram ranking de emendas \u201csem digital\u201d na C\u00e2mara\"}]},{\"@type\":\"WebSite\",\"@id\":\"https:\\\/\\\/penoticias.com.br\\\/blog\\\/#website\",\"url\":\"https:\\\/\\\/penoticias.com.br\\\/blog\\\/\",\"name\":\"PE Not\u00edcias\",\"description\":\"Voc\u00ea no Mundo da Informa\u00e7\u00e3o.\",\"publisher\":{\"@id\":\"https:\\\/\\\/penoticias.com.br\\\/blog\\\/#\\\/schema\\\/person\\\/13ea60669d2351f129ef3657907f1432\"},\"potentialAction\":[{\"@type\":\"SearchAction\",\"target\":{\"@type\":\"EntryPoint\",\"urlTemplate\":\"https:\\\/\\\/penoticias.com.br\\\/blog\\\/?s={search_term_string}\"},\"query-input\":{\"@type\":\"PropertyValueSpecification\",\"valueRequired\":true,\"valueName\":\"search_term_string\"}}],\"inLanguage\":\"pt-BR\"},{\"@type\":[\"Person\",\"Organization\"],\"@id\":\"https:\\\/\\\/penoticias.com.br\\\/blog\\\/#\\\/schema\\\/person\\\/13ea60669d2351f129ef3657907f1432\",\"name\":\"Pedro Ara\u00fajo\",\"image\":{\"@type\":\"ImageObject\",\"inLanguage\":\"pt-BR\",\"@id\":\"https:\\\/\\\/secure.gravatar.com\\\/avatar\\\/d654258027afd7c928561b83494a45e3aff23d7ac7ce926d2bceac1ffe030175?s=96&d=mm&r=g\",\"url\":\"https:\\\/\\\/secure.gravatar.com\\\/avatar\\\/d654258027afd7c928561b83494a45e3aff23d7ac7ce926d2bceac1ffe030175?s=96&d=mm&r=g\",\"contentUrl\":\"https:\\\/\\\/secure.gravatar.com\\\/avatar\\\/d654258027afd7c928561b83494a45e3aff23d7ac7ce926d2bceac1ffe030175?s=96&d=mm&r=g\",\"caption\":\"Pedro Ara\u00fajo\"},\"logo\":{\"@id\":\"https:\\\/\\\/secure.gravatar.com\\\/avatar\\\/d654258027afd7c928561b83494a45e3aff23d7ac7ce926d2bceac1ffe030175?s=96&d=mm&r=g\"},\"description\":\"As informa\u00e7\u00f5es que traduzem as verdades dos fatos, sem ferir ou denegrir pessoas ou imagens. Como tamb\u00e9m, nunca procurando agradar aos maus feitores.\",\"sameAs\":[\"http:\\\/\\\/www.penoticias.com.br\",\"pedrovicentearaujo@hotmail.com\",\"@pedroafogados\",\"https:\\\/\\\/x.com\\\/pedromuela\",\"www.penoticias.com.br\"],\"url\":\"https:\\\/\\\/penoticias.com.br\\\/blog\\\/author\\\/pedro\\\/\"}]}<\/script>\n<!-- \/ Yoast SEO plugin. -->","yoast_head_json":{"title":"PP, Uni\u00e3o Brasil e PL lideram ranking de emendas \u201csem digital\u201d na C\u00e2mara - PE Not\u00edcias","robots":{"index":"index","follow":"follow","max-snippet":"max-snippet:-1","max-image-preview":"max-image-preview:large","max-video-preview":"max-video-preview:-1"},"canonical":"https:\/\/penoticias.com.br\/blog\/pp-uniao-brasil-e-pl-lideram-ranking-de-emendas-sem-digital-na-camara\/","og_locale":"pt_BR","og_type":"article","og_title":"PP, Uni\u00e3o Brasil e PL lideram ranking de emendas \u201csem digital\u201d na C\u00e2mara - PE Not\u00edcias","og_description":"CNN Brasil Os partidos Partido Progressistas (PP), Uni\u00e3o Brasil e Partido Liberal (PL) s\u00e3o as siglas que mais enviaram emendas da C\u00e2mara dos Deputados em 2025 com autoria associada \u00e0 lideran\u00e7a partid\u00e1ria. Isso ocultaria os reais autores da indica\u00e7\u00e3o dos recursos. As informa\u00e7\u00f5es constam em relat\u00f3rio da organiza\u00e7\u00e3o Transpar\u00eancia Brasil. O Republicanos, Avante, Solidariedade e ... Ler mais","og_url":"https:\/\/penoticias.com.br\/blog\/pp-uniao-brasil-e-pl-lideram-ranking-de-emendas-sem-digital-na-camara\/","og_site_name":"PE Not\u00edcias","article_publisher":"pedrovicentearaujo@hotmail.com","article_author":"pedrovicentearaujo@hotmail.com","article_published_time":"2026-07-14T03:03:07+00:00","og_image":[{"width":799,"height":447,"url":"https:\/\/penoticias.com.br\/blog\/wp-content\/uploads\/2026\/01\/Brasilia.jpg","type":"image\/jpeg"}],"author":"Pedro Ara\u00fajo","twitter_card":"summary_large_image","twitter_creator":"@pedromuela","twitter_site":"@pedromuela","twitter_misc":{"Escrito por":"Pedro Ara\u00fajo","Est. tempo de leitura":"6 minutos"},"schema":{"@context":"https:\/\/schema.org","@graph":[{"@type":"Article","@id":"https:\/\/penoticias.com.br\/blog\/pp-uniao-brasil-e-pl-lideram-ranking-de-emendas-sem-digital-na-camara\/#article","isPartOf":{"@id":"https:\/\/penoticias.com.br\/blog\/pp-uniao-brasil-e-pl-lideram-ranking-de-emendas-sem-digital-na-camara\/"},"author":{"name":"Pedro Ara\u00fajo","@id":"https:\/\/penoticias.com.br\/blog\/#\/schema\/person\/13ea60669d2351f129ef3657907f1432"},"headline":"PP, Uni\u00e3o Brasil e PL lideram ranking de emendas \u201csem digital\u201d na C\u00e2mara","datePublished":"2026-07-14T03:03:07+00:00","mainEntityOfPage":{"@id":"https:\/\/penoticias.com.br\/blog\/pp-uniao-brasil-e-pl-lideram-ranking-de-emendas-sem-digital-na-camara\/"},"wordCount":1044,"publisher":{"@id":"https:\/\/penoticias.com.br\/blog\/#\/schema\/person\/13ea60669d2351f129ef3657907f1432"},"image":{"@id":"https:\/\/penoticias.com.br\/blog\/pp-uniao-brasil-e-pl-lideram-ranking-de-emendas-sem-digital-na-camara\/#primaryimage"},"thumbnailUrl":"https:\/\/penoticias.com.br\/blog\/wp-content\/uploads\/2026\/01\/Brasilia.jpg","articleSection":["Pol\u00edtica"],"inLanguage":"pt-BR"},{"@type":"WebPage","@id":"https:\/\/penoticias.com.br\/blog\/pp-uniao-brasil-e-pl-lideram-ranking-de-emendas-sem-digital-na-camara\/","url":"https:\/\/penoticias.com.br\/blog\/pp-uniao-brasil-e-pl-lideram-ranking-de-emendas-sem-digital-na-camara\/","name":"PP, Uni\u00e3o Brasil e PL lideram ranking de emendas \u201csem digital\u201d na C\u00e2mara - PE Not\u00edcias","isPartOf":{"@id":"https:\/\/penoticias.com.br\/blog\/#website"},"primaryImageOfPage":{"@id":"https:\/\/penoticias.com.br\/blog\/pp-uniao-brasil-e-pl-lideram-ranking-de-emendas-sem-digital-na-camara\/#primaryimage"},"image":{"@id":"https:\/\/penoticias.com.br\/blog\/pp-uniao-brasil-e-pl-lideram-ranking-de-emendas-sem-digital-na-camara\/#primaryimage"},"thumbnailUrl":"https:\/\/penoticias.com.br\/blog\/wp-content\/uploads\/2026\/01\/Brasilia.jpg","datePublished":"2026-07-14T03:03:07+00:00","breadcrumb":{"@id":"https:\/\/penoticias.com.br\/blog\/pp-uniao-brasil-e-pl-lideram-ranking-de-emendas-sem-digital-na-camara\/#breadcrumb"},"inLanguage":"pt-BR","potentialAction":[{"@type":"ReadAction","target":["https:\/\/penoticias.com.br\/blog\/pp-uniao-brasil-e-pl-lideram-ranking-de-emendas-sem-digital-na-camara\/"]}]},{"@type":"ImageObject","inLanguage":"pt-BR","@id":"https:\/\/penoticias.com.br\/blog\/pp-uniao-brasil-e-pl-lideram-ranking-de-emendas-sem-digital-na-camara\/#primaryimage","url":"https:\/\/penoticias.com.br\/blog\/wp-content\/uploads\/2026\/01\/Brasilia.jpg","contentUrl":"https:\/\/penoticias.com.br\/blog\/wp-content\/uploads\/2026\/01\/Brasilia.jpg","width":799,"height":447},{"@type":"BreadcrumbList","@id":"https:\/\/penoticias.com.br\/blog\/pp-uniao-brasil-e-pl-lideram-ranking-de-emendas-sem-digital-na-camara\/#breadcrumb","itemListElement":[{"@type":"ListItem","position":1,"name":"In\u00edcio","item":"https:\/\/penoticias.com.br\/blog\/"},{"@type":"ListItem","position":2,"name":"PP, Uni\u00e3o Brasil e PL lideram ranking de emendas \u201csem digital\u201d na C\u00e2mara"}]},{"@type":"WebSite","@id":"https:\/\/penoticias.com.br\/blog\/#website","url":"https:\/\/penoticias.com.br\/blog\/","name":"PE Not\u00edcias","description":"Voc\u00ea no Mundo da Informa\u00e7\u00e3o.","publisher":{"@id":"https:\/\/penoticias.com.br\/blog\/#\/schema\/person\/13ea60669d2351f129ef3657907f1432"},"potentialAction":[{"@type":"SearchAction","target":{"@type":"EntryPoint","urlTemplate":"https:\/\/penoticias.com.br\/blog\/?s={search_term_string}"},"query-input":{"@type":"PropertyValueSpecification","valueRequired":true,"valueName":"search_term_string"}}],"inLanguage":"pt-BR"},{"@type":["Person","Organization"],"@id":"https:\/\/penoticias.com.br\/blog\/#\/schema\/person\/13ea60669d2351f129ef3657907f1432","name":"Pedro Ara\u00fajo","image":{"@type":"ImageObject","inLanguage":"pt-BR","@id":"https:\/\/secure.gravatar.com\/avatar\/d654258027afd7c928561b83494a45e3aff23d7ac7ce926d2bceac1ffe030175?s=96&d=mm&r=g","url":"https:\/\/secure.gravatar.com\/avatar\/d654258027afd7c928561b83494a45e3aff23d7ac7ce926d2bceac1ffe030175?s=96&d=mm&r=g","contentUrl":"https:\/\/secure.gravatar.com\/avatar\/d654258027afd7c928561b83494a45e3aff23d7ac7ce926d2bceac1ffe030175?s=96&d=mm&r=g","caption":"Pedro Ara\u00fajo"},"logo":{"@id":"https:\/\/secure.gravatar.com\/avatar\/d654258027afd7c928561b83494a45e3aff23d7ac7ce926d2bceac1ffe030175?s=96&d=mm&r=g"},"description":"As informa\u00e7\u00f5es que traduzem as verdades dos fatos, sem ferir ou denegrir pessoas ou imagens. Como tamb\u00e9m, nunca procurando agradar aos maus feitores.","sameAs":["http:\/\/www.penoticias.com.br","pedrovicentearaujo@hotmail.com","@pedroafogados","https:\/\/x.com\/pedromuela","www.penoticias.com.br"],"url":"https:\/\/penoticias.com.br\/blog\/author\/pedro\/"}]}},"_links":{"self":[{"href":"https:\/\/penoticias.com.br\/blog\/wp-json\/wp\/v2\/posts\/223049","targetHints":{"allow":["GET"]}}],"collection":[{"href":"https:\/\/penoticias.com.br\/blog\/wp-json\/wp\/v2\/posts"}],"about":[{"href":"https:\/\/penoticias.com.br\/blog\/wp-json\/wp\/v2\/types\/post"}],"author":[{"embeddable":true,"href":"https:\/\/penoticias.com.br\/blog\/wp-json\/wp\/v2\/users\/2"}],"replies":[{"embeddable":true,"href":"https:\/\/penoticias.com.br\/blog\/wp-json\/wp\/v2\/comments?post=223049"}],"version-history":[{"count":1,"href":"https:\/\/penoticias.com.br\/blog\/wp-json\/wp\/v2\/posts\/223049\/revisions"}],"predecessor-version":[{"id":223050,"href":"https:\/\/penoticias.com.br\/blog\/wp-json\/wp\/v2\/posts\/223049\/revisions\/223050"}],"wp:attachment":[{"href":"https:\/\/penoticias.com.br\/blog\/wp-json\/wp\/v2\/media?parent=223049"}],"wp:term":[{"taxonomy":"category","embeddable":true,"href":"https:\/\/penoticias.com.br\/blog\/wp-json\/wp\/v2\/categories?post=223049"},{"taxonomy":"post_tag","embeddable":true,"href":"https:\/\/penoticias.com.br\/blog\/wp-json\/wp\/v2\/tags?post=223049"}],"curies":[{"name":"wp","href":"https:\/\/api.w.org\/{rel}","templated":true}]}}