{"id":223407,"date":"2026-07-18T00:08:02","date_gmt":"2026-07-18T03:08:02","guid":{"rendered":"https:\/\/penoticias.com.br\/blog\/?p=223407"},"modified":"2026-07-17T22:21:50","modified_gmt":"2026-07-18T01:21:50","slug":"transnordestina-e-tarifaco-revelam-a-bancada-que-pernambuco-nao-tem","status":"publish","type":"post","link":"https:\/\/penoticias.com.br\/blog\/transnordestina-e-tarifaco-revelam-a-bancada-que-pernambuco-nao-tem\/","title":{"rendered":"Transnordestina e tarifa\u00e7o revelam a bancada que Pernambuco n\u00e3o tem"},"content":{"rendered":"<p style=\"text-align: center;\">\n<p style=\"text-align: center;\"><img fetchpriority=\"high\" decoding=\"async\" class=\"alignnone wp-image-160671 \" src=\"https:\/\/penoticias.com.br\/blog\/wp-content\/uploads\/2024\/05\/Transnordestina.jpg\" alt=\"\" width=\"643\" height=\"429\" srcset=\"https:\/\/penoticias.com.br\/blog\/wp-content\/uploads\/2024\/05\/Transnordestina.jpg 640w, https:\/\/penoticias.com.br\/blog\/wp-content\/uploads\/2024\/05\/Transnordestina-300x200.jpg 300w\" sizes=\"(max-width: 643px) 100vw, 643px\" \/><\/p>\n<p><span style=\"font-size: 8pt;\"><em>Por Igor Maciel\/JC<\/em><\/span><\/p>\n<p>A bancada federal de Pernambuco poderia ter enfrentado nesta semana dois dos principais testes do ano para a economia do estado. O Tribunal de Contas da Uni\u00e3o manteve suspensas as obras f\u00edsicas da Transnordestina em territ\u00f3rio pernambucano. A Federa\u00e7\u00e3o das Ind\u00fastrias de Pernambuco dimensionou os efeitos do novo tarifa\u00e7o americano sobre as exporta\u00e7\u00f5es estaduais.<\/p>\n<p>Nos dois casos, houve manifesta\u00e7\u00f5es e movimentos individuais. A bancada n\u00e3o apareceu como for\u00e7a coletiva. N\u00e3o se reuniu, n\u00e3o apresentou uma estrat\u00e9gia comum e n\u00e3o transformou 28 mandatos numa agenda de press\u00e3o em Bras\u00edlia. Isso foi muito comum ao longo dos \u00faltimos tr\u00eas anos e sete meses. O TCU, a Sudene e a Fiepe ocuparam o espa\u00e7o. Os parlamentares pernambucanos assistiram.<\/p>\n<p>A Transnordestina est\u00e1 parada em Pernambuco h\u00e1 mais de dez anos. Dos 544 quil\u00f4metros previstos entre Salgueiro e o Porto de Suape, 179 foram conclu\u00eddos. Desde maio, uma decis\u00e3o cautelar do TCU impede a execu\u00e7\u00e3o das obras f\u00edsicas. Na quarta-feira, o tribunal manteve a suspens\u00e3o e liberou apenas a continuidade das licita\u00e7\u00f5es. Todo mundo sabe que existe press\u00e3o do Cear\u00e1 para que Pernambuco n\u00e3o consiga seu trecho da ferrovia, porque Pec\u00e9m n\u00e3o tem como concorrer com Suape.<\/p>\n<p>A defesa da viabilidade do ramal pernambucano foi feita pela Sudene. Um estudo apresentado pelo \u00f3rg\u00e3o estima em R$ 4,7 bilh\u00f5es o valor social do projeto. Coube a uma institui\u00e7\u00e3o t\u00e9cnica fazer a defesa que tamb\u00e9m deveria mobilizar politicamente Pernambuco. Deputados e senadores precisavam estar l\u00e1, juntos, mas poucos acompanham esses processos.<\/p>\n<p>A ordem de servi\u00e7o foi prometida para antes de 4 de julho, mas o prazo passou. Houve cobran\u00e7as e proje\u00e7\u00f5es individuais de calend\u00e1rio, sem uma mobiliza\u00e7\u00e3o p\u00fablica dos 28 representantes do estado.<\/p>\n<p>O presidente da Fiepe, Bruno Veloso, alertou que o tarifa\u00e7o pode reduzir em at\u00e9 60% as exporta\u00e7\u00f5es pernambucanas para os Estados Unidos.<\/p>\n<p>A lista americana atinge a\u00e7\u00facar, uva, inhame, peixes e sucos produzidos no estado. A manga foi a \u00fanica exce\u00e7\u00e3o relevante para o Vale do S\u00e3o Francisco. O restante da fruticultura permaneceu exposto.<\/p>\n<p>Na Zona da Mata, a inclus\u00e3o do a\u00e7\u00facar alcan\u00e7a uma cadeia que sustenta usinas, fornecedores de cana e milhares de empregos. Os efeitos podem chegar ao conjunto do setor sucroenerg\u00e9tico e \u00e0s economias municipais que dependem de sua atividade.<!--more--><\/p>\n<p>Caf\u00e9, carne e suco de laranja foram poupados depois de uma mobiliza\u00e7\u00e3o de setores empresariais, governos estaduais e interlocutores em Bras\u00edlia e Washington. O a\u00e7\u00facar nordestino continuou submetido \u00e0 tarifa.<\/p>\n<p>E a bancada pernambucana inerte, sem uma articula\u00e7\u00e3o proporcional ao preju\u00edzo projetado pela ind\u00fastria.<\/p>\n<p>O contraste apareceu na pr\u00f3pria Transnordestina. No in\u00edcio de julho, Lula anunciou mais R$ 600 milh\u00f5es do Fundo de Desenvolvimento do Nordeste para acelerar as obras no Cear\u00e1. A previs\u00e3o \u00e9 colocar o primeiro segmento em opera\u00e7\u00e3o em 2027.<\/p>\n<p>A ferrovia \u00e9 a mesma e o dinheiro tamb\u00e9m sai do FDNE. A diferen\u00e7a passa pela capacidade do Cear\u00e1 de transformar o interesse da concession\u00e1ria numa prioridade de todo o seu setor pol\u00edtico.<\/p>\n<p>A empresa concentrou investimentos no caminho at\u00e9 Pec\u00e9m, onde possui interesses comerciais. A pol\u00edtica cearense trabalhou para garantir financiamento, licen\u00e7as e continuidade. Enquanto esse ramal recebe recursos e previs\u00e3o de opera\u00e7\u00e3o, o pernambucano depende de estudos, licita\u00e7\u00f5es e respostas ao TCU.<\/p>\n<p>Pernambuco tem 25 deputados e tr\u00eas senadores distribu\u00eddos por governo, oposi\u00e7\u00e3o e centro. A diversidade deveria ampliar os canais de negocia\u00e7\u00e3o em Bras\u00edlia. Na pr\u00e1tica, cada mandato administra suas rela\u00e7\u00f5es, emendas e bases eleitorais.<\/p>\n<p>A pergunta a ser feita aos parlamentares pernambucanos \u00e9: em que momento o estado se tornou secund\u00e1rio?<\/p>\n<p>A proximidade das conven\u00e7\u00f5es aprofundou a dispers\u00e3o. A energia pol\u00edtica est\u00e1 concentrada na montagem das chapas. Os partidos fazem contas sobre agosto e outubro enquanto a Transnordestina e o tarifa\u00e7o exigiam respostas em julho.<\/p>\n<p>A bancada n\u00e3o precisa concordar sobre a elei\u00e7\u00e3o presidencial, o governo estadual ou a composi\u00e7\u00e3o das chapas para defender a ferrovia e os setores exportadores. O problema \u00e9 que n\u00e3o parece haver interesse em se organizar. A bancada pernambucana n\u00e3o \u00e9 um &#8220;time do estado&#8221;. \u00c9 apenas um aglomerado de interesses difusos. E esses mesmos deputados v\u00e3o pedir voto para continuar no cargo em outubro.<\/p>\n","protected":false},"excerpt":{"rendered":"<p>Por Igor Maciel\/JC A bancada federal de Pernambuco poderia ter enfrentado nesta semana dois dos principais testes do ano para a economia do estado. O Tribunal de Contas da Uni\u00e3o manteve suspensas as obras f\u00edsicas da Transnordestina em territ\u00f3rio pernambucano. A Federa\u00e7\u00e3o das Ind\u00fastrias de Pernambuco dimensionou os efeitos do novo tarifa\u00e7o americano sobre as &#8230; <a title=\"Transnordestina e tarifa\u00e7o revelam a bancada que Pernambuco n\u00e3o tem\" class=\"read-more\" href=\"https:\/\/penoticias.com.br\/blog\/transnordestina-e-tarifaco-revelam-a-bancada-que-pernambuco-nao-tem\/\" aria-label=\"Read more about Transnordestina e tarifa\u00e7o revelam a bancada que Pernambuco n\u00e3o tem\">Ler mais<\/a><\/p>\n<div class='heateorSssClear'><\/div><div  class='heateor_sss_sharing_container heateor_sss_horizontal_sharing' data-heateor-sss-href='https:\/\/penoticias.com.br\/blog\/transnordestina-e-tarifaco-revelam-a-bancada-que-pernambuco-nao-tem\/'><div class='heateor_sss_sharing_title' style=\"font-weight:bold\" ><\/div><div class=\"heateor_sss_sharing_ul\"><a aria-label=\"Facebook\" class=\"heateor_sss_facebook\" href=\"https:\/\/www.facebook.com\/sharer\/sharer.php?u=https%3A%2F%2Fpenoticias.com.br%2Fblog%2Ftransnordestina-e-tarifaco-revelam-a-bancada-que-pernambuco-nao-tem%2F\" title=\"Facebook\" rel=\"nofollow noopener\" target=\"_blank\" style=\"font-size:32px!important;box-shadow:none;display:inline-block;vertical-align:middle\"><span class=\"heateor_sss_svg\" style=\"background-color:#0765FE;width:35px;height:35px;border-radius:999px;display:inline-block;opacity:1;float:left;font-size:32px;box-shadow:none;display:inline-block;font-size:16px;padding:0 4px;vertical-align:middle;background-repeat:repeat;overflow:hidden;padding:0;cursor:pointer;box-sizing:content-box\"><svg style=\"display:block;border-radius:999px;\" focusable=\"false\" aria-hidden=\"true\" xmlns=\"http:\/\/www.w3.org\/2000\/svg\" width=\"100%\" height=\"100%\" viewBox=\"0 0 32 32\"><path fill=\"#fff\" d=\"M28 16c0-6.627-5.373-12-12-12S4 9.373 4 16c0 5.628 3.875 10.35 9.101 11.647v-7.98h-2.474V16H13.1v-1.58c0-4.085 1.849-5.978 5.859-5.978.76 0 2.072.15 2.608.298v3.325c-.283-.03-.775-.045-1.386-.045-1.967 0-2.728.745-2.728 2.683V16h3.92l-.673 3.667h-3.247v8.245C23.395 27.195 28 22.135 28 16Z\"><\/path><\/svg><\/span><\/a><a aria-label=\"Twitter\" class=\"heateor_sss_button_twitter\" href=\"https:\/\/twitter.com\/intent\/tweet?text=Transnordestina%20e%20tarifa%C3%A7o%20revelam%20a%20bancada%20que%20Pernambuco%20n%C3%A3o%20tem&url=https%3A%2F%2Fpenoticias.com.br%2Fblog%2Ftransnordestina-e-tarifaco-revelam-a-bancada-que-pernambuco-nao-tem%2F\" title=\"Twitter\" rel=\"nofollow noopener\" target=\"_blank\" style=\"font-size:32px!important;box-shadow:none;display:inline-block;vertical-align:middle\"><span class=\"heateor_sss_svg heateor_sss_s__default heateor_sss_s_twitter\" style=\"background-color:#55acee;width:35px;height:35px;border-radius:999px;display:inline-block;opacity:1;float:left;font-size:32px;box-shadow:none;display:inline-block;font-size:16px;padding:0 4px;vertical-align:middle;background-repeat:repeat;overflow:hidden;padding:0;cursor:pointer;box-sizing:content-box\"><svg style=\"display:block;border-radius:999px;\" focusable=\"false\" aria-hidden=\"true\" xmlns=\"http:\/\/www.w3.org\/2000\/svg\" width=\"100%\" height=\"100%\" viewBox=\"-4 -4 39 39\"><path d=\"M28 8.557a9.913 9.913 0 0 1-2.828.775 4.93 4.93 0 0 0 2.166-2.725 9.738 9.738 0 0 1-3.13 1.194 4.92 4.92 0 0 0-3.593-1.55 4.924 4.924 0 0 0-4.794 6.049c-4.09-.21-7.72-2.17-10.15-5.15a4.942 4.942 0 0 0-.665 2.477c0 1.71.87 3.214 2.19 4.1a4.968 4.968 0 0 1-2.23-.616v.06c0 2.39 1.7 4.38 3.952 4.83-.414.115-.85.174-1.297.174-.318 0-.626-.03-.928-.086a4.935 4.935 0 0 0 4.6 3.42 9.893 9.893 0 0 1-6.114 2.107c-.398 0-.79-.023-1.175-.068a13.953 13.953 0 0 0 7.55 2.213c9.056 0 14.01-7.507 14.01-14.013 0-.213-.005-.426-.015-.637.96-.695 1.795-1.56 2.455-2.55z\" fill=\"#fff\"><\/path><\/svg><\/span><\/a><a aria-label=\"Whatsapp\" class=\"heateor_sss_whatsapp\" href=\"https:\/\/api.whatsapp.com\/send?text=Transnordestina%20e%20tarifa%C3%A7o%20revelam%20a%20bancada%20que%20Pernambuco%20n%C3%A3o%20tem%20https%3A%2F%2Fpenoticias.com.br%2Fblog%2Ftransnordestina-e-tarifaco-revelam-a-bancada-que-pernambuco-nao-tem%2F\" title=\"Whatsapp\" rel=\"nofollow noopener\" target=\"_blank\" style=\"font-size:32px!important;box-shadow:none;display:inline-block;vertical-align:middle\"><span class=\"heateor_sss_svg\" style=\"background-color:#55eb4c;width:35px;height:35px;border-radius:999px;display:inline-block;opacity:1;float:left;font-size:32px;box-shadow:none;display:inline-block;font-size:16px;padding:0 4px;vertical-align:middle;background-repeat:repeat;overflow:hidden;padding:0;cursor:pointer;box-sizing:content-box\"><svg style=\"display:block;border-radius:999px;\" focusable=\"false\" aria-hidden=\"true\" xmlns=\"http:\/\/www.w3.org\/2000\/svg\" width=\"100%\" height=\"100%\" viewBox=\"-6 -5 40 40\"><path class=\"heateor_sss_svg_stroke heateor_sss_no_fill\" stroke=\"#fff\" stroke-width=\"2\" fill=\"none\" d=\"M 11.579798566743314 24.396926207859085 A 10 10 0 1 0 6.808479557110079 20.73576436351046\"><\/path><path d=\"M 7 19 l -1 6 l 6 -1\" class=\"heateor_sss_no_fill heateor_sss_svg_stroke\" stroke=\"#fff\" stroke-width=\"2\" fill=\"none\"><\/path><path d=\"M 10 10 q -1 8 8 11 c 5 -1 0 -6 -1 -3 q -4 -3 -5 -5 c 4 -2 -1 -5 -1 -4\" fill=\"#fff\"><\/path><\/svg><\/span><\/a><a aria-label=\"Gmail\" class=\"heateor_sss_button_google_gmail\" href=\"https:\/\/mail.google.com\/mail\/?ui=2&view=cm&fs=1&tf=1&su=Transnordestina%20e%20tarifa%C3%A7o%20revelam%20a%20bancada%20que%20Pernambuco%20n%C3%A3o%20tem&body=Link:https%3A%2F%2Fpenoticias.com.br%2Fblog%2Ftransnordestina-e-tarifaco-revelam-a-bancada-que-pernambuco-nao-tem%2F\" title=\"Google Gmail\" rel=\"nofollow noopener\" target=\"_blank\" style=\"font-size:32px!important;box-shadow:none;display:inline-block;vertical-align:middle\"><span class=\"heateor_sss_svg heateor_sss_s__default heateor_sss_s_Google_Gmail\" style=\"background-color:#e5e5e5;width:35px;height:35px;border-radius:999px;display:inline-block;opacity:1;float:left;font-size:32px;box-shadow:none;display:inline-block;font-size:16px;padding:0 4px;vertical-align:middle;background-repeat:repeat;overflow:hidden;padding:0;cursor:pointer;box-sizing:content-box\"><svg style=\"display:block;border-radius:999px;\" focusable=\"false\" aria-hidden=\"true\" xmlns=\"http:\/\/www.w3.org\/2000\/svg\" width=\"100%\" height=\"100%\" viewBox=\"0 0 32 32\"><path fill=\"#fff\" d=\"M2.902 6.223h26.195v19.554H2.902z\"><\/path><path fill=\"#E14C41\" class=\"heateor_sss_no_fill\" d=\"M2.902 25.777h26.195V6.223H2.902v19.554zm22.44-4.007v3.806H6.955v-3.6h.032l.093-.034 6.9-5.558 2.09 1.77 1.854-1.63 7.42 5.246zm0-.672l-7.027-4.917 7.028-6.09V21.1zm-1.17-14.67l-.947.905c-2.356 2.284-4.693 4.75-7.17 6.876l-.078.06L8.062 6.39l16.11.033zm-10.597 9.61l-6.62 5.294.016-10.914 6.607 5.62\"><\/path><\/svg><\/span><\/a><a aria-label=\"Instagram\" class=\"heateor_sss_button_instagram\" href=\"https:\/\/www.instagram.com\/\" title=\"Instagram\" rel=\"nofollow noopener\" target=\"_blank\" style=\"font-size:32px!important;box-shadow:none;display:inline-block;vertical-align:middle\"><span class=\"heateor_sss_svg\" style=\"background-color:#53beee;width:35px;height:35px;border-radius:999px;display:inline-block;opacity:1;float:left;font-size:32px;box-shadow:none;display:inline-block;font-size:16px;padding:0 4px;vertical-align:middle;background-repeat:repeat;overflow:hidden;padding:0;cursor:pointer;box-sizing:content-box\"><svg style=\"display:block;border-radius:999px;\" version=\"1.1\" viewBox=\"-10 -10 148 148\" width=\"100%\" height=\"100%\" xml:space=\"preserve\" xmlns=\"http:\/\/www.w3.org\/2000\/svg\" xmlns:xlink=\"http:\/\/www.w3.org\/1999\/xlink\"><g><g><path d=\"M86,112H42c-14.336,0-26-11.663-26-26V42c0-14.337,11.664-26,26-26h44c14.337,0,26,11.663,26,26v44 C112,100.337,100.337,112,86,112z M42,24c-9.925,0-18,8.074-18,18v44c0,9.925,8.075,18,18,18h44c9.926,0,18-8.075,18-18V42 c0-9.926-8.074-18-18-18H42z\" fill=\"#fff\"><\/path><\/g><g><path d=\"M64,88c-13.234,0-24-10.767-24-24c0-13.234,10.766-24,24-24s24,10.766,24,24C88,77.233,77.234,88,64,88z M64,48c-8.822,0-16,7.178-16,16s7.178,16,16,16c8.822,0,16-7.178,16-16S72.822,48,64,48z\" fill=\"#fff\"><\/path><\/g><g><circle cx=\"89.5\" cy=\"38.5\" fill=\"#fff\" r=\"5.5\"><\/circle><\/g><\/g><\/svg><\/span><\/a><a aria-label=\"Print\" class=\"heateor_sss_button_print\" href=\"https:\/\/penoticias.com.br\/blog\/transnordestina-e-tarifaco-revelam-a-bancada-que-pernambuco-nao-tem\/\" onclick=\"event.preventDefault();window.print()\" title=\"Print\" rel=\"noopener\" style=\"font-size:32px!important;box-shadow:none;display:inline-block;vertical-align:middle\"><span class=\"heateor_sss_svg heateor_sss_s__default heateor_sss_s_print\" style=\"background-color:#fd6500;width:35px;height:35px;border-radius:999px;display:inline-block;opacity:1;float:left;font-size:32px;box-shadow:none;display:inline-block;font-size:16px;padding:0 4px;vertical-align:middle;background-repeat:repeat;overflow:hidden;padding:0;cursor:pointer;box-sizing:content-box\"><svg style=\"display:block;border-radius:999px;\" focusable=\"false\" aria-hidden=\"true\" xmlns=\"http:\/\/www.w3.org\/2000\/svg\" width=\"100%\" height=\"100%\" viewBox=\"-2.8 -4.5 35 35\"><path stroke=\"#fff\" class=\"heateor_sss_svg_stroke\" d=\"M 7 10 h 2 v 3 h 12 v -3 h 2 v 7 h -2 v -3 h -12 v 3 h -2 z\" stroke-width=\"1\" fill=\"#fff\"><\/path><rect class=\"heateor_sss_no_fill heateor_sss_svg_stroke\" stroke=\"#fff\" stroke-width=\"1.8\" height=\"7\" width=\"10\" x=\"10\" y=\"5\" fill=\"none\"><\/rect><rect class=\"heateor_sss_svg_stroke\" stroke=\"#fff\" stroke-width=\"1\" height=\"5\" width=\"8\" x=\"11\" y=\"16\" fill=\"#fff\"><\/rect><\/svg><\/span><\/a><a class=\"heateor_sss_more\" aria-label=\"More\" title=\"More\" rel=\"nofollow noopener\" style=\"font-size: 32px!important;border:0;box-shadow:none;display:inline-block!important;font-size:16px;padding:0 4px;vertical-align: middle;display:inline;\" href=\"https:\/\/penoticias.com.br\/blog\/transnordestina-e-tarifaco-revelam-a-bancada-que-pernambuco-nao-tem\/\" onclick=\"event.preventDefault()\"><span class=\"heateor_sss_svg\" style=\"background-color:#ee8e2d;width:35px;height:35px;border-radius:999px;display:inline-block!important;opacity:1;float:left;font-size:32px!important;box-shadow:none;display:inline-block;font-size:16px;padding:0 4px;vertical-align:middle;display:inline;background-repeat:repeat;overflow:hidden;padding:0;cursor:pointer;box-sizing:content-box;\" onclick=\"heateorSssMoreSharingPopup(this, 'https:\/\/penoticias.com.br\/blog\/transnordestina-e-tarifaco-revelam-a-bancada-que-pernambuco-nao-tem\/', 'Transnordestina%20e%20tarifa%C3%A7o%20revelam%20a%20bancada%20que%20Pernambuco%20n%C3%A3o%20tem', '' )\"><svg xmlns=\"http:\/\/www.w3.org\/2000\/svg\" xmlns:xlink=\"http:\/\/www.w3.org\/1999\/xlink\" viewBox=\"-.3 0 32 32\" version=\"1.1\" width=\"100%\" height=\"100%\" style=\"display:block;border-radius:999px;\" xml:space=\"preserve\"><g><path fill=\"#fff\" d=\"M18 14V8h-4v6H8v4h6v6h4v-6h6v-4h-6z\" fill-rule=\"evenodd\"><\/path><\/g><\/svg><\/span><\/a><\/div><div class=\"heateorSssClear\"><\/div><\/div><div class='heateorSssClear'><\/div>","protected":false},"author":2,"featured_media":0,"comment_status":"closed","ping_status":"closed","sticky":false,"template":"","format":"standard","meta":{"footnotes":""},"categories":[40],"tags":[],"class_list":["post-223407","post","type-post","status-publish","format-standard","hentry","category-transportes"],"yoast_head":"<!-- This site is optimized with the Yoast SEO plugin v28.4 - https:\/\/yoast.com\/product\/yoast-seo-wordpress\/ -->\n<title>Transnordestina e tarifa\u00e7o revelam a bancada que Pernambuco n\u00e3o tem - PE Not\u00edcias<\/title>\n<meta name=\"robots\" content=\"index, follow, max-snippet:-1, max-image-preview:large, max-video-preview:-1\" \/>\n<link rel=\"canonical\" href=\"https:\/\/penoticias.com.br\/blog\/transnordestina-e-tarifaco-revelam-a-bancada-que-pernambuco-nao-tem\/\" \/>\n<meta property=\"og:locale\" content=\"pt_BR\" \/>\n<meta property=\"og:type\" content=\"article\" \/>\n<meta property=\"og:title\" content=\"Transnordestina e tarifa\u00e7o revelam a bancada que Pernambuco n\u00e3o tem - PE Not\u00edcias\" \/>\n<meta property=\"og:description\" content=\"Por Igor Maciel\/JC A bancada federal de Pernambuco poderia ter enfrentado nesta semana dois dos principais testes do ano para a economia do estado. O Tribunal de Contas da Uni\u00e3o manteve suspensas as obras f\u00edsicas da Transnordestina em territ\u00f3rio pernambucano. A Federa\u00e7\u00e3o das Ind\u00fastrias de Pernambuco dimensionou os efeitos do novo tarifa\u00e7o americano sobre as ... Ler mais\" \/>\n<meta property=\"og:url\" content=\"https:\/\/penoticias.com.br\/blog\/transnordestina-e-tarifaco-revelam-a-bancada-que-pernambuco-nao-tem\/\" \/>\n<meta property=\"og:site_name\" content=\"PE Not\u00edcias\" \/>\n<meta property=\"article:publisher\" content=\"pedrovicentearaujo@hotmail.com\" \/>\n<meta property=\"article:author\" content=\"pedrovicentearaujo@hotmail.com\" \/>\n<meta property=\"article:published_time\" content=\"2026-07-18T03:08:02+00:00\" \/>\n<meta property=\"og:image\" content=\"https:\/\/penoticias.com.br\/blog\/wp-content\/uploads\/2024\/05\/Transnordestina.jpg\" \/>\n\t<meta property=\"og:image:width\" content=\"640\" \/>\n\t<meta property=\"og:image:height\" content=\"427\" \/>\n\t<meta property=\"og:image:type\" content=\"image\/jpeg\" \/>\n<meta name=\"author\" content=\"Pedro Ara\u00fajo\" \/>\n<meta name=\"twitter:card\" content=\"summary_large_image\" \/>\n<meta name=\"twitter:creator\" content=\"@pedromuela\" \/>\n<meta name=\"twitter:site\" content=\"@pedromuela\" \/>\n<meta name=\"twitter:label1\" content=\"Escrito por\" \/>\n\t<meta name=\"twitter:data1\" content=\"Pedro Ara\u00fajo\" \/>\n\t<meta name=\"twitter:label2\" content=\"Est. tempo de leitura\" \/>\n\t<meta name=\"twitter:data2\" content=\"4 minutos\" \/>\n<script type=\"application\/ld+json\" class=\"yoast-schema-graph\">{\"@context\":\"https:\\\/\\\/schema.org\",\"@graph\":[{\"@type\":\"Article\",\"@id\":\"https:\\\/\\\/penoticias.com.br\\\/blog\\\/transnordestina-e-tarifaco-revelam-a-bancada-que-pernambuco-nao-tem\\\/#article\",\"isPartOf\":{\"@id\":\"https:\\\/\\\/penoticias.com.br\\\/blog\\\/transnordestina-e-tarifaco-revelam-a-bancada-que-pernambuco-nao-tem\\\/\"},\"author\":{\"name\":\"Pedro Ara\u00fajo\",\"@id\":\"https:\\\/\\\/penoticias.com.br\\\/blog\\\/#\\\/schema\\\/person\\\/13ea60669d2351f129ef3657907f1432\"},\"headline\":\"Transnordestina e tarifa\u00e7o revelam a bancada que Pernambuco n\u00e3o tem\",\"datePublished\":\"2026-07-18T03:08:02+00:00\",\"mainEntityOfPage\":{\"@id\":\"https:\\\/\\\/penoticias.com.br\\\/blog\\\/transnordestina-e-tarifaco-revelam-a-bancada-que-pernambuco-nao-tem\\\/\"},\"wordCount\":763,\"publisher\":{\"@id\":\"https:\\\/\\\/penoticias.com.br\\\/blog\\\/#\\\/schema\\\/person\\\/13ea60669d2351f129ef3657907f1432\"},\"image\":{\"@id\":\"https:\\\/\\\/penoticias.com.br\\\/blog\\\/transnordestina-e-tarifaco-revelam-a-bancada-que-pernambuco-nao-tem\\\/#primaryimage\"},\"thumbnailUrl\":\"https:\\\/\\\/penoticias.com.br\\\/blog\\\/wp-content\\\/uploads\\\/2024\\\/05\\\/Transnordestina.jpg\",\"articleSection\":[\"Transportes\"],\"inLanguage\":\"pt-BR\"},{\"@type\":\"WebPage\",\"@id\":\"https:\\\/\\\/penoticias.com.br\\\/blog\\\/transnordestina-e-tarifaco-revelam-a-bancada-que-pernambuco-nao-tem\\\/\",\"url\":\"https:\\\/\\\/penoticias.com.br\\\/blog\\\/transnordestina-e-tarifaco-revelam-a-bancada-que-pernambuco-nao-tem\\\/\",\"name\":\"Transnordestina e tarifa\u00e7o revelam a bancada que Pernambuco n\u00e3o tem - PE Not\u00edcias\",\"isPartOf\":{\"@id\":\"https:\\\/\\\/penoticias.com.br\\\/blog\\\/#website\"},\"primaryImageOfPage\":{\"@id\":\"https:\\\/\\\/penoticias.com.br\\\/blog\\\/transnordestina-e-tarifaco-revelam-a-bancada-que-pernambuco-nao-tem\\\/#primaryimage\"},\"image\":{\"@id\":\"https:\\\/\\\/penoticias.com.br\\\/blog\\\/transnordestina-e-tarifaco-revelam-a-bancada-que-pernambuco-nao-tem\\\/#primaryimage\"},\"thumbnailUrl\":\"https:\\\/\\\/penoticias.com.br\\\/blog\\\/wp-content\\\/uploads\\\/2024\\\/05\\\/Transnordestina.jpg\",\"datePublished\":\"2026-07-18T03:08:02+00:00\",\"breadcrumb\":{\"@id\":\"https:\\\/\\\/penoticias.com.br\\\/blog\\\/transnordestina-e-tarifaco-revelam-a-bancada-que-pernambuco-nao-tem\\\/#breadcrumb\"},\"inLanguage\":\"pt-BR\",\"potentialAction\":[{\"@type\":\"ReadAction\",\"target\":[\"https:\\\/\\\/penoticias.com.br\\\/blog\\\/transnordestina-e-tarifaco-revelam-a-bancada-que-pernambuco-nao-tem\\\/\"]}]},{\"@type\":\"ImageObject\",\"inLanguage\":\"pt-BR\",\"@id\":\"https:\\\/\\\/penoticias.com.br\\\/blog\\\/transnordestina-e-tarifaco-revelam-a-bancada-que-pernambuco-nao-tem\\\/#primaryimage\",\"url\":\"https:\\\/\\\/penoticias.com.br\\\/blog\\\/wp-content\\\/uploads\\\/2024\\\/05\\\/Transnordestina.jpg\",\"contentUrl\":\"https:\\\/\\\/penoticias.com.br\\\/blog\\\/wp-content\\\/uploads\\\/2024\\\/05\\\/Transnordestina.jpg\",\"width\":640,\"height\":427},{\"@type\":\"BreadcrumbList\",\"@id\":\"https:\\\/\\\/penoticias.com.br\\\/blog\\\/transnordestina-e-tarifaco-revelam-a-bancada-que-pernambuco-nao-tem\\\/#breadcrumb\",\"itemListElement\":[{\"@type\":\"ListItem\",\"position\":1,\"name\":\"In\u00edcio\",\"item\":\"https:\\\/\\\/penoticias.com.br\\\/blog\\\/\"},{\"@type\":\"ListItem\",\"position\":2,\"name\":\"Transnordestina e tarifa\u00e7o revelam a bancada que Pernambuco n\u00e3o tem\"}]},{\"@type\":\"WebSite\",\"@id\":\"https:\\\/\\\/penoticias.com.br\\\/blog\\\/#website\",\"url\":\"https:\\\/\\\/penoticias.com.br\\\/blog\\\/\",\"name\":\"PE Not\u00edcias\",\"description\":\"Voc\u00ea no Mundo da Informa\u00e7\u00e3o.\",\"publisher\":{\"@id\":\"https:\\\/\\\/penoticias.com.br\\\/blog\\\/#\\\/schema\\\/person\\\/13ea60669d2351f129ef3657907f1432\"},\"potentialAction\":[{\"@type\":\"SearchAction\",\"target\":{\"@type\":\"EntryPoint\",\"urlTemplate\":\"https:\\\/\\\/penoticias.com.br\\\/blog\\\/?s={search_term_string}\"},\"query-input\":{\"@type\":\"PropertyValueSpecification\",\"valueRequired\":true,\"valueName\":\"search_term_string\"}}],\"inLanguage\":\"pt-BR\"},{\"@type\":[\"Person\",\"Organization\"],\"@id\":\"https:\\\/\\\/penoticias.com.br\\\/blog\\\/#\\\/schema\\\/person\\\/13ea60669d2351f129ef3657907f1432\",\"name\":\"Pedro Ara\u00fajo\",\"image\":{\"@type\":\"ImageObject\",\"inLanguage\":\"pt-BR\",\"@id\":\"https:\\\/\\\/secure.gravatar.com\\\/avatar\\\/d654258027afd7c928561b83494a45e3aff23d7ac7ce926d2bceac1ffe030175?s=96&d=mm&r=g\",\"url\":\"https:\\\/\\\/secure.gravatar.com\\\/avatar\\\/d654258027afd7c928561b83494a45e3aff23d7ac7ce926d2bceac1ffe030175?s=96&d=mm&r=g\",\"contentUrl\":\"https:\\\/\\\/secure.gravatar.com\\\/avatar\\\/d654258027afd7c928561b83494a45e3aff23d7ac7ce926d2bceac1ffe030175?s=96&d=mm&r=g\",\"caption\":\"Pedro Ara\u00fajo\"},\"logo\":{\"@id\":\"https:\\\/\\\/secure.gravatar.com\\\/avatar\\\/d654258027afd7c928561b83494a45e3aff23d7ac7ce926d2bceac1ffe030175?s=96&d=mm&r=g\"},\"description\":\"As informa\u00e7\u00f5es que traduzem as verdades dos fatos, sem ferir ou denegrir pessoas ou imagens. Como tamb\u00e9m, nunca procurando agradar aos maus feitores.\",\"sameAs\":[\"http:\\\/\\\/www.penoticias.com.br\",\"pedrovicentearaujo@hotmail.com\",\"@pedroafogados\",\"https:\\\/\\\/x.com\\\/pedromuela\",\"www.penoticias.com.br\"],\"url\":\"https:\\\/\\\/penoticias.com.br\\\/blog\\\/author\\\/pedro\\\/\"}]}<\/script>\n<!-- \/ Yoast SEO plugin. -->","yoast_head_json":{"title":"Transnordestina e tarifa\u00e7o revelam a bancada que Pernambuco n\u00e3o tem - PE Not\u00edcias","robots":{"index":"index","follow":"follow","max-snippet":"max-snippet:-1","max-image-preview":"max-image-preview:large","max-video-preview":"max-video-preview:-1"},"canonical":"https:\/\/penoticias.com.br\/blog\/transnordestina-e-tarifaco-revelam-a-bancada-que-pernambuco-nao-tem\/","og_locale":"pt_BR","og_type":"article","og_title":"Transnordestina e tarifa\u00e7o revelam a bancada que Pernambuco n\u00e3o tem - PE Not\u00edcias","og_description":"Por Igor Maciel\/JC A bancada federal de Pernambuco poderia ter enfrentado nesta semana dois dos principais testes do ano para a economia do estado. O Tribunal de Contas da Uni\u00e3o manteve suspensas as obras f\u00edsicas da Transnordestina em territ\u00f3rio pernambucano. A Federa\u00e7\u00e3o das Ind\u00fastrias de Pernambuco dimensionou os efeitos do novo tarifa\u00e7o americano sobre as ... Ler mais","og_url":"https:\/\/penoticias.com.br\/blog\/transnordestina-e-tarifaco-revelam-a-bancada-que-pernambuco-nao-tem\/","og_site_name":"PE Not\u00edcias","article_publisher":"pedrovicentearaujo@hotmail.com","article_author":"pedrovicentearaujo@hotmail.com","article_published_time":"2026-07-18T03:08:02+00:00","og_image":[{"width":640,"height":427,"url":"https:\/\/penoticias.com.br\/blog\/wp-content\/uploads\/2024\/05\/Transnordestina.jpg","type":"image\/jpeg"}],"author":"Pedro Ara\u00fajo","twitter_card":"summary_large_image","twitter_creator":"@pedromuela","twitter_site":"@pedromuela","twitter_misc":{"Escrito por":"Pedro Ara\u00fajo","Est. tempo de leitura":"4 minutos"},"schema":{"@context":"https:\/\/schema.org","@graph":[{"@type":"Article","@id":"https:\/\/penoticias.com.br\/blog\/transnordestina-e-tarifaco-revelam-a-bancada-que-pernambuco-nao-tem\/#article","isPartOf":{"@id":"https:\/\/penoticias.com.br\/blog\/transnordestina-e-tarifaco-revelam-a-bancada-que-pernambuco-nao-tem\/"},"author":{"name":"Pedro Ara\u00fajo","@id":"https:\/\/penoticias.com.br\/blog\/#\/schema\/person\/13ea60669d2351f129ef3657907f1432"},"headline":"Transnordestina e tarifa\u00e7o revelam a bancada que Pernambuco n\u00e3o tem","datePublished":"2026-07-18T03:08:02+00:00","mainEntityOfPage":{"@id":"https:\/\/penoticias.com.br\/blog\/transnordestina-e-tarifaco-revelam-a-bancada-que-pernambuco-nao-tem\/"},"wordCount":763,"publisher":{"@id":"https:\/\/penoticias.com.br\/blog\/#\/schema\/person\/13ea60669d2351f129ef3657907f1432"},"image":{"@id":"https:\/\/penoticias.com.br\/blog\/transnordestina-e-tarifaco-revelam-a-bancada-que-pernambuco-nao-tem\/#primaryimage"},"thumbnailUrl":"https:\/\/penoticias.com.br\/blog\/wp-content\/uploads\/2024\/05\/Transnordestina.jpg","articleSection":["Transportes"],"inLanguage":"pt-BR"},{"@type":"WebPage","@id":"https:\/\/penoticias.com.br\/blog\/transnordestina-e-tarifaco-revelam-a-bancada-que-pernambuco-nao-tem\/","url":"https:\/\/penoticias.com.br\/blog\/transnordestina-e-tarifaco-revelam-a-bancada-que-pernambuco-nao-tem\/","name":"Transnordestina e tarifa\u00e7o revelam a bancada que Pernambuco n\u00e3o tem - PE Not\u00edcias","isPartOf":{"@id":"https:\/\/penoticias.com.br\/blog\/#website"},"primaryImageOfPage":{"@id":"https:\/\/penoticias.com.br\/blog\/transnordestina-e-tarifaco-revelam-a-bancada-que-pernambuco-nao-tem\/#primaryimage"},"image":{"@id":"https:\/\/penoticias.com.br\/blog\/transnordestina-e-tarifaco-revelam-a-bancada-que-pernambuco-nao-tem\/#primaryimage"},"thumbnailUrl":"https:\/\/penoticias.com.br\/blog\/wp-content\/uploads\/2024\/05\/Transnordestina.jpg","datePublished":"2026-07-18T03:08:02+00:00","breadcrumb":{"@id":"https:\/\/penoticias.com.br\/blog\/transnordestina-e-tarifaco-revelam-a-bancada-que-pernambuco-nao-tem\/#breadcrumb"},"inLanguage":"pt-BR","potentialAction":[{"@type":"ReadAction","target":["https:\/\/penoticias.com.br\/blog\/transnordestina-e-tarifaco-revelam-a-bancada-que-pernambuco-nao-tem\/"]}]},{"@type":"ImageObject","inLanguage":"pt-BR","@id":"https:\/\/penoticias.com.br\/blog\/transnordestina-e-tarifaco-revelam-a-bancada-que-pernambuco-nao-tem\/#primaryimage","url":"https:\/\/penoticias.com.br\/blog\/wp-content\/uploads\/2024\/05\/Transnordestina.jpg","contentUrl":"https:\/\/penoticias.com.br\/blog\/wp-content\/uploads\/2024\/05\/Transnordestina.jpg","width":640,"height":427},{"@type":"BreadcrumbList","@id":"https:\/\/penoticias.com.br\/blog\/transnordestina-e-tarifaco-revelam-a-bancada-que-pernambuco-nao-tem\/#breadcrumb","itemListElement":[{"@type":"ListItem","position":1,"name":"In\u00edcio","item":"https:\/\/penoticias.com.br\/blog\/"},{"@type":"ListItem","position":2,"name":"Transnordestina e tarifa\u00e7o revelam a bancada que Pernambuco n\u00e3o tem"}]},{"@type":"WebSite","@id":"https:\/\/penoticias.com.br\/blog\/#website","url":"https:\/\/penoticias.com.br\/blog\/","name":"PE Not\u00edcias","description":"Voc\u00ea no Mundo da Informa\u00e7\u00e3o.","publisher":{"@id":"https:\/\/penoticias.com.br\/blog\/#\/schema\/person\/13ea60669d2351f129ef3657907f1432"},"potentialAction":[{"@type":"SearchAction","target":{"@type":"EntryPoint","urlTemplate":"https:\/\/penoticias.com.br\/blog\/?s={search_term_string}"},"query-input":{"@type":"PropertyValueSpecification","valueRequired":true,"valueName":"search_term_string"}}],"inLanguage":"pt-BR"},{"@type":["Person","Organization"],"@id":"https:\/\/penoticias.com.br\/blog\/#\/schema\/person\/13ea60669d2351f129ef3657907f1432","name":"Pedro Ara\u00fajo","image":{"@type":"ImageObject","inLanguage":"pt-BR","@id":"https:\/\/secure.gravatar.com\/avatar\/d654258027afd7c928561b83494a45e3aff23d7ac7ce926d2bceac1ffe030175?s=96&d=mm&r=g","url":"https:\/\/secure.gravatar.com\/avatar\/d654258027afd7c928561b83494a45e3aff23d7ac7ce926d2bceac1ffe030175?s=96&d=mm&r=g","contentUrl":"https:\/\/secure.gravatar.com\/avatar\/d654258027afd7c928561b83494a45e3aff23d7ac7ce926d2bceac1ffe030175?s=96&d=mm&r=g","caption":"Pedro Ara\u00fajo"},"logo":{"@id":"https:\/\/secure.gravatar.com\/avatar\/d654258027afd7c928561b83494a45e3aff23d7ac7ce926d2bceac1ffe030175?s=96&d=mm&r=g"},"description":"As informa\u00e7\u00f5es que traduzem as verdades dos fatos, sem ferir ou denegrir pessoas ou imagens. Como tamb\u00e9m, nunca procurando agradar aos maus feitores.","sameAs":["http:\/\/www.penoticias.com.br","pedrovicentearaujo@hotmail.com","@pedroafogados","https:\/\/x.com\/pedromuela","www.penoticias.com.br"],"url":"https:\/\/penoticias.com.br\/blog\/author\/pedro\/"}]}},"_links":{"self":[{"href":"https:\/\/penoticias.com.br\/blog\/wp-json\/wp\/v2\/posts\/223407","targetHints":{"allow":["GET"]}}],"collection":[{"href":"https:\/\/penoticias.com.br\/blog\/wp-json\/wp\/v2\/posts"}],"about":[{"href":"https:\/\/penoticias.com.br\/blog\/wp-json\/wp\/v2\/types\/post"}],"author":[{"embeddable":true,"href":"https:\/\/penoticias.com.br\/blog\/wp-json\/wp\/v2\/users\/2"}],"replies":[{"embeddable":true,"href":"https:\/\/penoticias.com.br\/blog\/wp-json\/wp\/v2\/comments?post=223407"}],"version-history":[{"count":3,"href":"https:\/\/penoticias.com.br\/blog\/wp-json\/wp\/v2\/posts\/223407\/revisions"}],"predecessor-version":[{"id":223464,"href":"https:\/\/penoticias.com.br\/blog\/wp-json\/wp\/v2\/posts\/223407\/revisions\/223464"}],"wp:attachment":[{"href":"https:\/\/penoticias.com.br\/blog\/wp-json\/wp\/v2\/media?parent=223407"}],"wp:term":[{"taxonomy":"category","embeddable":true,"href":"https:\/\/penoticias.com.br\/blog\/wp-json\/wp\/v2\/categories?post=223407"},{"taxonomy":"post_tag","embeddable":true,"href":"https:\/\/penoticias.com.br\/blog\/wp-json\/wp\/v2\/tags?post=223407"}],"curies":[{"name":"wp","href":"https:\/\/api.w.org\/{rel}","templated":true}]}}