{"id":223528,"date":"2026-07-19T06:45:03","date_gmt":"2026-07-19T09:45:03","guid":{"rendered":"https:\/\/penoticias.com.br\/blog\/?p=223528"},"modified":"2026-07-19T07:38:48","modified_gmt":"2026-07-19T10:38:48","slug":"emendas-avancam-entre-vereadores-estao-na-maioria-das-capitais-e-chegam-a-cidades-pequenas","status":"publish","type":"post","link":"https:\/\/penoticias.com.br\/blog\/emendas-avancam-entre-vereadores-estao-na-maioria-das-capitais-e-chegam-a-cidades-pequenas\/","title":{"rendered":"Emendas avan\u00e7am entre vereadores, est\u00e3o na maioria das capitais e chegam a cidades pequenas"},"content":{"rendered":"<p style=\"text-align: center;\"><img fetchpriority=\"high\" decoding=\"async\" class=\"\" src=\"https:\/\/f.i.uol.com.br\/fotografia\/2026\/07\/16\/17842382456a5950a5a0d26_1784238245_3x2_xs.jpg\" alt=\"https:\/\/f.i.uol.com.br\/fotografia\/2026\/07\/16\/17842382456a5950a5a0d26_1784238245_3x2_xs.jpg\" width=\"635\" height=\"423\" \/><\/p>\n<p><span style=\"font-size: 8pt;\"><em>Folha de S.Paulo<\/em><\/span><\/p>\n<p>As emendas parlamentares individuais se espalham pelo pa\u00eds, est\u00e3o hoje nas C\u00e2maras Municipais de quase todas as capitais brasileiras e chegam a cidades pequenas, com menos de 2.000 habitantes. Os recursos t\u00eam sido objeto de investiga\u00e7\u00f5es, assim como ocorre na esfera federal.<\/p>\n<p>A exemplo do Congresso, as indica\u00e7\u00f5es s\u00e3o impositivas, as prefeituras s\u00e3o obrigadas a execut\u00e1-las, mas o percentual de impacto no or\u00e7amento varia de acordo com o \u00edndice estabelecido em lei.<\/p>\n<p>As emendas impositivas s\u00e3o apresentadas durante a elabora\u00e7\u00e3o do or\u00e7amento e precisam ser justificadas. Metade delas deve ser direcionada \u00e0 sa\u00fade; o restante fica a crit\u00e9rio do legislador.<\/p>\n<p>Das 27 capitais, apenas S\u00e3o Paulo, Fortaleza, Vit\u00f3ria, Curitiba, Rio de Janeiro e Recife n\u00e3o tornaram o cumprimento das indica\u00e7\u00f5es obrigat\u00f3rio.<\/p>\n<p>H\u00e1 capitais que t\u00eam tamb\u00e9m emendas de bancada, como Palmas, Boa Vista e Bel\u00e9m, mas isso n\u00e3o \u00e9 regra. A \u00faltima capital a criar a emenda individual foi Boa Vista, no ano passado. No restante do pa\u00eds, as emendas tamb\u00e9m avan\u00e7am.<\/p>\n<p>Um estudo da Confedera\u00e7\u00e3o Nacional dos Munic\u00edpios (CNM), divulgado em junho, estima que o chamado or\u00e7amento impositivo vigora hoje em 47% dos 5.569 munic\u00edpios brasileiros.<\/p>\n<p>\u00c9 o caso de Fern\u00e3o (SP), com 1.656 habitantes, e Consola\u00e7\u00e3o (MG), com 1.563.<\/p>\n<p>Ambas est\u00e3o entre as cem menores cidades do pa\u00eds, t\u00eam nove vereadores e cada um deles p\u00f4de indicar pouco mais de R$ 65 mil em recursos neste ano. Os valores foram destinados a ar-condicionados, ve\u00edculos de transporte de pacientes, bebedouros, obras e produtos para unidades de sa\u00fade.<\/p>\n<p>A CNM n\u00e3o divulga a rela\u00e7\u00e3o de quais C\u00e2maras t\u00eam ou n\u00e3o o instrumento, mas diz que 24% daquelas que n\u00e3o implementaram o dispositivo j\u00e1 discutem faz\u00ea-lo.<\/p>\n<p>Em breve, diz a entidade, pelo menos 60% dos munic\u00edpios ter\u00e3o emendas previstas em lei, um cen\u00e1rio preocupante na avalia\u00e7\u00e3o do advogado Jos\u00e9 Jer\u00f4nimo Nogueira, professor assistente de direito administrativo na Pontif\u00edcia Universidade Cat\u00f3lica de S\u00e3o Paulo.<\/p>\n<p>&#8220;A maioria dos munic\u00edpios j\u00e1 tem um or\u00e7amento engessado e uma estrutura pequena em termos de controle interno para analisar pol\u00edticas p\u00fablicas de forma eficaz&#8221;, afirma.<!--more--><\/p>\n<p>Segundo ele, essas medidas desafiam a pr\u00f3pria l\u00f3gica or\u00e7ament\u00e1ria, porque &#8220;o vereador acaba concorrendo com o prefeito&#8221; na execu\u00e7\u00e3o dos recursos.<\/p>\n<p>&#8220;Muitas cidades t\u00eam problemas na sa\u00fade, por exemplo, mas precisam fazer asfalto porque foi essa a finalidade da emenda impositiva da C\u00e2mara&#8221;.<\/p>\n<p>O instrumento n\u00e3o \u00e9 necessariamente ruim na vis\u00e3o do cientista pol\u00edtico e professor da Funda\u00e7\u00e3o Get\u00falio Vargas, Carlos Pereira. &#8220;A governabilidade depende desse jogo de troca de recursos&#8221;, defende.<\/p>\n<p>O problema, para ele, \u00e9 que as indica\u00e7\u00f5es n\u00e3o costumam priorizar demandas do munic\u00edpio, mas crit\u00e9rios de sobreviv\u00eancia eleitoral dos vereadores. &#8220;Isso est\u00e1 ficando caro&#8221;, diz.<\/p>\n<p>As emendas impositivas foram criadas pelo Congresso em 2015 e s\u00e3o apresentadas durante a elabora\u00e7\u00e3o da lei or\u00e7ament\u00e1ria anual. O instrumento consome hoje at\u00e9 2% da receita corrente l\u00edquida da Uni\u00e3o, \u00edndice dividido entre a C\u00e2mara (1,55%) e o Senado (0,45%).<\/p>\n<p>No caso de estados e munic\u00edpios, onde h\u00e1 uma \u00fanica casa legislativa, o entendimento adotado at\u00e9 aqui \u00e9 de que o percentual deve seguir o da C\u00e2mara dos Deputados, de 1,55%. Mas isso nem sempre acontece.<\/p>\n<p>Em setembro do ano passado, o ministro Alexandre de Moraes, do Supremo Tribunal Federal, suspendeu os 2% do or\u00e7amento reservados \u00e0s emendas impositivas da Assembleia Legislativa da Para\u00edba.<\/p>\n<p>Segundo o magistrado, a manuten\u00e7\u00e3o do percentual levaria deputados estaduais a ter &#8220;emendas substancialmente maiores do que seus pares federais&#8221;. O Legislativo da Para\u00edba recorre.<\/p>\n<p>O mesmo ocorreu com as emendas dos vereadores de Teresina.<\/p>\n<p>Em maio deste ano, o Tribunal de Justi\u00e7a do Piau\u00ed concedeu liminar para reduzir o \u00edndice de 2% estabelecido aos recursos impositivos locais. Na decis\u00e3o, tamb\u00e9m diz que &#8220;o percentual atribui aos vereadores parcela de poder or\u00e7ament\u00e1rio superior \u00e0 dos deputados federais&#8221;.<\/p>\n<p>A C\u00e2mara de Teresina disse \u00e0 Folha que contesta a compet\u00eancia do TJ-PI para julgar o caso e declarou que o tema merece ser debatido no STF.<\/p>\n<p>A capital piauiense n\u00e3o \u00e9 a \u00fanica a manter valores acima do teto admitido pelos tribunais. O estudo da CNM diz que pelo menos 813 cidades brasileiras fixaram percentuais superiores a 1,55% em suas respectivas legisla\u00e7\u00f5es locais.<\/p>\n<p>A Folha, por sua vez, identificou que na mesma situa\u00e7\u00e3o se encontram as C\u00e2maras de Boa Vista, Cuiab\u00e1, S\u00e3o Lu\u00eds, Bel\u00e9m, Palmas, Goi\u00e2nia, Fern\u00e3o (SP), Consola\u00e7\u00e3o (MG) e a C\u00e2mara Legislativa do DF.<\/p>\n<p>Procuradas, as C\u00e2maras de Fern\u00e3o e Consola\u00e7\u00e3o afirmaram que preparam um projeto de emenda \u00e0 Lei Org\u00e2nica para adequar o percentual a 1,55%.<\/p>\n<p>J\u00e1 o Legislativo do DF disse acompanhar a discuss\u00e3o no STF e que &#8220;as emendas s\u00e3o instrumento relevante de aproxima\u00e7\u00e3o entre o or\u00e7amento p\u00fablico e as demandas da popula\u00e7\u00e3o&#8221;.<\/p>\n<p>O de Boa Vista, por sua vez, afirmou que &#8220;todas as informa\u00e7\u00f5es referentes \u00e0s emendas encontram-se na Lei Org\u00e2nica&#8221;.<\/p>\n<p>Todas as demais citadas foram contatadas por email e por telefone de 9 a 16 de julho, mas n\u00e3o se manifestaram at\u00e9 a publica\u00e7\u00e3o deste texto.<\/p>\n<p>Mestre em direito do Estado pela PUC-SP, o advogado Tony Chalita diz que nenhuma das teses que levaram \u00e0 cria\u00e7\u00e3o das emendas hoje se sustenta.<\/p>\n<p>&#8220;A mais recente \u00e9 a possibilidade de mandar recursos na ponta, j\u00e1 que parlamentares conhecem as demandas locais porque conhecem suas regi\u00f5es. Na pr\u00e1tica, o que temos visto s\u00e3o esc\u00e2ndalos em s\u00e9rie&#8221;, afirma.<\/p>\n<p>H\u00e1 ainda o fator fiscalizat\u00f3rio. Chalita diz ser &#8220;imposs\u00edvel&#8221; que tribunais de Contas consigam averiguar a destina\u00e7\u00e3o das emendas em todos os munic\u00edpios onde o instrumento \u00e9 regulamentado.<\/p>\n<p>Em Uberl\u00e2ndia (MG), o Minist\u00e9rio P\u00fablico acusa o vereador Edson Carvalho Ferreira, o Edinho do Combate Ao C\u00e2ncer, de desviar R$ 78 mil em emendas impositivas que enviou a uma associa\u00e7\u00e3o de portadores de c\u00e2ncer da qual ele foi presidente. O caso tramita sob sigilo.<\/p>\n<p>Seu advogado disse &#8220;que o vereador j\u00e1 demonstrou nos autos a verdade dos fatos e sua inoc\u00eancia e confia na Justi\u00e7a&#8221;.<\/p>\n<p>Em Cuiab\u00e1, a Promotoria diz que o vereador Chico 2000 promoveu desvios nos cerca de R$ 3 milh\u00f5es em emendas que repassou ao Instituto Brasil Central (Ibrace), entidade esportiva. A investiga\u00e7\u00e3o diz que parte do valor bancou a reforma de um im\u00f3vel dele.<\/p>\n<p>A defesa disse \u00e0 reportagem que os apontamentos do Minist\u00e9rio P\u00fablico s\u00e3o &#8220;hip\u00f3teses acusat\u00f3rias&#8221; e que &#8220;inexiste qualquer decis\u00e3o definitiva que reconhe\u00e7a responsabilidade penal do vereador&#8221;.<\/p>\n","protected":false},"excerpt":{"rendered":"<p>Folha de S.Paulo As emendas parlamentares individuais se espalham pelo pa\u00eds, est\u00e3o hoje nas C\u00e2maras Municipais de quase todas as capitais brasileiras e chegam a cidades pequenas, com menos de 2.000 habitantes. Os recursos t\u00eam sido objeto de investiga\u00e7\u00f5es, assim como ocorre na esfera federal. A exemplo do Congresso, as indica\u00e7\u00f5es s\u00e3o impositivas, as prefeituras &#8230; <a title=\"Emendas avan\u00e7am entre vereadores, est\u00e3o na maioria das capitais e chegam a cidades pequenas\" class=\"read-more\" href=\"https:\/\/penoticias.com.br\/blog\/emendas-avancam-entre-vereadores-estao-na-maioria-das-capitais-e-chegam-a-cidades-pequenas\/\" aria-label=\"Read more about Emendas avan\u00e7am entre vereadores, est\u00e3o na maioria das capitais e chegam a cidades pequenas\">Ler mais<\/a><\/p>\n<div class='heateorSssClear'><\/div><div  class='heateor_sss_sharing_container heateor_sss_horizontal_sharing' data-heateor-sss-href='https:\/\/penoticias.com.br\/blog\/emendas-avancam-entre-vereadores-estao-na-maioria-das-capitais-e-chegam-a-cidades-pequenas\/'><div class='heateor_sss_sharing_title' style=\"font-weight:bold\" ><\/div><div class=\"heateor_sss_sharing_ul\"><a aria-label=\"Facebook\" class=\"heateor_sss_facebook\" href=\"https:\/\/www.facebook.com\/sharer\/sharer.php?u=https%3A%2F%2Fpenoticias.com.br%2Fblog%2Femendas-avancam-entre-vereadores-estao-na-maioria-das-capitais-e-chegam-a-cidades-pequenas%2F\" title=\"Facebook\" rel=\"nofollow noopener\" target=\"_blank\" style=\"font-size:32px!important;box-shadow:none;display:inline-block;vertical-align:middle\"><span class=\"heateor_sss_svg\" style=\"background-color:#0765FE;width:35px;height:35px;border-radius:999px;display:inline-block;opacity:1;float:left;font-size:32px;box-shadow:none;display:inline-block;font-size:16px;padding:0 4px;vertical-align:middle;background-repeat:repeat;overflow:hidden;padding:0;cursor:pointer;box-sizing:content-box\"><svg style=\"display:block;border-radius:999px;\" focusable=\"false\" aria-hidden=\"true\" xmlns=\"http:\/\/www.w3.org\/2000\/svg\" width=\"100%\" height=\"100%\" viewBox=\"0 0 32 32\"><path fill=\"#fff\" d=\"M28 16c0-6.627-5.373-12-12-12S4 9.373 4 16c0 5.628 3.875 10.35 9.101 11.647v-7.98h-2.474V16H13.1v-1.58c0-4.085 1.849-5.978 5.859-5.978.76 0 2.072.15 2.608.298v3.325c-.283-.03-.775-.045-1.386-.045-1.967 0-2.728.745-2.728 2.683V16h3.92l-.673 3.667h-3.247v8.245C23.395 27.195 28 22.135 28 16Z\"><\/path><\/svg><\/span><\/a><a aria-label=\"Twitter\" class=\"heateor_sss_button_twitter\" href=\"https:\/\/twitter.com\/intent\/tweet?text=Emendas%20avan%C3%A7am%20entre%20vereadores%2C%20est%C3%A3o%20na%20maioria%20das%20capitais%20e%20chegam%20a%20cidades%20pequenas&url=https%3A%2F%2Fpenoticias.com.br%2Fblog%2Femendas-avancam-entre-vereadores-estao-na-maioria-das-capitais-e-chegam-a-cidades-pequenas%2F\" title=\"Twitter\" rel=\"nofollow noopener\" target=\"_blank\" style=\"font-size:32px!important;box-shadow:none;display:inline-block;vertical-align:middle\"><span class=\"heateor_sss_svg heateor_sss_s__default heateor_sss_s_twitter\" style=\"background-color:#55acee;width:35px;height:35px;border-radius:999px;display:inline-block;opacity:1;float:left;font-size:32px;box-shadow:none;display:inline-block;font-size:16px;padding:0 4px;vertical-align:middle;background-repeat:repeat;overflow:hidden;padding:0;cursor:pointer;box-sizing:content-box\"><svg style=\"display:block;border-radius:999px;\" focusable=\"false\" aria-hidden=\"true\" xmlns=\"http:\/\/www.w3.org\/2000\/svg\" width=\"100%\" height=\"100%\" viewBox=\"-4 -4 39 39\"><path d=\"M28 8.557a9.913 9.913 0 0 1-2.828.775 4.93 4.93 0 0 0 2.166-2.725 9.738 9.738 0 0 1-3.13 1.194 4.92 4.92 0 0 0-3.593-1.55 4.924 4.924 0 0 0-4.794 6.049c-4.09-.21-7.72-2.17-10.15-5.15a4.942 4.942 0 0 0-.665 2.477c0 1.71.87 3.214 2.19 4.1a4.968 4.968 0 0 1-2.23-.616v.06c0 2.39 1.7 4.38 3.952 4.83-.414.115-.85.174-1.297.174-.318 0-.626-.03-.928-.086a4.935 4.935 0 0 0 4.6 3.42 9.893 9.893 0 0 1-6.114 2.107c-.398 0-.79-.023-1.175-.068a13.953 13.953 0 0 0 7.55 2.213c9.056 0 14.01-7.507 14.01-14.013 0-.213-.005-.426-.015-.637.96-.695 1.795-1.56 2.455-2.55z\" fill=\"#fff\"><\/path><\/svg><\/span><\/a><a aria-label=\"Whatsapp\" class=\"heateor_sss_whatsapp\" href=\"https:\/\/api.whatsapp.com\/send?text=Emendas%20avan%C3%A7am%20entre%20vereadores%2C%20est%C3%A3o%20na%20maioria%20das%20capitais%20e%20chegam%20a%20cidades%20pequenas%20https%3A%2F%2Fpenoticias.com.br%2Fblog%2Femendas-avancam-entre-vereadores-estao-na-maioria-das-capitais-e-chegam-a-cidades-pequenas%2F\" title=\"Whatsapp\" rel=\"nofollow noopener\" target=\"_blank\" style=\"font-size:32px!important;box-shadow:none;display:inline-block;vertical-align:middle\"><span class=\"heateor_sss_svg\" style=\"background-color:#55eb4c;width:35px;height:35px;border-radius:999px;display:inline-block;opacity:1;float:left;font-size:32px;box-shadow:none;display:inline-block;font-size:16px;padding:0 4px;vertical-align:middle;background-repeat:repeat;overflow:hidden;padding:0;cursor:pointer;box-sizing:content-box\"><svg style=\"display:block;border-radius:999px;\" focusable=\"false\" aria-hidden=\"true\" xmlns=\"http:\/\/www.w3.org\/2000\/svg\" width=\"100%\" height=\"100%\" viewBox=\"-6 -5 40 40\"><path class=\"heateor_sss_svg_stroke heateor_sss_no_fill\" stroke=\"#fff\" stroke-width=\"2\" fill=\"none\" d=\"M 11.579798566743314 24.396926207859085 A 10 10 0 1 0 6.808479557110079 20.73576436351046\"><\/path><path d=\"M 7 19 l -1 6 l 6 -1\" class=\"heateor_sss_no_fill heateor_sss_svg_stroke\" stroke=\"#fff\" stroke-width=\"2\" fill=\"none\"><\/path><path d=\"M 10 10 q -1 8 8 11 c 5 -1 0 -6 -1 -3 q -4 -3 -5 -5 c 4 -2 -1 -5 -1 -4\" fill=\"#fff\"><\/path><\/svg><\/span><\/a><a aria-label=\"Gmail\" class=\"heateor_sss_button_google_gmail\" href=\"https:\/\/mail.google.com\/mail\/?ui=2&view=cm&fs=1&tf=1&su=Emendas%20avan%C3%A7am%20entre%20vereadores%2C%20est%C3%A3o%20na%20maioria%20das%20capitais%20e%20chegam%20a%20cidades%20pequenas&body=Link:https%3A%2F%2Fpenoticias.com.br%2Fblog%2Femendas-avancam-entre-vereadores-estao-na-maioria-das-capitais-e-chegam-a-cidades-pequenas%2F\" title=\"Google Gmail\" rel=\"nofollow noopener\" target=\"_blank\" style=\"font-size:32px!important;box-shadow:none;display:inline-block;vertical-align:middle\"><span class=\"heateor_sss_svg heateor_sss_s__default heateor_sss_s_Google_Gmail\" style=\"background-color:#e5e5e5;width:35px;height:35px;border-radius:999px;display:inline-block;opacity:1;float:left;font-size:32px;box-shadow:none;display:inline-block;font-size:16px;padding:0 4px;vertical-align:middle;background-repeat:repeat;overflow:hidden;padding:0;cursor:pointer;box-sizing:content-box\"><svg style=\"display:block;border-radius:999px;\" focusable=\"false\" aria-hidden=\"true\" xmlns=\"http:\/\/www.w3.org\/2000\/svg\" width=\"100%\" height=\"100%\" viewBox=\"0 0 32 32\"><path fill=\"#fff\" d=\"M2.902 6.223h26.195v19.554H2.902z\"><\/path><path fill=\"#E14C41\" class=\"heateor_sss_no_fill\" d=\"M2.902 25.777h26.195V6.223H2.902v19.554zm22.44-4.007v3.806H6.955v-3.6h.032l.093-.034 6.9-5.558 2.09 1.77 1.854-1.63 7.42 5.246zm0-.672l-7.027-4.917 7.028-6.09V21.1zm-1.17-14.67l-.947.905c-2.356 2.284-4.693 4.75-7.17 6.876l-.078.06L8.062 6.39l16.11.033zm-10.597 9.61l-6.62 5.294.016-10.914 6.607 5.62\"><\/path><\/svg><\/span><\/a><a aria-label=\"Instagram\" class=\"heateor_sss_button_instagram\" href=\"https:\/\/www.instagram.com\/\" title=\"Instagram\" rel=\"nofollow noopener\" target=\"_blank\" style=\"font-size:32px!important;box-shadow:none;display:inline-block;vertical-align:middle\"><span class=\"heateor_sss_svg\" style=\"background-color:#53beee;width:35px;height:35px;border-radius:999px;display:inline-block;opacity:1;float:left;font-size:32px;box-shadow:none;display:inline-block;font-size:16px;padding:0 4px;vertical-align:middle;background-repeat:repeat;overflow:hidden;padding:0;cursor:pointer;box-sizing:content-box\"><svg style=\"display:block;border-radius:999px;\" version=\"1.1\" viewBox=\"-10 -10 148 148\" width=\"100%\" height=\"100%\" xml:space=\"preserve\" xmlns=\"http:\/\/www.w3.org\/2000\/svg\" xmlns:xlink=\"http:\/\/www.w3.org\/1999\/xlink\"><g><g><path d=\"M86,112H42c-14.336,0-26-11.663-26-26V42c0-14.337,11.664-26,26-26h44c14.337,0,26,11.663,26,26v44 C112,100.337,100.337,112,86,112z M42,24c-9.925,0-18,8.074-18,18v44c0,9.925,8.075,18,18,18h44c9.926,0,18-8.075,18-18V42 c0-9.926-8.074-18-18-18H42z\" fill=\"#fff\"><\/path><\/g><g><path d=\"M64,88c-13.234,0-24-10.767-24-24c0-13.234,10.766-24,24-24s24,10.766,24,24C88,77.233,77.234,88,64,88z M64,48c-8.822,0-16,7.178-16,16s7.178,16,16,16c8.822,0,16-7.178,16-16S72.822,48,64,48z\" fill=\"#fff\"><\/path><\/g><g><circle cx=\"89.5\" cy=\"38.5\" fill=\"#fff\" r=\"5.5\"><\/circle><\/g><\/g><\/svg><\/span><\/a><a aria-label=\"Print\" class=\"heateor_sss_button_print\" href=\"https:\/\/penoticias.com.br\/blog\/emendas-avancam-entre-vereadores-estao-na-maioria-das-capitais-e-chegam-a-cidades-pequenas\/\" onclick=\"event.preventDefault();window.print()\" title=\"Print\" rel=\"noopener\" style=\"font-size:32px!important;box-shadow:none;display:inline-block;vertical-align:middle\"><span class=\"heateor_sss_svg heateor_sss_s__default heateor_sss_s_print\" style=\"background-color:#fd6500;width:35px;height:35px;border-radius:999px;display:inline-block;opacity:1;float:left;font-size:32px;box-shadow:none;display:inline-block;font-size:16px;padding:0 4px;vertical-align:middle;background-repeat:repeat;overflow:hidden;padding:0;cursor:pointer;box-sizing:content-box\"><svg style=\"display:block;border-radius:999px;\" focusable=\"false\" aria-hidden=\"true\" xmlns=\"http:\/\/www.w3.org\/2000\/svg\" width=\"100%\" height=\"100%\" viewBox=\"-2.8 -4.5 35 35\"><path stroke=\"#fff\" class=\"heateor_sss_svg_stroke\" d=\"M 7 10 h 2 v 3 h 12 v -3 h 2 v 7 h -2 v -3 h -12 v 3 h -2 z\" stroke-width=\"1\" fill=\"#fff\"><\/path><rect class=\"heateor_sss_no_fill heateor_sss_svg_stroke\" stroke=\"#fff\" stroke-width=\"1.8\" height=\"7\" width=\"10\" x=\"10\" y=\"5\" fill=\"none\"><\/rect><rect class=\"heateor_sss_svg_stroke\" stroke=\"#fff\" stroke-width=\"1\" height=\"5\" width=\"8\" x=\"11\" y=\"16\" fill=\"#fff\"><\/rect><\/svg><\/span><\/a><a class=\"heateor_sss_more\" aria-label=\"More\" title=\"More\" rel=\"nofollow noopener\" style=\"font-size: 32px!important;border:0;box-shadow:none;display:inline-block!important;font-size:16px;padding:0 4px;vertical-align: middle;display:inline;\" href=\"https:\/\/penoticias.com.br\/blog\/emendas-avancam-entre-vereadores-estao-na-maioria-das-capitais-e-chegam-a-cidades-pequenas\/\" onclick=\"event.preventDefault()\"><span class=\"heateor_sss_svg\" style=\"background-color:#ee8e2d;width:35px;height:35px;border-radius:999px;display:inline-block!important;opacity:1;float:left;font-size:32px!important;box-shadow:none;display:inline-block;font-size:16px;padding:0 4px;vertical-align:middle;display:inline;background-repeat:repeat;overflow:hidden;padding:0;cursor:pointer;box-sizing:content-box;\" onclick=\"heateorSssMoreSharingPopup(this, 'https:\/\/penoticias.com.br\/blog\/emendas-avancam-entre-vereadores-estao-na-maioria-das-capitais-e-chegam-a-cidades-pequenas\/', 'Emendas%20avan%C3%A7am%20entre%20vereadores%2C%20est%C3%A3o%20na%20maioria%20das%20capitais%20e%20chegam%20a%20cidades%20pequenas', '' )\"><svg xmlns=\"http:\/\/www.w3.org\/2000\/svg\" xmlns:xlink=\"http:\/\/www.w3.org\/1999\/xlink\" viewBox=\"-.3 0 32 32\" version=\"1.1\" width=\"100%\" height=\"100%\" style=\"display:block;border-radius:999px;\" xml:space=\"preserve\"><g><path fill=\"#fff\" d=\"M18 14V8h-4v6H8v4h6v6h4v-6h6v-4h-6z\" fill-rule=\"evenodd\"><\/path><\/g><\/svg><\/span><\/a><\/div><div class=\"heateorSssClear\"><\/div><\/div><div class='heateorSssClear'><\/div>","protected":false},"author":2,"featured_media":0,"comment_status":"closed","ping_status":"closed","sticky":false,"template":"","format":"standard","meta":{"footnotes":""},"categories":[10],"tags":[],"class_list":["post-223528","post","type-post","status-publish","format-standard","hentry","category-politica"],"yoast_head":"<!-- This site is optimized with the Yoast SEO plugin v28.4 - https:\/\/yoast.com\/product\/yoast-seo-wordpress\/ -->\n<title>Emendas avan\u00e7am entre vereadores, est\u00e3o na maioria das capitais e chegam a cidades pequenas - PE Not\u00edcias<\/title>\n<meta name=\"robots\" content=\"index, follow, max-snippet:-1, max-image-preview:large, max-video-preview:-1\" \/>\n<link rel=\"canonical\" href=\"https:\/\/penoticias.com.br\/blog\/emendas-avancam-entre-vereadores-estao-na-maioria-das-capitais-e-chegam-a-cidades-pequenas\/\" \/>\n<meta property=\"og:locale\" content=\"pt_BR\" \/>\n<meta property=\"og:type\" content=\"article\" \/>\n<meta property=\"og:title\" content=\"Emendas avan\u00e7am entre vereadores, est\u00e3o na maioria das capitais e chegam a cidades pequenas - PE Not\u00edcias\" \/>\n<meta property=\"og:description\" content=\"Folha de S.Paulo As emendas parlamentares individuais se espalham pelo pa\u00eds, est\u00e3o hoje nas C\u00e2maras Municipais de quase todas as capitais brasileiras e chegam a cidades pequenas, com menos de 2.000 habitantes. Os recursos t\u00eam sido objeto de investiga\u00e7\u00f5es, assim como ocorre na esfera federal. A exemplo do Congresso, as indica\u00e7\u00f5es s\u00e3o impositivas, as prefeituras ... Ler mais\" \/>\n<meta property=\"og:url\" content=\"https:\/\/penoticias.com.br\/blog\/emendas-avancam-entre-vereadores-estao-na-maioria-das-capitais-e-chegam-a-cidades-pequenas\/\" \/>\n<meta property=\"og:site_name\" content=\"PE Not\u00edcias\" \/>\n<meta property=\"article:publisher\" content=\"pedrovicentearaujo@hotmail.com\" \/>\n<meta property=\"article:author\" content=\"pedrovicentearaujo@hotmail.com\" \/>\n<meta property=\"article:published_time\" content=\"2026-07-19T09:45:03+00:00\" \/>\n<meta property=\"article:modified_time\" content=\"2026-07-19T10:38:48+00:00\" \/>\n<meta property=\"og:image\" content=\"https:\/\/f.i.uol.com.br\/fotografia\/2026\/07\/16\/17842382456a5950a5a0d26_1784238245_3x2_xs.jpg\" \/>\n<meta name=\"author\" content=\"Pedro Ara\u00fajo\" \/>\n<meta name=\"twitter:card\" content=\"summary_large_image\" \/>\n<meta name=\"twitter:creator\" content=\"@pedromuela\" \/>\n<meta name=\"twitter:site\" content=\"@pedromuela\" \/>\n<meta name=\"twitter:label1\" content=\"Escrito por\" \/>\n\t<meta name=\"twitter:data1\" content=\"Pedro Ara\u00fajo\" \/>\n\t<meta name=\"twitter:label2\" content=\"Est. tempo de leitura\" \/>\n\t<meta name=\"twitter:data2\" content=\"6 minutos\" \/>\n<script type=\"application\/ld+json\" class=\"yoast-schema-graph\">{\"@context\":\"https:\\\/\\\/schema.org\",\"@graph\":[{\"@type\":\"Article\",\"@id\":\"https:\\\/\\\/penoticias.com.br\\\/blog\\\/emendas-avancam-entre-vereadores-estao-na-maioria-das-capitais-e-chegam-a-cidades-pequenas\\\/#article\",\"isPartOf\":{\"@id\":\"https:\\\/\\\/penoticias.com.br\\\/blog\\\/emendas-avancam-entre-vereadores-estao-na-maioria-das-capitais-e-chegam-a-cidades-pequenas\\\/\"},\"author\":{\"name\":\"Pedro Ara\u00fajo\",\"@id\":\"https:\\\/\\\/penoticias.com.br\\\/blog\\\/#\\\/schema\\\/person\\\/13ea60669d2351f129ef3657907f1432\"},\"headline\":\"Emendas avan\u00e7am entre vereadores, est\u00e3o na maioria das capitais e chegam a cidades pequenas\",\"datePublished\":\"2026-07-19T09:45:03+00:00\",\"dateModified\":\"2026-07-19T10:38:48+00:00\",\"mainEntityOfPage\":{\"@id\":\"https:\\\/\\\/penoticias.com.br\\\/blog\\\/emendas-avancam-entre-vereadores-estao-na-maioria-das-capitais-e-chegam-a-cidades-pequenas\\\/\"},\"wordCount\":1164,\"publisher\":{\"@id\":\"https:\\\/\\\/penoticias.com.br\\\/blog\\\/#\\\/schema\\\/person\\\/13ea60669d2351f129ef3657907f1432\"},\"image\":{\"@id\":\"https:\\\/\\\/penoticias.com.br\\\/blog\\\/emendas-avancam-entre-vereadores-estao-na-maioria-das-capitais-e-chegam-a-cidades-pequenas\\\/#primaryimage\"},\"thumbnailUrl\":\"https:\\\/\\\/f.i.uol.com.br\\\/fotografia\\\/2026\\\/07\\\/16\\\/17842382456a5950a5a0d26_1784238245_3x2_xs.jpg\",\"articleSection\":[\"Pol\u00edtica\"],\"inLanguage\":\"pt-BR\"},{\"@type\":\"WebPage\",\"@id\":\"https:\\\/\\\/penoticias.com.br\\\/blog\\\/emendas-avancam-entre-vereadores-estao-na-maioria-das-capitais-e-chegam-a-cidades-pequenas\\\/\",\"url\":\"https:\\\/\\\/penoticias.com.br\\\/blog\\\/emendas-avancam-entre-vereadores-estao-na-maioria-das-capitais-e-chegam-a-cidades-pequenas\\\/\",\"name\":\"Emendas avan\u00e7am entre vereadores, est\u00e3o na maioria das capitais e chegam a cidades pequenas - PE Not\u00edcias\",\"isPartOf\":{\"@id\":\"https:\\\/\\\/penoticias.com.br\\\/blog\\\/#website\"},\"primaryImageOfPage\":{\"@id\":\"https:\\\/\\\/penoticias.com.br\\\/blog\\\/emendas-avancam-entre-vereadores-estao-na-maioria-das-capitais-e-chegam-a-cidades-pequenas\\\/#primaryimage\"},\"image\":{\"@id\":\"https:\\\/\\\/penoticias.com.br\\\/blog\\\/emendas-avancam-entre-vereadores-estao-na-maioria-das-capitais-e-chegam-a-cidades-pequenas\\\/#primaryimage\"},\"thumbnailUrl\":\"https:\\\/\\\/f.i.uol.com.br\\\/fotografia\\\/2026\\\/07\\\/16\\\/17842382456a5950a5a0d26_1784238245_3x2_xs.jpg\",\"datePublished\":\"2026-07-19T09:45:03+00:00\",\"dateModified\":\"2026-07-19T10:38:48+00:00\",\"breadcrumb\":{\"@id\":\"https:\\\/\\\/penoticias.com.br\\\/blog\\\/emendas-avancam-entre-vereadores-estao-na-maioria-das-capitais-e-chegam-a-cidades-pequenas\\\/#breadcrumb\"},\"inLanguage\":\"pt-BR\",\"potentialAction\":[{\"@type\":\"ReadAction\",\"target\":[\"https:\\\/\\\/penoticias.com.br\\\/blog\\\/emendas-avancam-entre-vereadores-estao-na-maioria-das-capitais-e-chegam-a-cidades-pequenas\\\/\"]}]},{\"@type\":\"ImageObject\",\"inLanguage\":\"pt-BR\",\"@id\":\"https:\\\/\\\/penoticias.com.br\\\/blog\\\/emendas-avancam-entre-vereadores-estao-na-maioria-das-capitais-e-chegam-a-cidades-pequenas\\\/#primaryimage\",\"url\":\"https:\\\/\\\/f.i.uol.com.br\\\/fotografia\\\/2026\\\/07\\\/16\\\/17842382456a5950a5a0d26_1784238245_3x2_xs.jpg\",\"contentUrl\":\"https:\\\/\\\/f.i.uol.com.br\\\/fotografia\\\/2026\\\/07\\\/16\\\/17842382456a5950a5a0d26_1784238245_3x2_xs.jpg\"},{\"@type\":\"BreadcrumbList\",\"@id\":\"https:\\\/\\\/penoticias.com.br\\\/blog\\\/emendas-avancam-entre-vereadores-estao-na-maioria-das-capitais-e-chegam-a-cidades-pequenas\\\/#breadcrumb\",\"itemListElement\":[{\"@type\":\"ListItem\",\"position\":1,\"name\":\"In\u00edcio\",\"item\":\"https:\\\/\\\/penoticias.com.br\\\/blog\\\/\"},{\"@type\":\"ListItem\",\"position\":2,\"name\":\"Emendas avan\u00e7am entre vereadores, est\u00e3o na maioria das capitais e chegam a cidades pequenas\"}]},{\"@type\":\"WebSite\",\"@id\":\"https:\\\/\\\/penoticias.com.br\\\/blog\\\/#website\",\"url\":\"https:\\\/\\\/penoticias.com.br\\\/blog\\\/\",\"name\":\"PE Not\u00edcias\",\"description\":\"Voc\u00ea no Mundo da Informa\u00e7\u00e3o.\",\"publisher\":{\"@id\":\"https:\\\/\\\/penoticias.com.br\\\/blog\\\/#\\\/schema\\\/person\\\/13ea60669d2351f129ef3657907f1432\"},\"potentialAction\":[{\"@type\":\"SearchAction\",\"target\":{\"@type\":\"EntryPoint\",\"urlTemplate\":\"https:\\\/\\\/penoticias.com.br\\\/blog\\\/?s={search_term_string}\"},\"query-input\":{\"@type\":\"PropertyValueSpecification\",\"valueRequired\":true,\"valueName\":\"search_term_string\"}}],\"inLanguage\":\"pt-BR\"},{\"@type\":[\"Person\",\"Organization\"],\"@id\":\"https:\\\/\\\/penoticias.com.br\\\/blog\\\/#\\\/schema\\\/person\\\/13ea60669d2351f129ef3657907f1432\",\"name\":\"Pedro Ara\u00fajo\",\"image\":{\"@type\":\"ImageObject\",\"inLanguage\":\"pt-BR\",\"@id\":\"https:\\\/\\\/secure.gravatar.com\\\/avatar\\\/d654258027afd7c928561b83494a45e3aff23d7ac7ce926d2bceac1ffe030175?s=96&d=mm&r=g\",\"url\":\"https:\\\/\\\/secure.gravatar.com\\\/avatar\\\/d654258027afd7c928561b83494a45e3aff23d7ac7ce926d2bceac1ffe030175?s=96&d=mm&r=g\",\"contentUrl\":\"https:\\\/\\\/secure.gravatar.com\\\/avatar\\\/d654258027afd7c928561b83494a45e3aff23d7ac7ce926d2bceac1ffe030175?s=96&d=mm&r=g\",\"caption\":\"Pedro Ara\u00fajo\"},\"logo\":{\"@id\":\"https:\\\/\\\/secure.gravatar.com\\\/avatar\\\/d654258027afd7c928561b83494a45e3aff23d7ac7ce926d2bceac1ffe030175?s=96&d=mm&r=g\"},\"description\":\"As informa\u00e7\u00f5es que traduzem as verdades dos fatos, sem ferir ou denegrir pessoas ou imagens. Como tamb\u00e9m, nunca procurando agradar aos maus feitores.\",\"sameAs\":[\"http:\\\/\\\/www.penoticias.com.br\",\"pedrovicentearaujo@hotmail.com\",\"@pedroafogados\",\"https:\\\/\\\/x.com\\\/pedromuela\",\"www.penoticias.com.br\"],\"url\":\"https:\\\/\\\/penoticias.com.br\\\/blog\\\/author\\\/pedro\\\/\"}]}<\/script>\n<!-- \/ Yoast SEO plugin. -->","yoast_head_json":{"title":"Emendas avan\u00e7am entre vereadores, est\u00e3o na maioria das capitais e chegam a cidades pequenas - PE Not\u00edcias","robots":{"index":"index","follow":"follow","max-snippet":"max-snippet:-1","max-image-preview":"max-image-preview:large","max-video-preview":"max-video-preview:-1"},"canonical":"https:\/\/penoticias.com.br\/blog\/emendas-avancam-entre-vereadores-estao-na-maioria-das-capitais-e-chegam-a-cidades-pequenas\/","og_locale":"pt_BR","og_type":"article","og_title":"Emendas avan\u00e7am entre vereadores, est\u00e3o na maioria das capitais e chegam a cidades pequenas - PE Not\u00edcias","og_description":"Folha de S.Paulo As emendas parlamentares individuais se espalham pelo pa\u00eds, est\u00e3o hoje nas C\u00e2maras Municipais de quase todas as capitais brasileiras e chegam a cidades pequenas, com menos de 2.000 habitantes. Os recursos t\u00eam sido objeto de investiga\u00e7\u00f5es, assim como ocorre na esfera federal. A exemplo do Congresso, as indica\u00e7\u00f5es s\u00e3o impositivas, as prefeituras ... Ler mais","og_url":"https:\/\/penoticias.com.br\/blog\/emendas-avancam-entre-vereadores-estao-na-maioria-das-capitais-e-chegam-a-cidades-pequenas\/","og_site_name":"PE Not\u00edcias","article_publisher":"pedrovicentearaujo@hotmail.com","article_author":"pedrovicentearaujo@hotmail.com","article_published_time":"2026-07-19T09:45:03+00:00","article_modified_time":"2026-07-19T10:38:48+00:00","og_image":[{"url":"https:\/\/f.i.uol.com.br\/fotografia\/2026\/07\/16\/17842382456a5950a5a0d26_1784238245_3x2_xs.jpg","type":"","width":"","height":""}],"author":"Pedro Ara\u00fajo","twitter_card":"summary_large_image","twitter_creator":"@pedromuela","twitter_site":"@pedromuela","twitter_misc":{"Escrito por":"Pedro Ara\u00fajo","Est. tempo de leitura":"6 minutos"},"schema":{"@context":"https:\/\/schema.org","@graph":[{"@type":"Article","@id":"https:\/\/penoticias.com.br\/blog\/emendas-avancam-entre-vereadores-estao-na-maioria-das-capitais-e-chegam-a-cidades-pequenas\/#article","isPartOf":{"@id":"https:\/\/penoticias.com.br\/blog\/emendas-avancam-entre-vereadores-estao-na-maioria-das-capitais-e-chegam-a-cidades-pequenas\/"},"author":{"name":"Pedro Ara\u00fajo","@id":"https:\/\/penoticias.com.br\/blog\/#\/schema\/person\/13ea60669d2351f129ef3657907f1432"},"headline":"Emendas avan\u00e7am entre vereadores, est\u00e3o na maioria das capitais e chegam a cidades pequenas","datePublished":"2026-07-19T09:45:03+00:00","dateModified":"2026-07-19T10:38:48+00:00","mainEntityOfPage":{"@id":"https:\/\/penoticias.com.br\/blog\/emendas-avancam-entre-vereadores-estao-na-maioria-das-capitais-e-chegam-a-cidades-pequenas\/"},"wordCount":1164,"publisher":{"@id":"https:\/\/penoticias.com.br\/blog\/#\/schema\/person\/13ea60669d2351f129ef3657907f1432"},"image":{"@id":"https:\/\/penoticias.com.br\/blog\/emendas-avancam-entre-vereadores-estao-na-maioria-das-capitais-e-chegam-a-cidades-pequenas\/#primaryimage"},"thumbnailUrl":"https:\/\/f.i.uol.com.br\/fotografia\/2026\/07\/16\/17842382456a5950a5a0d26_1784238245_3x2_xs.jpg","articleSection":["Pol\u00edtica"],"inLanguage":"pt-BR"},{"@type":"WebPage","@id":"https:\/\/penoticias.com.br\/blog\/emendas-avancam-entre-vereadores-estao-na-maioria-das-capitais-e-chegam-a-cidades-pequenas\/","url":"https:\/\/penoticias.com.br\/blog\/emendas-avancam-entre-vereadores-estao-na-maioria-das-capitais-e-chegam-a-cidades-pequenas\/","name":"Emendas avan\u00e7am entre vereadores, est\u00e3o na maioria das capitais e chegam a cidades pequenas - PE Not\u00edcias","isPartOf":{"@id":"https:\/\/penoticias.com.br\/blog\/#website"},"primaryImageOfPage":{"@id":"https:\/\/penoticias.com.br\/blog\/emendas-avancam-entre-vereadores-estao-na-maioria-das-capitais-e-chegam-a-cidades-pequenas\/#primaryimage"},"image":{"@id":"https:\/\/penoticias.com.br\/blog\/emendas-avancam-entre-vereadores-estao-na-maioria-das-capitais-e-chegam-a-cidades-pequenas\/#primaryimage"},"thumbnailUrl":"https:\/\/f.i.uol.com.br\/fotografia\/2026\/07\/16\/17842382456a5950a5a0d26_1784238245_3x2_xs.jpg","datePublished":"2026-07-19T09:45:03+00:00","dateModified":"2026-07-19T10:38:48+00:00","breadcrumb":{"@id":"https:\/\/penoticias.com.br\/blog\/emendas-avancam-entre-vereadores-estao-na-maioria-das-capitais-e-chegam-a-cidades-pequenas\/#breadcrumb"},"inLanguage":"pt-BR","potentialAction":[{"@type":"ReadAction","target":["https:\/\/penoticias.com.br\/blog\/emendas-avancam-entre-vereadores-estao-na-maioria-das-capitais-e-chegam-a-cidades-pequenas\/"]}]},{"@type":"ImageObject","inLanguage":"pt-BR","@id":"https:\/\/penoticias.com.br\/blog\/emendas-avancam-entre-vereadores-estao-na-maioria-das-capitais-e-chegam-a-cidades-pequenas\/#primaryimage","url":"https:\/\/f.i.uol.com.br\/fotografia\/2026\/07\/16\/17842382456a5950a5a0d26_1784238245_3x2_xs.jpg","contentUrl":"https:\/\/f.i.uol.com.br\/fotografia\/2026\/07\/16\/17842382456a5950a5a0d26_1784238245_3x2_xs.jpg"},{"@type":"BreadcrumbList","@id":"https:\/\/penoticias.com.br\/blog\/emendas-avancam-entre-vereadores-estao-na-maioria-das-capitais-e-chegam-a-cidades-pequenas\/#breadcrumb","itemListElement":[{"@type":"ListItem","position":1,"name":"In\u00edcio","item":"https:\/\/penoticias.com.br\/blog\/"},{"@type":"ListItem","position":2,"name":"Emendas avan\u00e7am entre vereadores, est\u00e3o na maioria das capitais e chegam a cidades pequenas"}]},{"@type":"WebSite","@id":"https:\/\/penoticias.com.br\/blog\/#website","url":"https:\/\/penoticias.com.br\/blog\/","name":"PE Not\u00edcias","description":"Voc\u00ea no Mundo da Informa\u00e7\u00e3o.","publisher":{"@id":"https:\/\/penoticias.com.br\/blog\/#\/schema\/person\/13ea60669d2351f129ef3657907f1432"},"potentialAction":[{"@type":"SearchAction","target":{"@type":"EntryPoint","urlTemplate":"https:\/\/penoticias.com.br\/blog\/?s={search_term_string}"},"query-input":{"@type":"PropertyValueSpecification","valueRequired":true,"valueName":"search_term_string"}}],"inLanguage":"pt-BR"},{"@type":["Person","Organization"],"@id":"https:\/\/penoticias.com.br\/blog\/#\/schema\/person\/13ea60669d2351f129ef3657907f1432","name":"Pedro Ara\u00fajo","image":{"@type":"ImageObject","inLanguage":"pt-BR","@id":"https:\/\/secure.gravatar.com\/avatar\/d654258027afd7c928561b83494a45e3aff23d7ac7ce926d2bceac1ffe030175?s=96&d=mm&r=g","url":"https:\/\/secure.gravatar.com\/avatar\/d654258027afd7c928561b83494a45e3aff23d7ac7ce926d2bceac1ffe030175?s=96&d=mm&r=g","contentUrl":"https:\/\/secure.gravatar.com\/avatar\/d654258027afd7c928561b83494a45e3aff23d7ac7ce926d2bceac1ffe030175?s=96&d=mm&r=g","caption":"Pedro Ara\u00fajo"},"logo":{"@id":"https:\/\/secure.gravatar.com\/avatar\/d654258027afd7c928561b83494a45e3aff23d7ac7ce926d2bceac1ffe030175?s=96&d=mm&r=g"},"description":"As informa\u00e7\u00f5es que traduzem as verdades dos fatos, sem ferir ou denegrir pessoas ou imagens. Como tamb\u00e9m, nunca procurando agradar aos maus feitores.","sameAs":["http:\/\/www.penoticias.com.br","pedrovicentearaujo@hotmail.com","@pedroafogados","https:\/\/x.com\/pedromuela","www.penoticias.com.br"],"url":"https:\/\/penoticias.com.br\/blog\/author\/pedro\/"}]}},"_links":{"self":[{"href":"https:\/\/penoticias.com.br\/blog\/wp-json\/wp\/v2\/posts\/223528","targetHints":{"allow":["GET"]}}],"collection":[{"href":"https:\/\/penoticias.com.br\/blog\/wp-json\/wp\/v2\/posts"}],"about":[{"href":"https:\/\/penoticias.com.br\/blog\/wp-json\/wp\/v2\/types\/post"}],"author":[{"embeddable":true,"href":"https:\/\/penoticias.com.br\/blog\/wp-json\/wp\/v2\/users\/2"}],"replies":[{"embeddable":true,"href":"https:\/\/penoticias.com.br\/blog\/wp-json\/wp\/v2\/comments?post=223528"}],"version-history":[{"count":1,"href":"https:\/\/penoticias.com.br\/blog\/wp-json\/wp\/v2\/posts\/223528\/revisions"}],"predecessor-version":[{"id":223529,"href":"https:\/\/penoticias.com.br\/blog\/wp-json\/wp\/v2\/posts\/223528\/revisions\/223529"}],"wp:attachment":[{"href":"https:\/\/penoticias.com.br\/blog\/wp-json\/wp\/v2\/media?parent=223528"}],"wp:term":[{"taxonomy":"category","embeddable":true,"href":"https:\/\/penoticias.com.br\/blog\/wp-json\/wp\/v2\/categories?post=223528"},{"taxonomy":"post_tag","embeddable":true,"href":"https:\/\/penoticias.com.br\/blog\/wp-json\/wp\/v2\/tags?post=223528"}],"curies":[{"name":"wp","href":"https:\/\/api.w.org\/{rel}","templated":true}]}}