{"id":223968,"date":"2026-07-24T00:08:53","date_gmt":"2026-07-24T03:08:53","guid":{"rendered":"https:\/\/penoticias.com.br\/blog\/?p=223968"},"modified":"2026-07-23T10:15:20","modified_gmt":"2026-07-23T13:15:20","slug":"pernambuco-reduz-assassinatos-mas-e-o-5o-estado-mais-violento-do-brasil","status":"publish","type":"post","link":"https:\/\/penoticias.com.br\/blog\/pernambuco-reduz-assassinatos-mas-e-o-5o-estado-mais-violento-do-brasil\/","title":{"rendered":"Pernambuco reduz assassinatos, mas \u00e9 o 5\u00ba estado mais violento do Brasil"},"content":{"rendered":"<p style=\"text-align: center;\"><img fetchpriority=\"high\" decoding=\"async\" class=\"alignnone wp-image-223969 \" src=\"https:\/\/penoticias.com.br\/blog\/wp-content\/uploads\/2026\/07\/Policia-1024x682.jpg\" alt=\"\" width=\"631\" height=\"420\" srcset=\"https:\/\/penoticias.com.br\/blog\/wp-content\/uploads\/2026\/07\/Policia-1024x682.jpg 1024w, https:\/\/penoticias.com.br\/blog\/wp-content\/uploads\/2026\/07\/Policia-300x200.jpg 300w, https:\/\/penoticias.com.br\/blog\/wp-content\/uploads\/2026\/07\/Policia-768x511.jpg 768w, https:\/\/penoticias.com.br\/blog\/wp-content\/uploads\/2026\/07\/Policia.jpg 1200w\" sizes=\"(max-width: 631px) 100vw, 631px\" \/><\/p>\n<p>Pernambuco ocupa a quinta posi\u00e7\u00e3o entre os estados com maior taxa de mortes violentas intencionais (MVI) em 2025. Os dados fazem parte do Anu\u00e1rio Brasileiro de Seguran\u00e7a P\u00fablica de 2026, divulgado nesta quinta-feira (23) pelo F\u00f3rum Brasileiro de Seguran\u00e7a P\u00fablica (FBSP).<\/p>\n<p>Em 2025, Pernambuco registrou 33 MVIs a cada 100 mil habitantes, contra 36,4 em 2024. \u00c0 frente de Pernambuco entre as maiores taxas est\u00e3o Alagoas (33,1), Cear\u00e1 (34,7), Bahia (36,8) e, na primeira posi\u00e7\u00e3o, Amap\u00e1 (42,5).<\/p>\n<p>Para calcular as MVIs, o F\u00f3rum considera a soma do n\u00famero de v\u00edtimas de homic\u00eddios dolosos (quando h\u00e1 inten\u00e7\u00e3o de matar), latroc\u00ednios (o roubo seguido de morte), feminic\u00eddios, les\u00f5es corporais seguidas de morte e mortes decorrentes de interven\u00e7\u00f5es policiais.<\/p>\n<p>Apesar de Pernambuco figurar entre os piores estados, o Anu\u00e1rio apresenta um cen\u00e1rio de melhora em compara\u00e7\u00e3o com a edi\u00e7\u00e3o anterior. Em 2025, o estado teve uma redu\u00e7\u00e3o de 9,3% nas taxas de MVI em compara\u00e7\u00e3o com o ano anterior, quando contabilizou 36,4 mortes por 100 mil habitantes. A varia\u00e7\u00e3o coloca Pernambuco na d\u00e9cima posi\u00e7\u00e3o entre os estados que mais reduziram.<\/p>\n<p>A taxa de 33 MVIs tamb\u00e9m \u00e9 a menor da s\u00e9rie hist\u00f3rica, iniciada em 2012.<\/p>\n<p><strong>Brasil<\/strong><\/p>\n<p>O Anu\u00e1rio Brasileiro de Seguran\u00e7a P\u00fablica destaca que o pa\u00eds, pela primeira vez, alcan\u00e7ou a meta nacional de redu\u00e7\u00e3o dos homic\u00eddios prevista na Pol\u00edtica Nacional de Seguran\u00e7a P\u00fablica e Defesa Social para 2027, antecipando seu cumprimento em dois anos.<\/p>\n<p>Foram 32.914 casos de homic\u00eddios dolosos, com uma taxa nacional de 15,4 e uma redu\u00e7\u00e3o de 10% em rela\u00e7\u00e3o aos dados de 2024.<\/p>\n<p>A Pol\u00edtica Nacional, revisada em 2021 e que \u00e9 a norma orientadora para implementa\u00e7\u00e3o do Sistema \u00danico de Seguran\u00e7a P\u00fablica vigente, havia definido uma meta de 16 homic\u00eddios por 100 mil habitantes at\u00e9 2027.<\/p>\n<p>Dentro da categoria de homic\u00eddios dolosos est\u00e3o inclusos os feminic\u00eddios, que at\u00e9 outubro de 2024 eram uma qualificadora. Com a lei 14.994, de 9 de outubro de 2024, virou um tipo penal aut\u00f4nomo.<\/p>\n<p>Considerando todos os MVIs, o Brasil contabilizou 40.775 ocorr\u00eancias. A quantidade de casos equivale a uma taxa de 19,1 mortes por 100 mil habitantes, uma queda de 8,2% em rela\u00e7\u00e3o ao ano de 2024 e de 31% comparando a 2012, primeiro ano da s\u00e9rie hist\u00f3rica. &#8220;Essa expressiva redu\u00e7\u00e3o \u00e9 puxada, sobretudo, pela diminui\u00e7\u00e3o dos homic\u00eddios dolosos&#8221;, assinala o FBSP.<\/p>\n<p>Com exce\u00e7\u00e3o das mortes por interven\u00e7\u00e3o policial e feminic\u00eddios, todas as demais categorias das MVIs ca\u00edram, refor\u00e7ando uma tend\u00eancia iniciada em 2018.<!--more--><\/p>\n<p>&#8220;Apesar da queda consistente de quase todas as Mortes Violentas Intencionais, permanecem em crescimento duas modalidades particularmente preocupantes: os feminic\u00eddios e as mortes decorrentes de interven\u00e7\u00e3o policial, revelando que a redu\u00e7\u00e3o geral da viol\u00eancia letal n\u00e3o beneficia igualmente todos os grupos sociais&#8221;, diz trecho do relat\u00f3rio.<\/p>\n<p>O documento cita a Opera\u00e7\u00e3o Conten\u00e7\u00e3o, no Rio de Janeiro, que resultou em mais de 120 mortes em dois dias do m\u00eas de outubro, o maior registro de letalidade policial da s\u00e9rie hist\u00f3rica.<\/p>\n<p>&#8220;A boa not\u00edcia sobre a antecipa\u00e7\u00e3o da meta de redu\u00e7\u00e3o de homic\u00eddios no Brasil precisa ser, infelizmente, relativizada&#8221;, avalia o f\u00f3rum. &#8220;O pa\u00eds precisa encontrar mecanismos de controle do uso da for\u00e7a mais efetivos, j\u00e1 que tais dados mostram que o Estado, em suas m\u00faltiplas esferas e poderes, tem sido parte do problema e n\u00e3o apenas das solu\u00e7\u00f5es para a seguran\u00e7a p\u00fablica brasileira&#8221;.<\/p>\n<p>Ao todo, sete unidades da federa\u00e7\u00e3o tiveram um aumento nos casos de MVI, comparado com os dados do ano anterior. Comp\u00f5em a lista Rio Grande do Norte (19,6%), Rond\u00f4nia (7,5%), Acre (6,3%), Roraima (5,8%), Distrito Federal (5,8%), Mato Grosso do Sul (4,9%) e Rio de Janeiro (2,1%).<\/p>\n<p><strong>Munic\u00edpios<\/strong><\/p>\n<p>O munic\u00edpio do Cabo de Santo Agostinho, no Grande Recife, \u00e9 o oitavo mais violento do pa\u00eds, com uma taxa de 65,1 mortes violentas intencionais (MVI) por 100 mil habitantes. Apesar de mais uma vez figurar no ranking das dez cidades mais violentas do pa\u00eds, o Cabo apresenta uma melhora em seu quadro. No ano anterior, aparecia como a 5\u00aa cidade mais violenta, com 73,3 MVIs a cada 100 mil habitantes.<\/p>\n<p>Todas as cidades que comp\u00f5em a lista das 10 maiores taxas de MVI est\u00e3o no Nordeste. O levantamento considerou apenas cidades com popula\u00e7\u00e3o igual ou superior a 100 mil habitantes.<\/p>\n<p>O Nordeste \u00e9 a regi\u00e3o brasileira com a maior taxa desde 2020. A Bahia tem cinco munic\u00edpios no ranking, enquanto Cear\u00e1 tem tr\u00eas, e Pernambuco e Para\u00edba, um cada.<\/p>\n<p><strong>Viol\u00eancia dom\u00e9stica e sexual<\/strong><\/p>\n<p>Pernambuco tamb\u00e9m teve aumento nos casos de feminic\u00eddio. Foram 88 registros em 2025, contra 78 em 2024, o que representa uma varia\u00e7\u00e3o de 12,5%.<\/p>\n<p>J\u00e1 com rela\u00e7\u00e3o a tentativa de feminic\u00eddio, houve redu\u00e7\u00e3o. Os casos ca\u00edram de 156 em 2024 para 151 no ano seguinte.<\/p>\n<p><strong>Tr\u00e1fico de drogas<\/strong><\/p>\n<p>O estado registrou um aumento de ocorr\u00eancias de tr\u00e1fico de drogas. Em 2025, houve 9.773 casos contabilizados. J\u00e1 em 2024, foram 9.090. Os n\u00fameros representam um aumento de 7,3%.<\/p>\n<p>J\u00e1 com rela\u00e7\u00e3o a posse e uso de drogas, a queda foi de 26,4%. O Anu\u00e1rio contabiliza 15.823 notifica\u00e7\u00f5es em 2024 contra 11.678 em 2025. Para o F\u00f3rum, 2024 marca um ponto de inflex\u00e3o no campo das pol\u00edticas de drogas.<\/p>\n<p>&#8220;As ocorr\u00eancias de posse e uso entram em queda ap\u00f3s a decis\u00e3o do STF sobre o porte de maconha, enquanto os registros de tr\u00e1fico atingem o maior patamar da s\u00e9rie hist\u00f3rica, movimento que a an\u00e1lise associa tanto a mudan\u00e7as no comportamento das pol\u00edcias quanto \u00e0 press\u00e3o do mercado transnacional da coca\u00edna sobre o pa\u00eds&#8221;, resume.<\/p>\n","protected":false},"excerpt":{"rendered":"<p>Pernambuco ocupa a quinta posi\u00e7\u00e3o entre os estados com maior taxa de mortes violentas intencionais (MVI) em 2025. Os dados fazem parte do Anu\u00e1rio Brasileiro de Seguran\u00e7a P\u00fablica de 2026, divulgado nesta quinta-feira (23) pelo F\u00f3rum Brasileiro de Seguran\u00e7a P\u00fablica (FBSP). Em 2025, Pernambuco registrou 33 MVIs a cada 100 mil habitantes, contra 36,4 em &#8230; <a title=\"Pernambuco reduz assassinatos, mas \u00e9 o 5\u00ba estado mais violento do Brasil\" class=\"read-more\" href=\"https:\/\/penoticias.com.br\/blog\/pernambuco-reduz-assassinatos-mas-e-o-5o-estado-mais-violento-do-brasil\/\" aria-label=\"Read more about Pernambuco reduz assassinatos, mas \u00e9 o 5\u00ba estado mais violento do Brasil\">Ler mais<\/a><\/p>\n<div class='heateorSssClear'><\/div><div  class='heateor_sss_sharing_container heateor_sss_horizontal_sharing' data-heateor-sss-href='https:\/\/penoticias.com.br\/blog\/pernambuco-reduz-assassinatos-mas-e-o-5o-estado-mais-violento-do-brasil\/'><div class='heateor_sss_sharing_title' style=\"font-weight:bold\" ><\/div><div class=\"heateor_sss_sharing_ul\"><a aria-label=\"Facebook\" class=\"heateor_sss_facebook\" href=\"https:\/\/www.facebook.com\/sharer\/sharer.php?u=https%3A%2F%2Fpenoticias.com.br%2Fblog%2Fpernambuco-reduz-assassinatos-mas-e-o-5o-estado-mais-violento-do-brasil%2F\" title=\"Facebook\" rel=\"nofollow noopener\" target=\"_blank\" style=\"font-size:32px!important;box-shadow:none;display:inline-block;vertical-align:middle\"><span class=\"heateor_sss_svg\" style=\"background-color:#0765FE;width:35px;height:35px;border-radius:999px;display:inline-block;opacity:1;float:left;font-size:32px;box-shadow:none;display:inline-block;font-size:16px;padding:0 4px;vertical-align:middle;background-repeat:repeat;overflow:hidden;padding:0;cursor:pointer;box-sizing:content-box\"><svg style=\"display:block;border-radius:999px;\" focusable=\"false\" aria-hidden=\"true\" xmlns=\"http:\/\/www.w3.org\/2000\/svg\" width=\"100%\" height=\"100%\" viewBox=\"0 0 32 32\"><path fill=\"#fff\" d=\"M28 16c0-6.627-5.373-12-12-12S4 9.373 4 16c0 5.628 3.875 10.35 9.101 11.647v-7.98h-2.474V16H13.1v-1.58c0-4.085 1.849-5.978 5.859-5.978.76 0 2.072.15 2.608.298v3.325c-.283-.03-.775-.045-1.386-.045-1.967 0-2.728.745-2.728 2.683V16h3.92l-.673 3.667h-3.247v8.245C23.395 27.195 28 22.135 28 16Z\"><\/path><\/svg><\/span><\/a><a aria-label=\"Twitter\" class=\"heateor_sss_button_twitter\" href=\"https:\/\/twitter.com\/intent\/tweet?text=Pernambuco%20reduz%20assassinatos%2C%20mas%20%C3%A9%20o%205%C2%BA%20estado%20mais%20violento%20do%20Brasil&url=https%3A%2F%2Fpenoticias.com.br%2Fblog%2Fpernambuco-reduz-assassinatos-mas-e-o-5o-estado-mais-violento-do-brasil%2F\" title=\"Twitter\" rel=\"nofollow noopener\" target=\"_blank\" style=\"font-size:32px!important;box-shadow:none;display:inline-block;vertical-align:middle\"><span class=\"heateor_sss_svg heateor_sss_s__default heateor_sss_s_twitter\" style=\"background-color:#55acee;width:35px;height:35px;border-radius:999px;display:inline-block;opacity:1;float:left;font-size:32px;box-shadow:none;display:inline-block;font-size:16px;padding:0 4px;vertical-align:middle;background-repeat:repeat;overflow:hidden;padding:0;cursor:pointer;box-sizing:content-box\"><svg style=\"display:block;border-radius:999px;\" focusable=\"false\" aria-hidden=\"true\" xmlns=\"http:\/\/www.w3.org\/2000\/svg\" width=\"100%\" height=\"100%\" viewBox=\"-4 -4 39 39\"><path d=\"M28 8.557a9.913 9.913 0 0 1-2.828.775 4.93 4.93 0 0 0 2.166-2.725 9.738 9.738 0 0 1-3.13 1.194 4.92 4.92 0 0 0-3.593-1.55 4.924 4.924 0 0 0-4.794 6.049c-4.09-.21-7.72-2.17-10.15-5.15a4.942 4.942 0 0 0-.665 2.477c0 1.71.87 3.214 2.19 4.1a4.968 4.968 0 0 1-2.23-.616v.06c0 2.39 1.7 4.38 3.952 4.83-.414.115-.85.174-1.297.174-.318 0-.626-.03-.928-.086a4.935 4.935 0 0 0 4.6 3.42 9.893 9.893 0 0 1-6.114 2.107c-.398 0-.79-.023-1.175-.068a13.953 13.953 0 0 0 7.55 2.213c9.056 0 14.01-7.507 14.01-14.013 0-.213-.005-.426-.015-.637.96-.695 1.795-1.56 2.455-2.55z\" fill=\"#fff\"><\/path><\/svg><\/span><\/a><a aria-label=\"Whatsapp\" class=\"heateor_sss_whatsapp\" href=\"https:\/\/api.whatsapp.com\/send?text=Pernambuco%20reduz%20assassinatos%2C%20mas%20%C3%A9%20o%205%C2%BA%20estado%20mais%20violento%20do%20Brasil%20https%3A%2F%2Fpenoticias.com.br%2Fblog%2Fpernambuco-reduz-assassinatos-mas-e-o-5o-estado-mais-violento-do-brasil%2F\" title=\"Whatsapp\" rel=\"nofollow noopener\" target=\"_blank\" style=\"font-size:32px!important;box-shadow:none;display:inline-block;vertical-align:middle\"><span class=\"heateor_sss_svg\" style=\"background-color:#55eb4c;width:35px;height:35px;border-radius:999px;display:inline-block;opacity:1;float:left;font-size:32px;box-shadow:none;display:inline-block;font-size:16px;padding:0 4px;vertical-align:middle;background-repeat:repeat;overflow:hidden;padding:0;cursor:pointer;box-sizing:content-box\"><svg style=\"display:block;border-radius:999px;\" focusable=\"false\" aria-hidden=\"true\" xmlns=\"http:\/\/www.w3.org\/2000\/svg\" width=\"100%\" height=\"100%\" viewBox=\"-6 -5 40 40\"><path class=\"heateor_sss_svg_stroke heateor_sss_no_fill\" stroke=\"#fff\" stroke-width=\"2\" fill=\"none\" d=\"M 11.579798566743314 24.396926207859085 A 10 10 0 1 0 6.808479557110079 20.73576436351046\"><\/path><path d=\"M 7 19 l -1 6 l 6 -1\" class=\"heateor_sss_no_fill heateor_sss_svg_stroke\" stroke=\"#fff\" stroke-width=\"2\" fill=\"none\"><\/path><path d=\"M 10 10 q -1 8 8 11 c 5 -1 0 -6 -1 -3 q -4 -3 -5 -5 c 4 -2 -1 -5 -1 -4\" fill=\"#fff\"><\/path><\/svg><\/span><\/a><a aria-label=\"Gmail\" class=\"heateor_sss_button_google_gmail\" href=\"https:\/\/mail.google.com\/mail\/?ui=2&view=cm&fs=1&tf=1&su=Pernambuco%20reduz%20assassinatos%2C%20mas%20%C3%A9%20o%205%C2%BA%20estado%20mais%20violento%20do%20Brasil&body=Link:https%3A%2F%2Fpenoticias.com.br%2Fblog%2Fpernambuco-reduz-assassinatos-mas-e-o-5o-estado-mais-violento-do-brasil%2F\" title=\"Google Gmail\" rel=\"nofollow noopener\" target=\"_blank\" style=\"font-size:32px!important;box-shadow:none;display:inline-block;vertical-align:middle\"><span class=\"heateor_sss_svg heateor_sss_s__default heateor_sss_s_Google_Gmail\" style=\"background-color:#e5e5e5;width:35px;height:35px;border-radius:999px;display:inline-block;opacity:1;float:left;font-size:32px;box-shadow:none;display:inline-block;font-size:16px;padding:0 4px;vertical-align:middle;background-repeat:repeat;overflow:hidden;padding:0;cursor:pointer;box-sizing:content-box\"><svg style=\"display:block;border-radius:999px;\" focusable=\"false\" aria-hidden=\"true\" xmlns=\"http:\/\/www.w3.org\/2000\/svg\" width=\"100%\" height=\"100%\" viewBox=\"0 0 32 32\"><path fill=\"#fff\" d=\"M2.902 6.223h26.195v19.554H2.902z\"><\/path><path fill=\"#E14C41\" class=\"heateor_sss_no_fill\" d=\"M2.902 25.777h26.195V6.223H2.902v19.554zm22.44-4.007v3.806H6.955v-3.6h.032l.093-.034 6.9-5.558 2.09 1.77 1.854-1.63 7.42 5.246zm0-.672l-7.027-4.917 7.028-6.09V21.1zm-1.17-14.67l-.947.905c-2.356 2.284-4.693 4.75-7.17 6.876l-.078.06L8.062 6.39l16.11.033zm-10.597 9.61l-6.62 5.294.016-10.914 6.607 5.62\"><\/path><\/svg><\/span><\/a><a aria-label=\"Instagram\" class=\"heateor_sss_button_instagram\" href=\"https:\/\/www.instagram.com\/\" title=\"Instagram\" rel=\"nofollow noopener\" target=\"_blank\" style=\"font-size:32px!important;box-shadow:none;display:inline-block;vertical-align:middle\"><span class=\"heateor_sss_svg\" style=\"background-color:#53beee;width:35px;height:35px;border-radius:999px;display:inline-block;opacity:1;float:left;font-size:32px;box-shadow:none;display:inline-block;font-size:16px;padding:0 4px;vertical-align:middle;background-repeat:repeat;overflow:hidden;padding:0;cursor:pointer;box-sizing:content-box\"><svg style=\"display:block;border-radius:999px;\" version=\"1.1\" viewBox=\"-10 -10 148 148\" width=\"100%\" height=\"100%\" xml:space=\"preserve\" xmlns=\"http:\/\/www.w3.org\/2000\/svg\" xmlns:xlink=\"http:\/\/www.w3.org\/1999\/xlink\"><g><g><path d=\"M86,112H42c-14.336,0-26-11.663-26-26V42c0-14.337,11.664-26,26-26h44c14.337,0,26,11.663,26,26v44 C112,100.337,100.337,112,86,112z M42,24c-9.925,0-18,8.074-18,18v44c0,9.925,8.075,18,18,18h44c9.926,0,18-8.075,18-18V42 c0-9.926-8.074-18-18-18H42z\" fill=\"#fff\"><\/path><\/g><g><path d=\"M64,88c-13.234,0-24-10.767-24-24c0-13.234,10.766-24,24-24s24,10.766,24,24C88,77.233,77.234,88,64,88z M64,48c-8.822,0-16,7.178-16,16s7.178,16,16,16c8.822,0,16-7.178,16-16S72.822,48,64,48z\" fill=\"#fff\"><\/path><\/g><g><circle cx=\"89.5\" cy=\"38.5\" fill=\"#fff\" r=\"5.5\"><\/circle><\/g><\/g><\/svg><\/span><\/a><a aria-label=\"Print\" class=\"heateor_sss_button_print\" href=\"https:\/\/penoticias.com.br\/blog\/pernambuco-reduz-assassinatos-mas-e-o-5o-estado-mais-violento-do-brasil\/\" onclick=\"event.preventDefault();window.print()\" title=\"Print\" rel=\"noopener\" style=\"font-size:32px!important;box-shadow:none;display:inline-block;vertical-align:middle\"><span class=\"heateor_sss_svg heateor_sss_s__default heateor_sss_s_print\" style=\"background-color:#fd6500;width:35px;height:35px;border-radius:999px;display:inline-block;opacity:1;float:left;font-size:32px;box-shadow:none;display:inline-block;font-size:16px;padding:0 4px;vertical-align:middle;background-repeat:repeat;overflow:hidden;padding:0;cursor:pointer;box-sizing:content-box\"><svg style=\"display:block;border-radius:999px;\" focusable=\"false\" aria-hidden=\"true\" xmlns=\"http:\/\/www.w3.org\/2000\/svg\" width=\"100%\" height=\"100%\" viewBox=\"-2.8 -4.5 35 35\"><path stroke=\"#fff\" class=\"heateor_sss_svg_stroke\" d=\"M 7 10 h 2 v 3 h 12 v -3 h 2 v 7 h -2 v -3 h -12 v 3 h -2 z\" stroke-width=\"1\" fill=\"#fff\"><\/path><rect class=\"heateor_sss_no_fill heateor_sss_svg_stroke\" stroke=\"#fff\" stroke-width=\"1.8\" height=\"7\" width=\"10\" x=\"10\" y=\"5\" fill=\"none\"><\/rect><rect class=\"heateor_sss_svg_stroke\" stroke=\"#fff\" stroke-width=\"1\" height=\"5\" width=\"8\" x=\"11\" y=\"16\" fill=\"#fff\"><\/rect><\/svg><\/span><\/a><a class=\"heateor_sss_more\" aria-label=\"More\" title=\"More\" rel=\"nofollow noopener\" style=\"font-size: 32px!important;border:0;box-shadow:none;display:inline-block!important;font-size:16px;padding:0 4px;vertical-align: middle;display:inline;\" href=\"https:\/\/penoticias.com.br\/blog\/pernambuco-reduz-assassinatos-mas-e-o-5o-estado-mais-violento-do-brasil\/\" onclick=\"event.preventDefault()\"><span class=\"heateor_sss_svg\" style=\"background-color:#ee8e2d;width:35px;height:35px;border-radius:999px;display:inline-block!important;opacity:1;float:left;font-size:32px!important;box-shadow:none;display:inline-block;font-size:16px;padding:0 4px;vertical-align:middle;display:inline;background-repeat:repeat;overflow:hidden;padding:0;cursor:pointer;box-sizing:content-box;\" onclick=\"heateorSssMoreSharingPopup(this, 'https:\/\/penoticias.com.br\/blog\/pernambuco-reduz-assassinatos-mas-e-o-5o-estado-mais-violento-do-brasil\/', 'Pernambuco%20reduz%20assassinatos%2C%20mas%20%C3%A9%20o%205%C2%BA%20estado%20mais%20violento%20do%20Brasil', '' )\"><svg xmlns=\"http:\/\/www.w3.org\/2000\/svg\" xmlns:xlink=\"http:\/\/www.w3.org\/1999\/xlink\" viewBox=\"-.3 0 32 32\" version=\"1.1\" width=\"100%\" height=\"100%\" style=\"display:block;border-radius:999px;\" xml:space=\"preserve\"><g><path fill=\"#fff\" d=\"M18 14V8h-4v6H8v4h6v6h4v-6h6v-4h-6z\" fill-rule=\"evenodd\"><\/path><\/g><\/svg><\/span><\/a><\/div><div class=\"heateorSssClear\"><\/div><\/div><div class='heateorSssClear'><\/div>","protected":false},"author":2,"featured_media":0,"comment_status":"closed","ping_status":"closed","sticky":false,"template":"","format":"standard","meta":{"footnotes":""},"categories":[27],"tags":[],"class_list":["post-223968","post","type-post","status-publish","format-standard","hentry","category-violencia"],"yoast_head":"<!-- This site is optimized with the Yoast SEO plugin v28.4 - https:\/\/yoast.com\/product\/yoast-seo-wordpress\/ -->\n<title>Pernambuco reduz assassinatos, mas \u00e9 o 5\u00ba estado mais violento do Brasil - PE Not\u00edcias<\/title>\n<meta name=\"robots\" content=\"index, follow, max-snippet:-1, max-image-preview:large, max-video-preview:-1\" \/>\n<link rel=\"canonical\" href=\"https:\/\/penoticias.com.br\/blog\/pernambuco-reduz-assassinatos-mas-e-o-5o-estado-mais-violento-do-brasil\/\" \/>\n<meta property=\"og:locale\" content=\"pt_BR\" \/>\n<meta property=\"og:type\" content=\"article\" \/>\n<meta property=\"og:title\" content=\"Pernambuco reduz assassinatos, mas \u00e9 o 5\u00ba estado mais violento do Brasil - PE Not\u00edcias\" \/>\n<meta property=\"og:description\" content=\"Pernambuco ocupa a quinta posi\u00e7\u00e3o entre os estados com maior taxa de mortes violentas intencionais (MVI) em 2025. Os dados fazem parte do Anu\u00e1rio Brasileiro de Seguran\u00e7a P\u00fablica de 2026, divulgado nesta quinta-feira (23) pelo F\u00f3rum Brasileiro de Seguran\u00e7a P\u00fablica (FBSP). Em 2025, Pernambuco registrou 33 MVIs a cada 100 mil habitantes, contra 36,4 em ... Ler mais\" \/>\n<meta property=\"og:url\" content=\"https:\/\/penoticias.com.br\/blog\/pernambuco-reduz-assassinatos-mas-e-o-5o-estado-mais-violento-do-brasil\/\" \/>\n<meta property=\"og:site_name\" content=\"PE Not\u00edcias\" \/>\n<meta property=\"article:publisher\" content=\"pedrovicentearaujo@hotmail.com\" \/>\n<meta property=\"article:author\" content=\"pedrovicentearaujo@hotmail.com\" \/>\n<meta property=\"article:published_time\" content=\"2026-07-24T03:08:53+00:00\" \/>\n<meta property=\"og:image\" content=\"https:\/\/penoticias.com.br\/blog\/wp-content\/uploads\/2026\/07\/Policia.jpg\" \/>\n\t<meta property=\"og:image:width\" content=\"1200\" \/>\n\t<meta property=\"og:image:height\" content=\"799\" \/>\n\t<meta property=\"og:image:type\" content=\"image\/jpeg\" \/>\n<meta name=\"author\" content=\"Pedro Ara\u00fajo\" \/>\n<meta name=\"twitter:card\" content=\"summary_large_image\" \/>\n<meta name=\"twitter:creator\" content=\"@pedromuela\" \/>\n<meta name=\"twitter:site\" content=\"@pedromuela\" \/>\n<meta name=\"twitter:label1\" content=\"Escrito por\" \/>\n\t<meta name=\"twitter:data1\" content=\"Pedro Ara\u00fajo\" \/>\n\t<meta name=\"twitter:label2\" content=\"Est. tempo de leitura\" \/>\n\t<meta name=\"twitter:data2\" content=\"6 minutos\" \/>\n<script type=\"application\/ld+json\" class=\"yoast-schema-graph\">{\"@context\":\"https:\\\/\\\/schema.org\",\"@graph\":[{\"@type\":\"Article\",\"@id\":\"https:\\\/\\\/penoticias.com.br\\\/blog\\\/pernambuco-reduz-assassinatos-mas-e-o-5o-estado-mais-violento-do-brasil\\\/#article\",\"isPartOf\":{\"@id\":\"https:\\\/\\\/penoticias.com.br\\\/blog\\\/pernambuco-reduz-assassinatos-mas-e-o-5o-estado-mais-violento-do-brasil\\\/\"},\"author\":{\"name\":\"Pedro Ara\u00fajo\",\"@id\":\"https:\\\/\\\/penoticias.com.br\\\/blog\\\/#\\\/schema\\\/person\\\/13ea60669d2351f129ef3657907f1432\"},\"headline\":\"Pernambuco reduz assassinatos, mas \u00e9 o 5\u00ba estado mais violento do Brasil\",\"datePublished\":\"2026-07-24T03:08:53+00:00\",\"mainEntityOfPage\":{\"@id\":\"https:\\\/\\\/penoticias.com.br\\\/blog\\\/pernambuco-reduz-assassinatos-mas-e-o-5o-estado-mais-violento-do-brasil\\\/\"},\"wordCount\":961,\"publisher\":{\"@id\":\"https:\\\/\\\/penoticias.com.br\\\/blog\\\/#\\\/schema\\\/person\\\/13ea60669d2351f129ef3657907f1432\"},\"image\":{\"@id\":\"https:\\\/\\\/penoticias.com.br\\\/blog\\\/pernambuco-reduz-assassinatos-mas-e-o-5o-estado-mais-violento-do-brasil\\\/#primaryimage\"},\"thumbnailUrl\":\"https:\\\/\\\/penoticias.com.br\\\/blog\\\/wp-content\\\/uploads\\\/2026\\\/07\\\/Policia-1024x682.jpg\",\"articleSection\":[\"Viol\u00eancia\"],\"inLanguage\":\"pt-BR\"},{\"@type\":\"WebPage\",\"@id\":\"https:\\\/\\\/penoticias.com.br\\\/blog\\\/pernambuco-reduz-assassinatos-mas-e-o-5o-estado-mais-violento-do-brasil\\\/\",\"url\":\"https:\\\/\\\/penoticias.com.br\\\/blog\\\/pernambuco-reduz-assassinatos-mas-e-o-5o-estado-mais-violento-do-brasil\\\/\",\"name\":\"Pernambuco reduz assassinatos, mas \u00e9 o 5\u00ba estado mais violento do Brasil - PE Not\u00edcias\",\"isPartOf\":{\"@id\":\"https:\\\/\\\/penoticias.com.br\\\/blog\\\/#website\"},\"primaryImageOfPage\":{\"@id\":\"https:\\\/\\\/penoticias.com.br\\\/blog\\\/pernambuco-reduz-assassinatos-mas-e-o-5o-estado-mais-violento-do-brasil\\\/#primaryimage\"},\"image\":{\"@id\":\"https:\\\/\\\/penoticias.com.br\\\/blog\\\/pernambuco-reduz-assassinatos-mas-e-o-5o-estado-mais-violento-do-brasil\\\/#primaryimage\"},\"thumbnailUrl\":\"https:\\\/\\\/penoticias.com.br\\\/blog\\\/wp-content\\\/uploads\\\/2026\\\/07\\\/Policia-1024x682.jpg\",\"datePublished\":\"2026-07-24T03:08:53+00:00\",\"breadcrumb\":{\"@id\":\"https:\\\/\\\/penoticias.com.br\\\/blog\\\/pernambuco-reduz-assassinatos-mas-e-o-5o-estado-mais-violento-do-brasil\\\/#breadcrumb\"},\"inLanguage\":\"pt-BR\",\"potentialAction\":[{\"@type\":\"ReadAction\",\"target\":[\"https:\\\/\\\/penoticias.com.br\\\/blog\\\/pernambuco-reduz-assassinatos-mas-e-o-5o-estado-mais-violento-do-brasil\\\/\"]}]},{\"@type\":\"ImageObject\",\"inLanguage\":\"pt-BR\",\"@id\":\"https:\\\/\\\/penoticias.com.br\\\/blog\\\/pernambuco-reduz-assassinatos-mas-e-o-5o-estado-mais-violento-do-brasil\\\/#primaryimage\",\"url\":\"https:\\\/\\\/penoticias.com.br\\\/blog\\\/wp-content\\\/uploads\\\/2026\\\/07\\\/Policia.jpg\",\"contentUrl\":\"https:\\\/\\\/penoticias.com.br\\\/blog\\\/wp-content\\\/uploads\\\/2026\\\/07\\\/Policia.jpg\",\"width\":1200,\"height\":799},{\"@type\":\"BreadcrumbList\",\"@id\":\"https:\\\/\\\/penoticias.com.br\\\/blog\\\/pernambuco-reduz-assassinatos-mas-e-o-5o-estado-mais-violento-do-brasil\\\/#breadcrumb\",\"itemListElement\":[{\"@type\":\"ListItem\",\"position\":1,\"name\":\"In\u00edcio\",\"item\":\"https:\\\/\\\/penoticias.com.br\\\/blog\\\/\"},{\"@type\":\"ListItem\",\"position\":2,\"name\":\"Pernambuco reduz assassinatos, mas \u00e9 o 5\u00ba estado mais violento do Brasil\"}]},{\"@type\":\"WebSite\",\"@id\":\"https:\\\/\\\/penoticias.com.br\\\/blog\\\/#website\",\"url\":\"https:\\\/\\\/penoticias.com.br\\\/blog\\\/\",\"name\":\"PE Not\u00edcias\",\"description\":\"Voc\u00ea no Mundo da Informa\u00e7\u00e3o.\",\"publisher\":{\"@id\":\"https:\\\/\\\/penoticias.com.br\\\/blog\\\/#\\\/schema\\\/person\\\/13ea60669d2351f129ef3657907f1432\"},\"potentialAction\":[{\"@type\":\"SearchAction\",\"target\":{\"@type\":\"EntryPoint\",\"urlTemplate\":\"https:\\\/\\\/penoticias.com.br\\\/blog\\\/?s={search_term_string}\"},\"query-input\":{\"@type\":\"PropertyValueSpecification\",\"valueRequired\":true,\"valueName\":\"search_term_string\"}}],\"inLanguage\":\"pt-BR\"},{\"@type\":[\"Person\",\"Organization\"],\"@id\":\"https:\\\/\\\/penoticias.com.br\\\/blog\\\/#\\\/schema\\\/person\\\/13ea60669d2351f129ef3657907f1432\",\"name\":\"Pedro Ara\u00fajo\",\"image\":{\"@type\":\"ImageObject\",\"inLanguage\":\"pt-BR\",\"@id\":\"https:\\\/\\\/secure.gravatar.com\\\/avatar\\\/d654258027afd7c928561b83494a45e3aff23d7ac7ce926d2bceac1ffe030175?s=96&d=mm&r=g\",\"url\":\"https:\\\/\\\/secure.gravatar.com\\\/avatar\\\/d654258027afd7c928561b83494a45e3aff23d7ac7ce926d2bceac1ffe030175?s=96&d=mm&r=g\",\"contentUrl\":\"https:\\\/\\\/secure.gravatar.com\\\/avatar\\\/d654258027afd7c928561b83494a45e3aff23d7ac7ce926d2bceac1ffe030175?s=96&d=mm&r=g\",\"caption\":\"Pedro Ara\u00fajo\"},\"logo\":{\"@id\":\"https:\\\/\\\/secure.gravatar.com\\\/avatar\\\/d654258027afd7c928561b83494a45e3aff23d7ac7ce926d2bceac1ffe030175?s=96&d=mm&r=g\"},\"description\":\"As informa\u00e7\u00f5es que traduzem as verdades dos fatos, sem ferir ou denegrir pessoas ou imagens. Como tamb\u00e9m, nunca procurando agradar aos maus feitores.\",\"sameAs\":[\"http:\\\/\\\/www.penoticias.com.br\",\"pedrovicentearaujo@hotmail.com\",\"@pedroafogados\",\"https:\\\/\\\/x.com\\\/pedromuela\",\"www.penoticias.com.br\"],\"url\":\"https:\\\/\\\/penoticias.com.br\\\/blog\\\/author\\\/pedro\\\/\"}]}<\/script>\n<!-- \/ Yoast SEO plugin. -->","yoast_head_json":{"title":"Pernambuco reduz assassinatos, mas \u00e9 o 5\u00ba estado mais violento do Brasil - PE Not\u00edcias","robots":{"index":"index","follow":"follow","max-snippet":"max-snippet:-1","max-image-preview":"max-image-preview:large","max-video-preview":"max-video-preview:-1"},"canonical":"https:\/\/penoticias.com.br\/blog\/pernambuco-reduz-assassinatos-mas-e-o-5o-estado-mais-violento-do-brasil\/","og_locale":"pt_BR","og_type":"article","og_title":"Pernambuco reduz assassinatos, mas \u00e9 o 5\u00ba estado mais violento do Brasil - PE Not\u00edcias","og_description":"Pernambuco ocupa a quinta posi\u00e7\u00e3o entre os estados com maior taxa de mortes violentas intencionais (MVI) em 2025. Os dados fazem parte do Anu\u00e1rio Brasileiro de Seguran\u00e7a P\u00fablica de 2026, divulgado nesta quinta-feira (23) pelo F\u00f3rum Brasileiro de Seguran\u00e7a P\u00fablica (FBSP). Em 2025, Pernambuco registrou 33 MVIs a cada 100 mil habitantes, contra 36,4 em ... Ler mais","og_url":"https:\/\/penoticias.com.br\/blog\/pernambuco-reduz-assassinatos-mas-e-o-5o-estado-mais-violento-do-brasil\/","og_site_name":"PE Not\u00edcias","article_publisher":"pedrovicentearaujo@hotmail.com","article_author":"pedrovicentearaujo@hotmail.com","article_published_time":"2026-07-24T03:08:53+00:00","og_image":[{"width":1200,"height":799,"url":"https:\/\/penoticias.com.br\/blog\/wp-content\/uploads\/2026\/07\/Policia.jpg","type":"image\/jpeg"}],"author":"Pedro Ara\u00fajo","twitter_card":"summary_large_image","twitter_creator":"@pedromuela","twitter_site":"@pedromuela","twitter_misc":{"Escrito por":"Pedro Ara\u00fajo","Est. tempo de leitura":"6 minutos"},"schema":{"@context":"https:\/\/schema.org","@graph":[{"@type":"Article","@id":"https:\/\/penoticias.com.br\/blog\/pernambuco-reduz-assassinatos-mas-e-o-5o-estado-mais-violento-do-brasil\/#article","isPartOf":{"@id":"https:\/\/penoticias.com.br\/blog\/pernambuco-reduz-assassinatos-mas-e-o-5o-estado-mais-violento-do-brasil\/"},"author":{"name":"Pedro Ara\u00fajo","@id":"https:\/\/penoticias.com.br\/blog\/#\/schema\/person\/13ea60669d2351f129ef3657907f1432"},"headline":"Pernambuco reduz assassinatos, mas \u00e9 o 5\u00ba estado mais violento do Brasil","datePublished":"2026-07-24T03:08:53+00:00","mainEntityOfPage":{"@id":"https:\/\/penoticias.com.br\/blog\/pernambuco-reduz-assassinatos-mas-e-o-5o-estado-mais-violento-do-brasil\/"},"wordCount":961,"publisher":{"@id":"https:\/\/penoticias.com.br\/blog\/#\/schema\/person\/13ea60669d2351f129ef3657907f1432"},"image":{"@id":"https:\/\/penoticias.com.br\/blog\/pernambuco-reduz-assassinatos-mas-e-o-5o-estado-mais-violento-do-brasil\/#primaryimage"},"thumbnailUrl":"https:\/\/penoticias.com.br\/blog\/wp-content\/uploads\/2026\/07\/Policia-1024x682.jpg","articleSection":["Viol\u00eancia"],"inLanguage":"pt-BR"},{"@type":"WebPage","@id":"https:\/\/penoticias.com.br\/blog\/pernambuco-reduz-assassinatos-mas-e-o-5o-estado-mais-violento-do-brasil\/","url":"https:\/\/penoticias.com.br\/blog\/pernambuco-reduz-assassinatos-mas-e-o-5o-estado-mais-violento-do-brasil\/","name":"Pernambuco reduz assassinatos, mas \u00e9 o 5\u00ba estado mais violento do Brasil - PE Not\u00edcias","isPartOf":{"@id":"https:\/\/penoticias.com.br\/blog\/#website"},"primaryImageOfPage":{"@id":"https:\/\/penoticias.com.br\/blog\/pernambuco-reduz-assassinatos-mas-e-o-5o-estado-mais-violento-do-brasil\/#primaryimage"},"image":{"@id":"https:\/\/penoticias.com.br\/blog\/pernambuco-reduz-assassinatos-mas-e-o-5o-estado-mais-violento-do-brasil\/#primaryimage"},"thumbnailUrl":"https:\/\/penoticias.com.br\/blog\/wp-content\/uploads\/2026\/07\/Policia-1024x682.jpg","datePublished":"2026-07-24T03:08:53+00:00","breadcrumb":{"@id":"https:\/\/penoticias.com.br\/blog\/pernambuco-reduz-assassinatos-mas-e-o-5o-estado-mais-violento-do-brasil\/#breadcrumb"},"inLanguage":"pt-BR","potentialAction":[{"@type":"ReadAction","target":["https:\/\/penoticias.com.br\/blog\/pernambuco-reduz-assassinatos-mas-e-o-5o-estado-mais-violento-do-brasil\/"]}]},{"@type":"ImageObject","inLanguage":"pt-BR","@id":"https:\/\/penoticias.com.br\/blog\/pernambuco-reduz-assassinatos-mas-e-o-5o-estado-mais-violento-do-brasil\/#primaryimage","url":"https:\/\/penoticias.com.br\/blog\/wp-content\/uploads\/2026\/07\/Policia.jpg","contentUrl":"https:\/\/penoticias.com.br\/blog\/wp-content\/uploads\/2026\/07\/Policia.jpg","width":1200,"height":799},{"@type":"BreadcrumbList","@id":"https:\/\/penoticias.com.br\/blog\/pernambuco-reduz-assassinatos-mas-e-o-5o-estado-mais-violento-do-brasil\/#breadcrumb","itemListElement":[{"@type":"ListItem","position":1,"name":"In\u00edcio","item":"https:\/\/penoticias.com.br\/blog\/"},{"@type":"ListItem","position":2,"name":"Pernambuco reduz assassinatos, mas \u00e9 o 5\u00ba estado mais violento do Brasil"}]},{"@type":"WebSite","@id":"https:\/\/penoticias.com.br\/blog\/#website","url":"https:\/\/penoticias.com.br\/blog\/","name":"PE Not\u00edcias","description":"Voc\u00ea no Mundo da Informa\u00e7\u00e3o.","publisher":{"@id":"https:\/\/penoticias.com.br\/blog\/#\/schema\/person\/13ea60669d2351f129ef3657907f1432"},"potentialAction":[{"@type":"SearchAction","target":{"@type":"EntryPoint","urlTemplate":"https:\/\/penoticias.com.br\/blog\/?s={search_term_string}"},"query-input":{"@type":"PropertyValueSpecification","valueRequired":true,"valueName":"search_term_string"}}],"inLanguage":"pt-BR"},{"@type":["Person","Organization"],"@id":"https:\/\/penoticias.com.br\/blog\/#\/schema\/person\/13ea60669d2351f129ef3657907f1432","name":"Pedro Ara\u00fajo","image":{"@type":"ImageObject","inLanguage":"pt-BR","@id":"https:\/\/secure.gravatar.com\/avatar\/d654258027afd7c928561b83494a45e3aff23d7ac7ce926d2bceac1ffe030175?s=96&d=mm&r=g","url":"https:\/\/secure.gravatar.com\/avatar\/d654258027afd7c928561b83494a45e3aff23d7ac7ce926d2bceac1ffe030175?s=96&d=mm&r=g","contentUrl":"https:\/\/secure.gravatar.com\/avatar\/d654258027afd7c928561b83494a45e3aff23d7ac7ce926d2bceac1ffe030175?s=96&d=mm&r=g","caption":"Pedro Ara\u00fajo"},"logo":{"@id":"https:\/\/secure.gravatar.com\/avatar\/d654258027afd7c928561b83494a45e3aff23d7ac7ce926d2bceac1ffe030175?s=96&d=mm&r=g"},"description":"As informa\u00e7\u00f5es que traduzem as verdades dos fatos, sem ferir ou denegrir pessoas ou imagens. Como tamb\u00e9m, nunca procurando agradar aos maus feitores.","sameAs":["http:\/\/www.penoticias.com.br","pedrovicentearaujo@hotmail.com","@pedroafogados","https:\/\/x.com\/pedromuela","www.penoticias.com.br"],"url":"https:\/\/penoticias.com.br\/blog\/author\/pedro\/"}]}},"_links":{"self":[{"href":"https:\/\/penoticias.com.br\/blog\/wp-json\/wp\/v2\/posts\/223968","targetHints":{"allow":["GET"]}}],"collection":[{"href":"https:\/\/penoticias.com.br\/blog\/wp-json\/wp\/v2\/posts"}],"about":[{"href":"https:\/\/penoticias.com.br\/blog\/wp-json\/wp\/v2\/types\/post"}],"author":[{"embeddable":true,"href":"https:\/\/penoticias.com.br\/blog\/wp-json\/wp\/v2\/users\/2"}],"replies":[{"embeddable":true,"href":"https:\/\/penoticias.com.br\/blog\/wp-json\/wp\/v2\/comments?post=223968"}],"version-history":[{"count":1,"href":"https:\/\/penoticias.com.br\/blog\/wp-json\/wp\/v2\/posts\/223968\/revisions"}],"predecessor-version":[{"id":223970,"href":"https:\/\/penoticias.com.br\/blog\/wp-json\/wp\/v2\/posts\/223968\/revisions\/223970"}],"wp:attachment":[{"href":"https:\/\/penoticias.com.br\/blog\/wp-json\/wp\/v2\/media?parent=223968"}],"wp:term":[{"taxonomy":"category","embeddable":true,"href":"https:\/\/penoticias.com.br\/blog\/wp-json\/wp\/v2\/categories?post=223968"},{"taxonomy":"post_tag","embeddable":true,"href":"https:\/\/penoticias.com.br\/blog\/wp-json\/wp\/v2\/tags?post=223968"}],"curies":[{"name":"wp","href":"https:\/\/api.w.org\/{rel}","templated":true}]}}