{"id":224038,"date":"2026-07-24T06:45:50","date_gmt":"2026-07-24T09:45:50","guid":{"rendered":"https:\/\/penoticias.com.br\/blog\/?p=224038"},"modified":"2026-07-24T05:52:18","modified_gmt":"2026-07-24T08:52:18","slug":"terreno-do-senador-jaques-wagner-pt-valorizou-115-vezes-apos-rodovia-projetada-no-governo-dele","status":"publish","type":"post","link":"https:\/\/penoticias.com.br\/blog\/terreno-do-senador-jaques-wagner-pt-valorizou-115-vezes-apos-rodovia-projetada-no-governo-dele\/","title":{"rendered":"Terreno do senador Jaques Wagner (PT), valorizou 115 vezes ap\u00f3s rodovia projetada no governo dele"},"content":{"rendered":"<p style=\"text-align: center;\"><img fetchpriority=\"high\" decoding=\"async\" class=\"\" src=\"https:\/\/f.i.uol.com.br\/fotografia\/2026\/07\/22\/17847641316a6156e3e3124_1784764131_3x2_xs.jpg\" alt=\"https:\/\/f.i.uol.com.br\/fotografia\/2026\/07\/22\/17847641316a6156e3e3124_1784764131_3x2_xs.jpg\" width=\"638\" height=\"425\" \/><\/p>\n<p><span style=\"font-size: 8pt;\"><em>Folha de S.Paulo<\/em><\/span><\/p>\n<p>O terreno que o senador Jaques Wagner (PT) vendeu por R$ 15 milh\u00f5es fica nas margens da Via Metropolitana, rodovia criada para ser um eixo de expans\u00e3o da Grande Salvador e que foi contratada na gest\u00e3o do pr\u00f3prio Jaques Wagner. Ele governou a Bahia de 2007 a 2014.<\/p>\n<p>Documentos apontam que o terreno tem 51 mil metros quadrados, tamanho equivalente a sete campos de futebol. Foi adquirido em mar\u00e7o de 2000, quando Wagner era deputado federal, pelo pre\u00e7o de R$ 28 mil, cerca de R$ 130 mil em valores corrigidos. Depois de 25 anos, a \u00e1rea foi vendida com uma valoriza\u00e7\u00e3o de 11.400%, j\u00e1 descontada a infla\u00e7\u00e3o do per\u00edodo. A Folha diz que teve acesso aos documentos.<\/p>\n<p>As terras compradas pelo senador eram uma fra\u00e7\u00e3o de terreno maior pertencente \u00e0 Traneves Patrimonial. A empresa tem entre os s\u00f3cios Alex Grangeon Trancoso Neves, que consta como s\u00f3cio e administrador do Lagoons Empreendimentos, empreendimento residencial integrado ao projeto do novo centro de treinamento do Esporte Clube Bahia.<\/p>\n<p>Jaques Wagner foi procurado desde a \u00faltima segunda-feira (20), por meio de sua assessoria, mas n\u00e3o respondeu aos questionamentos da reportagem.<\/p>\n<p>A transfer\u00eancia do terreno vendido foi barrada em 25 de junho por decis\u00e3o do ministro Andr\u00e9 Mendon\u00e7a, do Supremo Tribunal Federal (STF), como parte da nona fase da Opera\u00e7\u00e3o Compliance Zero. A investiga\u00e7\u00e3o apura irregularidades relacionadas ao Banco Master.<\/p>\n<p>A interrup\u00e7\u00e3o tempor\u00e1ria do neg\u00f3cio, realizada ap\u00f3s a opera\u00e7\u00e3o da Pol\u00edcia Federal (PF), foi revelada pelo jornal O Estado de S. Paulo e confirmada pela Folha de S. Paulo.<\/p>\n<p>O terreno fica entre a Via Metropolitana e o rio Joanes, em uma \u00e1rea que at\u00e9 o ano passado tinha uma mata preservada e raras constru\u00e7\u00f5es. Nos \u00faltimos meses, o terreno foi cercado e m\u00e1quinas derrubaram as \u00e1reas verdes para dar lugar ao residencial.<\/p>\n<p>O empreendimento foi anunciado em abril deste ano como o primeiro residencial de alto padr\u00e3o integrado a um centro de treinamento no Brasil, em uma parceria entre o City Football Group, a QPC Incorporadora e o Grupo Terere.<\/p>\n<p>Tanto o residencial como o centro de treinamento ser\u00e3o erguidos em \u00e1rea que se consolidou como um novo eixo de expans\u00e3o urbana desde a inaugura\u00e7\u00e3o da Via Metropolitana, em 2018. A rodovia liga Salvador a Cama\u00e7ari, contornando o n\u00facleo urbano da cidade de Lauro de Freitas.<\/p>\n<p>Publica\u00e7\u00f5es do Di\u00e1rio Oficial da Bahia apontam que a via de 11,2 quil\u00f4metros vinha sendo estudada ao menos desde 2011, na gest\u00e3o Jaques Wagner. A ideia era ter uma via alternativa \u00e0 estrada do Coco, principal rodovia que liga a capital ao litoral norte da Bahia.<!--more--><\/p>\n<p>A obra foi viabilizada por meio de um aditamento do prazo do contrato com a concession\u00e1ria Bahia Norte, que desde 2010 geria o sistema BA-093, que inclui rodovias na regi\u00e3o metropolitana de Salvador. Na \u00e9poca, a concession\u00e1ria era comandada pelas construtoras OAS e Odebrecht, que se desfizeram do neg\u00f3cio em 2021 ap\u00f3s a crise da Opera\u00e7\u00e3o Lava Jato.<\/p>\n<p>O contrato de aditamento foi assinado por Jaques Wagner em setembro de 2014, ampliando de 25 para 30 anos o prazo do contrato de concess\u00e3o do sistema BA-093. As obras f\u00edsicas come\u00e7aram em janeiro de 2015, na gest\u00e3o de Rui Costa (PT), e foram conclu\u00eddas em 2018 com investimento de R$ 220 milh\u00f5es.<\/p>\n<p>O projeto do novo Centro de Treinamento foi apresentado oficialmente em outubro de 2025. Em fevereiro deste ano, Jaques Wagner participou da cerim\u00f4nia que marcou o in\u00edcio das obras e fez um discurso celebrando o empreendimento.<\/p>\n<p>&#8220;Quem diria que a Via Metropolitana, que eu comecei e Rui Costa terminou, hoje nos daria a possibilidade de construir o novo Centro de Treinamento do Bahia?&#8221;, postou o senador na \u00e9poca nas redes sociais.<\/p>\n<p>Al\u00e9m do terreno, o STF interrompeu o processo de venda de um apartamento de Jaques Wagner no Corredor da Vit\u00f3ria, uma das \u00e1reas mais valorizadas de Salvador, por R$ 10 milh\u00f5es. O im\u00f3vel foi negociado com Marcelo Ara\u00fajo (Uni\u00e3o Brasil), prefeito de Concei\u00e7\u00e3o do Coit\u00e9 (BA).<\/p>\n<p>Juntos, a venda do terreno e do apartamento renderiam ao senador um total de R$ 25 milh\u00f5es. Na \u00faltima elei\u00e7\u00e3o que disputou, em 2018, o petista declarou R$ 3,3 milh\u00f5es em bens \u00e0 Justi\u00e7a Eleitoral.<\/p>\n<p>Em nota, a empresa Lagoons Empreendimentos afirmou que a venda do terreno a Jaques Wagner ocorreu no ano de 2000, h\u00e1 26 anos, por meio de opera\u00e7\u00e3o imobili\u00e1ria regular, formalizada \u00e0 \u00e9poca pela Traneves Patrimonial, a partir do desmembramento de uma \u00e1rea maior de sua propriedade.<\/p>\n<p>&#8220;Trata-se de uma negocia\u00e7\u00e3o realizada d\u00e9cadas antes da concep\u00e7\u00e3o do empreendimento Lagoons e, portanto, sem qualquer rela\u00e7\u00e3o com o projeto atualmente em desenvolvimento. S\u00e3o opera\u00e7\u00f5es distintas, realizadas em contextos temporais diferentes e em estrita observ\u00e2ncia \u00e0 legisla\u00e7\u00e3o&#8221;, disse.<\/p>\n<p>A empresa ainda destacou que a Traneves Patrimonial, assim como o senador e outros donos de im\u00f3veis localizados na \u00e1rea do empreendimento, \u00e9 uma permutante, modalidade na qual o propriet\u00e1rio aporta o terreno, em contrapartida a unidades imobili\u00e1rias.<\/p>\n<p>O contrato com o senador previa o pagamento antecipado de R$ 2 milh\u00f5es, enquanto os outros R$ 13 milh\u00f5es seriam pagos em permuta f\u00edsica no empreendimento futuro.<\/p>\n<p>Sobre a compra terreno do senador, a Lagoons disse que todas as aquisi\u00e7\u00f5es seguiram crit\u00e9rios de mercado e foram validadas por consultorias independentes, al\u00e9m de passarem por dilig\u00eancia pr\u00e9via, incluindo a obten\u00e7\u00e3o das certid\u00f5es, que n\u00e3o apontavam qualquer restri\u00e7\u00e3o ao neg\u00f3cio.<\/p>\n<p>Ainda de acordo com a empresa, o terreno foi adquirido formalmente em maio de 2025 e integra 4% da \u00e1rea onde ser\u00e1 constru\u00edda o empreendimento anexo ao centro de treinamento do Bahia.<\/p>\n<p>No \u00faltimo fim de semana, a defesa do senador afirmou que a venda do terreno \u00e9 resultado da negocia\u00e7\u00e3o iniciada em 2024 e formalizada em 2025.<\/p>\n<p>&#8220;Jaques Wagner j\u00e1 forneceu todos os esclarecimentos necess\u00e1rios. Todos os m\u00e9ritos do procedimento est\u00e3o sendo discutidos nos autos&#8221;, diz nota da equipe do senador.<\/p>\n<p>Nesta semana, o senador foi intimado pela Pol\u00edcia Federal a depor em agosto na investiga\u00e7\u00e3o relativa ao caso Master. Ele foi alvo de uma opera\u00e7\u00e3o em junho sob suspeita de ter recebido pagamentos do banco de Daniel Vorcaro, por meio da empresa da nora do parlamentar e de um apartamento em Salvador avaliado em R$ 2,5 milh\u00f5es.<\/p>\n<p>A PF apura suspeitas na atua\u00e7\u00e3o parlamentar do senador em favor de Augusto Lima, ex-s\u00f3cio de Daniel Vorcaro no Banco Master, o que Wagner nega. A busca e apreens\u00e3o contra o senador levou o petista a deixar o cargo de l\u00edder do governo Lula no Senado.<\/p>\n","protected":false},"excerpt":{"rendered":"<p>Folha de S.Paulo O terreno que o senador Jaques Wagner (PT) vendeu por R$ 15 milh\u00f5es fica nas margens da Via Metropolitana, rodovia criada para ser um eixo de expans\u00e3o da Grande Salvador e que foi contratada na gest\u00e3o do pr\u00f3prio Jaques Wagner. Ele governou a Bahia de 2007 a 2014. Documentos apontam que o &#8230; <a title=\"Terreno do senador Jaques Wagner (PT), valorizou 115 vezes ap\u00f3s rodovia projetada no governo dele\" class=\"read-more\" href=\"https:\/\/penoticias.com.br\/blog\/terreno-do-senador-jaques-wagner-pt-valorizou-115-vezes-apos-rodovia-projetada-no-governo-dele\/\" aria-label=\"Read more about Terreno do senador Jaques Wagner (PT), valorizou 115 vezes ap\u00f3s rodovia projetada no governo dele\">Ler mais<\/a><\/p>\n<div class='heateorSssClear'><\/div><div  class='heateor_sss_sharing_container heateor_sss_horizontal_sharing' data-heateor-sss-href='https:\/\/penoticias.com.br\/blog\/terreno-do-senador-jaques-wagner-pt-valorizou-115-vezes-apos-rodovia-projetada-no-governo-dele\/'><div class='heateor_sss_sharing_title' style=\"font-weight:bold\" ><\/div><div class=\"heateor_sss_sharing_ul\"><a aria-label=\"Facebook\" class=\"heateor_sss_facebook\" href=\"https:\/\/www.facebook.com\/sharer\/sharer.php?u=https%3A%2F%2Fpenoticias.com.br%2Fblog%2Fterreno-do-senador-jaques-wagner-pt-valorizou-115-vezes-apos-rodovia-projetada-no-governo-dele%2F\" title=\"Facebook\" rel=\"nofollow noopener\" target=\"_blank\" style=\"font-size:32px!important;box-shadow:none;display:inline-block;vertical-align:middle\"><span class=\"heateor_sss_svg\" style=\"background-color:#0765FE;width:35px;height:35px;border-radius:999px;display:inline-block;opacity:1;float:left;font-size:32px;box-shadow:none;display:inline-block;font-size:16px;padding:0 4px;vertical-align:middle;background-repeat:repeat;overflow:hidden;padding:0;cursor:pointer;box-sizing:content-box\"><svg style=\"display:block;border-radius:999px;\" focusable=\"false\" aria-hidden=\"true\" xmlns=\"http:\/\/www.w3.org\/2000\/svg\" width=\"100%\" height=\"100%\" viewBox=\"0 0 32 32\"><path fill=\"#fff\" d=\"M28 16c0-6.627-5.373-12-12-12S4 9.373 4 16c0 5.628 3.875 10.35 9.101 11.647v-7.98h-2.474V16H13.1v-1.58c0-4.085 1.849-5.978 5.859-5.978.76 0 2.072.15 2.608.298v3.325c-.283-.03-.775-.045-1.386-.045-1.967 0-2.728.745-2.728 2.683V16h3.92l-.673 3.667h-3.247v8.245C23.395 27.195 28 22.135 28 16Z\"><\/path><\/svg><\/span><\/a><a aria-label=\"Twitter\" class=\"heateor_sss_button_twitter\" href=\"https:\/\/twitter.com\/intent\/tweet?text=Terreno%20do%20senador%20Jaques%20Wagner%20%28PT%29%2C%20valorizou%20115%20vezes%20ap%C3%B3s%20rodovia%20projetada%20no%20governo%20dele&url=https%3A%2F%2Fpenoticias.com.br%2Fblog%2Fterreno-do-senador-jaques-wagner-pt-valorizou-115-vezes-apos-rodovia-projetada-no-governo-dele%2F\" title=\"Twitter\" rel=\"nofollow noopener\" target=\"_blank\" style=\"font-size:32px!important;box-shadow:none;display:inline-block;vertical-align:middle\"><span class=\"heateor_sss_svg heateor_sss_s__default heateor_sss_s_twitter\" style=\"background-color:#55acee;width:35px;height:35px;border-radius:999px;display:inline-block;opacity:1;float:left;font-size:32px;box-shadow:none;display:inline-block;font-size:16px;padding:0 4px;vertical-align:middle;background-repeat:repeat;overflow:hidden;padding:0;cursor:pointer;box-sizing:content-box\"><svg style=\"display:block;border-radius:999px;\" focusable=\"false\" aria-hidden=\"true\" xmlns=\"http:\/\/www.w3.org\/2000\/svg\" width=\"100%\" height=\"100%\" viewBox=\"-4 -4 39 39\"><path d=\"M28 8.557a9.913 9.913 0 0 1-2.828.775 4.93 4.93 0 0 0 2.166-2.725 9.738 9.738 0 0 1-3.13 1.194 4.92 4.92 0 0 0-3.593-1.55 4.924 4.924 0 0 0-4.794 6.049c-4.09-.21-7.72-2.17-10.15-5.15a4.942 4.942 0 0 0-.665 2.477c0 1.71.87 3.214 2.19 4.1a4.968 4.968 0 0 1-2.23-.616v.06c0 2.39 1.7 4.38 3.952 4.83-.414.115-.85.174-1.297.174-.318 0-.626-.03-.928-.086a4.935 4.935 0 0 0 4.6 3.42 9.893 9.893 0 0 1-6.114 2.107c-.398 0-.79-.023-1.175-.068a13.953 13.953 0 0 0 7.55 2.213c9.056 0 14.01-7.507 14.01-14.013 0-.213-.005-.426-.015-.637.96-.695 1.795-1.56 2.455-2.55z\" fill=\"#fff\"><\/path><\/svg><\/span><\/a><a aria-label=\"Whatsapp\" class=\"heateor_sss_whatsapp\" href=\"https:\/\/api.whatsapp.com\/send?text=Terreno%20do%20senador%20Jaques%20Wagner%20%28PT%29%2C%20valorizou%20115%20vezes%20ap%C3%B3s%20rodovia%20projetada%20no%20governo%20dele%20https%3A%2F%2Fpenoticias.com.br%2Fblog%2Fterreno-do-senador-jaques-wagner-pt-valorizou-115-vezes-apos-rodovia-projetada-no-governo-dele%2F\" title=\"Whatsapp\" rel=\"nofollow noopener\" target=\"_blank\" style=\"font-size:32px!important;box-shadow:none;display:inline-block;vertical-align:middle\"><span class=\"heateor_sss_svg\" style=\"background-color:#55eb4c;width:35px;height:35px;border-radius:999px;display:inline-block;opacity:1;float:left;font-size:32px;box-shadow:none;display:inline-block;font-size:16px;padding:0 4px;vertical-align:middle;background-repeat:repeat;overflow:hidden;padding:0;cursor:pointer;box-sizing:content-box\"><svg style=\"display:block;border-radius:999px;\" focusable=\"false\" aria-hidden=\"true\" xmlns=\"http:\/\/www.w3.org\/2000\/svg\" width=\"100%\" height=\"100%\" viewBox=\"-6 -5 40 40\"><path class=\"heateor_sss_svg_stroke heateor_sss_no_fill\" stroke=\"#fff\" stroke-width=\"2\" fill=\"none\" d=\"M 11.579798566743314 24.396926207859085 A 10 10 0 1 0 6.808479557110079 20.73576436351046\"><\/path><path d=\"M 7 19 l -1 6 l 6 -1\" class=\"heateor_sss_no_fill heateor_sss_svg_stroke\" stroke=\"#fff\" stroke-width=\"2\" fill=\"none\"><\/path><path d=\"M 10 10 q -1 8 8 11 c 5 -1 0 -6 -1 -3 q -4 -3 -5 -5 c 4 -2 -1 -5 -1 -4\" fill=\"#fff\"><\/path><\/svg><\/span><\/a><a aria-label=\"Gmail\" class=\"heateor_sss_button_google_gmail\" href=\"https:\/\/mail.google.com\/mail\/?ui=2&view=cm&fs=1&tf=1&su=Terreno%20do%20senador%20Jaques%20Wagner%20%28PT%29%2C%20valorizou%20115%20vezes%20ap%C3%B3s%20rodovia%20projetada%20no%20governo%20dele&body=Link:https%3A%2F%2Fpenoticias.com.br%2Fblog%2Fterreno-do-senador-jaques-wagner-pt-valorizou-115-vezes-apos-rodovia-projetada-no-governo-dele%2F\" title=\"Google Gmail\" rel=\"nofollow noopener\" target=\"_blank\" style=\"font-size:32px!important;box-shadow:none;display:inline-block;vertical-align:middle\"><span class=\"heateor_sss_svg heateor_sss_s__default heateor_sss_s_Google_Gmail\" style=\"background-color:#e5e5e5;width:35px;height:35px;border-radius:999px;display:inline-block;opacity:1;float:left;font-size:32px;box-shadow:none;display:inline-block;font-size:16px;padding:0 4px;vertical-align:middle;background-repeat:repeat;overflow:hidden;padding:0;cursor:pointer;box-sizing:content-box\"><svg style=\"display:block;border-radius:999px;\" focusable=\"false\" aria-hidden=\"true\" xmlns=\"http:\/\/www.w3.org\/2000\/svg\" width=\"100%\" height=\"100%\" viewBox=\"0 0 32 32\"><path fill=\"#fff\" d=\"M2.902 6.223h26.195v19.554H2.902z\"><\/path><path fill=\"#E14C41\" class=\"heateor_sss_no_fill\" d=\"M2.902 25.777h26.195V6.223H2.902v19.554zm22.44-4.007v3.806H6.955v-3.6h.032l.093-.034 6.9-5.558 2.09 1.77 1.854-1.63 7.42 5.246zm0-.672l-7.027-4.917 7.028-6.09V21.1zm-1.17-14.67l-.947.905c-2.356 2.284-4.693 4.75-7.17 6.876l-.078.06L8.062 6.39l16.11.033zm-10.597 9.61l-6.62 5.294.016-10.914 6.607 5.62\"><\/path><\/svg><\/span><\/a><a aria-label=\"Instagram\" class=\"heateor_sss_button_instagram\" href=\"https:\/\/www.instagram.com\/\" title=\"Instagram\" rel=\"nofollow noopener\" target=\"_blank\" style=\"font-size:32px!important;box-shadow:none;display:inline-block;vertical-align:middle\"><span class=\"heateor_sss_svg\" style=\"background-color:#53beee;width:35px;height:35px;border-radius:999px;display:inline-block;opacity:1;float:left;font-size:32px;box-shadow:none;display:inline-block;font-size:16px;padding:0 4px;vertical-align:middle;background-repeat:repeat;overflow:hidden;padding:0;cursor:pointer;box-sizing:content-box\"><svg style=\"display:block;border-radius:999px;\" version=\"1.1\" viewBox=\"-10 -10 148 148\" width=\"100%\" height=\"100%\" xml:space=\"preserve\" xmlns=\"http:\/\/www.w3.org\/2000\/svg\" xmlns:xlink=\"http:\/\/www.w3.org\/1999\/xlink\"><g><g><path d=\"M86,112H42c-14.336,0-26-11.663-26-26V42c0-14.337,11.664-26,26-26h44c14.337,0,26,11.663,26,26v44 C112,100.337,100.337,112,86,112z M42,24c-9.925,0-18,8.074-18,18v44c0,9.925,8.075,18,18,18h44c9.926,0,18-8.075,18-18V42 c0-9.926-8.074-18-18-18H42z\" fill=\"#fff\"><\/path><\/g><g><path d=\"M64,88c-13.234,0-24-10.767-24-24c0-13.234,10.766-24,24-24s24,10.766,24,24C88,77.233,77.234,88,64,88z M64,48c-8.822,0-16,7.178-16,16s7.178,16,16,16c8.822,0,16-7.178,16-16S72.822,48,64,48z\" fill=\"#fff\"><\/path><\/g><g><circle cx=\"89.5\" cy=\"38.5\" fill=\"#fff\" r=\"5.5\"><\/circle><\/g><\/g><\/svg><\/span><\/a><a aria-label=\"Print\" class=\"heateor_sss_button_print\" href=\"https:\/\/penoticias.com.br\/blog\/terreno-do-senador-jaques-wagner-pt-valorizou-115-vezes-apos-rodovia-projetada-no-governo-dele\/\" onclick=\"event.preventDefault();window.print()\" title=\"Print\" rel=\"noopener\" style=\"font-size:32px!important;box-shadow:none;display:inline-block;vertical-align:middle\"><span class=\"heateor_sss_svg heateor_sss_s__default heateor_sss_s_print\" style=\"background-color:#fd6500;width:35px;height:35px;border-radius:999px;display:inline-block;opacity:1;float:left;font-size:32px;box-shadow:none;display:inline-block;font-size:16px;padding:0 4px;vertical-align:middle;background-repeat:repeat;overflow:hidden;padding:0;cursor:pointer;box-sizing:content-box\"><svg style=\"display:block;border-radius:999px;\" focusable=\"false\" aria-hidden=\"true\" xmlns=\"http:\/\/www.w3.org\/2000\/svg\" width=\"100%\" height=\"100%\" viewBox=\"-2.8 -4.5 35 35\"><path stroke=\"#fff\" class=\"heateor_sss_svg_stroke\" d=\"M 7 10 h 2 v 3 h 12 v -3 h 2 v 7 h -2 v -3 h -12 v 3 h -2 z\" stroke-width=\"1\" fill=\"#fff\"><\/path><rect class=\"heateor_sss_no_fill heateor_sss_svg_stroke\" stroke=\"#fff\" stroke-width=\"1.8\" height=\"7\" width=\"10\" x=\"10\" y=\"5\" fill=\"none\"><\/rect><rect class=\"heateor_sss_svg_stroke\" stroke=\"#fff\" stroke-width=\"1\" height=\"5\" width=\"8\" x=\"11\" y=\"16\" fill=\"#fff\"><\/rect><\/svg><\/span><\/a><a class=\"heateor_sss_more\" aria-label=\"More\" title=\"More\" rel=\"nofollow noopener\" style=\"font-size: 32px!important;border:0;box-shadow:none;display:inline-block!important;font-size:16px;padding:0 4px;vertical-align: middle;display:inline;\" href=\"https:\/\/penoticias.com.br\/blog\/terreno-do-senador-jaques-wagner-pt-valorizou-115-vezes-apos-rodovia-projetada-no-governo-dele\/\" onclick=\"event.preventDefault()\"><span class=\"heateor_sss_svg\" style=\"background-color:#ee8e2d;width:35px;height:35px;border-radius:999px;display:inline-block!important;opacity:1;float:left;font-size:32px!important;box-shadow:none;display:inline-block;font-size:16px;padding:0 4px;vertical-align:middle;display:inline;background-repeat:repeat;overflow:hidden;padding:0;cursor:pointer;box-sizing:content-box;\" onclick=\"heateorSssMoreSharingPopup(this, 'https:\/\/penoticias.com.br\/blog\/terreno-do-senador-jaques-wagner-pt-valorizou-115-vezes-apos-rodovia-projetada-no-governo-dele\/', 'Terreno%20do%20senador%20Jaques%20Wagner%20%28PT%29%2C%20valorizou%20115%20vezes%20ap%C3%B3s%20rodovia%20projetada%20no%20governo%20dele', '' )\"><svg xmlns=\"http:\/\/www.w3.org\/2000\/svg\" xmlns:xlink=\"http:\/\/www.w3.org\/1999\/xlink\" viewBox=\"-.3 0 32 32\" version=\"1.1\" width=\"100%\" height=\"100%\" style=\"display:block;border-radius:999px;\" xml:space=\"preserve\"><g><path fill=\"#fff\" d=\"M18 14V8h-4v6H8v4h6v6h4v-6h6v-4h-6z\" fill-rule=\"evenodd\"><\/path><\/g><\/svg><\/span><\/a><\/div><div class=\"heateorSssClear\"><\/div><\/div><div class='heateorSssClear'><\/div>","protected":false},"author":2,"featured_media":0,"comment_status":"closed","ping_status":"closed","sticky":false,"template":"","format":"standard","meta":{"footnotes":""},"categories":[10],"tags":[],"class_list":["post-224038","post","type-post","status-publish","format-standard","hentry","category-politica"],"yoast_head":"<!-- This site is optimized with the Yoast SEO plugin v28.4 - https:\/\/yoast.com\/product\/yoast-seo-wordpress\/ -->\n<title>Terreno do senador Jaques Wagner (PT), valorizou 115 vezes ap\u00f3s rodovia projetada no governo dele - PE Not\u00edcias<\/title>\n<meta name=\"robots\" content=\"index, follow, max-snippet:-1, max-image-preview:large, max-video-preview:-1\" \/>\n<link rel=\"canonical\" href=\"https:\/\/penoticias.com.br\/blog\/terreno-do-senador-jaques-wagner-pt-valorizou-115-vezes-apos-rodovia-projetada-no-governo-dele\/\" \/>\n<meta property=\"og:locale\" content=\"pt_BR\" \/>\n<meta property=\"og:type\" content=\"article\" \/>\n<meta property=\"og:title\" content=\"Terreno do senador Jaques Wagner (PT), valorizou 115 vezes ap\u00f3s rodovia projetada no governo dele - PE Not\u00edcias\" \/>\n<meta property=\"og:description\" content=\"Folha de S.Paulo O terreno que o senador Jaques Wagner (PT) vendeu por R$ 15 milh\u00f5es fica nas margens da Via Metropolitana, rodovia criada para ser um eixo de expans\u00e3o da Grande Salvador e que foi contratada na gest\u00e3o do pr\u00f3prio Jaques Wagner. Ele governou a Bahia de 2007 a 2014. Documentos apontam que o ... Ler mais\" \/>\n<meta property=\"og:url\" content=\"https:\/\/penoticias.com.br\/blog\/terreno-do-senador-jaques-wagner-pt-valorizou-115-vezes-apos-rodovia-projetada-no-governo-dele\/\" \/>\n<meta property=\"og:site_name\" content=\"PE Not\u00edcias\" \/>\n<meta property=\"article:publisher\" content=\"pedrovicentearaujo@hotmail.com\" \/>\n<meta property=\"article:author\" content=\"pedrovicentearaujo@hotmail.com\" \/>\n<meta property=\"article:published_time\" content=\"2026-07-24T09:45:50+00:00\" \/>\n<meta property=\"og:image\" content=\"https:\/\/f.i.uol.com.br\/fotografia\/2026\/07\/22\/17847641316a6156e3e3124_1784764131_3x2_xs.jpg\" \/>\n<meta name=\"author\" content=\"Pedro Ara\u00fajo\" \/>\n<meta name=\"twitter:card\" content=\"summary_large_image\" \/>\n<meta name=\"twitter:creator\" content=\"@pedromuela\" \/>\n<meta name=\"twitter:site\" content=\"@pedromuela\" \/>\n<meta name=\"twitter:label1\" content=\"Escrito por\" \/>\n\t<meta name=\"twitter:data1\" content=\"Pedro Ara\u00fajo\" \/>\n\t<meta name=\"twitter:label2\" content=\"Est. tempo de leitura\" \/>\n\t<meta name=\"twitter:data2\" content=\"7 minutos\" \/>\n<script type=\"application\/ld+json\" class=\"yoast-schema-graph\">{\"@context\":\"https:\\\/\\\/schema.org\",\"@graph\":[{\"@type\":\"Article\",\"@id\":\"https:\\\/\\\/penoticias.com.br\\\/blog\\\/terreno-do-senador-jaques-wagner-pt-valorizou-115-vezes-apos-rodovia-projetada-no-governo-dele\\\/#article\",\"isPartOf\":{\"@id\":\"https:\\\/\\\/penoticias.com.br\\\/blog\\\/terreno-do-senador-jaques-wagner-pt-valorizou-115-vezes-apos-rodovia-projetada-no-governo-dele\\\/\"},\"author\":{\"name\":\"Pedro Ara\u00fajo\",\"@id\":\"https:\\\/\\\/penoticias.com.br\\\/blog\\\/#\\\/schema\\\/person\\\/13ea60669d2351f129ef3657907f1432\"},\"headline\":\"Terreno do senador Jaques Wagner (PT), valorizou 115 vezes ap\u00f3s rodovia projetada no governo dele\",\"datePublished\":\"2026-07-24T09:45:50+00:00\",\"mainEntityOfPage\":{\"@id\":\"https:\\\/\\\/penoticias.com.br\\\/blog\\\/terreno-do-senador-jaques-wagner-pt-valorizou-115-vezes-apos-rodovia-projetada-no-governo-dele\\\/\"},\"wordCount\":1142,\"publisher\":{\"@id\":\"https:\\\/\\\/penoticias.com.br\\\/blog\\\/#\\\/schema\\\/person\\\/13ea60669d2351f129ef3657907f1432\"},\"image\":{\"@id\":\"https:\\\/\\\/penoticias.com.br\\\/blog\\\/terreno-do-senador-jaques-wagner-pt-valorizou-115-vezes-apos-rodovia-projetada-no-governo-dele\\\/#primaryimage\"},\"thumbnailUrl\":\"https:\\\/\\\/f.i.uol.com.br\\\/fotografia\\\/2026\\\/07\\\/22\\\/17847641316a6156e3e3124_1784764131_3x2_xs.jpg\",\"articleSection\":[\"Pol\u00edtica\"],\"inLanguage\":\"pt-BR\"},{\"@type\":\"WebPage\",\"@id\":\"https:\\\/\\\/penoticias.com.br\\\/blog\\\/terreno-do-senador-jaques-wagner-pt-valorizou-115-vezes-apos-rodovia-projetada-no-governo-dele\\\/\",\"url\":\"https:\\\/\\\/penoticias.com.br\\\/blog\\\/terreno-do-senador-jaques-wagner-pt-valorizou-115-vezes-apos-rodovia-projetada-no-governo-dele\\\/\",\"name\":\"Terreno do senador Jaques Wagner (PT), valorizou 115 vezes ap\u00f3s rodovia projetada no governo dele - PE Not\u00edcias\",\"isPartOf\":{\"@id\":\"https:\\\/\\\/penoticias.com.br\\\/blog\\\/#website\"},\"primaryImageOfPage\":{\"@id\":\"https:\\\/\\\/penoticias.com.br\\\/blog\\\/terreno-do-senador-jaques-wagner-pt-valorizou-115-vezes-apos-rodovia-projetada-no-governo-dele\\\/#primaryimage\"},\"image\":{\"@id\":\"https:\\\/\\\/penoticias.com.br\\\/blog\\\/terreno-do-senador-jaques-wagner-pt-valorizou-115-vezes-apos-rodovia-projetada-no-governo-dele\\\/#primaryimage\"},\"thumbnailUrl\":\"https:\\\/\\\/f.i.uol.com.br\\\/fotografia\\\/2026\\\/07\\\/22\\\/17847641316a6156e3e3124_1784764131_3x2_xs.jpg\",\"datePublished\":\"2026-07-24T09:45:50+00:00\",\"breadcrumb\":{\"@id\":\"https:\\\/\\\/penoticias.com.br\\\/blog\\\/terreno-do-senador-jaques-wagner-pt-valorizou-115-vezes-apos-rodovia-projetada-no-governo-dele\\\/#breadcrumb\"},\"inLanguage\":\"pt-BR\",\"potentialAction\":[{\"@type\":\"ReadAction\",\"target\":[\"https:\\\/\\\/penoticias.com.br\\\/blog\\\/terreno-do-senador-jaques-wagner-pt-valorizou-115-vezes-apos-rodovia-projetada-no-governo-dele\\\/\"]}]},{\"@type\":\"ImageObject\",\"inLanguage\":\"pt-BR\",\"@id\":\"https:\\\/\\\/penoticias.com.br\\\/blog\\\/terreno-do-senador-jaques-wagner-pt-valorizou-115-vezes-apos-rodovia-projetada-no-governo-dele\\\/#primaryimage\",\"url\":\"https:\\\/\\\/f.i.uol.com.br\\\/fotografia\\\/2026\\\/07\\\/22\\\/17847641316a6156e3e3124_1784764131_3x2_xs.jpg\",\"contentUrl\":\"https:\\\/\\\/f.i.uol.com.br\\\/fotografia\\\/2026\\\/07\\\/22\\\/17847641316a6156e3e3124_1784764131_3x2_xs.jpg\"},{\"@type\":\"BreadcrumbList\",\"@id\":\"https:\\\/\\\/penoticias.com.br\\\/blog\\\/terreno-do-senador-jaques-wagner-pt-valorizou-115-vezes-apos-rodovia-projetada-no-governo-dele\\\/#breadcrumb\",\"itemListElement\":[{\"@type\":\"ListItem\",\"position\":1,\"name\":\"In\u00edcio\",\"item\":\"https:\\\/\\\/penoticias.com.br\\\/blog\\\/\"},{\"@type\":\"ListItem\",\"position\":2,\"name\":\"Terreno do senador Jaques Wagner (PT), valorizou 115 vezes ap\u00f3s rodovia projetada no governo dele\"}]},{\"@type\":\"WebSite\",\"@id\":\"https:\\\/\\\/penoticias.com.br\\\/blog\\\/#website\",\"url\":\"https:\\\/\\\/penoticias.com.br\\\/blog\\\/\",\"name\":\"PE Not\u00edcias\",\"description\":\"Voc\u00ea no Mundo da Informa\u00e7\u00e3o.\",\"publisher\":{\"@id\":\"https:\\\/\\\/penoticias.com.br\\\/blog\\\/#\\\/schema\\\/person\\\/13ea60669d2351f129ef3657907f1432\"},\"potentialAction\":[{\"@type\":\"SearchAction\",\"target\":{\"@type\":\"EntryPoint\",\"urlTemplate\":\"https:\\\/\\\/penoticias.com.br\\\/blog\\\/?s={search_term_string}\"},\"query-input\":{\"@type\":\"PropertyValueSpecification\",\"valueRequired\":true,\"valueName\":\"search_term_string\"}}],\"inLanguage\":\"pt-BR\"},{\"@type\":[\"Person\",\"Organization\"],\"@id\":\"https:\\\/\\\/penoticias.com.br\\\/blog\\\/#\\\/schema\\\/person\\\/13ea60669d2351f129ef3657907f1432\",\"name\":\"Pedro Ara\u00fajo\",\"image\":{\"@type\":\"ImageObject\",\"inLanguage\":\"pt-BR\",\"@id\":\"https:\\\/\\\/secure.gravatar.com\\\/avatar\\\/d654258027afd7c928561b83494a45e3aff23d7ac7ce926d2bceac1ffe030175?s=96&d=mm&r=g\",\"url\":\"https:\\\/\\\/secure.gravatar.com\\\/avatar\\\/d654258027afd7c928561b83494a45e3aff23d7ac7ce926d2bceac1ffe030175?s=96&d=mm&r=g\",\"contentUrl\":\"https:\\\/\\\/secure.gravatar.com\\\/avatar\\\/d654258027afd7c928561b83494a45e3aff23d7ac7ce926d2bceac1ffe030175?s=96&d=mm&r=g\",\"caption\":\"Pedro Ara\u00fajo\"},\"logo\":{\"@id\":\"https:\\\/\\\/secure.gravatar.com\\\/avatar\\\/d654258027afd7c928561b83494a45e3aff23d7ac7ce926d2bceac1ffe030175?s=96&d=mm&r=g\"},\"description\":\"As informa\u00e7\u00f5es que traduzem as verdades dos fatos, sem ferir ou denegrir pessoas ou imagens. Como tamb\u00e9m, nunca procurando agradar aos maus feitores.\",\"sameAs\":[\"http:\\\/\\\/www.penoticias.com.br\",\"pedrovicentearaujo@hotmail.com\",\"@pedroafogados\",\"https:\\\/\\\/x.com\\\/pedromuela\",\"www.penoticias.com.br\"],\"url\":\"https:\\\/\\\/penoticias.com.br\\\/blog\\\/author\\\/pedro\\\/\"}]}<\/script>\n<!-- \/ Yoast SEO plugin. -->","yoast_head_json":{"title":"Terreno do senador Jaques Wagner (PT), valorizou 115 vezes ap\u00f3s rodovia projetada no governo dele - PE Not\u00edcias","robots":{"index":"index","follow":"follow","max-snippet":"max-snippet:-1","max-image-preview":"max-image-preview:large","max-video-preview":"max-video-preview:-1"},"canonical":"https:\/\/penoticias.com.br\/blog\/terreno-do-senador-jaques-wagner-pt-valorizou-115-vezes-apos-rodovia-projetada-no-governo-dele\/","og_locale":"pt_BR","og_type":"article","og_title":"Terreno do senador Jaques Wagner (PT), valorizou 115 vezes ap\u00f3s rodovia projetada no governo dele - PE Not\u00edcias","og_description":"Folha de S.Paulo O terreno que o senador Jaques Wagner (PT) vendeu por R$ 15 milh\u00f5es fica nas margens da Via Metropolitana, rodovia criada para ser um eixo de expans\u00e3o da Grande Salvador e que foi contratada na gest\u00e3o do pr\u00f3prio Jaques Wagner. Ele governou a Bahia de 2007 a 2014. Documentos apontam que o ... Ler mais","og_url":"https:\/\/penoticias.com.br\/blog\/terreno-do-senador-jaques-wagner-pt-valorizou-115-vezes-apos-rodovia-projetada-no-governo-dele\/","og_site_name":"PE Not\u00edcias","article_publisher":"pedrovicentearaujo@hotmail.com","article_author":"pedrovicentearaujo@hotmail.com","article_published_time":"2026-07-24T09:45:50+00:00","og_image":[{"url":"https:\/\/f.i.uol.com.br\/fotografia\/2026\/07\/22\/17847641316a6156e3e3124_1784764131_3x2_xs.jpg","type":"","width":"","height":""}],"author":"Pedro Ara\u00fajo","twitter_card":"summary_large_image","twitter_creator":"@pedromuela","twitter_site":"@pedromuela","twitter_misc":{"Escrito por":"Pedro Ara\u00fajo","Est. tempo de leitura":"7 minutos"},"schema":{"@context":"https:\/\/schema.org","@graph":[{"@type":"Article","@id":"https:\/\/penoticias.com.br\/blog\/terreno-do-senador-jaques-wagner-pt-valorizou-115-vezes-apos-rodovia-projetada-no-governo-dele\/#article","isPartOf":{"@id":"https:\/\/penoticias.com.br\/blog\/terreno-do-senador-jaques-wagner-pt-valorizou-115-vezes-apos-rodovia-projetada-no-governo-dele\/"},"author":{"name":"Pedro Ara\u00fajo","@id":"https:\/\/penoticias.com.br\/blog\/#\/schema\/person\/13ea60669d2351f129ef3657907f1432"},"headline":"Terreno do senador Jaques Wagner (PT), valorizou 115 vezes ap\u00f3s rodovia projetada no governo dele","datePublished":"2026-07-24T09:45:50+00:00","mainEntityOfPage":{"@id":"https:\/\/penoticias.com.br\/blog\/terreno-do-senador-jaques-wagner-pt-valorizou-115-vezes-apos-rodovia-projetada-no-governo-dele\/"},"wordCount":1142,"publisher":{"@id":"https:\/\/penoticias.com.br\/blog\/#\/schema\/person\/13ea60669d2351f129ef3657907f1432"},"image":{"@id":"https:\/\/penoticias.com.br\/blog\/terreno-do-senador-jaques-wagner-pt-valorizou-115-vezes-apos-rodovia-projetada-no-governo-dele\/#primaryimage"},"thumbnailUrl":"https:\/\/f.i.uol.com.br\/fotografia\/2026\/07\/22\/17847641316a6156e3e3124_1784764131_3x2_xs.jpg","articleSection":["Pol\u00edtica"],"inLanguage":"pt-BR"},{"@type":"WebPage","@id":"https:\/\/penoticias.com.br\/blog\/terreno-do-senador-jaques-wagner-pt-valorizou-115-vezes-apos-rodovia-projetada-no-governo-dele\/","url":"https:\/\/penoticias.com.br\/blog\/terreno-do-senador-jaques-wagner-pt-valorizou-115-vezes-apos-rodovia-projetada-no-governo-dele\/","name":"Terreno do senador Jaques Wagner (PT), valorizou 115 vezes ap\u00f3s rodovia projetada no governo dele - PE Not\u00edcias","isPartOf":{"@id":"https:\/\/penoticias.com.br\/blog\/#website"},"primaryImageOfPage":{"@id":"https:\/\/penoticias.com.br\/blog\/terreno-do-senador-jaques-wagner-pt-valorizou-115-vezes-apos-rodovia-projetada-no-governo-dele\/#primaryimage"},"image":{"@id":"https:\/\/penoticias.com.br\/blog\/terreno-do-senador-jaques-wagner-pt-valorizou-115-vezes-apos-rodovia-projetada-no-governo-dele\/#primaryimage"},"thumbnailUrl":"https:\/\/f.i.uol.com.br\/fotografia\/2026\/07\/22\/17847641316a6156e3e3124_1784764131_3x2_xs.jpg","datePublished":"2026-07-24T09:45:50+00:00","breadcrumb":{"@id":"https:\/\/penoticias.com.br\/blog\/terreno-do-senador-jaques-wagner-pt-valorizou-115-vezes-apos-rodovia-projetada-no-governo-dele\/#breadcrumb"},"inLanguage":"pt-BR","potentialAction":[{"@type":"ReadAction","target":["https:\/\/penoticias.com.br\/blog\/terreno-do-senador-jaques-wagner-pt-valorizou-115-vezes-apos-rodovia-projetada-no-governo-dele\/"]}]},{"@type":"ImageObject","inLanguage":"pt-BR","@id":"https:\/\/penoticias.com.br\/blog\/terreno-do-senador-jaques-wagner-pt-valorizou-115-vezes-apos-rodovia-projetada-no-governo-dele\/#primaryimage","url":"https:\/\/f.i.uol.com.br\/fotografia\/2026\/07\/22\/17847641316a6156e3e3124_1784764131_3x2_xs.jpg","contentUrl":"https:\/\/f.i.uol.com.br\/fotografia\/2026\/07\/22\/17847641316a6156e3e3124_1784764131_3x2_xs.jpg"},{"@type":"BreadcrumbList","@id":"https:\/\/penoticias.com.br\/blog\/terreno-do-senador-jaques-wagner-pt-valorizou-115-vezes-apos-rodovia-projetada-no-governo-dele\/#breadcrumb","itemListElement":[{"@type":"ListItem","position":1,"name":"In\u00edcio","item":"https:\/\/penoticias.com.br\/blog\/"},{"@type":"ListItem","position":2,"name":"Terreno do senador Jaques Wagner (PT), valorizou 115 vezes ap\u00f3s rodovia projetada no governo dele"}]},{"@type":"WebSite","@id":"https:\/\/penoticias.com.br\/blog\/#website","url":"https:\/\/penoticias.com.br\/blog\/","name":"PE Not\u00edcias","description":"Voc\u00ea no Mundo da Informa\u00e7\u00e3o.","publisher":{"@id":"https:\/\/penoticias.com.br\/blog\/#\/schema\/person\/13ea60669d2351f129ef3657907f1432"},"potentialAction":[{"@type":"SearchAction","target":{"@type":"EntryPoint","urlTemplate":"https:\/\/penoticias.com.br\/blog\/?s={search_term_string}"},"query-input":{"@type":"PropertyValueSpecification","valueRequired":true,"valueName":"search_term_string"}}],"inLanguage":"pt-BR"},{"@type":["Person","Organization"],"@id":"https:\/\/penoticias.com.br\/blog\/#\/schema\/person\/13ea60669d2351f129ef3657907f1432","name":"Pedro Ara\u00fajo","image":{"@type":"ImageObject","inLanguage":"pt-BR","@id":"https:\/\/secure.gravatar.com\/avatar\/d654258027afd7c928561b83494a45e3aff23d7ac7ce926d2bceac1ffe030175?s=96&d=mm&r=g","url":"https:\/\/secure.gravatar.com\/avatar\/d654258027afd7c928561b83494a45e3aff23d7ac7ce926d2bceac1ffe030175?s=96&d=mm&r=g","contentUrl":"https:\/\/secure.gravatar.com\/avatar\/d654258027afd7c928561b83494a45e3aff23d7ac7ce926d2bceac1ffe030175?s=96&d=mm&r=g","caption":"Pedro Ara\u00fajo"},"logo":{"@id":"https:\/\/secure.gravatar.com\/avatar\/d654258027afd7c928561b83494a45e3aff23d7ac7ce926d2bceac1ffe030175?s=96&d=mm&r=g"},"description":"As informa\u00e7\u00f5es que traduzem as verdades dos fatos, sem ferir ou denegrir pessoas ou imagens. Como tamb\u00e9m, nunca procurando agradar aos maus feitores.","sameAs":["http:\/\/www.penoticias.com.br","pedrovicentearaujo@hotmail.com","@pedroafogados","https:\/\/x.com\/pedromuela","www.penoticias.com.br"],"url":"https:\/\/penoticias.com.br\/blog\/author\/pedro\/"}]}},"_links":{"self":[{"href":"https:\/\/penoticias.com.br\/blog\/wp-json\/wp\/v2\/posts\/224038","targetHints":{"allow":["GET"]}}],"collection":[{"href":"https:\/\/penoticias.com.br\/blog\/wp-json\/wp\/v2\/posts"}],"about":[{"href":"https:\/\/penoticias.com.br\/blog\/wp-json\/wp\/v2\/types\/post"}],"author":[{"embeddable":true,"href":"https:\/\/penoticias.com.br\/blog\/wp-json\/wp\/v2\/users\/2"}],"replies":[{"embeddable":true,"href":"https:\/\/penoticias.com.br\/blog\/wp-json\/wp\/v2\/comments?post=224038"}],"version-history":[{"count":1,"href":"https:\/\/penoticias.com.br\/blog\/wp-json\/wp\/v2\/posts\/224038\/revisions"}],"predecessor-version":[{"id":224039,"href":"https:\/\/penoticias.com.br\/blog\/wp-json\/wp\/v2\/posts\/224038\/revisions\/224039"}],"wp:attachment":[{"href":"https:\/\/penoticias.com.br\/blog\/wp-json\/wp\/v2\/media?parent=224038"}],"wp:term":[{"taxonomy":"category","embeddable":true,"href":"https:\/\/penoticias.com.br\/blog\/wp-json\/wp\/v2\/categories?post=224038"},{"taxonomy":"post_tag","embeddable":true,"href":"https:\/\/penoticias.com.br\/blog\/wp-json\/wp\/v2\/tags?post=224038"}],"curies":[{"name":"wp","href":"https:\/\/api.w.org\/{rel}","templated":true}]}}