{"id":224523,"date":"2026-07-29T15:45:34","date_gmt":"2026-07-29T18:45:34","guid":{"rendered":"https:\/\/penoticias.com.br\/blog\/?p=224523"},"modified":"2026-07-29T08:21:36","modified_gmt":"2026-07-29T11:21:36","slug":"apac-espera-chuvas-abaixo-e-temperaturas-acima-da-media-no-proximo-trimestre-em-pernambuco","status":"publish","type":"post","link":"https:\/\/penoticias.com.br\/blog\/apac-espera-chuvas-abaixo-e-temperaturas-acima-da-media-no-proximo-trimestre-em-pernambuco\/","title":{"rendered":"Apac espera chuvas abaixo e temperaturas acima da m\u00e9dia no pr\u00f3ximo trimestre em Pernambuco"},"content":{"rendered":"<p style=\"text-align: center;\"><img fetchpriority=\"high\" decoding=\"async\" class=\"alignnone wp-image-222825 \" src=\"https:\/\/penoticias.com.br\/blog\/wp-content\/uploads\/2026\/07\/Tempo.jpg\" alt=\"\" width=\"631\" height=\"346\" srcset=\"https:\/\/penoticias.com.br\/blog\/wp-content\/uploads\/2026\/07\/Tempo.jpg 748w, https:\/\/penoticias.com.br\/blog\/wp-content\/uploads\/2026\/07\/Tempo-300x164.jpg 300w\" sizes=\"(max-width: 631px) 100vw, 631px\" \/><\/p>\n<p>O trimestre que come\u00e7a em agosto deve ter chuvas abaixo do esperado na por\u00e7\u00e3o leste de Pernambuco, que abrange a Regi\u00e3o Metropolitana do Recife, a Zona da Mata e o Agreste. \u00c9 o que diz informe da Ag\u00eancia Pernambucana de \u00c1guas e Clima (Apac) sobre a previs\u00e3o clim\u00e1tica para os tr\u00eas\u00a0pr\u00f3ximos meses.<\/p>\n<p>A previs\u00e3o da Apac mostra que\u00a0agosto marca\u00a0o encerramento do per\u00edodo chuvoso na maior parte do\u00a0estado.<\/p>\n<p>De acordo com a\u00a0meteorologista da Apac Edv\u00e2nia Santos, poder\u00e3o\u00a0ocorrer nos pr\u00f3ximos tr\u00eas meses\u00a0pancadas de chuvas isoladas de intensidade moderada a forte, concentradas em poucos dias, especialmente no litoral do estado.<\/p>\n<p><strong>M\u00eas a m\u00eas<\/strong><\/p>\n<p>Para agosto, \u00e9 esperada uma m\u00e9dia de precipita\u00e7\u00e3o de 176,9 mil\u00edmetros para a RMR. Na Zona da Mata, est\u00e3o previstos 112,4 mm. No Agreste, deve chover 58,5 mm.<\/p>\n<p>O Sert\u00e3o tem o menor n\u00edvel, com previs\u00e3o de apenas 11,6 mil\u00edmetros. J\u00e1 o Arquip\u00e9lago de Fernando de Noronha deve acumular 60,6 mm.<\/p>\n<p>Em setembro, o valor m\u00e9dio da precipita\u00e7\u00e3o cai em\u00a0todas as regi\u00f5es. Na Regi\u00e3o Metropolitana, deve chover por volta de 102 mm. J\u00e1 na Zona da Mata, o levantamento mostra um valor m\u00e9dio de 60 mil\u00edmetros.<\/p>\n<p>&#8220;A partir de setembro, inicia-se o per\u00edodo seco no setor leste pernambucano, quando as chuvas passam a ser, naturalmente, escassas&#8221;, diz Edv\u00e2nia.<\/p>\n<p>O Agreste deve registrar cerca de 33 mil\u00edmetros, enquanto o Sert\u00e3o e Fernando de Noronha marcam 9 e 26,3 mm, respectivamente.<\/p>\n<p>J\u00e1 no m\u00eas de outubro, deve chover ainda menos no estado. Na\u00a0RMR, s\u00e3o esperados 50 mm de chuva, enquanto na\u00a0Zona da Mata 28 mil\u00edmetros.<\/p>\n<p>No Agreste e no Sert\u00e3o, est\u00e3o\u00a0previstos 18 e 12 mm, respectivamente.\u00a0A previs\u00e3o para Fernando de Noronha despenca e marca apenas 9 mil\u00edmetros de precipita\u00e7\u00e3o para o m\u00eas.<\/p>\n<p>Tamb\u00e9m\u00a0\u00e9 esperado que as temperaturas m\u00e1ximas superem a climatologia em Pernambuco entre os meses de agosto e outubro, segundo a Apac.<\/p>\n<p><strong>El Ni\u00f1o: impactos no estado<\/strong><!--more--><\/p>\n<p>O fen\u00f4meno El Ni\u00f1o deve se intensificar j\u00e1 nas pr\u00f3ximas semanas. A previs\u00e3o \u00e9 de que ele deve evoluir e se estabelecer como um evento forte e, posteriormente, para muito forte a partir de outubro.<\/p>\n<p>Segundo\u00a0a\u00a0meteorologista da Apac Edv\u00e2nia Santos, os impactos do\u00a0El Ni\u00f1o ainda n\u00e3o est\u00e3o plenamente evidentes em Pernambuco.<\/p>\n<p>&#8220;Os impactos sobre Pernambuco tendem a ocorrer de forma gradual e modulada pelas condi\u00e7\u00f5es do Atl\u00e2ntico Tropical e por outros modos de variabilidade clim\u00e1tica&#8221;, explica\u00a0a especialista.<\/p>\n<p>Em junho e neste m\u00eas de julho, as\u00a0precipita\u00e7\u00f5es atingiram um n\u00edvel abaixo da m\u00e9dia. No entanto, Edv\u00e2nia explica que a redu\u00e7\u00e3o das chuvas n\u00e3o pode ser atribu\u00edda diretamente com o fen\u00f4meno.<\/p>\n<p>&#8220;Durante esse per\u00edodo, as condi\u00e7\u00f5es do Atl\u00e2ntico Tropical tamb\u00e9m desempenharam papel importante. O resfriamento observado no Atl\u00e2ntico pr\u00f3ximo \u00e0 costa africana favoreceu condi\u00e7\u00f5es menos prop\u00edcias ao desenvolvimento dos Dist\u00farbios Ondulat\u00f3rios de Leste (DOLs), sistemas respons\u00e1veis por grande parte das chuvas do litoral leste do Nordeste durante o inverno, contribuindo para a redu\u00e7\u00e3o das precipita\u00e7\u00f5es&#8221;, afirma.<\/p>\n<p>Sobre as temperaturas, Edv\u00e2nia tamb\u00e9m explica que ainda n\u00e3o h\u00e1 um sinal claro dos efeitos do El Ni\u00f1o no estado.<\/p>\n<p>&#8220;As temperaturas m\u00ednimas registradas durante julho permanecem compat\u00edveis com a climatologia da esta\u00e7\u00e3o, com valores pr\u00f3ximos de 14 \u00b0C em munic\u00edpios como Triunfo, Sert\u00e2nia e Venturosa, evidenciando condi\u00e7\u00f5es t\u00edpicas do inverno pernambucano. Dessa forma, at\u00e9 o momento, n\u00e3o se observa um aquecimento generalizado que possa ser atribu\u00eddo diretamente ao fen\u00f4meno&#8221;, detalha a porta-voz da Apac.<\/p>\n","protected":false},"excerpt":{"rendered":"<p>O trimestre que come\u00e7a em agosto deve ter chuvas abaixo do esperado na por\u00e7\u00e3o leste de Pernambuco, que abrange a Regi\u00e3o Metropolitana do Recife, a Zona da Mata e o Agreste. \u00c9 o que diz informe da Ag\u00eancia Pernambucana de \u00c1guas e Clima (Apac) sobre a previs\u00e3o clim\u00e1tica para os tr\u00eas\u00a0pr\u00f3ximos meses. A previs\u00e3o da &#8230; <a title=\"Apac espera chuvas abaixo e temperaturas acima da m\u00e9dia no pr\u00f3ximo trimestre em Pernambuco\" class=\"read-more\" href=\"https:\/\/penoticias.com.br\/blog\/apac-espera-chuvas-abaixo-e-temperaturas-acima-da-media-no-proximo-trimestre-em-pernambuco\/\" aria-label=\"Read more about Apac espera chuvas abaixo e temperaturas acima da m\u00e9dia no pr\u00f3ximo trimestre em Pernambuco\">Ler mais<\/a><\/p>\n<div class='heateorSssClear'><\/div><div  class='heateor_sss_sharing_container heateor_sss_horizontal_sharing' data-heateor-sss-href='https:\/\/penoticias.com.br\/blog\/apac-espera-chuvas-abaixo-e-temperaturas-acima-da-media-no-proximo-trimestre-em-pernambuco\/'><div class='heateor_sss_sharing_title' style=\"font-weight:bold\" ><\/div><div class=\"heateor_sss_sharing_ul\"><a aria-label=\"Facebook\" class=\"heateor_sss_facebook\" href=\"https:\/\/www.facebook.com\/sharer\/sharer.php?u=https%3A%2F%2Fpenoticias.com.br%2Fblog%2Fapac-espera-chuvas-abaixo-e-temperaturas-acima-da-media-no-proximo-trimestre-em-pernambuco%2F\" title=\"Facebook\" rel=\"nofollow noopener\" target=\"_blank\" style=\"font-size:32px!important;box-shadow:none;display:inline-block;vertical-align:middle\"><span class=\"heateor_sss_svg\" style=\"background-color:#0765FE;width:35px;height:35px;border-radius:999px;display:inline-block;opacity:1;float:left;font-size:32px;box-shadow:none;display:inline-block;font-size:16px;padding:0 4px;vertical-align:middle;background-repeat:repeat;overflow:hidden;padding:0;cursor:pointer;box-sizing:content-box\"><svg style=\"display:block;border-radius:999px;\" focusable=\"false\" aria-hidden=\"true\" xmlns=\"http:\/\/www.w3.org\/2000\/svg\" width=\"100%\" height=\"100%\" viewBox=\"0 0 32 32\"><path fill=\"#fff\" d=\"M28 16c0-6.627-5.373-12-12-12S4 9.373 4 16c0 5.628 3.875 10.35 9.101 11.647v-7.98h-2.474V16H13.1v-1.58c0-4.085 1.849-5.978 5.859-5.978.76 0 2.072.15 2.608.298v3.325c-.283-.03-.775-.045-1.386-.045-1.967 0-2.728.745-2.728 2.683V16h3.92l-.673 3.667h-3.247v8.245C23.395 27.195 28 22.135 28 16Z\"><\/path><\/svg><\/span><\/a><a aria-label=\"Twitter\" class=\"heateor_sss_button_twitter\" href=\"https:\/\/twitter.com\/intent\/tweet?text=Apac%20espera%20chuvas%20abaixo%20e%20temperaturas%20acima%20da%20m%C3%A9dia%20no%20pr%C3%B3ximo%20trimestre%20em%20Pernambuco&url=https%3A%2F%2Fpenoticias.com.br%2Fblog%2Fapac-espera-chuvas-abaixo-e-temperaturas-acima-da-media-no-proximo-trimestre-em-pernambuco%2F\" title=\"Twitter\" rel=\"nofollow noopener\" target=\"_blank\" style=\"font-size:32px!important;box-shadow:none;display:inline-block;vertical-align:middle\"><span class=\"heateor_sss_svg heateor_sss_s__default heateor_sss_s_twitter\" style=\"background-color:#55acee;width:35px;height:35px;border-radius:999px;display:inline-block;opacity:1;float:left;font-size:32px;box-shadow:none;display:inline-block;font-size:16px;padding:0 4px;vertical-align:middle;background-repeat:repeat;overflow:hidden;padding:0;cursor:pointer;box-sizing:content-box\"><svg style=\"display:block;border-radius:999px;\" focusable=\"false\" aria-hidden=\"true\" xmlns=\"http:\/\/www.w3.org\/2000\/svg\" width=\"100%\" height=\"100%\" viewBox=\"-4 -4 39 39\"><path d=\"M28 8.557a9.913 9.913 0 0 1-2.828.775 4.93 4.93 0 0 0 2.166-2.725 9.738 9.738 0 0 1-3.13 1.194 4.92 4.92 0 0 0-3.593-1.55 4.924 4.924 0 0 0-4.794 6.049c-4.09-.21-7.72-2.17-10.15-5.15a4.942 4.942 0 0 0-.665 2.477c0 1.71.87 3.214 2.19 4.1a4.968 4.968 0 0 1-2.23-.616v.06c0 2.39 1.7 4.38 3.952 4.83-.414.115-.85.174-1.297.174-.318 0-.626-.03-.928-.086a4.935 4.935 0 0 0 4.6 3.42 9.893 9.893 0 0 1-6.114 2.107c-.398 0-.79-.023-1.175-.068a13.953 13.953 0 0 0 7.55 2.213c9.056 0 14.01-7.507 14.01-14.013 0-.213-.005-.426-.015-.637.96-.695 1.795-1.56 2.455-2.55z\" fill=\"#fff\"><\/path><\/svg><\/span><\/a><a aria-label=\"Whatsapp\" class=\"heateor_sss_whatsapp\" href=\"https:\/\/api.whatsapp.com\/send?text=Apac%20espera%20chuvas%20abaixo%20e%20temperaturas%20acima%20da%20m%C3%A9dia%20no%20pr%C3%B3ximo%20trimestre%20em%20Pernambuco%20https%3A%2F%2Fpenoticias.com.br%2Fblog%2Fapac-espera-chuvas-abaixo-e-temperaturas-acima-da-media-no-proximo-trimestre-em-pernambuco%2F\" title=\"Whatsapp\" rel=\"nofollow noopener\" target=\"_blank\" style=\"font-size:32px!important;box-shadow:none;display:inline-block;vertical-align:middle\"><span class=\"heateor_sss_svg\" style=\"background-color:#55eb4c;width:35px;height:35px;border-radius:999px;display:inline-block;opacity:1;float:left;font-size:32px;box-shadow:none;display:inline-block;font-size:16px;padding:0 4px;vertical-align:middle;background-repeat:repeat;overflow:hidden;padding:0;cursor:pointer;box-sizing:content-box\"><svg style=\"display:block;border-radius:999px;\" focusable=\"false\" aria-hidden=\"true\" xmlns=\"http:\/\/www.w3.org\/2000\/svg\" width=\"100%\" height=\"100%\" viewBox=\"-6 -5 40 40\"><path class=\"heateor_sss_svg_stroke heateor_sss_no_fill\" stroke=\"#fff\" stroke-width=\"2\" fill=\"none\" d=\"M 11.579798566743314 24.396926207859085 A 10 10 0 1 0 6.808479557110079 20.73576436351046\"><\/path><path d=\"M 7 19 l -1 6 l 6 -1\" class=\"heateor_sss_no_fill heateor_sss_svg_stroke\" stroke=\"#fff\" stroke-width=\"2\" fill=\"none\"><\/path><path d=\"M 10 10 q -1 8 8 11 c 5 -1 0 -6 -1 -3 q -4 -3 -5 -5 c 4 -2 -1 -5 -1 -4\" fill=\"#fff\"><\/path><\/svg><\/span><\/a><a aria-label=\"Gmail\" class=\"heateor_sss_button_google_gmail\" href=\"https:\/\/mail.google.com\/mail\/?ui=2&view=cm&fs=1&tf=1&su=Apac%20espera%20chuvas%20abaixo%20e%20temperaturas%20acima%20da%20m%C3%A9dia%20no%20pr%C3%B3ximo%20trimestre%20em%20Pernambuco&body=Link:https%3A%2F%2Fpenoticias.com.br%2Fblog%2Fapac-espera-chuvas-abaixo-e-temperaturas-acima-da-media-no-proximo-trimestre-em-pernambuco%2F\" title=\"Google Gmail\" rel=\"nofollow noopener\" target=\"_blank\" style=\"font-size:32px!important;box-shadow:none;display:inline-block;vertical-align:middle\"><span class=\"heateor_sss_svg heateor_sss_s__default heateor_sss_s_Google_Gmail\" style=\"background-color:#e5e5e5;width:35px;height:35px;border-radius:999px;display:inline-block;opacity:1;float:left;font-size:32px;box-shadow:none;display:inline-block;font-size:16px;padding:0 4px;vertical-align:middle;background-repeat:repeat;overflow:hidden;padding:0;cursor:pointer;box-sizing:content-box\"><svg style=\"display:block;border-radius:999px;\" focusable=\"false\" aria-hidden=\"true\" xmlns=\"http:\/\/www.w3.org\/2000\/svg\" width=\"100%\" height=\"100%\" viewBox=\"0 0 32 32\"><path fill=\"#fff\" d=\"M2.902 6.223h26.195v19.554H2.902z\"><\/path><path fill=\"#E14C41\" class=\"heateor_sss_no_fill\" d=\"M2.902 25.777h26.195V6.223H2.902v19.554zm22.44-4.007v3.806H6.955v-3.6h.032l.093-.034 6.9-5.558 2.09 1.77 1.854-1.63 7.42 5.246zm0-.672l-7.027-4.917 7.028-6.09V21.1zm-1.17-14.67l-.947.905c-2.356 2.284-4.693 4.75-7.17 6.876l-.078.06L8.062 6.39l16.11.033zm-10.597 9.61l-6.62 5.294.016-10.914 6.607 5.62\"><\/path><\/svg><\/span><\/a><a aria-label=\"Instagram\" class=\"heateor_sss_button_instagram\" href=\"https:\/\/www.instagram.com\/\" title=\"Instagram\" rel=\"nofollow noopener\" target=\"_blank\" style=\"font-size:32px!important;box-shadow:none;display:inline-block;vertical-align:middle\"><span class=\"heateor_sss_svg\" style=\"background-color:#53beee;width:35px;height:35px;border-radius:999px;display:inline-block;opacity:1;float:left;font-size:32px;box-shadow:none;display:inline-block;font-size:16px;padding:0 4px;vertical-align:middle;background-repeat:repeat;overflow:hidden;padding:0;cursor:pointer;box-sizing:content-box\"><svg style=\"display:block;border-radius:999px;\" version=\"1.1\" viewBox=\"-10 -10 148 148\" width=\"100%\" height=\"100%\" xml:space=\"preserve\" xmlns=\"http:\/\/www.w3.org\/2000\/svg\" xmlns:xlink=\"http:\/\/www.w3.org\/1999\/xlink\"><g><g><path d=\"M86,112H42c-14.336,0-26-11.663-26-26V42c0-14.337,11.664-26,26-26h44c14.337,0,26,11.663,26,26v44 C112,100.337,100.337,112,86,112z M42,24c-9.925,0-18,8.074-18,18v44c0,9.925,8.075,18,18,18h44c9.926,0,18-8.075,18-18V42 c0-9.926-8.074-18-18-18H42z\" fill=\"#fff\"><\/path><\/g><g><path d=\"M64,88c-13.234,0-24-10.767-24-24c0-13.234,10.766-24,24-24s24,10.766,24,24C88,77.233,77.234,88,64,88z M64,48c-8.822,0-16,7.178-16,16s7.178,16,16,16c8.822,0,16-7.178,16-16S72.822,48,64,48z\" fill=\"#fff\"><\/path><\/g><g><circle cx=\"89.5\" cy=\"38.5\" fill=\"#fff\" r=\"5.5\"><\/circle><\/g><\/g><\/svg><\/span><\/a><a aria-label=\"Print\" class=\"heateor_sss_button_print\" href=\"https:\/\/penoticias.com.br\/blog\/apac-espera-chuvas-abaixo-e-temperaturas-acima-da-media-no-proximo-trimestre-em-pernambuco\/\" onclick=\"event.preventDefault();window.print()\" title=\"Print\" rel=\"noopener\" style=\"font-size:32px!important;box-shadow:none;display:inline-block;vertical-align:middle\"><span class=\"heateor_sss_svg heateor_sss_s__default heateor_sss_s_print\" style=\"background-color:#fd6500;width:35px;height:35px;border-radius:999px;display:inline-block;opacity:1;float:left;font-size:32px;box-shadow:none;display:inline-block;font-size:16px;padding:0 4px;vertical-align:middle;background-repeat:repeat;overflow:hidden;padding:0;cursor:pointer;box-sizing:content-box\"><svg style=\"display:block;border-radius:999px;\" focusable=\"false\" aria-hidden=\"true\" xmlns=\"http:\/\/www.w3.org\/2000\/svg\" width=\"100%\" height=\"100%\" viewBox=\"-2.8 -4.5 35 35\"><path stroke=\"#fff\" class=\"heateor_sss_svg_stroke\" d=\"M 7 10 h 2 v 3 h 12 v -3 h 2 v 7 h -2 v -3 h -12 v 3 h -2 z\" stroke-width=\"1\" fill=\"#fff\"><\/path><rect class=\"heateor_sss_no_fill heateor_sss_svg_stroke\" stroke=\"#fff\" stroke-width=\"1.8\" height=\"7\" width=\"10\" x=\"10\" y=\"5\" fill=\"none\"><\/rect><rect class=\"heateor_sss_svg_stroke\" stroke=\"#fff\" stroke-width=\"1\" height=\"5\" width=\"8\" x=\"11\" y=\"16\" fill=\"#fff\"><\/rect><\/svg><\/span><\/a><a class=\"heateor_sss_more\" aria-label=\"More\" title=\"More\" rel=\"nofollow noopener\" style=\"font-size: 32px!important;border:0;box-shadow:none;display:inline-block!important;font-size:16px;padding:0 4px;vertical-align: middle;display:inline;\" href=\"https:\/\/penoticias.com.br\/blog\/apac-espera-chuvas-abaixo-e-temperaturas-acima-da-media-no-proximo-trimestre-em-pernambuco\/\" onclick=\"event.preventDefault()\"><span class=\"heateor_sss_svg\" style=\"background-color:#ee8e2d;width:35px;height:35px;border-radius:999px;display:inline-block!important;opacity:1;float:left;font-size:32px!important;box-shadow:none;display:inline-block;font-size:16px;padding:0 4px;vertical-align:middle;display:inline;background-repeat:repeat;overflow:hidden;padding:0;cursor:pointer;box-sizing:content-box;\" onclick=\"heateorSssMoreSharingPopup(this, 'https:\/\/penoticias.com.br\/blog\/apac-espera-chuvas-abaixo-e-temperaturas-acima-da-media-no-proximo-trimestre-em-pernambuco\/', 'Apac%20espera%20chuvas%20abaixo%20e%20temperaturas%20acima%20da%20m%C3%A9dia%20no%20pr%C3%B3ximo%20trimestre%20em%20Pernambuco', '' )\"><svg xmlns=\"http:\/\/www.w3.org\/2000\/svg\" xmlns:xlink=\"http:\/\/www.w3.org\/1999\/xlink\" viewBox=\"-.3 0 32 32\" version=\"1.1\" width=\"100%\" height=\"100%\" style=\"display:block;border-radius:999px;\" xml:space=\"preserve\"><g><path fill=\"#fff\" d=\"M18 14V8h-4v6H8v4h6v6h4v-6h6v-4h-6z\" fill-rule=\"evenodd\"><\/path><\/g><\/svg><\/span><\/a><\/div><div class=\"heateorSssClear\"><\/div><\/div><div class='heateorSssClear'><\/div>","protected":false},"author":2,"featured_media":0,"comment_status":"closed","ping_status":"closed","sticky":false,"template":"","format":"standard","meta":{"footnotes":""},"categories":[29],"tags":[],"class_list":["post-224523","post","type-post","status-publish","format-standard","hentry","category-clima-tempo"],"yoast_head":"<!-- This site is optimized with the Yoast SEO plugin v28.4 - https:\/\/yoast.com\/product\/yoast-seo-wordpress\/ -->\n<title>Apac espera chuvas abaixo e temperaturas acima da m\u00e9dia no pr\u00f3ximo trimestre em Pernambuco - PE Not\u00edcias<\/title>\n<meta name=\"robots\" content=\"index, follow, max-snippet:-1, max-image-preview:large, max-video-preview:-1\" \/>\n<link rel=\"canonical\" href=\"https:\/\/penoticias.com.br\/blog\/apac-espera-chuvas-abaixo-e-temperaturas-acima-da-media-no-proximo-trimestre-em-pernambuco\/\" \/>\n<meta property=\"og:locale\" content=\"pt_BR\" \/>\n<meta property=\"og:type\" content=\"article\" \/>\n<meta property=\"og:title\" content=\"Apac espera chuvas abaixo e temperaturas acima da m\u00e9dia no pr\u00f3ximo trimestre em Pernambuco - PE Not\u00edcias\" \/>\n<meta property=\"og:description\" content=\"O trimestre que come\u00e7a em agosto deve ter chuvas abaixo do esperado na por\u00e7\u00e3o leste de Pernambuco, que abrange a Regi\u00e3o Metropolitana do Recife, a Zona da Mata e o Agreste. \u00c9 o que diz informe da Ag\u00eancia Pernambucana de \u00c1guas e Clima (Apac) sobre a previs\u00e3o clim\u00e1tica para os tr\u00eas\u00a0pr\u00f3ximos meses. A previs\u00e3o da ... Ler mais\" \/>\n<meta property=\"og:url\" content=\"https:\/\/penoticias.com.br\/blog\/apac-espera-chuvas-abaixo-e-temperaturas-acima-da-media-no-proximo-trimestre-em-pernambuco\/\" \/>\n<meta property=\"og:site_name\" content=\"PE Not\u00edcias\" \/>\n<meta property=\"article:publisher\" content=\"pedrovicentearaujo@hotmail.com\" \/>\n<meta property=\"article:author\" content=\"pedrovicentearaujo@hotmail.com\" \/>\n<meta property=\"article:published_time\" content=\"2026-07-29T18:45:34+00:00\" \/>\n<meta property=\"og:image\" content=\"https:\/\/penoticias.com.br\/blog\/wp-content\/uploads\/2026\/07\/Tempo.jpg\" \/>\n\t<meta property=\"og:image:width\" content=\"748\" \/>\n\t<meta property=\"og:image:height\" content=\"410\" \/>\n\t<meta property=\"og:image:type\" content=\"image\/jpeg\" \/>\n<meta name=\"author\" content=\"Pedro Ara\u00fajo\" \/>\n<meta name=\"twitter:card\" content=\"summary_large_image\" \/>\n<meta name=\"twitter:creator\" content=\"@pedromuela\" \/>\n<meta name=\"twitter:site\" content=\"@pedromuela\" \/>\n<meta name=\"twitter:label1\" content=\"Escrito por\" \/>\n\t<meta name=\"twitter:data1\" content=\"Pedro Ara\u00fajo\" \/>\n\t<meta name=\"twitter:label2\" content=\"Est. tempo de leitura\" \/>\n\t<meta name=\"twitter:data2\" content=\"4 minutos\" \/>\n<script type=\"application\/ld+json\" class=\"yoast-schema-graph\">{\"@context\":\"https:\\\/\\\/schema.org\",\"@graph\":[{\"@type\":\"Article\",\"@id\":\"https:\\\/\\\/penoticias.com.br\\\/blog\\\/apac-espera-chuvas-abaixo-e-temperaturas-acima-da-media-no-proximo-trimestre-em-pernambuco\\\/#article\",\"isPartOf\":{\"@id\":\"https:\\\/\\\/penoticias.com.br\\\/blog\\\/apac-espera-chuvas-abaixo-e-temperaturas-acima-da-media-no-proximo-trimestre-em-pernambuco\\\/\"},\"author\":{\"name\":\"Pedro Ara\u00fajo\",\"@id\":\"https:\\\/\\\/penoticias.com.br\\\/blog\\\/#\\\/schema\\\/person\\\/13ea60669d2351f129ef3657907f1432\"},\"headline\":\"Apac espera chuvas abaixo e temperaturas acima da m\u00e9dia no pr\u00f3ximo trimestre em Pernambuco\",\"datePublished\":\"2026-07-29T18:45:34+00:00\",\"mainEntityOfPage\":{\"@id\":\"https:\\\/\\\/penoticias.com.br\\\/blog\\\/apac-espera-chuvas-abaixo-e-temperaturas-acima-da-media-no-proximo-trimestre-em-pernambuco\\\/\"},\"wordCount\":652,\"publisher\":{\"@id\":\"https:\\\/\\\/penoticias.com.br\\\/blog\\\/#\\\/schema\\\/person\\\/13ea60669d2351f129ef3657907f1432\"},\"image\":{\"@id\":\"https:\\\/\\\/penoticias.com.br\\\/blog\\\/apac-espera-chuvas-abaixo-e-temperaturas-acima-da-media-no-proximo-trimestre-em-pernambuco\\\/#primaryimage\"},\"thumbnailUrl\":\"https:\\\/\\\/penoticias.com.br\\\/blog\\\/wp-content\\\/uploads\\\/2026\\\/07\\\/Tempo.jpg\",\"articleSection\":[\"Clima Tempo\"],\"inLanguage\":\"pt-BR\"},{\"@type\":\"WebPage\",\"@id\":\"https:\\\/\\\/penoticias.com.br\\\/blog\\\/apac-espera-chuvas-abaixo-e-temperaturas-acima-da-media-no-proximo-trimestre-em-pernambuco\\\/\",\"url\":\"https:\\\/\\\/penoticias.com.br\\\/blog\\\/apac-espera-chuvas-abaixo-e-temperaturas-acima-da-media-no-proximo-trimestre-em-pernambuco\\\/\",\"name\":\"Apac espera chuvas abaixo e temperaturas acima da m\u00e9dia no pr\u00f3ximo trimestre em Pernambuco - PE Not\u00edcias\",\"isPartOf\":{\"@id\":\"https:\\\/\\\/penoticias.com.br\\\/blog\\\/#website\"},\"primaryImageOfPage\":{\"@id\":\"https:\\\/\\\/penoticias.com.br\\\/blog\\\/apac-espera-chuvas-abaixo-e-temperaturas-acima-da-media-no-proximo-trimestre-em-pernambuco\\\/#primaryimage\"},\"image\":{\"@id\":\"https:\\\/\\\/penoticias.com.br\\\/blog\\\/apac-espera-chuvas-abaixo-e-temperaturas-acima-da-media-no-proximo-trimestre-em-pernambuco\\\/#primaryimage\"},\"thumbnailUrl\":\"https:\\\/\\\/penoticias.com.br\\\/blog\\\/wp-content\\\/uploads\\\/2026\\\/07\\\/Tempo.jpg\",\"datePublished\":\"2026-07-29T18:45:34+00:00\",\"breadcrumb\":{\"@id\":\"https:\\\/\\\/penoticias.com.br\\\/blog\\\/apac-espera-chuvas-abaixo-e-temperaturas-acima-da-media-no-proximo-trimestre-em-pernambuco\\\/#breadcrumb\"},\"inLanguage\":\"pt-BR\",\"potentialAction\":[{\"@type\":\"ReadAction\",\"target\":[\"https:\\\/\\\/penoticias.com.br\\\/blog\\\/apac-espera-chuvas-abaixo-e-temperaturas-acima-da-media-no-proximo-trimestre-em-pernambuco\\\/\"]}]},{\"@type\":\"ImageObject\",\"inLanguage\":\"pt-BR\",\"@id\":\"https:\\\/\\\/penoticias.com.br\\\/blog\\\/apac-espera-chuvas-abaixo-e-temperaturas-acima-da-media-no-proximo-trimestre-em-pernambuco\\\/#primaryimage\",\"url\":\"https:\\\/\\\/penoticias.com.br\\\/blog\\\/wp-content\\\/uploads\\\/2026\\\/07\\\/Tempo.jpg\",\"contentUrl\":\"https:\\\/\\\/penoticias.com.br\\\/blog\\\/wp-content\\\/uploads\\\/2026\\\/07\\\/Tempo.jpg\",\"width\":748,\"height\":410},{\"@type\":\"BreadcrumbList\",\"@id\":\"https:\\\/\\\/penoticias.com.br\\\/blog\\\/apac-espera-chuvas-abaixo-e-temperaturas-acima-da-media-no-proximo-trimestre-em-pernambuco\\\/#breadcrumb\",\"itemListElement\":[{\"@type\":\"ListItem\",\"position\":1,\"name\":\"In\u00edcio\",\"item\":\"https:\\\/\\\/penoticias.com.br\\\/blog\\\/\"},{\"@type\":\"ListItem\",\"position\":2,\"name\":\"Apac espera chuvas abaixo e temperaturas acima da m\u00e9dia no pr\u00f3ximo trimestre em Pernambuco\"}]},{\"@type\":\"WebSite\",\"@id\":\"https:\\\/\\\/penoticias.com.br\\\/blog\\\/#website\",\"url\":\"https:\\\/\\\/penoticias.com.br\\\/blog\\\/\",\"name\":\"PE Not\u00edcias\",\"description\":\"Voc\u00ea no Mundo da Informa\u00e7\u00e3o.\",\"publisher\":{\"@id\":\"https:\\\/\\\/penoticias.com.br\\\/blog\\\/#\\\/schema\\\/person\\\/13ea60669d2351f129ef3657907f1432\"},\"potentialAction\":[{\"@type\":\"SearchAction\",\"target\":{\"@type\":\"EntryPoint\",\"urlTemplate\":\"https:\\\/\\\/penoticias.com.br\\\/blog\\\/?s={search_term_string}\"},\"query-input\":{\"@type\":\"PropertyValueSpecification\",\"valueRequired\":true,\"valueName\":\"search_term_string\"}}],\"inLanguage\":\"pt-BR\"},{\"@type\":[\"Person\",\"Organization\"],\"@id\":\"https:\\\/\\\/penoticias.com.br\\\/blog\\\/#\\\/schema\\\/person\\\/13ea60669d2351f129ef3657907f1432\",\"name\":\"Pedro Ara\u00fajo\",\"image\":{\"@type\":\"ImageObject\",\"inLanguage\":\"pt-BR\",\"@id\":\"https:\\\/\\\/secure.gravatar.com\\\/avatar\\\/d654258027afd7c928561b83494a45e3aff23d7ac7ce926d2bceac1ffe030175?s=96&d=mm&r=g\",\"url\":\"https:\\\/\\\/secure.gravatar.com\\\/avatar\\\/d654258027afd7c928561b83494a45e3aff23d7ac7ce926d2bceac1ffe030175?s=96&d=mm&r=g\",\"contentUrl\":\"https:\\\/\\\/secure.gravatar.com\\\/avatar\\\/d654258027afd7c928561b83494a45e3aff23d7ac7ce926d2bceac1ffe030175?s=96&d=mm&r=g\",\"caption\":\"Pedro Ara\u00fajo\"},\"logo\":{\"@id\":\"https:\\\/\\\/secure.gravatar.com\\\/avatar\\\/d654258027afd7c928561b83494a45e3aff23d7ac7ce926d2bceac1ffe030175?s=96&d=mm&r=g\"},\"description\":\"As informa\u00e7\u00f5es que traduzem as verdades dos fatos, sem ferir ou denegrir pessoas ou imagens. Como tamb\u00e9m, nunca procurando agradar aos maus feitores.\",\"sameAs\":[\"http:\\\/\\\/www.penoticias.com.br\",\"pedrovicentearaujo@hotmail.com\",\"@pedroafogados\",\"https:\\\/\\\/x.com\\\/pedromuela\",\"www.penoticias.com.br\"],\"url\":\"https:\\\/\\\/penoticias.com.br\\\/blog\\\/author\\\/pedro\\\/\"}]}<\/script>\n<!-- \/ Yoast SEO plugin. -->","yoast_head_json":{"title":"Apac espera chuvas abaixo e temperaturas acima da m\u00e9dia no pr\u00f3ximo trimestre em Pernambuco - PE Not\u00edcias","robots":{"index":"index","follow":"follow","max-snippet":"max-snippet:-1","max-image-preview":"max-image-preview:large","max-video-preview":"max-video-preview:-1"},"canonical":"https:\/\/penoticias.com.br\/blog\/apac-espera-chuvas-abaixo-e-temperaturas-acima-da-media-no-proximo-trimestre-em-pernambuco\/","og_locale":"pt_BR","og_type":"article","og_title":"Apac espera chuvas abaixo e temperaturas acima da m\u00e9dia no pr\u00f3ximo trimestre em Pernambuco - PE Not\u00edcias","og_description":"O trimestre que come\u00e7a em agosto deve ter chuvas abaixo do esperado na por\u00e7\u00e3o leste de Pernambuco, que abrange a Regi\u00e3o Metropolitana do Recife, a Zona da Mata e o Agreste. \u00c9 o que diz informe da Ag\u00eancia Pernambucana de \u00c1guas e Clima (Apac) sobre a previs\u00e3o clim\u00e1tica para os tr\u00eas\u00a0pr\u00f3ximos meses. A previs\u00e3o da ... Ler mais","og_url":"https:\/\/penoticias.com.br\/blog\/apac-espera-chuvas-abaixo-e-temperaturas-acima-da-media-no-proximo-trimestre-em-pernambuco\/","og_site_name":"PE Not\u00edcias","article_publisher":"pedrovicentearaujo@hotmail.com","article_author":"pedrovicentearaujo@hotmail.com","article_published_time":"2026-07-29T18:45:34+00:00","og_image":[{"width":748,"height":410,"url":"https:\/\/penoticias.com.br\/blog\/wp-content\/uploads\/2026\/07\/Tempo.jpg","type":"image\/jpeg"}],"author":"Pedro Ara\u00fajo","twitter_card":"summary_large_image","twitter_creator":"@pedromuela","twitter_site":"@pedromuela","twitter_misc":{"Escrito por":"Pedro Ara\u00fajo","Est. tempo de leitura":"4 minutos"},"schema":{"@context":"https:\/\/schema.org","@graph":[{"@type":"Article","@id":"https:\/\/penoticias.com.br\/blog\/apac-espera-chuvas-abaixo-e-temperaturas-acima-da-media-no-proximo-trimestre-em-pernambuco\/#article","isPartOf":{"@id":"https:\/\/penoticias.com.br\/blog\/apac-espera-chuvas-abaixo-e-temperaturas-acima-da-media-no-proximo-trimestre-em-pernambuco\/"},"author":{"name":"Pedro Ara\u00fajo","@id":"https:\/\/penoticias.com.br\/blog\/#\/schema\/person\/13ea60669d2351f129ef3657907f1432"},"headline":"Apac espera chuvas abaixo e temperaturas acima da m\u00e9dia no pr\u00f3ximo trimestre em Pernambuco","datePublished":"2026-07-29T18:45:34+00:00","mainEntityOfPage":{"@id":"https:\/\/penoticias.com.br\/blog\/apac-espera-chuvas-abaixo-e-temperaturas-acima-da-media-no-proximo-trimestre-em-pernambuco\/"},"wordCount":652,"publisher":{"@id":"https:\/\/penoticias.com.br\/blog\/#\/schema\/person\/13ea60669d2351f129ef3657907f1432"},"image":{"@id":"https:\/\/penoticias.com.br\/blog\/apac-espera-chuvas-abaixo-e-temperaturas-acima-da-media-no-proximo-trimestre-em-pernambuco\/#primaryimage"},"thumbnailUrl":"https:\/\/penoticias.com.br\/blog\/wp-content\/uploads\/2026\/07\/Tempo.jpg","articleSection":["Clima Tempo"],"inLanguage":"pt-BR"},{"@type":"WebPage","@id":"https:\/\/penoticias.com.br\/blog\/apac-espera-chuvas-abaixo-e-temperaturas-acima-da-media-no-proximo-trimestre-em-pernambuco\/","url":"https:\/\/penoticias.com.br\/blog\/apac-espera-chuvas-abaixo-e-temperaturas-acima-da-media-no-proximo-trimestre-em-pernambuco\/","name":"Apac espera chuvas abaixo e temperaturas acima da m\u00e9dia no pr\u00f3ximo trimestre em Pernambuco - PE Not\u00edcias","isPartOf":{"@id":"https:\/\/penoticias.com.br\/blog\/#website"},"primaryImageOfPage":{"@id":"https:\/\/penoticias.com.br\/blog\/apac-espera-chuvas-abaixo-e-temperaturas-acima-da-media-no-proximo-trimestre-em-pernambuco\/#primaryimage"},"image":{"@id":"https:\/\/penoticias.com.br\/blog\/apac-espera-chuvas-abaixo-e-temperaturas-acima-da-media-no-proximo-trimestre-em-pernambuco\/#primaryimage"},"thumbnailUrl":"https:\/\/penoticias.com.br\/blog\/wp-content\/uploads\/2026\/07\/Tempo.jpg","datePublished":"2026-07-29T18:45:34+00:00","breadcrumb":{"@id":"https:\/\/penoticias.com.br\/blog\/apac-espera-chuvas-abaixo-e-temperaturas-acima-da-media-no-proximo-trimestre-em-pernambuco\/#breadcrumb"},"inLanguage":"pt-BR","potentialAction":[{"@type":"ReadAction","target":["https:\/\/penoticias.com.br\/blog\/apac-espera-chuvas-abaixo-e-temperaturas-acima-da-media-no-proximo-trimestre-em-pernambuco\/"]}]},{"@type":"ImageObject","inLanguage":"pt-BR","@id":"https:\/\/penoticias.com.br\/blog\/apac-espera-chuvas-abaixo-e-temperaturas-acima-da-media-no-proximo-trimestre-em-pernambuco\/#primaryimage","url":"https:\/\/penoticias.com.br\/blog\/wp-content\/uploads\/2026\/07\/Tempo.jpg","contentUrl":"https:\/\/penoticias.com.br\/blog\/wp-content\/uploads\/2026\/07\/Tempo.jpg","width":748,"height":410},{"@type":"BreadcrumbList","@id":"https:\/\/penoticias.com.br\/blog\/apac-espera-chuvas-abaixo-e-temperaturas-acima-da-media-no-proximo-trimestre-em-pernambuco\/#breadcrumb","itemListElement":[{"@type":"ListItem","position":1,"name":"In\u00edcio","item":"https:\/\/penoticias.com.br\/blog\/"},{"@type":"ListItem","position":2,"name":"Apac espera chuvas abaixo e temperaturas acima da m\u00e9dia no pr\u00f3ximo trimestre em Pernambuco"}]},{"@type":"WebSite","@id":"https:\/\/penoticias.com.br\/blog\/#website","url":"https:\/\/penoticias.com.br\/blog\/","name":"PE Not\u00edcias","description":"Voc\u00ea no Mundo da Informa\u00e7\u00e3o.","publisher":{"@id":"https:\/\/penoticias.com.br\/blog\/#\/schema\/person\/13ea60669d2351f129ef3657907f1432"},"potentialAction":[{"@type":"SearchAction","target":{"@type":"EntryPoint","urlTemplate":"https:\/\/penoticias.com.br\/blog\/?s={search_term_string}"},"query-input":{"@type":"PropertyValueSpecification","valueRequired":true,"valueName":"search_term_string"}}],"inLanguage":"pt-BR"},{"@type":["Person","Organization"],"@id":"https:\/\/penoticias.com.br\/blog\/#\/schema\/person\/13ea60669d2351f129ef3657907f1432","name":"Pedro Ara\u00fajo","image":{"@type":"ImageObject","inLanguage":"pt-BR","@id":"https:\/\/secure.gravatar.com\/avatar\/d654258027afd7c928561b83494a45e3aff23d7ac7ce926d2bceac1ffe030175?s=96&d=mm&r=g","url":"https:\/\/secure.gravatar.com\/avatar\/d654258027afd7c928561b83494a45e3aff23d7ac7ce926d2bceac1ffe030175?s=96&d=mm&r=g","contentUrl":"https:\/\/secure.gravatar.com\/avatar\/d654258027afd7c928561b83494a45e3aff23d7ac7ce926d2bceac1ffe030175?s=96&d=mm&r=g","caption":"Pedro Ara\u00fajo"},"logo":{"@id":"https:\/\/secure.gravatar.com\/avatar\/d654258027afd7c928561b83494a45e3aff23d7ac7ce926d2bceac1ffe030175?s=96&d=mm&r=g"},"description":"As informa\u00e7\u00f5es que traduzem as verdades dos fatos, sem ferir ou denegrir pessoas ou imagens. Como tamb\u00e9m, nunca procurando agradar aos maus feitores.","sameAs":["http:\/\/www.penoticias.com.br","pedrovicentearaujo@hotmail.com","@pedroafogados","https:\/\/x.com\/pedromuela","www.penoticias.com.br"],"url":"https:\/\/penoticias.com.br\/blog\/author\/pedro\/"}]}},"_links":{"self":[{"href":"https:\/\/penoticias.com.br\/blog\/wp-json\/wp\/v2\/posts\/224523","targetHints":{"allow":["GET"]}}],"collection":[{"href":"https:\/\/penoticias.com.br\/blog\/wp-json\/wp\/v2\/posts"}],"about":[{"href":"https:\/\/penoticias.com.br\/blog\/wp-json\/wp\/v2\/types\/post"}],"author":[{"embeddable":true,"href":"https:\/\/penoticias.com.br\/blog\/wp-json\/wp\/v2\/users\/2"}],"replies":[{"embeddable":true,"href":"https:\/\/penoticias.com.br\/blog\/wp-json\/wp\/v2\/comments?post=224523"}],"version-history":[{"count":1,"href":"https:\/\/penoticias.com.br\/blog\/wp-json\/wp\/v2\/posts\/224523\/revisions"}],"predecessor-version":[{"id":224524,"href":"https:\/\/penoticias.com.br\/blog\/wp-json\/wp\/v2\/posts\/224523\/revisions\/224524"}],"wp:attachment":[{"href":"https:\/\/penoticias.com.br\/blog\/wp-json\/wp\/v2\/media?parent=224523"}],"wp:term":[{"taxonomy":"category","embeddable":true,"href":"https:\/\/penoticias.com.br\/blog\/wp-json\/wp\/v2\/categories?post=224523"},{"taxonomy":"post_tag","embeddable":true,"href":"https:\/\/penoticias.com.br\/blog\/wp-json\/wp\/v2\/tags?post=224523"}],"curies":[{"name":"wp","href":"https:\/\/api.w.org\/{rel}","templated":true}]}}