{"id":225287,"date":"2026-08-06T00:05:54","date_gmt":"2026-08-06T03:05:54","guid":{"rendered":"https:\/\/penoticias.com.br\/blog\/?p=225287"},"modified":"2026-08-05T16:07:48","modified_gmt":"2026-08-05T19:07:48","slug":"escolha-de-vice-de-flavio-bolsonaro-pega-integrantes-da-campanha-de-surpresa-e-desagrada-aliados","status":"publish","type":"post","link":"https:\/\/penoticias.com.br\/blog\/escolha-de-vice-de-flavio-bolsonaro-pega-integrantes-da-campanha-de-surpresa-e-desagrada-aliados\/","title":{"rendered":"Escolha de vice de Fl\u00e1vio Bolsonaro pega integrantes da campanha de surpresa e desagrada aliados"},"content":{"rendered":"<p style=\"text-align: center;\"><img fetchpriority=\"high\" decoding=\"async\" class=\"\" src=\"https:\/\/www.estadao.com.br\/resizer\/v2\/JXVT4IQDXJE77BEAXAW2QY77Z4.JPG?quality=80&amp;auth=3b3e5eadc7699443e95276c1c93dbabd2a2598f1d1628f6284543ffeee3b7ebc&amp;width=347&amp;height=195&amp;smart=true\" alt=\"https:\/\/www.estadao.com.br\/resizer\/v2\/JXVT4IQDXJE77BEAXAW2QY77Z4.JPG?quality=80&amp;auth=3b3e5eadc7699443e95276c1c93dbabd2a2598f1d1628f6284543ffeee3b7ebc&amp;width=347&amp;height=195&amp;smart=true\" width=\"642\" height=\"361\" \/><\/p>\n<p><span style=\"font-size: 8pt;\"><em>Estad\u00e3o<\/em><\/span><\/p>\n<p>A escolha de Alfredo Gaspar como vice na chapa de Fl\u00e1vio Bolsonaro gerou descontentamento na campanha, que esperava uma mulher no posto. Gaspar enfrenta acusa\u00e7\u00f5es de estupro e irregularidades financeiras, o que advers\u00e1rios exploram. Fl\u00e1vio tentou outras op\u00e7\u00f5es femininas, mas enfrentou neutralidade de partidos. A escolha de Gaspar \u00e9 vista como desfavor\u00e1vel para atrair eleitores de centro, crucial para a candidatura de Fl\u00e1vio, que busca se reposicionar como moderado.<\/p>\n<p>A escolha do deputado federal Alfredo Gaspar (PL-AL), como candidato a vice-presidente na chapa de Fl\u00e1vio Bolsonaro (PL-RJ), desagradou integrantes da pr\u00f3pria campanha do senador, que dizem, reservadamente, terem sido pegos de surpresa com a decis\u00e3o.<\/p>\n<p>O deputado federal Lindbergh Farias (PT-RJ), e a senadora Soraya Thronicke (Podemos-MS) apresentaram uma not\u00edcia-crime contra o alagoano, o acusando de ter estuprado, oito anos atr\u00e1s, uma adolescente de 13 anos, que teria engravidado. Alfredo, no entanto, nega. A not\u00edcia-crime \u00e9 usado para levar uma den\u00fancia ao Minist\u00e9rio P\u00fablico ou \u00e0 Pol\u00edcia Federal (PF). A partir desse registro, as autoridades decidem se h\u00e1 elementos para abrir formalmente um inqu\u00e9rito.<\/p>\n<p>O caso tramita sob sigilo. O Estad\u00e3o apurou que a PF pediu autoriza\u00e7\u00e3o ao Supremo Tribunal Federal (STF), para abrir um inqu\u00e9rito e investigar a den\u00fancia. Relator do procedimento, o ministro Gilmar Mendes solicitou uma manifesta\u00e7\u00e3o da Procuradoria-Geral da Rep\u00fablica antes de decidir sobre o pedido. Desde ent\u00e3o, n\u00e3o houve novo andamento no processo.<\/p>\n<p>Al\u00e9m do inqu\u00e9rito, o deputado tamb\u00e9m \u00e9 alvo de investiga\u00e7\u00e3o no Tribunal de Contas da Uni\u00e3o (TCU) por irregularidades no envio e execu\u00e7\u00e3o de uma emenda Pix de cerca de R$ 6,3 milh\u00f5es indicada por ele ao munic\u00edpio de S\u00e3o Jos\u00e9 da Laje, em Alagoas. T\u00e9cnicos do tribunal identificaram que a prefeitura transferiu recursos da conta espec\u00edfica da emenda para outras contas municipais, o que prejudicou a rastreabilidade do dinheiro, al\u00e9m de n\u00e3o ter apresentado o relat\u00f3rio de gest\u00e3o exigido. Quando a investiga\u00e7\u00e3o foi aberta, ele negou irregularidades.<\/p>\n<p>Entre aliados de Fl\u00e1vio Bolsonaro, incluindo integrantes da campanha, prevalece a avalia\u00e7\u00e3o de que os dois casos devem ser amplamente explorados pelos advers\u00e1rios de Fl\u00e1vio na disputa presidencial.<\/p>\n<p>Um interlocutor pr\u00f3ximo afirmou do senador que a escolha \u00e9 \u201cquestion\u00e1vel\u201d, principalmente considerando a expectativa de ter uma vice mulher. Outro, tamb\u00e9m sob reserva, disse que o nome de Gaspar \u00e9 \u201cp\u00e9ssimo\u201d e que, al\u00e9m das acusa\u00e7\u00f5es, n\u00e3o agrega votos a Fl\u00e1vio. Um outro integrante da campanha disse n\u00e3o ter compreendido a decis\u00e3o.<\/p>\n<p>Os que defendem a escolha justificam que Gaspar \u00e9 um nome ligado \u00e0 pauta da seguran\u00e7a p\u00fablica, ele foi secret\u00e1rio de Seguran\u00e7a P\u00fablica de Alagoas, e com atua\u00e7\u00e3o combativa na CPMI do INSS, onde, na condi\u00e7\u00e3o de relator, pediu a pris\u00e3o preventiva do empres\u00e1rio Fabio Luis da Silva, o Lulinha, filho mais velho do presidente Luis In\u00e1cio Lula da Silva (PT).<!--more--><\/p>\n<p>Nos bastidores, integrantes da campanha afirmam que a escolha de Alfredo Gaspar pegou parte do grupo de surpresa. A expectativa era pela indica\u00e7\u00e3o de uma mulher e, diante das sucessivas dificuldades para atrair nomes de outras legendas, integrantes da campanha passaram a considerar op\u00e7\u00f5es do pr\u00f3prio PL, como as deputadas J\u00falia Zanatta e Bia Kicis. A avalia\u00e7\u00e3o era que uma composi\u00e7\u00e3o feminina ajudaria a reduzir a resist\u00eancia \u00e0 candidatura de Fl\u00e1vio Bolsonaro entre as eleitoras, especialmente ap\u00f3s a crise envolvendo a ex-primeira-dama Michelle Bolsonaro.<\/p>\n<p>Na \u00faltima sexta-feira, Fl\u00e1vio chegou a convidar a senadora Tereza Cristina (PP-MS) para ser sua companheira de chapa. A parlamentar aceitou o convite, mas a composi\u00e7\u00e3o esbarrou na decis\u00e3o do PP de manter a neutralidade na disputa presidencial. Na sequ\u00eancia, o Uni\u00e3o Brasil, que forma uma federa\u00e7\u00e3o com o Progressistas, tamb\u00e9m confirmou que n\u00e3o apoiaria formalmente nenhum candidato ao Pal\u00e1cio do Planalto.<\/p>\n<p>No in\u00edcio desta semana, a campanha ainda tentou viabilizar o nome da ex-presidente da Caixa Daniella Marques, filiada ao Republicanos. O presidente da legenda, deputado Marcos Pereira, por\u00e9m, anunciou que o partido permaneceria neutro na elei\u00e7\u00e3o presidencial.<\/p>\n<p>Diante dos impasses, uma ala do entorno de Fl\u00e1vio passou a defender, como \u00faltima alternativa, o nome da presidente do Podemos, deputada Renata Abreu (SP). A possibilidade tamb\u00e9m n\u00e3o avan\u00e7ou, depois de a legenda decidir pela neutralidade na disputa.<\/p>\n<p>Outro ponto levantado como negativo \u00e9 que a escolha de Gaspar pouco contribui para a estrat\u00e9gia tra\u00e7ada no in\u00edcio da pr\u00e9-campanha de apresentar Fl\u00e1vio como um nome moderado e mais palat\u00e1vel ao eleitorado independente, considerado decisivo nestas elei\u00e7\u00f5es.<\/p>\n<p>A leitura nos bastidores \u00e9 que o senador precisa ganhar f\u00f4lego entre eleitores de centro e de centro-direita, o que favoreceria a indica\u00e7\u00e3o de um vice de perfil menos ideol\u00f3gico e com maior capacidade de ampliar a candidatura para al\u00e9m do p\u00fablico j\u00e1 pr\u00f3ximo ao bolsonarismo. Para esse grupo, Gaspar n\u00e3o re\u00fane essas caracter\u00edsticas e acrescenta pouco ao esfor\u00e7o de reposicionamento de Fl\u00e1vio.<\/p>\n","protected":false},"excerpt":{"rendered":"<p>Estad\u00e3o A escolha de Alfredo Gaspar como vice na chapa de Fl\u00e1vio Bolsonaro gerou descontentamento na campanha, que esperava uma mulher no posto. Gaspar enfrenta acusa\u00e7\u00f5es de estupro e irregularidades financeiras, o que advers\u00e1rios exploram. Fl\u00e1vio tentou outras op\u00e7\u00f5es femininas, mas enfrentou neutralidade de partidos. A escolha de Gaspar \u00e9 vista como desfavor\u00e1vel para atrair &#8230; <a title=\"Escolha de vice de Fl\u00e1vio Bolsonaro pega integrantes da campanha de surpresa e desagrada aliados\" class=\"read-more\" href=\"https:\/\/penoticias.com.br\/blog\/escolha-de-vice-de-flavio-bolsonaro-pega-integrantes-da-campanha-de-surpresa-e-desagrada-aliados\/\" aria-label=\"Read more about Escolha de vice de Fl\u00e1vio Bolsonaro pega integrantes da campanha de surpresa e desagrada aliados\">Ler mais<\/a><\/p>\n<div class='heateorSssClear'><\/div><div  class='heateor_sss_sharing_container heateor_sss_horizontal_sharing' data-heateor-sss-href='https:\/\/penoticias.com.br\/blog\/escolha-de-vice-de-flavio-bolsonaro-pega-integrantes-da-campanha-de-surpresa-e-desagrada-aliados\/'><div class='heateor_sss_sharing_title' style=\"font-weight:bold\" ><\/div><div class=\"heateor_sss_sharing_ul\"><a aria-label=\"Facebook\" class=\"heateor_sss_facebook\" href=\"https:\/\/www.facebook.com\/sharer\/sharer.php?u=https%3A%2F%2Fpenoticias.com.br%2Fblog%2Fescolha-de-vice-de-flavio-bolsonaro-pega-integrantes-da-campanha-de-surpresa-e-desagrada-aliados%2F\" title=\"Facebook\" rel=\"nofollow noopener\" target=\"_blank\" style=\"font-size:32px!important;box-shadow:none;display:inline-block;vertical-align:middle\"><span class=\"heateor_sss_svg\" style=\"background-color:#0765FE;width:35px;height:35px;border-radius:999px;display:inline-block;opacity:1;float:left;font-size:32px;box-shadow:none;display:inline-block;font-size:16px;padding:0 4px;vertical-align:middle;background-repeat:repeat;overflow:hidden;padding:0;cursor:pointer;box-sizing:content-box\"><svg style=\"display:block;border-radius:999px;\" focusable=\"false\" aria-hidden=\"true\" xmlns=\"http:\/\/www.w3.org\/2000\/svg\" width=\"100%\" height=\"100%\" viewBox=\"0 0 32 32\"><path fill=\"#fff\" d=\"M28 16c0-6.627-5.373-12-12-12S4 9.373 4 16c0 5.628 3.875 10.35 9.101 11.647v-7.98h-2.474V16H13.1v-1.58c0-4.085 1.849-5.978 5.859-5.978.76 0 2.072.15 2.608.298v3.325c-.283-.03-.775-.045-1.386-.045-1.967 0-2.728.745-2.728 2.683V16h3.92l-.673 3.667h-3.247v8.245C23.395 27.195 28 22.135 28 16Z\"><\/path><\/svg><\/span><\/a><a aria-label=\"Twitter\" class=\"heateor_sss_button_twitter\" href=\"https:\/\/twitter.com\/intent\/tweet?text=Escolha%20de%20vice%20de%20Fl%C3%A1vio%20Bolsonaro%20pega%20integrantes%20da%20campanha%20de%20surpresa%20e%20desagrada%20aliados&url=https%3A%2F%2Fpenoticias.com.br%2Fblog%2Fescolha-de-vice-de-flavio-bolsonaro-pega-integrantes-da-campanha-de-surpresa-e-desagrada-aliados%2F\" title=\"Twitter\" rel=\"nofollow noopener\" target=\"_blank\" style=\"font-size:32px!important;box-shadow:none;display:inline-block;vertical-align:middle\"><span class=\"heateor_sss_svg heateor_sss_s__default heateor_sss_s_twitter\" style=\"background-color:#55acee;width:35px;height:35px;border-radius:999px;display:inline-block;opacity:1;float:left;font-size:32px;box-shadow:none;display:inline-block;font-size:16px;padding:0 4px;vertical-align:middle;background-repeat:repeat;overflow:hidden;padding:0;cursor:pointer;box-sizing:content-box\"><svg style=\"display:block;border-radius:999px;\" focusable=\"false\" aria-hidden=\"true\" xmlns=\"http:\/\/www.w3.org\/2000\/svg\" width=\"100%\" height=\"100%\" viewBox=\"-4 -4 39 39\"><path d=\"M28 8.557a9.913 9.913 0 0 1-2.828.775 4.93 4.93 0 0 0 2.166-2.725 9.738 9.738 0 0 1-3.13 1.194 4.92 4.92 0 0 0-3.593-1.55 4.924 4.924 0 0 0-4.794 6.049c-4.09-.21-7.72-2.17-10.15-5.15a4.942 4.942 0 0 0-.665 2.477c0 1.71.87 3.214 2.19 4.1a4.968 4.968 0 0 1-2.23-.616v.06c0 2.39 1.7 4.38 3.952 4.83-.414.115-.85.174-1.297.174-.318 0-.626-.03-.928-.086a4.935 4.935 0 0 0 4.6 3.42 9.893 9.893 0 0 1-6.114 2.107c-.398 0-.79-.023-1.175-.068a13.953 13.953 0 0 0 7.55 2.213c9.056 0 14.01-7.507 14.01-14.013 0-.213-.005-.426-.015-.637.96-.695 1.795-1.56 2.455-2.55z\" fill=\"#fff\"><\/path><\/svg><\/span><\/a><a aria-label=\"Whatsapp\" class=\"heateor_sss_whatsapp\" href=\"https:\/\/api.whatsapp.com\/send?text=Escolha%20de%20vice%20de%20Fl%C3%A1vio%20Bolsonaro%20pega%20integrantes%20da%20campanha%20de%20surpresa%20e%20desagrada%20aliados%20https%3A%2F%2Fpenoticias.com.br%2Fblog%2Fescolha-de-vice-de-flavio-bolsonaro-pega-integrantes-da-campanha-de-surpresa-e-desagrada-aliados%2F\" title=\"Whatsapp\" rel=\"nofollow noopener\" target=\"_blank\" style=\"font-size:32px!important;box-shadow:none;display:inline-block;vertical-align:middle\"><span class=\"heateor_sss_svg\" style=\"background-color:#55eb4c;width:35px;height:35px;border-radius:999px;display:inline-block;opacity:1;float:left;font-size:32px;box-shadow:none;display:inline-block;font-size:16px;padding:0 4px;vertical-align:middle;background-repeat:repeat;overflow:hidden;padding:0;cursor:pointer;box-sizing:content-box\"><svg style=\"display:block;border-radius:999px;\" focusable=\"false\" aria-hidden=\"true\" xmlns=\"http:\/\/www.w3.org\/2000\/svg\" width=\"100%\" height=\"100%\" viewBox=\"-6 -5 40 40\"><path class=\"heateor_sss_svg_stroke heateor_sss_no_fill\" stroke=\"#fff\" stroke-width=\"2\" fill=\"none\" d=\"M 11.579798566743314 24.396926207859085 A 10 10 0 1 0 6.808479557110079 20.73576436351046\"><\/path><path d=\"M 7 19 l -1 6 l 6 -1\" class=\"heateor_sss_no_fill heateor_sss_svg_stroke\" stroke=\"#fff\" stroke-width=\"2\" fill=\"none\"><\/path><path d=\"M 10 10 q -1 8 8 11 c 5 -1 0 -6 -1 -3 q -4 -3 -5 -5 c 4 -2 -1 -5 -1 -4\" fill=\"#fff\"><\/path><\/svg><\/span><\/a><a aria-label=\"Gmail\" class=\"heateor_sss_button_google_gmail\" href=\"https:\/\/mail.google.com\/mail\/?ui=2&view=cm&fs=1&tf=1&su=Escolha%20de%20vice%20de%20Fl%C3%A1vio%20Bolsonaro%20pega%20integrantes%20da%20campanha%20de%20surpresa%20e%20desagrada%20aliados&body=Link:https%3A%2F%2Fpenoticias.com.br%2Fblog%2Fescolha-de-vice-de-flavio-bolsonaro-pega-integrantes-da-campanha-de-surpresa-e-desagrada-aliados%2F\" title=\"Google Gmail\" rel=\"nofollow noopener\" target=\"_blank\" style=\"font-size:32px!important;box-shadow:none;display:inline-block;vertical-align:middle\"><span class=\"heateor_sss_svg heateor_sss_s__default heateor_sss_s_Google_Gmail\" style=\"background-color:#e5e5e5;width:35px;height:35px;border-radius:999px;display:inline-block;opacity:1;float:left;font-size:32px;box-shadow:none;display:inline-block;font-size:16px;padding:0 4px;vertical-align:middle;background-repeat:repeat;overflow:hidden;padding:0;cursor:pointer;box-sizing:content-box\"><svg style=\"display:block;border-radius:999px;\" focusable=\"false\" aria-hidden=\"true\" xmlns=\"http:\/\/www.w3.org\/2000\/svg\" width=\"100%\" height=\"100%\" viewBox=\"0 0 32 32\"><path fill=\"#fff\" d=\"M2.902 6.223h26.195v19.554H2.902z\"><\/path><path fill=\"#E14C41\" class=\"heateor_sss_no_fill\" d=\"M2.902 25.777h26.195V6.223H2.902v19.554zm22.44-4.007v3.806H6.955v-3.6h.032l.093-.034 6.9-5.558 2.09 1.77 1.854-1.63 7.42 5.246zm0-.672l-7.027-4.917 7.028-6.09V21.1zm-1.17-14.67l-.947.905c-2.356 2.284-4.693 4.75-7.17 6.876l-.078.06L8.062 6.39l16.11.033zm-10.597 9.61l-6.62 5.294.016-10.914 6.607 5.62\"><\/path><\/svg><\/span><\/a><a aria-label=\"Instagram\" class=\"heateor_sss_button_instagram\" href=\"https:\/\/www.instagram.com\/\" title=\"Instagram\" rel=\"nofollow noopener\" target=\"_blank\" style=\"font-size:32px!important;box-shadow:none;display:inline-block;vertical-align:middle\"><span class=\"heateor_sss_svg\" style=\"background-color:#53beee;width:35px;height:35px;border-radius:999px;display:inline-block;opacity:1;float:left;font-size:32px;box-shadow:none;display:inline-block;font-size:16px;padding:0 4px;vertical-align:middle;background-repeat:repeat;overflow:hidden;padding:0;cursor:pointer;box-sizing:content-box\"><svg style=\"display:block;border-radius:999px;\" version=\"1.1\" viewBox=\"-10 -10 148 148\" width=\"100%\" height=\"100%\" xml:space=\"preserve\" xmlns=\"http:\/\/www.w3.org\/2000\/svg\" xmlns:xlink=\"http:\/\/www.w3.org\/1999\/xlink\"><g><g><path d=\"M86,112H42c-14.336,0-26-11.663-26-26V42c0-14.337,11.664-26,26-26h44c14.337,0,26,11.663,26,26v44 C112,100.337,100.337,112,86,112z M42,24c-9.925,0-18,8.074-18,18v44c0,9.925,8.075,18,18,18h44c9.926,0,18-8.075,18-18V42 c0-9.926-8.074-18-18-18H42z\" fill=\"#fff\"><\/path><\/g><g><path d=\"M64,88c-13.234,0-24-10.767-24-24c0-13.234,10.766-24,24-24s24,10.766,24,24C88,77.233,77.234,88,64,88z M64,48c-8.822,0-16,7.178-16,16s7.178,16,16,16c8.822,0,16-7.178,16-16S72.822,48,64,48z\" fill=\"#fff\"><\/path><\/g><g><circle cx=\"89.5\" cy=\"38.5\" fill=\"#fff\" r=\"5.5\"><\/circle><\/g><\/g><\/svg><\/span><\/a><a aria-label=\"Print\" class=\"heateor_sss_button_print\" href=\"https:\/\/penoticias.com.br\/blog\/escolha-de-vice-de-flavio-bolsonaro-pega-integrantes-da-campanha-de-surpresa-e-desagrada-aliados\/\" onclick=\"event.preventDefault();window.print()\" title=\"Print\" rel=\"noopener\" style=\"font-size:32px!important;box-shadow:none;display:inline-block;vertical-align:middle\"><span class=\"heateor_sss_svg heateor_sss_s__default heateor_sss_s_print\" style=\"background-color:#fd6500;width:35px;height:35px;border-radius:999px;display:inline-block;opacity:1;float:left;font-size:32px;box-shadow:none;display:inline-block;font-size:16px;padding:0 4px;vertical-align:middle;background-repeat:repeat;overflow:hidden;padding:0;cursor:pointer;box-sizing:content-box\"><svg style=\"display:block;border-radius:999px;\" focusable=\"false\" aria-hidden=\"true\" xmlns=\"http:\/\/www.w3.org\/2000\/svg\" width=\"100%\" height=\"100%\" viewBox=\"-2.8 -4.5 35 35\"><path stroke=\"#fff\" class=\"heateor_sss_svg_stroke\" d=\"M 7 10 h 2 v 3 h 12 v -3 h 2 v 7 h -2 v -3 h -12 v 3 h -2 z\" stroke-width=\"1\" fill=\"#fff\"><\/path><rect class=\"heateor_sss_no_fill heateor_sss_svg_stroke\" stroke=\"#fff\" stroke-width=\"1.8\" height=\"7\" width=\"10\" x=\"10\" y=\"5\" fill=\"none\"><\/rect><rect class=\"heateor_sss_svg_stroke\" stroke=\"#fff\" stroke-width=\"1\" height=\"5\" width=\"8\" x=\"11\" y=\"16\" fill=\"#fff\"><\/rect><\/svg><\/span><\/a><a class=\"heateor_sss_more\" aria-label=\"More\" title=\"More\" rel=\"nofollow noopener\" style=\"font-size: 32px!important;border:0;box-shadow:none;display:inline-block!important;font-size:16px;padding:0 4px;vertical-align: middle;display:inline;\" href=\"https:\/\/penoticias.com.br\/blog\/escolha-de-vice-de-flavio-bolsonaro-pega-integrantes-da-campanha-de-surpresa-e-desagrada-aliados\/\" onclick=\"event.preventDefault()\"><span class=\"heateor_sss_svg\" style=\"background-color:#ee8e2d;width:35px;height:35px;border-radius:999px;display:inline-block!important;opacity:1;float:left;font-size:32px!important;box-shadow:none;display:inline-block;font-size:16px;padding:0 4px;vertical-align:middle;display:inline;background-repeat:repeat;overflow:hidden;padding:0;cursor:pointer;box-sizing:content-box;\" onclick=\"heateorSssMoreSharingPopup(this, 'https:\/\/penoticias.com.br\/blog\/escolha-de-vice-de-flavio-bolsonaro-pega-integrantes-da-campanha-de-surpresa-e-desagrada-aliados\/', 'Escolha%20de%20vice%20de%20Fl%C3%A1vio%20Bolsonaro%20pega%20integrantes%20da%20campanha%20de%20surpresa%20e%20desagrada%20aliados', '' )\"><svg xmlns=\"http:\/\/www.w3.org\/2000\/svg\" xmlns:xlink=\"http:\/\/www.w3.org\/1999\/xlink\" viewBox=\"-.3 0 32 32\" version=\"1.1\" width=\"100%\" height=\"100%\" style=\"display:block;border-radius:999px;\" xml:space=\"preserve\"><g><path fill=\"#fff\" d=\"M18 14V8h-4v6H8v4h6v6h4v-6h6v-4h-6z\" fill-rule=\"evenodd\"><\/path><\/g><\/svg><\/span><\/a><\/div><div class=\"heateorSssClear\"><\/div><\/div><div class='heateorSssClear'><\/div>","protected":false},"author":2,"featured_media":0,"comment_status":"closed","ping_status":"closed","sticky":false,"template":"","format":"standard","meta":{"footnotes":""},"categories":[10],"tags":[],"class_list":["post-225287","post","type-post","status-publish","format-standard","hentry","category-politica"],"yoast_head":"<!-- This site is optimized with the Yoast SEO plugin v28.4 - https:\/\/yoast.com\/product\/yoast-seo-wordpress\/ -->\n<title>Escolha de vice de Fl\u00e1vio Bolsonaro pega integrantes da campanha de surpresa e desagrada aliados - PE Not\u00edcias<\/title>\n<meta name=\"robots\" content=\"index, follow, max-snippet:-1, max-image-preview:large, max-video-preview:-1\" \/>\n<link rel=\"canonical\" href=\"https:\/\/penoticias.com.br\/blog\/escolha-de-vice-de-flavio-bolsonaro-pega-integrantes-da-campanha-de-surpresa-e-desagrada-aliados\/\" \/>\n<meta property=\"og:locale\" content=\"pt_BR\" \/>\n<meta property=\"og:type\" content=\"article\" \/>\n<meta property=\"og:title\" content=\"Escolha de vice de Fl\u00e1vio Bolsonaro pega integrantes da campanha de surpresa e desagrada aliados - PE Not\u00edcias\" \/>\n<meta property=\"og:description\" content=\"Estad\u00e3o A escolha de Alfredo Gaspar como vice na chapa de Fl\u00e1vio Bolsonaro gerou descontentamento na campanha, que esperava uma mulher no posto. Gaspar enfrenta acusa\u00e7\u00f5es de estupro e irregularidades financeiras, o que advers\u00e1rios exploram. Fl\u00e1vio tentou outras op\u00e7\u00f5es femininas, mas enfrentou neutralidade de partidos. A escolha de Gaspar \u00e9 vista como desfavor\u00e1vel para atrair ... Ler mais\" \/>\n<meta property=\"og:url\" content=\"https:\/\/penoticias.com.br\/blog\/escolha-de-vice-de-flavio-bolsonaro-pega-integrantes-da-campanha-de-surpresa-e-desagrada-aliados\/\" \/>\n<meta property=\"og:site_name\" content=\"PE Not\u00edcias\" \/>\n<meta property=\"article:publisher\" content=\"pedrovicentearaujo@hotmail.com\" \/>\n<meta property=\"article:author\" content=\"pedrovicentearaujo@hotmail.com\" \/>\n<meta property=\"article:published_time\" content=\"2026-08-06T03:05:54+00:00\" \/>\n<meta property=\"og:image\" content=\"https:\/\/www.estadao.com.br\/resizer\/v2\/JXVT4IQDXJE77BEAXAW2QY77Z4.JPG?quality=80&amp;auth=3b3e5eadc7699443e95276c1c93dbabd2a2598f1d1628f6284543ffeee3b7ebc&amp;width=347&amp;height=195&amp;smart=true\" \/>\n<meta name=\"author\" content=\"Pedro Ara\u00fajo\" \/>\n<meta name=\"twitter:card\" content=\"summary_large_image\" \/>\n<meta name=\"twitter:creator\" content=\"@pedromuela\" \/>\n<meta name=\"twitter:site\" content=\"@pedromuela\" \/>\n<meta name=\"twitter:label1\" content=\"Escrito por\" \/>\n\t<meta name=\"twitter:data1\" content=\"Pedro Ara\u00fajo\" \/>\n\t<meta name=\"twitter:label2\" content=\"Est. tempo de leitura\" \/>\n\t<meta name=\"twitter:data2\" content=\"5 minutos\" \/>\n<script type=\"application\/ld+json\" class=\"yoast-schema-graph\">{\"@context\":\"https:\\\/\\\/schema.org\",\"@graph\":[{\"@type\":\"Article\",\"@id\":\"https:\\\/\\\/penoticias.com.br\\\/blog\\\/escolha-de-vice-de-flavio-bolsonaro-pega-integrantes-da-campanha-de-surpresa-e-desagrada-aliados\\\/#article\",\"isPartOf\":{\"@id\":\"https:\\\/\\\/penoticias.com.br\\\/blog\\\/escolha-de-vice-de-flavio-bolsonaro-pega-integrantes-da-campanha-de-surpresa-e-desagrada-aliados\\\/\"},\"author\":{\"name\":\"Pedro Ara\u00fajo\",\"@id\":\"https:\\\/\\\/penoticias.com.br\\\/blog\\\/#\\\/schema\\\/person\\\/13ea60669d2351f129ef3657907f1432\"},\"headline\":\"Escolha de vice de Fl\u00e1vio Bolsonaro pega integrantes da campanha de surpresa e desagrada aliados\",\"datePublished\":\"2026-08-06T03:05:54+00:00\",\"mainEntityOfPage\":{\"@id\":\"https:\\\/\\\/penoticias.com.br\\\/blog\\\/escolha-de-vice-de-flavio-bolsonaro-pega-integrantes-da-campanha-de-surpresa-e-desagrada-aliados\\\/\"},\"wordCount\":895,\"publisher\":{\"@id\":\"https:\\\/\\\/penoticias.com.br\\\/blog\\\/#\\\/schema\\\/person\\\/13ea60669d2351f129ef3657907f1432\"},\"image\":{\"@id\":\"https:\\\/\\\/penoticias.com.br\\\/blog\\\/escolha-de-vice-de-flavio-bolsonaro-pega-integrantes-da-campanha-de-surpresa-e-desagrada-aliados\\\/#primaryimage\"},\"thumbnailUrl\":\"https:\\\/\\\/www.estadao.com.br\\\/resizer\\\/v2\\\/JXVT4IQDXJE77BEAXAW2QY77Z4.JPG?quality=80&amp;auth=3b3e5eadc7699443e95276c1c93dbabd2a2598f1d1628f6284543ffeee3b7ebc&amp;width=347&amp;height=195&amp;smart=true\",\"articleSection\":[\"Pol\u00edtica\"],\"inLanguage\":\"pt-BR\"},{\"@type\":\"WebPage\",\"@id\":\"https:\\\/\\\/penoticias.com.br\\\/blog\\\/escolha-de-vice-de-flavio-bolsonaro-pega-integrantes-da-campanha-de-surpresa-e-desagrada-aliados\\\/\",\"url\":\"https:\\\/\\\/penoticias.com.br\\\/blog\\\/escolha-de-vice-de-flavio-bolsonaro-pega-integrantes-da-campanha-de-surpresa-e-desagrada-aliados\\\/\",\"name\":\"Escolha de vice de Fl\u00e1vio Bolsonaro pega integrantes da campanha de surpresa e desagrada aliados - PE Not\u00edcias\",\"isPartOf\":{\"@id\":\"https:\\\/\\\/penoticias.com.br\\\/blog\\\/#website\"},\"primaryImageOfPage\":{\"@id\":\"https:\\\/\\\/penoticias.com.br\\\/blog\\\/escolha-de-vice-de-flavio-bolsonaro-pega-integrantes-da-campanha-de-surpresa-e-desagrada-aliados\\\/#primaryimage\"},\"image\":{\"@id\":\"https:\\\/\\\/penoticias.com.br\\\/blog\\\/escolha-de-vice-de-flavio-bolsonaro-pega-integrantes-da-campanha-de-surpresa-e-desagrada-aliados\\\/#primaryimage\"},\"thumbnailUrl\":\"https:\\\/\\\/www.estadao.com.br\\\/resizer\\\/v2\\\/JXVT4IQDXJE77BEAXAW2QY77Z4.JPG?quality=80&amp;auth=3b3e5eadc7699443e95276c1c93dbabd2a2598f1d1628f6284543ffeee3b7ebc&amp;width=347&amp;height=195&amp;smart=true\",\"datePublished\":\"2026-08-06T03:05:54+00:00\",\"breadcrumb\":{\"@id\":\"https:\\\/\\\/penoticias.com.br\\\/blog\\\/escolha-de-vice-de-flavio-bolsonaro-pega-integrantes-da-campanha-de-surpresa-e-desagrada-aliados\\\/#breadcrumb\"},\"inLanguage\":\"pt-BR\",\"potentialAction\":[{\"@type\":\"ReadAction\",\"target\":[\"https:\\\/\\\/penoticias.com.br\\\/blog\\\/escolha-de-vice-de-flavio-bolsonaro-pega-integrantes-da-campanha-de-surpresa-e-desagrada-aliados\\\/\"]}]},{\"@type\":\"ImageObject\",\"inLanguage\":\"pt-BR\",\"@id\":\"https:\\\/\\\/penoticias.com.br\\\/blog\\\/escolha-de-vice-de-flavio-bolsonaro-pega-integrantes-da-campanha-de-surpresa-e-desagrada-aliados\\\/#primaryimage\",\"url\":\"https:\\\/\\\/www.estadao.com.br\\\/resizer\\\/v2\\\/JXVT4IQDXJE77BEAXAW2QY77Z4.JPG?quality=80&amp;auth=3b3e5eadc7699443e95276c1c93dbabd2a2598f1d1628f6284543ffeee3b7ebc&amp;width=347&amp;height=195&amp;smart=true\",\"contentUrl\":\"https:\\\/\\\/www.estadao.com.br\\\/resizer\\\/v2\\\/JXVT4IQDXJE77BEAXAW2QY77Z4.JPG?quality=80&amp;auth=3b3e5eadc7699443e95276c1c93dbabd2a2598f1d1628f6284543ffeee3b7ebc&amp;width=347&amp;height=195&amp;smart=true\"},{\"@type\":\"BreadcrumbList\",\"@id\":\"https:\\\/\\\/penoticias.com.br\\\/blog\\\/escolha-de-vice-de-flavio-bolsonaro-pega-integrantes-da-campanha-de-surpresa-e-desagrada-aliados\\\/#breadcrumb\",\"itemListElement\":[{\"@type\":\"ListItem\",\"position\":1,\"name\":\"In\u00edcio\",\"item\":\"https:\\\/\\\/penoticias.com.br\\\/blog\\\/\"},{\"@type\":\"ListItem\",\"position\":2,\"name\":\"Escolha de vice de Fl\u00e1vio Bolsonaro pega integrantes da campanha de surpresa e desagrada aliados\"}]},{\"@type\":\"WebSite\",\"@id\":\"https:\\\/\\\/penoticias.com.br\\\/blog\\\/#website\",\"url\":\"https:\\\/\\\/penoticias.com.br\\\/blog\\\/\",\"name\":\"PE Not\u00edcias\",\"description\":\"Voc\u00ea no Mundo da Informa\u00e7\u00e3o.\",\"publisher\":{\"@id\":\"https:\\\/\\\/penoticias.com.br\\\/blog\\\/#\\\/schema\\\/person\\\/13ea60669d2351f129ef3657907f1432\"},\"potentialAction\":[{\"@type\":\"SearchAction\",\"target\":{\"@type\":\"EntryPoint\",\"urlTemplate\":\"https:\\\/\\\/penoticias.com.br\\\/blog\\\/?s={search_term_string}\"},\"query-input\":{\"@type\":\"PropertyValueSpecification\",\"valueRequired\":true,\"valueName\":\"search_term_string\"}}],\"inLanguage\":\"pt-BR\"},{\"@type\":[\"Person\",\"Organization\"],\"@id\":\"https:\\\/\\\/penoticias.com.br\\\/blog\\\/#\\\/schema\\\/person\\\/13ea60669d2351f129ef3657907f1432\",\"name\":\"Pedro Ara\u00fajo\",\"image\":{\"@type\":\"ImageObject\",\"inLanguage\":\"pt-BR\",\"@id\":\"https:\\\/\\\/secure.gravatar.com\\\/avatar\\\/d654258027afd7c928561b83494a45e3aff23d7ac7ce926d2bceac1ffe030175?s=96&d=mm&r=g\",\"url\":\"https:\\\/\\\/secure.gravatar.com\\\/avatar\\\/d654258027afd7c928561b83494a45e3aff23d7ac7ce926d2bceac1ffe030175?s=96&d=mm&r=g\",\"contentUrl\":\"https:\\\/\\\/secure.gravatar.com\\\/avatar\\\/d654258027afd7c928561b83494a45e3aff23d7ac7ce926d2bceac1ffe030175?s=96&d=mm&r=g\",\"caption\":\"Pedro Ara\u00fajo\"},\"logo\":{\"@id\":\"https:\\\/\\\/secure.gravatar.com\\\/avatar\\\/d654258027afd7c928561b83494a45e3aff23d7ac7ce926d2bceac1ffe030175?s=96&d=mm&r=g\"},\"description\":\"As informa\u00e7\u00f5es que traduzem as verdades dos fatos, sem ferir ou denegrir pessoas ou imagens. Como tamb\u00e9m, nunca procurando agradar aos maus feitores.\",\"sameAs\":[\"http:\\\/\\\/www.penoticias.com.br\",\"pedrovicentearaujo@hotmail.com\",\"@pedroafogados\",\"https:\\\/\\\/x.com\\\/pedromuela\",\"www.penoticias.com.br\"],\"url\":\"https:\\\/\\\/penoticias.com.br\\\/blog\\\/author\\\/pedro\\\/\"}]}<\/script>\n<!-- \/ Yoast SEO plugin. -->","yoast_head_json":{"title":"Escolha de vice de Fl\u00e1vio Bolsonaro pega integrantes da campanha de surpresa e desagrada aliados - PE Not\u00edcias","robots":{"index":"index","follow":"follow","max-snippet":"max-snippet:-1","max-image-preview":"max-image-preview:large","max-video-preview":"max-video-preview:-1"},"canonical":"https:\/\/penoticias.com.br\/blog\/escolha-de-vice-de-flavio-bolsonaro-pega-integrantes-da-campanha-de-surpresa-e-desagrada-aliados\/","og_locale":"pt_BR","og_type":"article","og_title":"Escolha de vice de Fl\u00e1vio Bolsonaro pega integrantes da campanha de surpresa e desagrada aliados - PE Not\u00edcias","og_description":"Estad\u00e3o A escolha de Alfredo Gaspar como vice na chapa de Fl\u00e1vio Bolsonaro gerou descontentamento na campanha, que esperava uma mulher no posto. Gaspar enfrenta acusa\u00e7\u00f5es de estupro e irregularidades financeiras, o que advers\u00e1rios exploram. Fl\u00e1vio tentou outras op\u00e7\u00f5es femininas, mas enfrentou neutralidade de partidos. A escolha de Gaspar \u00e9 vista como desfavor\u00e1vel para atrair ... Ler mais","og_url":"https:\/\/penoticias.com.br\/blog\/escolha-de-vice-de-flavio-bolsonaro-pega-integrantes-da-campanha-de-surpresa-e-desagrada-aliados\/","og_site_name":"PE Not\u00edcias","article_publisher":"pedrovicentearaujo@hotmail.com","article_author":"pedrovicentearaujo@hotmail.com","article_published_time":"2026-08-06T03:05:54+00:00","og_image":[{"url":"https:\/\/www.estadao.com.br\/resizer\/v2\/JXVT4IQDXJE77BEAXAW2QY77Z4.JPG?quality=80&amp;auth=3b3e5eadc7699443e95276c1c93dbabd2a2598f1d1628f6284543ffeee3b7ebc&amp;width=347&amp;height=195&amp;smart=true","type":"","width":"","height":""}],"author":"Pedro Ara\u00fajo","twitter_card":"summary_large_image","twitter_creator":"@pedromuela","twitter_site":"@pedromuela","twitter_misc":{"Escrito por":"Pedro Ara\u00fajo","Est. tempo de leitura":"5 minutos"},"schema":{"@context":"https:\/\/schema.org","@graph":[{"@type":"Article","@id":"https:\/\/penoticias.com.br\/blog\/escolha-de-vice-de-flavio-bolsonaro-pega-integrantes-da-campanha-de-surpresa-e-desagrada-aliados\/#article","isPartOf":{"@id":"https:\/\/penoticias.com.br\/blog\/escolha-de-vice-de-flavio-bolsonaro-pega-integrantes-da-campanha-de-surpresa-e-desagrada-aliados\/"},"author":{"name":"Pedro Ara\u00fajo","@id":"https:\/\/penoticias.com.br\/blog\/#\/schema\/person\/13ea60669d2351f129ef3657907f1432"},"headline":"Escolha de vice de Fl\u00e1vio Bolsonaro pega integrantes da campanha de surpresa e desagrada aliados","datePublished":"2026-08-06T03:05:54+00:00","mainEntityOfPage":{"@id":"https:\/\/penoticias.com.br\/blog\/escolha-de-vice-de-flavio-bolsonaro-pega-integrantes-da-campanha-de-surpresa-e-desagrada-aliados\/"},"wordCount":895,"publisher":{"@id":"https:\/\/penoticias.com.br\/blog\/#\/schema\/person\/13ea60669d2351f129ef3657907f1432"},"image":{"@id":"https:\/\/penoticias.com.br\/blog\/escolha-de-vice-de-flavio-bolsonaro-pega-integrantes-da-campanha-de-surpresa-e-desagrada-aliados\/#primaryimage"},"thumbnailUrl":"https:\/\/www.estadao.com.br\/resizer\/v2\/JXVT4IQDXJE77BEAXAW2QY77Z4.JPG?quality=80&amp;auth=3b3e5eadc7699443e95276c1c93dbabd2a2598f1d1628f6284543ffeee3b7ebc&amp;width=347&amp;height=195&amp;smart=true","articleSection":["Pol\u00edtica"],"inLanguage":"pt-BR"},{"@type":"WebPage","@id":"https:\/\/penoticias.com.br\/blog\/escolha-de-vice-de-flavio-bolsonaro-pega-integrantes-da-campanha-de-surpresa-e-desagrada-aliados\/","url":"https:\/\/penoticias.com.br\/blog\/escolha-de-vice-de-flavio-bolsonaro-pega-integrantes-da-campanha-de-surpresa-e-desagrada-aliados\/","name":"Escolha de vice de Fl\u00e1vio Bolsonaro pega integrantes da campanha de surpresa e desagrada aliados - PE Not\u00edcias","isPartOf":{"@id":"https:\/\/penoticias.com.br\/blog\/#website"},"primaryImageOfPage":{"@id":"https:\/\/penoticias.com.br\/blog\/escolha-de-vice-de-flavio-bolsonaro-pega-integrantes-da-campanha-de-surpresa-e-desagrada-aliados\/#primaryimage"},"image":{"@id":"https:\/\/penoticias.com.br\/blog\/escolha-de-vice-de-flavio-bolsonaro-pega-integrantes-da-campanha-de-surpresa-e-desagrada-aliados\/#primaryimage"},"thumbnailUrl":"https:\/\/www.estadao.com.br\/resizer\/v2\/JXVT4IQDXJE77BEAXAW2QY77Z4.JPG?quality=80&amp;auth=3b3e5eadc7699443e95276c1c93dbabd2a2598f1d1628f6284543ffeee3b7ebc&amp;width=347&amp;height=195&amp;smart=true","datePublished":"2026-08-06T03:05:54+00:00","breadcrumb":{"@id":"https:\/\/penoticias.com.br\/blog\/escolha-de-vice-de-flavio-bolsonaro-pega-integrantes-da-campanha-de-surpresa-e-desagrada-aliados\/#breadcrumb"},"inLanguage":"pt-BR","potentialAction":[{"@type":"ReadAction","target":["https:\/\/penoticias.com.br\/blog\/escolha-de-vice-de-flavio-bolsonaro-pega-integrantes-da-campanha-de-surpresa-e-desagrada-aliados\/"]}]},{"@type":"ImageObject","inLanguage":"pt-BR","@id":"https:\/\/penoticias.com.br\/blog\/escolha-de-vice-de-flavio-bolsonaro-pega-integrantes-da-campanha-de-surpresa-e-desagrada-aliados\/#primaryimage","url":"https:\/\/www.estadao.com.br\/resizer\/v2\/JXVT4IQDXJE77BEAXAW2QY77Z4.JPG?quality=80&amp;auth=3b3e5eadc7699443e95276c1c93dbabd2a2598f1d1628f6284543ffeee3b7ebc&amp;width=347&amp;height=195&amp;smart=true","contentUrl":"https:\/\/www.estadao.com.br\/resizer\/v2\/JXVT4IQDXJE77BEAXAW2QY77Z4.JPG?quality=80&amp;auth=3b3e5eadc7699443e95276c1c93dbabd2a2598f1d1628f6284543ffeee3b7ebc&amp;width=347&amp;height=195&amp;smart=true"},{"@type":"BreadcrumbList","@id":"https:\/\/penoticias.com.br\/blog\/escolha-de-vice-de-flavio-bolsonaro-pega-integrantes-da-campanha-de-surpresa-e-desagrada-aliados\/#breadcrumb","itemListElement":[{"@type":"ListItem","position":1,"name":"In\u00edcio","item":"https:\/\/penoticias.com.br\/blog\/"},{"@type":"ListItem","position":2,"name":"Escolha de vice de Fl\u00e1vio Bolsonaro pega integrantes da campanha de surpresa e desagrada aliados"}]},{"@type":"WebSite","@id":"https:\/\/penoticias.com.br\/blog\/#website","url":"https:\/\/penoticias.com.br\/blog\/","name":"PE Not\u00edcias","description":"Voc\u00ea no Mundo da Informa\u00e7\u00e3o.","publisher":{"@id":"https:\/\/penoticias.com.br\/blog\/#\/schema\/person\/13ea60669d2351f129ef3657907f1432"},"potentialAction":[{"@type":"SearchAction","target":{"@type":"EntryPoint","urlTemplate":"https:\/\/penoticias.com.br\/blog\/?s={search_term_string}"},"query-input":{"@type":"PropertyValueSpecification","valueRequired":true,"valueName":"search_term_string"}}],"inLanguage":"pt-BR"},{"@type":["Person","Organization"],"@id":"https:\/\/penoticias.com.br\/blog\/#\/schema\/person\/13ea60669d2351f129ef3657907f1432","name":"Pedro Ara\u00fajo","image":{"@type":"ImageObject","inLanguage":"pt-BR","@id":"https:\/\/secure.gravatar.com\/avatar\/d654258027afd7c928561b83494a45e3aff23d7ac7ce926d2bceac1ffe030175?s=96&d=mm&r=g","url":"https:\/\/secure.gravatar.com\/avatar\/d654258027afd7c928561b83494a45e3aff23d7ac7ce926d2bceac1ffe030175?s=96&d=mm&r=g","contentUrl":"https:\/\/secure.gravatar.com\/avatar\/d654258027afd7c928561b83494a45e3aff23d7ac7ce926d2bceac1ffe030175?s=96&d=mm&r=g","caption":"Pedro Ara\u00fajo"},"logo":{"@id":"https:\/\/secure.gravatar.com\/avatar\/d654258027afd7c928561b83494a45e3aff23d7ac7ce926d2bceac1ffe030175?s=96&d=mm&r=g"},"description":"As informa\u00e7\u00f5es que traduzem as verdades dos fatos, sem ferir ou denegrir pessoas ou imagens. Como tamb\u00e9m, nunca procurando agradar aos maus feitores.","sameAs":["http:\/\/www.penoticias.com.br","pedrovicentearaujo@hotmail.com","@pedroafogados","https:\/\/x.com\/pedromuela","www.penoticias.com.br"],"url":"https:\/\/penoticias.com.br\/blog\/author\/pedro\/"}]}},"_links":{"self":[{"href":"https:\/\/penoticias.com.br\/blog\/wp-json\/wp\/v2\/posts\/225287","targetHints":{"allow":["GET"]}}],"collection":[{"href":"https:\/\/penoticias.com.br\/blog\/wp-json\/wp\/v2\/posts"}],"about":[{"href":"https:\/\/penoticias.com.br\/blog\/wp-json\/wp\/v2\/types\/post"}],"author":[{"embeddable":true,"href":"https:\/\/penoticias.com.br\/blog\/wp-json\/wp\/v2\/users\/2"}],"replies":[{"embeddable":true,"href":"https:\/\/penoticias.com.br\/blog\/wp-json\/wp\/v2\/comments?post=225287"}],"version-history":[{"count":1,"href":"https:\/\/penoticias.com.br\/blog\/wp-json\/wp\/v2\/posts\/225287\/revisions"}],"predecessor-version":[{"id":225288,"href":"https:\/\/penoticias.com.br\/blog\/wp-json\/wp\/v2\/posts\/225287\/revisions\/225288"}],"wp:attachment":[{"href":"https:\/\/penoticias.com.br\/blog\/wp-json\/wp\/v2\/media?parent=225287"}],"wp:term":[{"taxonomy":"category","embeddable":true,"href":"https:\/\/penoticias.com.br\/blog\/wp-json\/wp\/v2\/categories?post=225287"},{"taxonomy":"post_tag","embeddable":true,"href":"https:\/\/penoticias.com.br\/blog\/wp-json\/wp\/v2\/tags?post=225287"}],"curies":[{"name":"wp","href":"https:\/\/api.w.org\/{rel}","templated":true}]}}