{"id":225689,"date":"2026-08-10T15:00:47","date_gmt":"2026-08-10T18:00:47","guid":{"rendered":"https:\/\/penoticias.com.br\/blog\/?p=225689"},"modified":"2026-08-10T03:58:22","modified_gmt":"2026-08-10T06:58:22","slug":"consumo-fraco-credito-caro-e-endividamento-pressionam-varejistas","status":"publish","type":"post","link":"https:\/\/penoticias.com.br\/blog\/consumo-fraco-credito-caro-e-endividamento-pressionam-varejistas\/","title":{"rendered":"Consumo fraco, cr\u00e9dito caro e endividamento pressionam varejistas"},"content":{"rendered":"<p style=\"text-align: center;\"><img fetchpriority=\"high\" decoding=\"async\" class=\"\" src=\"https:\/\/f.i.uol.com.br\/fotografia\/2026\/06\/08\/17809606076a274d5f7e8d2_1780960607_3x2_xs.jpg\" alt=\"https:\/\/f.i.uol.com.br\/fotografia\/2026\/06\/08\/17809606076a274d5f7e8d2_1780960607_3x2_xs.jpg\" width=\"625\" height=\"416\" \/><\/p>\n<p><span style=\"font-size: 8pt;\"><em>Folha de S.Paulo<\/em><\/span><\/p>\n<p>Uma sequ\u00eancia de n\u00fameros divulgados por varejistas na semana passada indicaram que a desacelera\u00e7\u00e3o do consumo e o aumento do endividamento das fam\u00edlias castigam o setor mais do que o esperado.<\/p>\n<p>O Magazine Luiza registrou preju\u00edzo l\u00edquido ajustado de R$ 50,4 milh\u00f5es no segundo trimestre de 2026, revertendo o lucro de R$ 1,8 milh\u00e3o registrado um ano antes. A Renner afirmou que n\u00e3o conseguir\u00e1 bater a meta de vendas que previa para 2026, enquanto a C&amp;A veio com n\u00fameros considerados abaixo das expectativas dos analistas.<\/p>\n<p>&#8220;O varejo talvez seja o setor mais penalizado pelo n\u00edvel elevado dos juros, que permaneceram altos por muito tempo. As fam\u00edlias continuam bastante endividadas e a concorr\u00eancia no setor \u00e9 intensa&#8221;, afirma Marco Saravalle, estrategista-chefe da Krivo Capital.<\/p>\n<p>Segundo Saravalle, algumas companhias t\u00eam enfrentado dificuldades para entregar lucro operacional, ou seja, gerar resultado suficiente para cobrir seus custos. &#8220;Tudo isso acaba contaminando a percep\u00e7\u00e3o sobre o setor como um todo e aumenta a preocupa\u00e7\u00e3o com uma desacelera\u00e7\u00e3o da economia&#8221;.<\/p>\n<p>Al\u00e9m do custo elevado do cr\u00e9dito, o setor enfrenta o peso do alto endividamento das fam\u00edlias, fator que limita o consumo e afeta principalmente a compra de bens de maior valor.<\/p>\n<p>Segundo pesquisa divulgada pela Confedera\u00e7\u00e3o Nacional do Com\u00e9rcio de Bens, Servi\u00e7os e Turismo (CNC), 82% das fam\u00edlias brasileiras tinham algum tipo de d\u00edvida em julho, o maior patamar da s\u00e9rie hist\u00f3rica. Em junho, o \u00edndice era de 81,6%.<\/p>\n<p>A pesquisa tamb\u00e9m mostra que, em m\u00e9dia, 29,5% do or\u00e7amento das fam\u00edlias est\u00e1 comprometido com d\u00edvidas, enquanto o tempo m\u00e9dio de comprometimento \u00e9 de 7,2 meses.<\/p>\n<p>Em nota, a CNC ressalta que o endividamento n\u00e3o \u00e9 necessariamente negativo porque o cr\u00e9dito tamb\u00e9m impulsiona o consumo. No entanto, alerta que o indicador passa a ser preocupante quando as fam\u00edlias t\u00eam dificuldade para honrar os pagamentos.<\/p>\n<p>Os dados foram divulgados um dia ap\u00f3s o Copom reduzir a taxa Selic de 14,25% para 14% ao ano. O economista-chefe da CNC, Fabio Bentes, afirma que, apesar de ser um passo importante para melhorar as condi\u00e7\u00f5es de cr\u00e9dito, seus efeitos n\u00e3o s\u00e3o imediatos.<\/p>\n<p><strong>Resultados do varejo<\/strong><\/p>\n<p>Em 2026, o varejo brasileiro tem se expandido, mas vem perdendo parte do f\u00f4lego ao longo do ano. At\u00e9 maio, dado mais recente da Pesquisa Mensal do Com\u00e9rcio (PMC) do Instituto Brasileiro de Geografia e Estat\u00edstica (IBGE), o volume de vendas do setor acumulava alta de 1,7%.<\/p>\n<p>O resultado, contudo, j\u00e1 foi mais forte. At\u00e9 mar\u00e7o, o crescimento acumulado era de 2,4%. No acumulado do ano, o desempenho do com\u00e9rcio de m\u00f3veis pesa sobre o indicador, com queda de 3,7% nas vendas.<\/p>\n<p>Em coletiva de apresenta\u00e7\u00e3o de resultados, Roberto Bel\u00edssimo, diretor financeiro do Magazine Luiza, disse ver o resultado l\u00edquido da empresa, que registrou preju\u00edzo, &#8220;muito influenciado neste trimestre pela taxa de juros, muito alta, e pelo impacto nas nossas despesas financeiras&#8221;. Segundo ele, os juros futuros, em alta pela guerra no Ir\u00e3, tamb\u00e9m pressionaram a companhia.<!--more--><\/p>\n<p>O BTG concorda com a an\u00e1lise. A institui\u00e7\u00e3o financeira v\u00ea um desempenho do Magalu impactado pela competi\u00e7\u00e3o intensa no com\u00e9rcio eletr\u00f4nico brasileiro e pelos juros, &#8220;que continuam pressionando a demanda dos consumidores e as despesas financeiras por meio de custos maiores&#8221;.<\/p>\n<p>Durante o preg\u00e3o da sexta-feira (07), os pap\u00e9is da empresa recuaram mais de 3% no Ibovespa, principal \u00edndice do mercado acion\u00e1rio brasileiro.<\/p>\n<p>A varejista de moda Renner reduziu a expectativa de crescimento da receita l\u00edquida para 2026 de uma faixa entre 9% e 13% para um intervalo de 4% a 8%. Pesaram sobre a decis\u00e3o a redu\u00e7\u00e3o do fluxo de clientes nas lojas f\u00edsicas durante a Copa do Mundo, al\u00e9m do ambiente macroecon\u00f4mico mais adverso.<\/p>\n<p>No trimestre, a empresa registrou lucro l\u00edquido de R$ 405 milh\u00f5es, valor est\u00e1vel em rela\u00e7\u00e3o ao mesmo per\u00edodo de 2025. No preg\u00e3o desta sexta, as a\u00e7\u00f5es da Renner chegaram a recuar 15,13%.<\/p>\n<p>Em coletiva de apresenta\u00e7\u00e3o de resultados, o CEO da empresa, F\u00e1bio Faccio, afirmou que a trajet\u00f3ria dos juros e o endividamento pressionaram a companhia a revisar suas expectativas para o ano.<\/p>\n<p>&#8220;Algumas premissas utilizadas no ano passado mudaram em rela\u00e7\u00e3o ao cen\u00e1rio que observamos hoje. A queda da taxa de juros est\u00e1 mais lenta e com menor impacto do que projet\u00e1vamos. O endividamento das fam\u00edlias tamb\u00e9m seguiu uma trajet\u00f3ria diferente da esperada: nossa proje\u00e7\u00e3o era de estabilidade ou queda, mas, na pr\u00e1tica, houve aumento&#8221;.<\/p>\n<p>Ainda no segmento de moda, a C&amp;A divulgou seu balan\u00e7o na ter\u00e7a-feira (04). A rede registrou lucro l\u00edquido ajustado de R$ 130,1 milh\u00f5es no segundo trimestre, alta de 4,3% em rela\u00e7\u00e3o ao mesmo per\u00edodo do ano passado.<\/p>\n<p>O Ebitda (lucro antes de juros, impostos, deprecia\u00e7\u00e3o e amortiza\u00e7\u00e3o) ajustado somou R$ 435,9 milh\u00f5es, queda de 0,6% na mesma base de compara\u00e7\u00e3o e abaixo da expectativa m\u00e9dia de analistas consultados pela London Stock Exchange Group (LSEG), que projetavam R$ 441,4 milh\u00f5es.<\/p>\n<p>A empresa tamb\u00e9m apontou as taxas de juros elevadas e o alto comprometimento da renda das fam\u00edlias como desafios para o consumo, mas disse que ainda conseguiu manter um crescimento consistente no trimestre.<\/p>\n<p>A venda de vestu\u00e1rio totalizou R$ 1,9 bilh\u00e3o, alta de 5,6% em rela\u00e7\u00e3o ao segundo trimestre de 2025. Nesta sexta, a empresa recuou mais de 2% na Bolsa.<\/p>\n<p>No varejo alimentar, as a\u00e7\u00f5es do Assa\u00ed tamb\u00e9m figuravam entre as maiores quedas do Ibovespa. Na \u00faltima quinta-feira (06), a empresa anunciou lucro l\u00edquido de R$ 484 milh\u00f5es no segundo trimestre, alta de 121% em rela\u00e7\u00e3o ao mesmo per\u00edodo do ano passado.<\/p>\n<p>No balan\u00e7o, a companhia afirmou que a infla\u00e7\u00e3o dos alimentos voltou a pressionar o trimestre e que o endividamento continuou afetando o consumo, levando de menor renda a ajustarem sua cesta para preservar o or\u00e7amento.<\/p>\n<p><strong>Taxa de juros<\/strong><\/p>\n<p>A taxa de juros tem sido apontada como um dos principais fatores de press\u00e3o sobre o setor. No in\u00edcio do ano, o mercado esperava que a Selic recuasse para a faixa de 12%. Agora, a expectativa \u00e9 de apenas mais uma redu\u00e7\u00e3o de 0,25 ponto percentual na taxa, levando-a para 13,75%.<\/p>\n<p>O ambiente de juros elevados foi mencionado como um dos fatores que contribu\u00edram para o pedido de recupera\u00e7\u00e3o judicial do Grupo Toky, dono da Mobly e da Tok &amp; Stok, no in\u00edcio do ano. O P\u00e3o de A\u00e7\u00facar tamb\u00e9m est\u00e1 renegociando suas d\u00edvidas com credores financeiros.<\/p>\n<p>&#8220;A taxa de juros elevada por um per\u00edodo prolongado parece estar impactando a atividade. Somada ao elevado endividamento das fam\u00edlias, ela reduz a atratividade do setor de varejo brasileiro&#8221;, afirma Felipe Cima, especialista em renda vari\u00e1vel da Manchester Investimentos.<\/p>\n<p>O movimento tamb\u00e9m afeta outros setores, como o banc\u00e1rio. As institui\u00e7\u00f5es financeiras t\u00eam observado piora nos indicadores de cr\u00e9dito e sinalizado maior cautela na concess\u00e3o de empr\u00e9stimos nos pr\u00f3ximos meses.<\/p>\n","protected":false},"excerpt":{"rendered":"<p>Folha de S.Paulo Uma sequ\u00eancia de n\u00fameros divulgados por varejistas na semana passada indicaram que a desacelera\u00e7\u00e3o do consumo e o aumento do endividamento das fam\u00edlias castigam o setor mais do que o esperado. O Magazine Luiza registrou preju\u00edzo l\u00edquido ajustado de R$ 50,4 milh\u00f5es no segundo trimestre de 2026, revertendo o lucro de R$ &#8230; <a title=\"Consumo fraco, cr\u00e9dito caro e endividamento pressionam varejistas\" class=\"read-more\" href=\"https:\/\/penoticias.com.br\/blog\/consumo-fraco-credito-caro-e-endividamento-pressionam-varejistas\/\" aria-label=\"Read more about Consumo fraco, cr\u00e9dito caro e endividamento pressionam varejistas\">Ler mais<\/a><\/p>\n<div class='heateorSssClear'><\/div><div  class='heateor_sss_sharing_container heateor_sss_horizontal_sharing' data-heateor-sss-href='https:\/\/penoticias.com.br\/blog\/consumo-fraco-credito-caro-e-endividamento-pressionam-varejistas\/'><div class='heateor_sss_sharing_title' style=\"font-weight:bold\" ><\/div><div class=\"heateor_sss_sharing_ul\"><a aria-label=\"Facebook\" class=\"heateor_sss_facebook\" href=\"https:\/\/www.facebook.com\/sharer\/sharer.php?u=https%3A%2F%2Fpenoticias.com.br%2Fblog%2Fconsumo-fraco-credito-caro-e-endividamento-pressionam-varejistas%2F\" title=\"Facebook\" rel=\"nofollow noopener\" target=\"_blank\" style=\"font-size:32px!important;box-shadow:none;display:inline-block;vertical-align:middle\"><span class=\"heateor_sss_svg\" style=\"background-color:#0765FE;width:35px;height:35px;border-radius:999px;display:inline-block;opacity:1;float:left;font-size:32px;box-shadow:none;display:inline-block;font-size:16px;padding:0 4px;vertical-align:middle;background-repeat:repeat;overflow:hidden;padding:0;cursor:pointer;box-sizing:content-box\"><svg style=\"display:block;border-radius:999px;\" focusable=\"false\" aria-hidden=\"true\" xmlns=\"http:\/\/www.w3.org\/2000\/svg\" width=\"100%\" height=\"100%\" viewBox=\"0 0 32 32\"><path fill=\"#fff\" d=\"M28 16c0-6.627-5.373-12-12-12S4 9.373 4 16c0 5.628 3.875 10.35 9.101 11.647v-7.98h-2.474V16H13.1v-1.58c0-4.085 1.849-5.978 5.859-5.978.76 0 2.072.15 2.608.298v3.325c-.283-.03-.775-.045-1.386-.045-1.967 0-2.728.745-2.728 2.683V16h3.92l-.673 3.667h-3.247v8.245C23.395 27.195 28 22.135 28 16Z\"><\/path><\/svg><\/span><\/a><a aria-label=\"Twitter\" class=\"heateor_sss_button_twitter\" href=\"https:\/\/twitter.com\/intent\/tweet?text=Consumo%20fraco%2C%20cr%C3%A9dito%20caro%20e%20endividamento%20pressionam%20varejistas&url=https%3A%2F%2Fpenoticias.com.br%2Fblog%2Fconsumo-fraco-credito-caro-e-endividamento-pressionam-varejistas%2F\" title=\"Twitter\" rel=\"nofollow noopener\" target=\"_blank\" style=\"font-size:32px!important;box-shadow:none;display:inline-block;vertical-align:middle\"><span class=\"heateor_sss_svg heateor_sss_s__default heateor_sss_s_twitter\" style=\"background-color:#55acee;width:35px;height:35px;border-radius:999px;display:inline-block;opacity:1;float:left;font-size:32px;box-shadow:none;display:inline-block;font-size:16px;padding:0 4px;vertical-align:middle;background-repeat:repeat;overflow:hidden;padding:0;cursor:pointer;box-sizing:content-box\"><svg style=\"display:block;border-radius:999px;\" focusable=\"false\" aria-hidden=\"true\" xmlns=\"http:\/\/www.w3.org\/2000\/svg\" width=\"100%\" height=\"100%\" viewBox=\"-4 -4 39 39\"><path d=\"M28 8.557a9.913 9.913 0 0 1-2.828.775 4.93 4.93 0 0 0 2.166-2.725 9.738 9.738 0 0 1-3.13 1.194 4.92 4.92 0 0 0-3.593-1.55 4.924 4.924 0 0 0-4.794 6.049c-4.09-.21-7.72-2.17-10.15-5.15a4.942 4.942 0 0 0-.665 2.477c0 1.71.87 3.214 2.19 4.1a4.968 4.968 0 0 1-2.23-.616v.06c0 2.39 1.7 4.38 3.952 4.83-.414.115-.85.174-1.297.174-.318 0-.626-.03-.928-.086a4.935 4.935 0 0 0 4.6 3.42 9.893 9.893 0 0 1-6.114 2.107c-.398 0-.79-.023-1.175-.068a13.953 13.953 0 0 0 7.55 2.213c9.056 0 14.01-7.507 14.01-14.013 0-.213-.005-.426-.015-.637.96-.695 1.795-1.56 2.455-2.55z\" fill=\"#fff\"><\/path><\/svg><\/span><\/a><a aria-label=\"Whatsapp\" class=\"heateor_sss_whatsapp\" href=\"https:\/\/api.whatsapp.com\/send?text=Consumo%20fraco%2C%20cr%C3%A9dito%20caro%20e%20endividamento%20pressionam%20varejistas%20https%3A%2F%2Fpenoticias.com.br%2Fblog%2Fconsumo-fraco-credito-caro-e-endividamento-pressionam-varejistas%2F\" title=\"Whatsapp\" rel=\"nofollow noopener\" target=\"_blank\" style=\"font-size:32px!important;box-shadow:none;display:inline-block;vertical-align:middle\"><span class=\"heateor_sss_svg\" style=\"background-color:#55eb4c;width:35px;height:35px;border-radius:999px;display:inline-block;opacity:1;float:left;font-size:32px;box-shadow:none;display:inline-block;font-size:16px;padding:0 4px;vertical-align:middle;background-repeat:repeat;overflow:hidden;padding:0;cursor:pointer;box-sizing:content-box\"><svg style=\"display:block;border-radius:999px;\" focusable=\"false\" aria-hidden=\"true\" xmlns=\"http:\/\/www.w3.org\/2000\/svg\" width=\"100%\" height=\"100%\" viewBox=\"-6 -5 40 40\"><path class=\"heateor_sss_svg_stroke heateor_sss_no_fill\" stroke=\"#fff\" stroke-width=\"2\" fill=\"none\" d=\"M 11.579798566743314 24.396926207859085 A 10 10 0 1 0 6.808479557110079 20.73576436351046\"><\/path><path d=\"M 7 19 l -1 6 l 6 -1\" class=\"heateor_sss_no_fill heateor_sss_svg_stroke\" stroke=\"#fff\" stroke-width=\"2\" fill=\"none\"><\/path><path d=\"M 10 10 q -1 8 8 11 c 5 -1 0 -6 -1 -3 q -4 -3 -5 -5 c 4 -2 -1 -5 -1 -4\" fill=\"#fff\"><\/path><\/svg><\/span><\/a><a aria-label=\"Gmail\" class=\"heateor_sss_button_google_gmail\" href=\"https:\/\/mail.google.com\/mail\/?ui=2&view=cm&fs=1&tf=1&su=Consumo%20fraco%2C%20cr%C3%A9dito%20caro%20e%20endividamento%20pressionam%20varejistas&body=Link:https%3A%2F%2Fpenoticias.com.br%2Fblog%2Fconsumo-fraco-credito-caro-e-endividamento-pressionam-varejistas%2F\" title=\"Google Gmail\" rel=\"nofollow noopener\" target=\"_blank\" style=\"font-size:32px!important;box-shadow:none;display:inline-block;vertical-align:middle\"><span class=\"heateor_sss_svg heateor_sss_s__default heateor_sss_s_Google_Gmail\" style=\"background-color:#e5e5e5;width:35px;height:35px;border-radius:999px;display:inline-block;opacity:1;float:left;font-size:32px;box-shadow:none;display:inline-block;font-size:16px;padding:0 4px;vertical-align:middle;background-repeat:repeat;overflow:hidden;padding:0;cursor:pointer;box-sizing:content-box\"><svg style=\"display:block;border-radius:999px;\" focusable=\"false\" aria-hidden=\"true\" xmlns=\"http:\/\/www.w3.org\/2000\/svg\" width=\"100%\" height=\"100%\" viewBox=\"0 0 32 32\"><path fill=\"#fff\" d=\"M2.902 6.223h26.195v19.554H2.902z\"><\/path><path fill=\"#E14C41\" class=\"heateor_sss_no_fill\" d=\"M2.902 25.777h26.195V6.223H2.902v19.554zm22.44-4.007v3.806H6.955v-3.6h.032l.093-.034 6.9-5.558 2.09 1.77 1.854-1.63 7.42 5.246zm0-.672l-7.027-4.917 7.028-6.09V21.1zm-1.17-14.67l-.947.905c-2.356 2.284-4.693 4.75-7.17 6.876l-.078.06L8.062 6.39l16.11.033zm-10.597 9.61l-6.62 5.294.016-10.914 6.607 5.62\"><\/path><\/svg><\/span><\/a><a aria-label=\"Instagram\" class=\"heateor_sss_button_instagram\" href=\"https:\/\/www.instagram.com\/\" title=\"Instagram\" rel=\"nofollow noopener\" target=\"_blank\" style=\"font-size:32px!important;box-shadow:none;display:inline-block;vertical-align:middle\"><span class=\"heateor_sss_svg\" style=\"background-color:#53beee;width:35px;height:35px;border-radius:999px;display:inline-block;opacity:1;float:left;font-size:32px;box-shadow:none;display:inline-block;font-size:16px;padding:0 4px;vertical-align:middle;background-repeat:repeat;overflow:hidden;padding:0;cursor:pointer;box-sizing:content-box\"><svg style=\"display:block;border-radius:999px;\" version=\"1.1\" viewBox=\"-10 -10 148 148\" width=\"100%\" height=\"100%\" xml:space=\"preserve\" xmlns=\"http:\/\/www.w3.org\/2000\/svg\" xmlns:xlink=\"http:\/\/www.w3.org\/1999\/xlink\"><g><g><path d=\"M86,112H42c-14.336,0-26-11.663-26-26V42c0-14.337,11.664-26,26-26h44c14.337,0,26,11.663,26,26v44 C112,100.337,100.337,112,86,112z M42,24c-9.925,0-18,8.074-18,18v44c0,9.925,8.075,18,18,18h44c9.926,0,18-8.075,18-18V42 c0-9.926-8.074-18-18-18H42z\" fill=\"#fff\"><\/path><\/g><g><path d=\"M64,88c-13.234,0-24-10.767-24-24c0-13.234,10.766-24,24-24s24,10.766,24,24C88,77.233,77.234,88,64,88z M64,48c-8.822,0-16,7.178-16,16s7.178,16,16,16c8.822,0,16-7.178,16-16S72.822,48,64,48z\" fill=\"#fff\"><\/path><\/g><g><circle cx=\"89.5\" cy=\"38.5\" fill=\"#fff\" r=\"5.5\"><\/circle><\/g><\/g><\/svg><\/span><\/a><a aria-label=\"Print\" class=\"heateor_sss_button_print\" href=\"https:\/\/penoticias.com.br\/blog\/consumo-fraco-credito-caro-e-endividamento-pressionam-varejistas\/\" onclick=\"event.preventDefault();window.print()\" title=\"Print\" rel=\"noopener\" style=\"font-size:32px!important;box-shadow:none;display:inline-block;vertical-align:middle\"><span class=\"heateor_sss_svg heateor_sss_s__default heateor_sss_s_print\" style=\"background-color:#fd6500;width:35px;height:35px;border-radius:999px;display:inline-block;opacity:1;float:left;font-size:32px;box-shadow:none;display:inline-block;font-size:16px;padding:0 4px;vertical-align:middle;background-repeat:repeat;overflow:hidden;padding:0;cursor:pointer;box-sizing:content-box\"><svg style=\"display:block;border-radius:999px;\" focusable=\"false\" aria-hidden=\"true\" xmlns=\"http:\/\/www.w3.org\/2000\/svg\" width=\"100%\" height=\"100%\" viewBox=\"-2.8 -4.5 35 35\"><path stroke=\"#fff\" class=\"heateor_sss_svg_stroke\" d=\"M 7 10 h 2 v 3 h 12 v -3 h 2 v 7 h -2 v -3 h -12 v 3 h -2 z\" stroke-width=\"1\" fill=\"#fff\"><\/path><rect class=\"heateor_sss_no_fill heateor_sss_svg_stroke\" stroke=\"#fff\" stroke-width=\"1.8\" height=\"7\" width=\"10\" x=\"10\" y=\"5\" fill=\"none\"><\/rect><rect class=\"heateor_sss_svg_stroke\" stroke=\"#fff\" stroke-width=\"1\" height=\"5\" width=\"8\" x=\"11\" y=\"16\" fill=\"#fff\"><\/rect><\/svg><\/span><\/a><a class=\"heateor_sss_more\" aria-label=\"More\" title=\"More\" rel=\"nofollow noopener\" style=\"font-size: 32px!important;border:0;box-shadow:none;display:inline-block!important;font-size:16px;padding:0 4px;vertical-align: middle;display:inline;\" href=\"https:\/\/penoticias.com.br\/blog\/consumo-fraco-credito-caro-e-endividamento-pressionam-varejistas\/\" onclick=\"event.preventDefault()\"><span class=\"heateor_sss_svg\" style=\"background-color:#ee8e2d;width:35px;height:35px;border-radius:999px;display:inline-block!important;opacity:1;float:left;font-size:32px!important;box-shadow:none;display:inline-block;font-size:16px;padding:0 4px;vertical-align:middle;display:inline;background-repeat:repeat;overflow:hidden;padding:0;cursor:pointer;box-sizing:content-box;\" onclick=\"heateorSssMoreSharingPopup(this, 'https:\/\/penoticias.com.br\/blog\/consumo-fraco-credito-caro-e-endividamento-pressionam-varejistas\/', 'Consumo%20fraco%2C%20cr%C3%A9dito%20caro%20e%20endividamento%20pressionam%20varejistas', '' )\"><svg xmlns=\"http:\/\/www.w3.org\/2000\/svg\" xmlns:xlink=\"http:\/\/www.w3.org\/1999\/xlink\" viewBox=\"-.3 0 32 32\" version=\"1.1\" width=\"100%\" height=\"100%\" style=\"display:block;border-radius:999px;\" xml:space=\"preserve\"><g><path fill=\"#fff\" d=\"M18 14V8h-4v6H8v4h6v6h4v-6h6v-4h-6z\" fill-rule=\"evenodd\"><\/path><\/g><\/svg><\/span><\/a><\/div><div class=\"heateorSssClear\"><\/div><\/div><div class='heateorSssClear'><\/div>","protected":false},"author":2,"featured_media":0,"comment_status":"closed","ping_status":"closed","sticky":false,"template":"","format":"standard","meta":{"footnotes":""},"categories":[9],"tags":[],"class_list":["post-225689","post","type-post","status-publish","format-standard","hentry","category-economia"],"yoast_head":"<!-- This site is optimized with the Yoast SEO plugin v28.4 - https:\/\/yoast.com\/product\/yoast-seo-wordpress\/ -->\n<title>Consumo fraco, cr\u00e9dito caro e endividamento pressionam varejistas - PE Not\u00edcias<\/title>\n<meta name=\"robots\" content=\"index, follow, max-snippet:-1, max-image-preview:large, max-video-preview:-1\" \/>\n<link rel=\"canonical\" href=\"https:\/\/penoticias.com.br\/blog\/consumo-fraco-credito-caro-e-endividamento-pressionam-varejistas\/\" \/>\n<meta property=\"og:locale\" content=\"pt_BR\" \/>\n<meta property=\"og:type\" content=\"article\" \/>\n<meta property=\"og:title\" content=\"Consumo fraco, cr\u00e9dito caro e endividamento pressionam varejistas - PE Not\u00edcias\" \/>\n<meta property=\"og:description\" content=\"Folha de S.Paulo Uma sequ\u00eancia de n\u00fameros divulgados por varejistas na semana passada indicaram que a desacelera\u00e7\u00e3o do consumo e o aumento do endividamento das fam\u00edlias castigam o setor mais do que o esperado. O Magazine Luiza registrou preju\u00edzo l\u00edquido ajustado de R$ 50,4 milh\u00f5es no segundo trimestre de 2026, revertendo o lucro de R$ ... Ler mais\" \/>\n<meta property=\"og:url\" content=\"https:\/\/penoticias.com.br\/blog\/consumo-fraco-credito-caro-e-endividamento-pressionam-varejistas\/\" \/>\n<meta property=\"og:site_name\" content=\"PE Not\u00edcias\" \/>\n<meta property=\"article:publisher\" content=\"pedrovicentearaujo@hotmail.com\" \/>\n<meta property=\"article:author\" content=\"pedrovicentearaujo@hotmail.com\" \/>\n<meta property=\"article:published_time\" content=\"2026-08-10T18:00:47+00:00\" \/>\n<meta property=\"og:image\" content=\"https:\/\/f.i.uol.com.br\/fotografia\/2026\/06\/08\/17809606076a274d5f7e8d2_1780960607_3x2_xs.jpg\" \/>\n<meta name=\"author\" content=\"Pedro Ara\u00fajo\" \/>\n<meta name=\"twitter:card\" content=\"summary_large_image\" \/>\n<meta name=\"twitter:creator\" content=\"@pedromuela\" \/>\n<meta name=\"twitter:site\" content=\"@pedromuela\" \/>\n<meta name=\"twitter:label1\" content=\"Escrito por\" \/>\n\t<meta name=\"twitter:data1\" content=\"Pedro Ara\u00fajo\" \/>\n\t<meta name=\"twitter:label2\" content=\"Est. tempo de leitura\" \/>\n\t<meta name=\"twitter:data2\" content=\"7 minutos\" \/>\n<script type=\"application\/ld+json\" class=\"yoast-schema-graph\">{\"@context\":\"https:\\\/\\\/schema.org\",\"@graph\":[{\"@type\":\"Article\",\"@id\":\"https:\\\/\\\/penoticias.com.br\\\/blog\\\/consumo-fraco-credito-caro-e-endividamento-pressionam-varejistas\\\/#article\",\"isPartOf\":{\"@id\":\"https:\\\/\\\/penoticias.com.br\\\/blog\\\/consumo-fraco-credito-caro-e-endividamento-pressionam-varejistas\\\/\"},\"author\":{\"name\":\"Pedro Ara\u00fajo\",\"@id\":\"https:\\\/\\\/penoticias.com.br\\\/blog\\\/#\\\/schema\\\/person\\\/13ea60669d2351f129ef3657907f1432\"},\"headline\":\"Consumo fraco, cr\u00e9dito caro e endividamento pressionam varejistas\",\"datePublished\":\"2026-08-10T18:00:47+00:00\",\"mainEntityOfPage\":{\"@id\":\"https:\\\/\\\/penoticias.com.br\\\/blog\\\/consumo-fraco-credito-caro-e-endividamento-pressionam-varejistas\\\/\"},\"wordCount\":1205,\"publisher\":{\"@id\":\"https:\\\/\\\/penoticias.com.br\\\/blog\\\/#\\\/schema\\\/person\\\/13ea60669d2351f129ef3657907f1432\"},\"image\":{\"@id\":\"https:\\\/\\\/penoticias.com.br\\\/blog\\\/consumo-fraco-credito-caro-e-endividamento-pressionam-varejistas\\\/#primaryimage\"},\"thumbnailUrl\":\"https:\\\/\\\/f.i.uol.com.br\\\/fotografia\\\/2026\\\/06\\\/08\\\/17809606076a274d5f7e8d2_1780960607_3x2_xs.jpg\",\"articleSection\":[\"Economia\"],\"inLanguage\":\"pt-BR\"},{\"@type\":\"WebPage\",\"@id\":\"https:\\\/\\\/penoticias.com.br\\\/blog\\\/consumo-fraco-credito-caro-e-endividamento-pressionam-varejistas\\\/\",\"url\":\"https:\\\/\\\/penoticias.com.br\\\/blog\\\/consumo-fraco-credito-caro-e-endividamento-pressionam-varejistas\\\/\",\"name\":\"Consumo fraco, cr\u00e9dito caro e endividamento pressionam varejistas - PE Not\u00edcias\",\"isPartOf\":{\"@id\":\"https:\\\/\\\/penoticias.com.br\\\/blog\\\/#website\"},\"primaryImageOfPage\":{\"@id\":\"https:\\\/\\\/penoticias.com.br\\\/blog\\\/consumo-fraco-credito-caro-e-endividamento-pressionam-varejistas\\\/#primaryimage\"},\"image\":{\"@id\":\"https:\\\/\\\/penoticias.com.br\\\/blog\\\/consumo-fraco-credito-caro-e-endividamento-pressionam-varejistas\\\/#primaryimage\"},\"thumbnailUrl\":\"https:\\\/\\\/f.i.uol.com.br\\\/fotografia\\\/2026\\\/06\\\/08\\\/17809606076a274d5f7e8d2_1780960607_3x2_xs.jpg\",\"datePublished\":\"2026-08-10T18:00:47+00:00\",\"breadcrumb\":{\"@id\":\"https:\\\/\\\/penoticias.com.br\\\/blog\\\/consumo-fraco-credito-caro-e-endividamento-pressionam-varejistas\\\/#breadcrumb\"},\"inLanguage\":\"pt-BR\",\"potentialAction\":[{\"@type\":\"ReadAction\",\"target\":[\"https:\\\/\\\/penoticias.com.br\\\/blog\\\/consumo-fraco-credito-caro-e-endividamento-pressionam-varejistas\\\/\"]}]},{\"@type\":\"ImageObject\",\"inLanguage\":\"pt-BR\",\"@id\":\"https:\\\/\\\/penoticias.com.br\\\/blog\\\/consumo-fraco-credito-caro-e-endividamento-pressionam-varejistas\\\/#primaryimage\",\"url\":\"https:\\\/\\\/f.i.uol.com.br\\\/fotografia\\\/2026\\\/06\\\/08\\\/17809606076a274d5f7e8d2_1780960607_3x2_xs.jpg\",\"contentUrl\":\"https:\\\/\\\/f.i.uol.com.br\\\/fotografia\\\/2026\\\/06\\\/08\\\/17809606076a274d5f7e8d2_1780960607_3x2_xs.jpg\"},{\"@type\":\"BreadcrumbList\",\"@id\":\"https:\\\/\\\/penoticias.com.br\\\/blog\\\/consumo-fraco-credito-caro-e-endividamento-pressionam-varejistas\\\/#breadcrumb\",\"itemListElement\":[{\"@type\":\"ListItem\",\"position\":1,\"name\":\"In\u00edcio\",\"item\":\"https:\\\/\\\/penoticias.com.br\\\/blog\\\/\"},{\"@type\":\"ListItem\",\"position\":2,\"name\":\"Consumo fraco, cr\u00e9dito caro e endividamento pressionam varejistas\"}]},{\"@type\":\"WebSite\",\"@id\":\"https:\\\/\\\/penoticias.com.br\\\/blog\\\/#website\",\"url\":\"https:\\\/\\\/penoticias.com.br\\\/blog\\\/\",\"name\":\"PE Not\u00edcias\",\"description\":\"Voc\u00ea no Mundo da Informa\u00e7\u00e3o.\",\"publisher\":{\"@id\":\"https:\\\/\\\/penoticias.com.br\\\/blog\\\/#\\\/schema\\\/person\\\/13ea60669d2351f129ef3657907f1432\"},\"potentialAction\":[{\"@type\":\"SearchAction\",\"target\":{\"@type\":\"EntryPoint\",\"urlTemplate\":\"https:\\\/\\\/penoticias.com.br\\\/blog\\\/?s={search_term_string}\"},\"query-input\":{\"@type\":\"PropertyValueSpecification\",\"valueRequired\":true,\"valueName\":\"search_term_string\"}}],\"inLanguage\":\"pt-BR\"},{\"@type\":[\"Person\",\"Organization\"],\"@id\":\"https:\\\/\\\/penoticias.com.br\\\/blog\\\/#\\\/schema\\\/person\\\/13ea60669d2351f129ef3657907f1432\",\"name\":\"Pedro Ara\u00fajo\",\"image\":{\"@type\":\"ImageObject\",\"inLanguage\":\"pt-BR\",\"@id\":\"https:\\\/\\\/secure.gravatar.com\\\/avatar\\\/d654258027afd7c928561b83494a45e3aff23d7ac7ce926d2bceac1ffe030175?s=96&d=mm&r=g\",\"url\":\"https:\\\/\\\/secure.gravatar.com\\\/avatar\\\/d654258027afd7c928561b83494a45e3aff23d7ac7ce926d2bceac1ffe030175?s=96&d=mm&r=g\",\"contentUrl\":\"https:\\\/\\\/secure.gravatar.com\\\/avatar\\\/d654258027afd7c928561b83494a45e3aff23d7ac7ce926d2bceac1ffe030175?s=96&d=mm&r=g\",\"caption\":\"Pedro Ara\u00fajo\"},\"logo\":{\"@id\":\"https:\\\/\\\/secure.gravatar.com\\\/avatar\\\/d654258027afd7c928561b83494a45e3aff23d7ac7ce926d2bceac1ffe030175?s=96&d=mm&r=g\"},\"description\":\"As informa\u00e7\u00f5es que traduzem as verdades dos fatos, sem ferir ou denegrir pessoas ou imagens. Como tamb\u00e9m, nunca procurando agradar aos maus feitores.\",\"sameAs\":[\"http:\\\/\\\/www.penoticias.com.br\",\"pedrovicentearaujo@hotmail.com\",\"@pedroafogados\",\"https:\\\/\\\/x.com\\\/pedromuela\",\"www.penoticias.com.br\"],\"url\":\"https:\\\/\\\/penoticias.com.br\\\/blog\\\/author\\\/pedro\\\/\"}]}<\/script>\n<!-- \/ Yoast SEO plugin. -->","yoast_head_json":{"title":"Consumo fraco, cr\u00e9dito caro e endividamento pressionam varejistas - PE Not\u00edcias","robots":{"index":"index","follow":"follow","max-snippet":"max-snippet:-1","max-image-preview":"max-image-preview:large","max-video-preview":"max-video-preview:-1"},"canonical":"https:\/\/penoticias.com.br\/blog\/consumo-fraco-credito-caro-e-endividamento-pressionam-varejistas\/","og_locale":"pt_BR","og_type":"article","og_title":"Consumo fraco, cr\u00e9dito caro e endividamento pressionam varejistas - PE Not\u00edcias","og_description":"Folha de S.Paulo Uma sequ\u00eancia de n\u00fameros divulgados por varejistas na semana passada indicaram que a desacelera\u00e7\u00e3o do consumo e o aumento do endividamento das fam\u00edlias castigam o setor mais do que o esperado. O Magazine Luiza registrou preju\u00edzo l\u00edquido ajustado de R$ 50,4 milh\u00f5es no segundo trimestre de 2026, revertendo o lucro de R$ ... Ler mais","og_url":"https:\/\/penoticias.com.br\/blog\/consumo-fraco-credito-caro-e-endividamento-pressionam-varejistas\/","og_site_name":"PE Not\u00edcias","article_publisher":"pedrovicentearaujo@hotmail.com","article_author":"pedrovicentearaujo@hotmail.com","article_published_time":"2026-08-10T18:00:47+00:00","og_image":[{"url":"https:\/\/f.i.uol.com.br\/fotografia\/2026\/06\/08\/17809606076a274d5f7e8d2_1780960607_3x2_xs.jpg","type":"","width":"","height":""}],"author":"Pedro Ara\u00fajo","twitter_card":"summary_large_image","twitter_creator":"@pedromuela","twitter_site":"@pedromuela","twitter_misc":{"Escrito por":"Pedro Ara\u00fajo","Est. tempo de leitura":"7 minutos"},"schema":{"@context":"https:\/\/schema.org","@graph":[{"@type":"Article","@id":"https:\/\/penoticias.com.br\/blog\/consumo-fraco-credito-caro-e-endividamento-pressionam-varejistas\/#article","isPartOf":{"@id":"https:\/\/penoticias.com.br\/blog\/consumo-fraco-credito-caro-e-endividamento-pressionam-varejistas\/"},"author":{"name":"Pedro Ara\u00fajo","@id":"https:\/\/penoticias.com.br\/blog\/#\/schema\/person\/13ea60669d2351f129ef3657907f1432"},"headline":"Consumo fraco, cr\u00e9dito caro e endividamento pressionam varejistas","datePublished":"2026-08-10T18:00:47+00:00","mainEntityOfPage":{"@id":"https:\/\/penoticias.com.br\/blog\/consumo-fraco-credito-caro-e-endividamento-pressionam-varejistas\/"},"wordCount":1205,"publisher":{"@id":"https:\/\/penoticias.com.br\/blog\/#\/schema\/person\/13ea60669d2351f129ef3657907f1432"},"image":{"@id":"https:\/\/penoticias.com.br\/blog\/consumo-fraco-credito-caro-e-endividamento-pressionam-varejistas\/#primaryimage"},"thumbnailUrl":"https:\/\/f.i.uol.com.br\/fotografia\/2026\/06\/08\/17809606076a274d5f7e8d2_1780960607_3x2_xs.jpg","articleSection":["Economia"],"inLanguage":"pt-BR"},{"@type":"WebPage","@id":"https:\/\/penoticias.com.br\/blog\/consumo-fraco-credito-caro-e-endividamento-pressionam-varejistas\/","url":"https:\/\/penoticias.com.br\/blog\/consumo-fraco-credito-caro-e-endividamento-pressionam-varejistas\/","name":"Consumo fraco, cr\u00e9dito caro e endividamento pressionam varejistas - PE Not\u00edcias","isPartOf":{"@id":"https:\/\/penoticias.com.br\/blog\/#website"},"primaryImageOfPage":{"@id":"https:\/\/penoticias.com.br\/blog\/consumo-fraco-credito-caro-e-endividamento-pressionam-varejistas\/#primaryimage"},"image":{"@id":"https:\/\/penoticias.com.br\/blog\/consumo-fraco-credito-caro-e-endividamento-pressionam-varejistas\/#primaryimage"},"thumbnailUrl":"https:\/\/f.i.uol.com.br\/fotografia\/2026\/06\/08\/17809606076a274d5f7e8d2_1780960607_3x2_xs.jpg","datePublished":"2026-08-10T18:00:47+00:00","breadcrumb":{"@id":"https:\/\/penoticias.com.br\/blog\/consumo-fraco-credito-caro-e-endividamento-pressionam-varejistas\/#breadcrumb"},"inLanguage":"pt-BR","potentialAction":[{"@type":"ReadAction","target":["https:\/\/penoticias.com.br\/blog\/consumo-fraco-credito-caro-e-endividamento-pressionam-varejistas\/"]}]},{"@type":"ImageObject","inLanguage":"pt-BR","@id":"https:\/\/penoticias.com.br\/blog\/consumo-fraco-credito-caro-e-endividamento-pressionam-varejistas\/#primaryimage","url":"https:\/\/f.i.uol.com.br\/fotografia\/2026\/06\/08\/17809606076a274d5f7e8d2_1780960607_3x2_xs.jpg","contentUrl":"https:\/\/f.i.uol.com.br\/fotografia\/2026\/06\/08\/17809606076a274d5f7e8d2_1780960607_3x2_xs.jpg"},{"@type":"BreadcrumbList","@id":"https:\/\/penoticias.com.br\/blog\/consumo-fraco-credito-caro-e-endividamento-pressionam-varejistas\/#breadcrumb","itemListElement":[{"@type":"ListItem","position":1,"name":"In\u00edcio","item":"https:\/\/penoticias.com.br\/blog\/"},{"@type":"ListItem","position":2,"name":"Consumo fraco, cr\u00e9dito caro e endividamento pressionam varejistas"}]},{"@type":"WebSite","@id":"https:\/\/penoticias.com.br\/blog\/#website","url":"https:\/\/penoticias.com.br\/blog\/","name":"PE Not\u00edcias","description":"Voc\u00ea no Mundo da Informa\u00e7\u00e3o.","publisher":{"@id":"https:\/\/penoticias.com.br\/blog\/#\/schema\/person\/13ea60669d2351f129ef3657907f1432"},"potentialAction":[{"@type":"SearchAction","target":{"@type":"EntryPoint","urlTemplate":"https:\/\/penoticias.com.br\/blog\/?s={search_term_string}"},"query-input":{"@type":"PropertyValueSpecification","valueRequired":true,"valueName":"search_term_string"}}],"inLanguage":"pt-BR"},{"@type":["Person","Organization"],"@id":"https:\/\/penoticias.com.br\/blog\/#\/schema\/person\/13ea60669d2351f129ef3657907f1432","name":"Pedro Ara\u00fajo","image":{"@type":"ImageObject","inLanguage":"pt-BR","@id":"https:\/\/secure.gravatar.com\/avatar\/d654258027afd7c928561b83494a45e3aff23d7ac7ce926d2bceac1ffe030175?s=96&d=mm&r=g","url":"https:\/\/secure.gravatar.com\/avatar\/d654258027afd7c928561b83494a45e3aff23d7ac7ce926d2bceac1ffe030175?s=96&d=mm&r=g","contentUrl":"https:\/\/secure.gravatar.com\/avatar\/d654258027afd7c928561b83494a45e3aff23d7ac7ce926d2bceac1ffe030175?s=96&d=mm&r=g","caption":"Pedro Ara\u00fajo"},"logo":{"@id":"https:\/\/secure.gravatar.com\/avatar\/d654258027afd7c928561b83494a45e3aff23d7ac7ce926d2bceac1ffe030175?s=96&d=mm&r=g"},"description":"As informa\u00e7\u00f5es que traduzem as verdades dos fatos, sem ferir ou denegrir pessoas ou imagens. Como tamb\u00e9m, nunca procurando agradar aos maus feitores.","sameAs":["http:\/\/www.penoticias.com.br","pedrovicentearaujo@hotmail.com","@pedroafogados","https:\/\/x.com\/pedromuela","www.penoticias.com.br"],"url":"https:\/\/penoticias.com.br\/blog\/author\/pedro\/"}]}},"_links":{"self":[{"href":"https:\/\/penoticias.com.br\/blog\/wp-json\/wp\/v2\/posts\/225689","targetHints":{"allow":["GET"]}}],"collection":[{"href":"https:\/\/penoticias.com.br\/blog\/wp-json\/wp\/v2\/posts"}],"about":[{"href":"https:\/\/penoticias.com.br\/blog\/wp-json\/wp\/v2\/types\/post"}],"author":[{"embeddable":true,"href":"https:\/\/penoticias.com.br\/blog\/wp-json\/wp\/v2\/users\/2"}],"replies":[{"embeddable":true,"href":"https:\/\/penoticias.com.br\/blog\/wp-json\/wp\/v2\/comments?post=225689"}],"version-history":[{"count":1,"href":"https:\/\/penoticias.com.br\/blog\/wp-json\/wp\/v2\/posts\/225689\/revisions"}],"predecessor-version":[{"id":225690,"href":"https:\/\/penoticias.com.br\/blog\/wp-json\/wp\/v2\/posts\/225689\/revisions\/225690"}],"wp:attachment":[{"href":"https:\/\/penoticias.com.br\/blog\/wp-json\/wp\/v2\/media?parent=225689"}],"wp:term":[{"taxonomy":"category","embeddable":true,"href":"https:\/\/penoticias.com.br\/blog\/wp-json\/wp\/v2\/categories?post=225689"},{"taxonomy":"post_tag","embeddable":true,"href":"https:\/\/penoticias.com.br\/blog\/wp-json\/wp\/v2\/tags?post=225689"}],"curies":[{"name":"wp","href":"https:\/\/api.w.org\/{rel}","templated":true}]}}