{"id":225844,"date":"2026-08-12T11:15:43","date_gmt":"2026-08-12T14:15:43","guid":{"rendered":"https:\/\/penoticias.com.br\/blog\/?p=225844"},"modified":"2026-08-11T13:19:56","modified_gmt":"2026-08-11T16:19:56","slug":"conselho-estadual-de-seguranca-publica-abre-inscricoes-para-ampliar-participacao-da-sociedade-civil-em-pernambuco","status":"publish","type":"post","link":"https:\/\/penoticias.com.br\/blog\/conselho-estadual-de-seguranca-publica-abre-inscricoes-para-ampliar-participacao-da-sociedade-civil-em-pernambuco\/","title":{"rendered":"Conselho Estadual de Seguran\u00e7a P\u00fablica abre inscri\u00e7\u00f5es para ampliar participa\u00e7\u00e3o da sociedade civil em Pernambuco"},"content":{"rendered":"<p style=\"text-align: center;\"><img fetchpriority=\"high\" decoding=\"async\" class=\"alignnone wp-image-225845 \" src=\"https:\/\/penoticias.com.br\/blog\/wp-content\/uploads\/2026\/08\/SDS-PE-1024x576.jpg\" alt=\"\" width=\"639\" height=\"359\" srcset=\"https:\/\/penoticias.com.br\/blog\/wp-content\/uploads\/2026\/08\/SDS-PE-1024x576.jpg 1024w, https:\/\/penoticias.com.br\/blog\/wp-content\/uploads\/2026\/08\/SDS-PE-300x169.jpg 300w, https:\/\/penoticias.com.br\/blog\/wp-content\/uploads\/2026\/08\/SDS-PE-768x432.jpg 768w, https:\/\/penoticias.com.br\/blog\/wp-content\/uploads\/2026\/08\/SDS-PE.jpg 1200w\" sizes=\"(max-width: 639px) 100vw, 639px\" \/><\/p>\n<p>Entidades do Agreste, Sert\u00e3o, Zona da Mata e Regi\u00e3o Metropolitana podem integrar colegiado respons\u00e1vel por acompanhar e contribuir com as pol\u00edticas p\u00fablicas de seguran\u00e7a no Estado<\/p>\n<p>A constru\u00e7\u00e3o de uma pol\u00edtica p\u00fablica de seguran\u00e7a mais participativa passa pelo di\u00e1logo entre Governo e sociedade. Com esse princ\u00edpio, o Conselho Estadual de Seguran\u00e7a P\u00fablica e Defesa Social de Pernambuco (CESPDS), abre processo seletivo para composi\u00e7\u00e3o do colegiado no pr\u00f3ximo bi\u00eanio e convoca entidades da sociedade civil de todas as regi\u00f5es do Estado a ocupar as oito vagas destinadas \u00e0 participa\u00e7\u00e3o social. As inscri\u00e7\u00f5es est\u00e3o abertas at\u00e9 o dia 05 de outubro de 2026 para entidades que s\u00e3o candidatas e\/ou votantes e devem ser realizadas conforme o edital publicado no endere\u00e7o eletr\u00f4nico a seguir: <span style=\"color: #ff0000;\"><a style=\"color: #ff0000;\" href=\"https:\/\/www.sds.pe.gov.br\/conselho-estadual-de-seguranca-publica-e-defesa-social\"><strong>https:\/\/www.sds.pe.gov.br\/conselho-estadual-de-seguranca-publica-e-defesa-social<\/strong><\/a><\/span>.<\/p>\n<p>Vinculado \u00e0 Secretaria de Defesa Social (SDS), o CESPDS \u00e9 um \u00f3rg\u00e3o permanente de participa\u00e7\u00e3o e controle social, respons\u00e1vel por acompanhar, discutir e contribuir para o aprimoramento das pol\u00edticas estaduais de seguran\u00e7a p\u00fablica. O Conselho re\u00fane representantes do poder p\u00fablico, das for\u00e7as de seguran\u00e7a, de trabalhadores da \u00e1rea e da sociedade civil organizada, funcionando como um espa\u00e7o de constru\u00e7\u00e3o coletiva de propostas e acompanhamento das a\u00e7\u00f5es desenvolvidas pelo Estado.<\/p>\n<p>A participa\u00e7\u00e3o da sociedade civil no Conselho permite que organiza\u00e7\u00f5es que atuam diretamente junto \u00e0 popula\u00e7\u00e3o levem ao Governo sugest\u00f5es, demandas e experi\u00eancias capazes de contribuir para o aperfei\u00e7oamento das pol\u00edticas p\u00fablicas, especialmente aquelas voltadas \u00e0 preven\u00e7\u00e3o da viol\u00eancia, \u00e0 prote\u00e7\u00e3o de grupos vulner\u00e1veis e ao fortalecimento da cidadania. Uma dessas organiza\u00e7\u00f5es \u00e9 o Grupo Mulheres do Brasil, que atua na conscientiza\u00e7\u00e3o e no enfrentamento da viol\u00eancia contra mulheres e meninas por meio de a\u00e7\u00f5es de preven\u00e7\u00e3o, acolhimento \u00e0s v\u00edtimas, promo\u00e7\u00e3o da autonomia profissional e financeira e incentivo \u00e0 formula\u00e7\u00e3o de pol\u00edticas p\u00fablicas voltadas para esse p\u00fablico.<\/p>\n<p>De acordo com Val\u00e9ria Lucena, uma das l\u00edderes do grupo, \u201co projeto \u00e9 respons\u00e1vel por reunir milhares de mulheres no Brasil e no exterior, de diferentes origens, classes sociais e cren\u00e7as, unidas pelo prop\u00f3sito de promover transforma\u00e7\u00f5es sociais e tornar as mulheres protagonistas na constru\u00e7\u00e3o de um mundo melhor\u201d.<\/p>\n<p><strong>Quem pode participar<\/strong><!--more--><\/p>\n<p>Podem se inscrever entidades sem fins lucrativos sediadas em Pernambuco que atendam aos seguintes requisitos: ter personalidade jur\u00eddica pr\u00f3pria; estar em funcionamento h\u00e1 mais de dois anos; desenvolver atividades ou pesquisas nas \u00e1reas de seguran\u00e7a p\u00fablica, preven\u00e7\u00e3o da viol\u00eancia, capacita\u00e7\u00e3o ou reinser\u00e7\u00e3o social de egressos do sistema prisional e socioeducativo; e possuir registro legal na regi\u00e3o do Estado que pretende representar. Das vagas em aberto, a proposta \u00e9 que elas sejam ocupadas por grupos de todas as regi\u00f5es do Estado, incluindo a Regi\u00e3o Metropolitana, Zona da Mata, Agreste e Sert\u00e3o.<\/p>\n","protected":false},"excerpt":{"rendered":"<p>Entidades do Agreste, Sert\u00e3o, Zona da Mata e Regi\u00e3o Metropolitana podem integrar colegiado respons\u00e1vel por acompanhar e contribuir com as pol\u00edticas p\u00fablicas de seguran\u00e7a no Estado A constru\u00e7\u00e3o de uma pol\u00edtica p\u00fablica de seguran\u00e7a mais participativa passa pelo di\u00e1logo entre Governo e sociedade. Com esse princ\u00edpio, o Conselho Estadual de Seguran\u00e7a P\u00fablica e Defesa Social &#8230; <a title=\"Conselho Estadual de Seguran\u00e7a P\u00fablica abre inscri\u00e7\u00f5es para ampliar participa\u00e7\u00e3o da sociedade civil em Pernambuco\" class=\"read-more\" href=\"https:\/\/penoticias.com.br\/blog\/conselho-estadual-de-seguranca-publica-abre-inscricoes-para-ampliar-participacao-da-sociedade-civil-em-pernambuco\/\" aria-label=\"Read more about Conselho Estadual de Seguran\u00e7a P\u00fablica abre inscri\u00e7\u00f5es para ampliar participa\u00e7\u00e3o da sociedade civil em Pernambuco\">Ler mais<\/a><\/p>\n<div class='heateorSssClear'><\/div><div  class='heateor_sss_sharing_container heateor_sss_horizontal_sharing' data-heateor-sss-href='https:\/\/penoticias.com.br\/blog\/conselho-estadual-de-seguranca-publica-abre-inscricoes-para-ampliar-participacao-da-sociedade-civil-em-pernambuco\/'><div class='heateor_sss_sharing_title' style=\"font-weight:bold\" ><\/div><div class=\"heateor_sss_sharing_ul\"><a aria-label=\"Facebook\" class=\"heateor_sss_facebook\" href=\"https:\/\/www.facebook.com\/sharer\/sharer.php?u=https%3A%2F%2Fpenoticias.com.br%2Fblog%2Fconselho-estadual-de-seguranca-publica-abre-inscricoes-para-ampliar-participacao-da-sociedade-civil-em-pernambuco%2F\" title=\"Facebook\" rel=\"nofollow noopener\" target=\"_blank\" style=\"font-size:32px!important;box-shadow:none;display:inline-block;vertical-align:middle\"><span class=\"heateor_sss_svg\" style=\"background-color:#0765FE;width:35px;height:35px;border-radius:999px;display:inline-block;opacity:1;float:left;font-size:32px;box-shadow:none;display:inline-block;font-size:16px;padding:0 4px;vertical-align:middle;background-repeat:repeat;overflow:hidden;padding:0;cursor:pointer;box-sizing:content-box\"><svg style=\"display:block;border-radius:999px;\" focusable=\"false\" aria-hidden=\"true\" xmlns=\"http:\/\/www.w3.org\/2000\/svg\" width=\"100%\" height=\"100%\" viewBox=\"0 0 32 32\"><path fill=\"#fff\" d=\"M28 16c0-6.627-5.373-12-12-12S4 9.373 4 16c0 5.628 3.875 10.35 9.101 11.647v-7.98h-2.474V16H13.1v-1.58c0-4.085 1.849-5.978 5.859-5.978.76 0 2.072.15 2.608.298v3.325c-.283-.03-.775-.045-1.386-.045-1.967 0-2.728.745-2.728 2.683V16h3.92l-.673 3.667h-3.247v8.245C23.395 27.195 28 22.135 28 16Z\"><\/path><\/svg><\/span><\/a><a aria-label=\"Twitter\" class=\"heateor_sss_button_twitter\" href=\"https:\/\/twitter.com\/intent\/tweet?text=Conselho%20Estadual%20de%20Seguran%C3%A7a%20P%C3%BAblica%20abre%20inscri%C3%A7%C3%B5es%20para%20ampliar%20participa%C3%A7%C3%A3o%20da%20sociedade%20civil%20em%20Pernambuco&url=https%3A%2F%2Fpenoticias.com.br%2Fblog%2Fconselho-estadual-de-seguranca-publica-abre-inscricoes-para-ampliar-participacao-da-sociedade-civil-em-pernambuco%2F\" title=\"Twitter\" rel=\"nofollow noopener\" target=\"_blank\" style=\"font-size:32px!important;box-shadow:none;display:inline-block;vertical-align:middle\"><span class=\"heateor_sss_svg heateor_sss_s__default heateor_sss_s_twitter\" style=\"background-color:#55acee;width:35px;height:35px;border-radius:999px;display:inline-block;opacity:1;float:left;font-size:32px;box-shadow:none;display:inline-block;font-size:16px;padding:0 4px;vertical-align:middle;background-repeat:repeat;overflow:hidden;padding:0;cursor:pointer;box-sizing:content-box\"><svg style=\"display:block;border-radius:999px;\" focusable=\"false\" aria-hidden=\"true\" xmlns=\"http:\/\/www.w3.org\/2000\/svg\" width=\"100%\" height=\"100%\" viewBox=\"-4 -4 39 39\"><path d=\"M28 8.557a9.913 9.913 0 0 1-2.828.775 4.93 4.93 0 0 0 2.166-2.725 9.738 9.738 0 0 1-3.13 1.194 4.92 4.92 0 0 0-3.593-1.55 4.924 4.924 0 0 0-4.794 6.049c-4.09-.21-7.72-2.17-10.15-5.15a4.942 4.942 0 0 0-.665 2.477c0 1.71.87 3.214 2.19 4.1a4.968 4.968 0 0 1-2.23-.616v.06c0 2.39 1.7 4.38 3.952 4.83-.414.115-.85.174-1.297.174-.318 0-.626-.03-.928-.086a4.935 4.935 0 0 0 4.6 3.42 9.893 9.893 0 0 1-6.114 2.107c-.398 0-.79-.023-1.175-.068a13.953 13.953 0 0 0 7.55 2.213c9.056 0 14.01-7.507 14.01-14.013 0-.213-.005-.426-.015-.637.96-.695 1.795-1.56 2.455-2.55z\" fill=\"#fff\"><\/path><\/svg><\/span><\/a><a aria-label=\"Whatsapp\" class=\"heateor_sss_whatsapp\" href=\"https:\/\/api.whatsapp.com\/send?text=Conselho%20Estadual%20de%20Seguran%C3%A7a%20P%C3%BAblica%20abre%20inscri%C3%A7%C3%B5es%20para%20ampliar%20participa%C3%A7%C3%A3o%20da%20sociedade%20civil%20em%20Pernambuco%20https%3A%2F%2Fpenoticias.com.br%2Fblog%2Fconselho-estadual-de-seguranca-publica-abre-inscricoes-para-ampliar-participacao-da-sociedade-civil-em-pernambuco%2F\" title=\"Whatsapp\" rel=\"nofollow noopener\" target=\"_blank\" style=\"font-size:32px!important;box-shadow:none;display:inline-block;vertical-align:middle\"><span class=\"heateor_sss_svg\" style=\"background-color:#55eb4c;width:35px;height:35px;border-radius:999px;display:inline-block;opacity:1;float:left;font-size:32px;box-shadow:none;display:inline-block;font-size:16px;padding:0 4px;vertical-align:middle;background-repeat:repeat;overflow:hidden;padding:0;cursor:pointer;box-sizing:content-box\"><svg style=\"display:block;border-radius:999px;\" focusable=\"false\" aria-hidden=\"true\" xmlns=\"http:\/\/www.w3.org\/2000\/svg\" width=\"100%\" height=\"100%\" viewBox=\"-6 -5 40 40\"><path class=\"heateor_sss_svg_stroke heateor_sss_no_fill\" stroke=\"#fff\" stroke-width=\"2\" fill=\"none\" d=\"M 11.579798566743314 24.396926207859085 A 10 10 0 1 0 6.808479557110079 20.73576436351046\"><\/path><path d=\"M 7 19 l -1 6 l 6 -1\" class=\"heateor_sss_no_fill heateor_sss_svg_stroke\" stroke=\"#fff\" stroke-width=\"2\" fill=\"none\"><\/path><path d=\"M 10 10 q -1 8 8 11 c 5 -1 0 -6 -1 -3 q -4 -3 -5 -5 c 4 -2 -1 -5 -1 -4\" fill=\"#fff\"><\/path><\/svg><\/span><\/a><a aria-label=\"Gmail\" class=\"heateor_sss_button_google_gmail\" href=\"https:\/\/mail.google.com\/mail\/?ui=2&view=cm&fs=1&tf=1&su=Conselho%20Estadual%20de%20Seguran%C3%A7a%20P%C3%BAblica%20abre%20inscri%C3%A7%C3%B5es%20para%20ampliar%20participa%C3%A7%C3%A3o%20da%20sociedade%20civil%20em%20Pernambuco&body=Link:https%3A%2F%2Fpenoticias.com.br%2Fblog%2Fconselho-estadual-de-seguranca-publica-abre-inscricoes-para-ampliar-participacao-da-sociedade-civil-em-pernambuco%2F\" title=\"Google Gmail\" rel=\"nofollow noopener\" target=\"_blank\" style=\"font-size:32px!important;box-shadow:none;display:inline-block;vertical-align:middle\"><span class=\"heateor_sss_svg heateor_sss_s__default heateor_sss_s_Google_Gmail\" style=\"background-color:#e5e5e5;width:35px;height:35px;border-radius:999px;display:inline-block;opacity:1;float:left;font-size:32px;box-shadow:none;display:inline-block;font-size:16px;padding:0 4px;vertical-align:middle;background-repeat:repeat;overflow:hidden;padding:0;cursor:pointer;box-sizing:content-box\"><svg style=\"display:block;border-radius:999px;\" focusable=\"false\" aria-hidden=\"true\" xmlns=\"http:\/\/www.w3.org\/2000\/svg\" width=\"100%\" height=\"100%\" viewBox=\"0 0 32 32\"><path fill=\"#fff\" d=\"M2.902 6.223h26.195v19.554H2.902z\"><\/path><path fill=\"#E14C41\" class=\"heateor_sss_no_fill\" d=\"M2.902 25.777h26.195V6.223H2.902v19.554zm22.44-4.007v3.806H6.955v-3.6h.032l.093-.034 6.9-5.558 2.09 1.77 1.854-1.63 7.42 5.246zm0-.672l-7.027-4.917 7.028-6.09V21.1zm-1.17-14.67l-.947.905c-2.356 2.284-4.693 4.75-7.17 6.876l-.078.06L8.062 6.39l16.11.033zm-10.597 9.61l-6.62 5.294.016-10.914 6.607 5.62\"><\/path><\/svg><\/span><\/a><a aria-label=\"Instagram\" class=\"heateor_sss_button_instagram\" href=\"https:\/\/www.instagram.com\/\" title=\"Instagram\" rel=\"nofollow noopener\" target=\"_blank\" style=\"font-size:32px!important;box-shadow:none;display:inline-block;vertical-align:middle\"><span class=\"heateor_sss_svg\" style=\"background-color:#53beee;width:35px;height:35px;border-radius:999px;display:inline-block;opacity:1;float:left;font-size:32px;box-shadow:none;display:inline-block;font-size:16px;padding:0 4px;vertical-align:middle;background-repeat:repeat;overflow:hidden;padding:0;cursor:pointer;box-sizing:content-box\"><svg style=\"display:block;border-radius:999px;\" version=\"1.1\" viewBox=\"-10 -10 148 148\" width=\"100%\" height=\"100%\" xml:space=\"preserve\" xmlns=\"http:\/\/www.w3.org\/2000\/svg\" xmlns:xlink=\"http:\/\/www.w3.org\/1999\/xlink\"><g><g><path d=\"M86,112H42c-14.336,0-26-11.663-26-26V42c0-14.337,11.664-26,26-26h44c14.337,0,26,11.663,26,26v44 C112,100.337,100.337,112,86,112z M42,24c-9.925,0-18,8.074-18,18v44c0,9.925,8.075,18,18,18h44c9.926,0,18-8.075,18-18V42 c0-9.926-8.074-18-18-18H42z\" fill=\"#fff\"><\/path><\/g><g><path d=\"M64,88c-13.234,0-24-10.767-24-24c0-13.234,10.766-24,24-24s24,10.766,24,24C88,77.233,77.234,88,64,88z M64,48c-8.822,0-16,7.178-16,16s7.178,16,16,16c8.822,0,16-7.178,16-16S72.822,48,64,48z\" fill=\"#fff\"><\/path><\/g><g><circle cx=\"89.5\" cy=\"38.5\" fill=\"#fff\" r=\"5.5\"><\/circle><\/g><\/g><\/svg><\/span><\/a><a aria-label=\"Print\" class=\"heateor_sss_button_print\" href=\"https:\/\/penoticias.com.br\/blog\/conselho-estadual-de-seguranca-publica-abre-inscricoes-para-ampliar-participacao-da-sociedade-civil-em-pernambuco\/\" onclick=\"event.preventDefault();window.print()\" title=\"Print\" rel=\"noopener\" style=\"font-size:32px!important;box-shadow:none;display:inline-block;vertical-align:middle\"><span class=\"heateor_sss_svg heateor_sss_s__default heateor_sss_s_print\" style=\"background-color:#fd6500;width:35px;height:35px;border-radius:999px;display:inline-block;opacity:1;float:left;font-size:32px;box-shadow:none;display:inline-block;font-size:16px;padding:0 4px;vertical-align:middle;background-repeat:repeat;overflow:hidden;padding:0;cursor:pointer;box-sizing:content-box\"><svg style=\"display:block;border-radius:999px;\" focusable=\"false\" aria-hidden=\"true\" xmlns=\"http:\/\/www.w3.org\/2000\/svg\" width=\"100%\" height=\"100%\" viewBox=\"-2.8 -4.5 35 35\"><path stroke=\"#fff\" class=\"heateor_sss_svg_stroke\" d=\"M 7 10 h 2 v 3 h 12 v -3 h 2 v 7 h -2 v -3 h -12 v 3 h -2 z\" stroke-width=\"1\" fill=\"#fff\"><\/path><rect class=\"heateor_sss_no_fill heateor_sss_svg_stroke\" stroke=\"#fff\" stroke-width=\"1.8\" height=\"7\" width=\"10\" x=\"10\" y=\"5\" fill=\"none\"><\/rect><rect class=\"heateor_sss_svg_stroke\" stroke=\"#fff\" stroke-width=\"1\" height=\"5\" width=\"8\" x=\"11\" y=\"16\" fill=\"#fff\"><\/rect><\/svg><\/span><\/a><a class=\"heateor_sss_more\" aria-label=\"More\" title=\"More\" rel=\"nofollow noopener\" style=\"font-size: 32px!important;border:0;box-shadow:none;display:inline-block!important;font-size:16px;padding:0 4px;vertical-align: middle;display:inline;\" href=\"https:\/\/penoticias.com.br\/blog\/conselho-estadual-de-seguranca-publica-abre-inscricoes-para-ampliar-participacao-da-sociedade-civil-em-pernambuco\/\" onclick=\"event.preventDefault()\"><span class=\"heateor_sss_svg\" style=\"background-color:#ee8e2d;width:35px;height:35px;border-radius:999px;display:inline-block!important;opacity:1;float:left;font-size:32px!important;box-shadow:none;display:inline-block;font-size:16px;padding:0 4px;vertical-align:middle;display:inline;background-repeat:repeat;overflow:hidden;padding:0;cursor:pointer;box-sizing:content-box;\" onclick=\"heateorSssMoreSharingPopup(this, 'https:\/\/penoticias.com.br\/blog\/conselho-estadual-de-seguranca-publica-abre-inscricoes-para-ampliar-participacao-da-sociedade-civil-em-pernambuco\/', 'Conselho%20Estadual%20de%20Seguran%C3%A7a%20P%C3%BAblica%20abre%20inscri%C3%A7%C3%B5es%20para%20ampliar%20participa%C3%A7%C3%A3o%20da%20sociedade%20civil%20em%20Pernambuco', '' )\"><svg xmlns=\"http:\/\/www.w3.org\/2000\/svg\" xmlns:xlink=\"http:\/\/www.w3.org\/1999\/xlink\" viewBox=\"-.3 0 32 32\" version=\"1.1\" width=\"100%\" height=\"100%\" style=\"display:block;border-radius:999px;\" xml:space=\"preserve\"><g><path fill=\"#fff\" d=\"M18 14V8h-4v6H8v4h6v6h4v-6h6v-4h-6z\" fill-rule=\"evenodd\"><\/path><\/g><\/svg><\/span><\/a><\/div><div class=\"heateorSssClear\"><\/div><\/div><div class='heateorSssClear'><\/div>","protected":false},"author":2,"featured_media":0,"comment_status":"closed","ping_status":"closed","sticky":false,"template":"","format":"standard","meta":{"footnotes":""},"categories":[53],"tags":[],"class_list":["post-225844","post","type-post","status-publish","format-standard","hentry","category-seguranca"],"yoast_head":"<!-- This site is optimized with the Yoast SEO plugin v28.4 - https:\/\/yoast.com\/product\/yoast-seo-wordpress\/ -->\n<title>Conselho Estadual de Seguran\u00e7a P\u00fablica abre inscri\u00e7\u00f5es para ampliar participa\u00e7\u00e3o da sociedade civil em Pernambuco - PE Not\u00edcias<\/title>\n<meta name=\"robots\" content=\"index, follow, max-snippet:-1, max-image-preview:large, max-video-preview:-1\" \/>\n<link rel=\"canonical\" href=\"https:\/\/penoticias.com.br\/blog\/conselho-estadual-de-seguranca-publica-abre-inscricoes-para-ampliar-participacao-da-sociedade-civil-em-pernambuco\/\" \/>\n<meta property=\"og:locale\" content=\"pt_BR\" \/>\n<meta property=\"og:type\" content=\"article\" \/>\n<meta property=\"og:title\" content=\"Conselho Estadual de Seguran\u00e7a P\u00fablica abre inscri\u00e7\u00f5es para ampliar participa\u00e7\u00e3o da sociedade civil em Pernambuco - PE Not\u00edcias\" \/>\n<meta property=\"og:description\" content=\"Entidades do Agreste, Sert\u00e3o, Zona da Mata e Regi\u00e3o Metropolitana podem integrar colegiado respons\u00e1vel por acompanhar e contribuir com as pol\u00edticas p\u00fablicas de seguran\u00e7a no Estado A constru\u00e7\u00e3o de uma pol\u00edtica p\u00fablica de seguran\u00e7a mais participativa passa pelo di\u00e1logo entre Governo e sociedade. Com esse princ\u00edpio, o Conselho Estadual de Seguran\u00e7a P\u00fablica e Defesa Social ... Ler mais\" \/>\n<meta property=\"og:url\" content=\"https:\/\/penoticias.com.br\/blog\/conselho-estadual-de-seguranca-publica-abre-inscricoes-para-ampliar-participacao-da-sociedade-civil-em-pernambuco\/\" \/>\n<meta property=\"og:site_name\" content=\"PE Not\u00edcias\" \/>\n<meta property=\"article:publisher\" content=\"pedrovicentearaujo@hotmail.com\" \/>\n<meta property=\"article:author\" content=\"pedrovicentearaujo@hotmail.com\" \/>\n<meta property=\"article:published_time\" content=\"2026-08-12T14:15:43+00:00\" \/>\n<meta property=\"og:image\" content=\"https:\/\/penoticias.com.br\/blog\/wp-content\/uploads\/2026\/08\/SDS-PE.jpg\" \/>\n\t<meta property=\"og:image:width\" content=\"1200\" \/>\n\t<meta property=\"og:image:height\" content=\"675\" \/>\n\t<meta property=\"og:image:type\" content=\"image\/jpeg\" \/>\n<meta name=\"author\" content=\"Pedro Ara\u00fajo\" \/>\n<meta name=\"twitter:card\" content=\"summary_large_image\" \/>\n<meta name=\"twitter:creator\" content=\"@pedromuela\" \/>\n<meta name=\"twitter:site\" content=\"@pedromuela\" \/>\n<meta name=\"twitter:label1\" content=\"Escrito por\" \/>\n\t<meta name=\"twitter:data1\" content=\"Pedro Ara\u00fajo\" \/>\n\t<meta name=\"twitter:label2\" content=\"Est. tempo de leitura\" \/>\n\t<meta name=\"twitter:data2\" content=\"3 minutos\" \/>\n<script type=\"application\/ld+json\" class=\"yoast-schema-graph\">{\"@context\":\"https:\\\/\\\/schema.org\",\"@graph\":[{\"@type\":\"Article\",\"@id\":\"https:\\\/\\\/penoticias.com.br\\\/blog\\\/conselho-estadual-de-seguranca-publica-abre-inscricoes-para-ampliar-participacao-da-sociedade-civil-em-pernambuco\\\/#article\",\"isPartOf\":{\"@id\":\"https:\\\/\\\/penoticias.com.br\\\/blog\\\/conselho-estadual-de-seguranca-publica-abre-inscricoes-para-ampliar-participacao-da-sociedade-civil-em-pernambuco\\\/\"},\"author\":{\"name\":\"Pedro Ara\u00fajo\",\"@id\":\"https:\\\/\\\/penoticias.com.br\\\/blog\\\/#\\\/schema\\\/person\\\/13ea60669d2351f129ef3657907f1432\"},\"headline\":\"Conselho Estadual de Seguran\u00e7a P\u00fablica abre inscri\u00e7\u00f5es para ampliar participa\u00e7\u00e3o da sociedade civil em Pernambuco\",\"datePublished\":\"2026-08-12T14:15:43+00:00\",\"mainEntityOfPage\":{\"@id\":\"https:\\\/\\\/penoticias.com.br\\\/blog\\\/conselho-estadual-de-seguranca-publica-abre-inscricoes-para-ampliar-participacao-da-sociedade-civil-em-pernambuco\\\/\"},\"wordCount\":523,\"publisher\":{\"@id\":\"https:\\\/\\\/penoticias.com.br\\\/blog\\\/#\\\/schema\\\/person\\\/13ea60669d2351f129ef3657907f1432\"},\"image\":{\"@id\":\"https:\\\/\\\/penoticias.com.br\\\/blog\\\/conselho-estadual-de-seguranca-publica-abre-inscricoes-para-ampliar-participacao-da-sociedade-civil-em-pernambuco\\\/#primaryimage\"},\"thumbnailUrl\":\"https:\\\/\\\/penoticias.com.br\\\/blog\\\/wp-content\\\/uploads\\\/2026\\\/08\\\/SDS-PE-1024x576.jpg\",\"articleSection\":[\"Seguran\u00e7a\"],\"inLanguage\":\"pt-BR\"},{\"@type\":\"WebPage\",\"@id\":\"https:\\\/\\\/penoticias.com.br\\\/blog\\\/conselho-estadual-de-seguranca-publica-abre-inscricoes-para-ampliar-participacao-da-sociedade-civil-em-pernambuco\\\/\",\"url\":\"https:\\\/\\\/penoticias.com.br\\\/blog\\\/conselho-estadual-de-seguranca-publica-abre-inscricoes-para-ampliar-participacao-da-sociedade-civil-em-pernambuco\\\/\",\"name\":\"Conselho Estadual de Seguran\u00e7a P\u00fablica abre inscri\u00e7\u00f5es para ampliar participa\u00e7\u00e3o da sociedade civil em Pernambuco - PE Not\u00edcias\",\"isPartOf\":{\"@id\":\"https:\\\/\\\/penoticias.com.br\\\/blog\\\/#website\"},\"primaryImageOfPage\":{\"@id\":\"https:\\\/\\\/penoticias.com.br\\\/blog\\\/conselho-estadual-de-seguranca-publica-abre-inscricoes-para-ampliar-participacao-da-sociedade-civil-em-pernambuco\\\/#primaryimage\"},\"image\":{\"@id\":\"https:\\\/\\\/penoticias.com.br\\\/blog\\\/conselho-estadual-de-seguranca-publica-abre-inscricoes-para-ampliar-participacao-da-sociedade-civil-em-pernambuco\\\/#primaryimage\"},\"thumbnailUrl\":\"https:\\\/\\\/penoticias.com.br\\\/blog\\\/wp-content\\\/uploads\\\/2026\\\/08\\\/SDS-PE-1024x576.jpg\",\"datePublished\":\"2026-08-12T14:15:43+00:00\",\"breadcrumb\":{\"@id\":\"https:\\\/\\\/penoticias.com.br\\\/blog\\\/conselho-estadual-de-seguranca-publica-abre-inscricoes-para-ampliar-participacao-da-sociedade-civil-em-pernambuco\\\/#breadcrumb\"},\"inLanguage\":\"pt-BR\",\"potentialAction\":[{\"@type\":\"ReadAction\",\"target\":[\"https:\\\/\\\/penoticias.com.br\\\/blog\\\/conselho-estadual-de-seguranca-publica-abre-inscricoes-para-ampliar-participacao-da-sociedade-civil-em-pernambuco\\\/\"]}]},{\"@type\":\"ImageObject\",\"inLanguage\":\"pt-BR\",\"@id\":\"https:\\\/\\\/penoticias.com.br\\\/blog\\\/conselho-estadual-de-seguranca-publica-abre-inscricoes-para-ampliar-participacao-da-sociedade-civil-em-pernambuco\\\/#primaryimage\",\"url\":\"https:\\\/\\\/penoticias.com.br\\\/blog\\\/wp-content\\\/uploads\\\/2026\\\/08\\\/SDS-PE.jpg\",\"contentUrl\":\"https:\\\/\\\/penoticias.com.br\\\/blog\\\/wp-content\\\/uploads\\\/2026\\\/08\\\/SDS-PE.jpg\",\"width\":1200,\"height\":675},{\"@type\":\"BreadcrumbList\",\"@id\":\"https:\\\/\\\/penoticias.com.br\\\/blog\\\/conselho-estadual-de-seguranca-publica-abre-inscricoes-para-ampliar-participacao-da-sociedade-civil-em-pernambuco\\\/#breadcrumb\",\"itemListElement\":[{\"@type\":\"ListItem\",\"position\":1,\"name\":\"In\u00edcio\",\"item\":\"https:\\\/\\\/penoticias.com.br\\\/blog\\\/\"},{\"@type\":\"ListItem\",\"position\":2,\"name\":\"Conselho Estadual de Seguran\u00e7a P\u00fablica abre inscri\u00e7\u00f5es para ampliar participa\u00e7\u00e3o da sociedade civil em Pernambuco\"}]},{\"@type\":\"WebSite\",\"@id\":\"https:\\\/\\\/penoticias.com.br\\\/blog\\\/#website\",\"url\":\"https:\\\/\\\/penoticias.com.br\\\/blog\\\/\",\"name\":\"PE Not\u00edcias\",\"description\":\"Voc\u00ea no Mundo da Informa\u00e7\u00e3o.\",\"publisher\":{\"@id\":\"https:\\\/\\\/penoticias.com.br\\\/blog\\\/#\\\/schema\\\/person\\\/13ea60669d2351f129ef3657907f1432\"},\"potentialAction\":[{\"@type\":\"SearchAction\",\"target\":{\"@type\":\"EntryPoint\",\"urlTemplate\":\"https:\\\/\\\/penoticias.com.br\\\/blog\\\/?s={search_term_string}\"},\"query-input\":{\"@type\":\"PropertyValueSpecification\",\"valueRequired\":true,\"valueName\":\"search_term_string\"}}],\"inLanguage\":\"pt-BR\"},{\"@type\":[\"Person\",\"Organization\"],\"@id\":\"https:\\\/\\\/penoticias.com.br\\\/blog\\\/#\\\/schema\\\/person\\\/13ea60669d2351f129ef3657907f1432\",\"name\":\"Pedro Ara\u00fajo\",\"image\":{\"@type\":\"ImageObject\",\"inLanguage\":\"pt-BR\",\"@id\":\"https:\\\/\\\/secure.gravatar.com\\\/avatar\\\/d654258027afd7c928561b83494a45e3aff23d7ac7ce926d2bceac1ffe030175?s=96&d=mm&r=g\",\"url\":\"https:\\\/\\\/secure.gravatar.com\\\/avatar\\\/d654258027afd7c928561b83494a45e3aff23d7ac7ce926d2bceac1ffe030175?s=96&d=mm&r=g\",\"contentUrl\":\"https:\\\/\\\/secure.gravatar.com\\\/avatar\\\/d654258027afd7c928561b83494a45e3aff23d7ac7ce926d2bceac1ffe030175?s=96&d=mm&r=g\",\"caption\":\"Pedro Ara\u00fajo\"},\"logo\":{\"@id\":\"https:\\\/\\\/secure.gravatar.com\\\/avatar\\\/d654258027afd7c928561b83494a45e3aff23d7ac7ce926d2bceac1ffe030175?s=96&d=mm&r=g\"},\"description\":\"As informa\u00e7\u00f5es que traduzem as verdades dos fatos, sem ferir ou denegrir pessoas ou imagens. Como tamb\u00e9m, nunca procurando agradar aos maus feitores.\",\"sameAs\":[\"http:\\\/\\\/www.penoticias.com.br\",\"pedrovicentearaujo@hotmail.com\",\"@pedroafogados\",\"https:\\\/\\\/x.com\\\/pedromuela\",\"www.penoticias.com.br\"],\"url\":\"https:\\\/\\\/penoticias.com.br\\\/blog\\\/author\\\/pedro\\\/\"}]}<\/script>\n<!-- \/ Yoast SEO plugin. -->","yoast_head_json":{"title":"Conselho Estadual de Seguran\u00e7a P\u00fablica abre inscri\u00e7\u00f5es para ampliar participa\u00e7\u00e3o da sociedade civil em Pernambuco - PE Not\u00edcias","robots":{"index":"index","follow":"follow","max-snippet":"max-snippet:-1","max-image-preview":"max-image-preview:large","max-video-preview":"max-video-preview:-1"},"canonical":"https:\/\/penoticias.com.br\/blog\/conselho-estadual-de-seguranca-publica-abre-inscricoes-para-ampliar-participacao-da-sociedade-civil-em-pernambuco\/","og_locale":"pt_BR","og_type":"article","og_title":"Conselho Estadual de Seguran\u00e7a P\u00fablica abre inscri\u00e7\u00f5es para ampliar participa\u00e7\u00e3o da sociedade civil em Pernambuco - PE Not\u00edcias","og_description":"Entidades do Agreste, Sert\u00e3o, Zona da Mata e Regi\u00e3o Metropolitana podem integrar colegiado respons\u00e1vel por acompanhar e contribuir com as pol\u00edticas p\u00fablicas de seguran\u00e7a no Estado A constru\u00e7\u00e3o de uma pol\u00edtica p\u00fablica de seguran\u00e7a mais participativa passa pelo di\u00e1logo entre Governo e sociedade. Com esse princ\u00edpio, o Conselho Estadual de Seguran\u00e7a P\u00fablica e Defesa Social ... Ler mais","og_url":"https:\/\/penoticias.com.br\/blog\/conselho-estadual-de-seguranca-publica-abre-inscricoes-para-ampliar-participacao-da-sociedade-civil-em-pernambuco\/","og_site_name":"PE Not\u00edcias","article_publisher":"pedrovicentearaujo@hotmail.com","article_author":"pedrovicentearaujo@hotmail.com","article_published_time":"2026-08-12T14:15:43+00:00","og_image":[{"width":1200,"height":675,"url":"https:\/\/penoticias.com.br\/blog\/wp-content\/uploads\/2026\/08\/SDS-PE.jpg","type":"image\/jpeg"}],"author":"Pedro Ara\u00fajo","twitter_card":"summary_large_image","twitter_creator":"@pedromuela","twitter_site":"@pedromuela","twitter_misc":{"Escrito por":"Pedro Ara\u00fajo","Est. tempo de leitura":"3 minutos"},"schema":{"@context":"https:\/\/schema.org","@graph":[{"@type":"Article","@id":"https:\/\/penoticias.com.br\/blog\/conselho-estadual-de-seguranca-publica-abre-inscricoes-para-ampliar-participacao-da-sociedade-civil-em-pernambuco\/#article","isPartOf":{"@id":"https:\/\/penoticias.com.br\/blog\/conselho-estadual-de-seguranca-publica-abre-inscricoes-para-ampliar-participacao-da-sociedade-civil-em-pernambuco\/"},"author":{"name":"Pedro Ara\u00fajo","@id":"https:\/\/penoticias.com.br\/blog\/#\/schema\/person\/13ea60669d2351f129ef3657907f1432"},"headline":"Conselho Estadual de Seguran\u00e7a P\u00fablica abre inscri\u00e7\u00f5es para ampliar participa\u00e7\u00e3o da sociedade civil em Pernambuco","datePublished":"2026-08-12T14:15:43+00:00","mainEntityOfPage":{"@id":"https:\/\/penoticias.com.br\/blog\/conselho-estadual-de-seguranca-publica-abre-inscricoes-para-ampliar-participacao-da-sociedade-civil-em-pernambuco\/"},"wordCount":523,"publisher":{"@id":"https:\/\/penoticias.com.br\/blog\/#\/schema\/person\/13ea60669d2351f129ef3657907f1432"},"image":{"@id":"https:\/\/penoticias.com.br\/blog\/conselho-estadual-de-seguranca-publica-abre-inscricoes-para-ampliar-participacao-da-sociedade-civil-em-pernambuco\/#primaryimage"},"thumbnailUrl":"https:\/\/penoticias.com.br\/blog\/wp-content\/uploads\/2026\/08\/SDS-PE-1024x576.jpg","articleSection":["Seguran\u00e7a"],"inLanguage":"pt-BR"},{"@type":"WebPage","@id":"https:\/\/penoticias.com.br\/blog\/conselho-estadual-de-seguranca-publica-abre-inscricoes-para-ampliar-participacao-da-sociedade-civil-em-pernambuco\/","url":"https:\/\/penoticias.com.br\/blog\/conselho-estadual-de-seguranca-publica-abre-inscricoes-para-ampliar-participacao-da-sociedade-civil-em-pernambuco\/","name":"Conselho Estadual de Seguran\u00e7a P\u00fablica abre inscri\u00e7\u00f5es para ampliar participa\u00e7\u00e3o da sociedade civil em Pernambuco - PE Not\u00edcias","isPartOf":{"@id":"https:\/\/penoticias.com.br\/blog\/#website"},"primaryImageOfPage":{"@id":"https:\/\/penoticias.com.br\/blog\/conselho-estadual-de-seguranca-publica-abre-inscricoes-para-ampliar-participacao-da-sociedade-civil-em-pernambuco\/#primaryimage"},"image":{"@id":"https:\/\/penoticias.com.br\/blog\/conselho-estadual-de-seguranca-publica-abre-inscricoes-para-ampliar-participacao-da-sociedade-civil-em-pernambuco\/#primaryimage"},"thumbnailUrl":"https:\/\/penoticias.com.br\/blog\/wp-content\/uploads\/2026\/08\/SDS-PE-1024x576.jpg","datePublished":"2026-08-12T14:15:43+00:00","breadcrumb":{"@id":"https:\/\/penoticias.com.br\/blog\/conselho-estadual-de-seguranca-publica-abre-inscricoes-para-ampliar-participacao-da-sociedade-civil-em-pernambuco\/#breadcrumb"},"inLanguage":"pt-BR","potentialAction":[{"@type":"ReadAction","target":["https:\/\/penoticias.com.br\/blog\/conselho-estadual-de-seguranca-publica-abre-inscricoes-para-ampliar-participacao-da-sociedade-civil-em-pernambuco\/"]}]},{"@type":"ImageObject","inLanguage":"pt-BR","@id":"https:\/\/penoticias.com.br\/blog\/conselho-estadual-de-seguranca-publica-abre-inscricoes-para-ampliar-participacao-da-sociedade-civil-em-pernambuco\/#primaryimage","url":"https:\/\/penoticias.com.br\/blog\/wp-content\/uploads\/2026\/08\/SDS-PE.jpg","contentUrl":"https:\/\/penoticias.com.br\/blog\/wp-content\/uploads\/2026\/08\/SDS-PE.jpg","width":1200,"height":675},{"@type":"BreadcrumbList","@id":"https:\/\/penoticias.com.br\/blog\/conselho-estadual-de-seguranca-publica-abre-inscricoes-para-ampliar-participacao-da-sociedade-civil-em-pernambuco\/#breadcrumb","itemListElement":[{"@type":"ListItem","position":1,"name":"In\u00edcio","item":"https:\/\/penoticias.com.br\/blog\/"},{"@type":"ListItem","position":2,"name":"Conselho Estadual de Seguran\u00e7a P\u00fablica abre inscri\u00e7\u00f5es para ampliar participa\u00e7\u00e3o da sociedade civil em Pernambuco"}]},{"@type":"WebSite","@id":"https:\/\/penoticias.com.br\/blog\/#website","url":"https:\/\/penoticias.com.br\/blog\/","name":"PE Not\u00edcias","description":"Voc\u00ea no Mundo da Informa\u00e7\u00e3o.","publisher":{"@id":"https:\/\/penoticias.com.br\/blog\/#\/schema\/person\/13ea60669d2351f129ef3657907f1432"},"potentialAction":[{"@type":"SearchAction","target":{"@type":"EntryPoint","urlTemplate":"https:\/\/penoticias.com.br\/blog\/?s={search_term_string}"},"query-input":{"@type":"PropertyValueSpecification","valueRequired":true,"valueName":"search_term_string"}}],"inLanguage":"pt-BR"},{"@type":["Person","Organization"],"@id":"https:\/\/penoticias.com.br\/blog\/#\/schema\/person\/13ea60669d2351f129ef3657907f1432","name":"Pedro Ara\u00fajo","image":{"@type":"ImageObject","inLanguage":"pt-BR","@id":"https:\/\/secure.gravatar.com\/avatar\/d654258027afd7c928561b83494a45e3aff23d7ac7ce926d2bceac1ffe030175?s=96&d=mm&r=g","url":"https:\/\/secure.gravatar.com\/avatar\/d654258027afd7c928561b83494a45e3aff23d7ac7ce926d2bceac1ffe030175?s=96&d=mm&r=g","contentUrl":"https:\/\/secure.gravatar.com\/avatar\/d654258027afd7c928561b83494a45e3aff23d7ac7ce926d2bceac1ffe030175?s=96&d=mm&r=g","caption":"Pedro Ara\u00fajo"},"logo":{"@id":"https:\/\/secure.gravatar.com\/avatar\/d654258027afd7c928561b83494a45e3aff23d7ac7ce926d2bceac1ffe030175?s=96&d=mm&r=g"},"description":"As informa\u00e7\u00f5es que traduzem as verdades dos fatos, sem ferir ou denegrir pessoas ou imagens. Como tamb\u00e9m, nunca procurando agradar aos maus feitores.","sameAs":["http:\/\/www.penoticias.com.br","pedrovicentearaujo@hotmail.com","@pedroafogados","https:\/\/x.com\/pedromuela","www.penoticias.com.br"],"url":"https:\/\/penoticias.com.br\/blog\/author\/pedro\/"}]}},"_links":{"self":[{"href":"https:\/\/penoticias.com.br\/blog\/wp-json\/wp\/v2\/posts\/225844","targetHints":{"allow":["GET"]}}],"collection":[{"href":"https:\/\/penoticias.com.br\/blog\/wp-json\/wp\/v2\/posts"}],"about":[{"href":"https:\/\/penoticias.com.br\/blog\/wp-json\/wp\/v2\/types\/post"}],"author":[{"embeddable":true,"href":"https:\/\/penoticias.com.br\/blog\/wp-json\/wp\/v2\/users\/2"}],"replies":[{"embeddable":true,"href":"https:\/\/penoticias.com.br\/blog\/wp-json\/wp\/v2\/comments?post=225844"}],"version-history":[{"count":1,"href":"https:\/\/penoticias.com.br\/blog\/wp-json\/wp\/v2\/posts\/225844\/revisions"}],"predecessor-version":[{"id":225846,"href":"https:\/\/penoticias.com.br\/blog\/wp-json\/wp\/v2\/posts\/225844\/revisions\/225846"}],"wp:attachment":[{"href":"https:\/\/penoticias.com.br\/blog\/wp-json\/wp\/v2\/media?parent=225844"}],"wp:term":[{"taxonomy":"category","embeddable":true,"href":"https:\/\/penoticias.com.br\/blog\/wp-json\/wp\/v2\/categories?post=225844"},{"taxonomy":"post_tag","embeddable":true,"href":"https:\/\/penoticias.com.br\/blog\/wp-json\/wp\/v2\/tags?post=225844"}],"curies":[{"name":"wp","href":"https:\/\/api.w.org\/{rel}","templated":true}]}}