{"id":226326,"date":"2026-08-17T00:09:02","date_gmt":"2026-08-17T03:09:02","guid":{"rendered":"https:\/\/penoticias.com.br\/blog\/?p=226326"},"modified":"2026-08-16T05:40:01","modified_gmt":"2026-08-16T08:40:01","slug":"senado-em-pernambuco-onze-nomes-disputam-duas-vagas-em-eleicao-marcada-por-aliancas-e-reviravoltas","status":"publish","type":"post","link":"https:\/\/penoticias.com.br\/blog\/senado-em-pernambuco-onze-nomes-disputam-duas-vagas-em-eleicao-marcada-por-aliancas-e-reviravoltas\/","title":{"rendered":"Senado em Pernambuco: onze nomes disputam duas vagas em elei\u00e7\u00e3o marcada por alian\u00e7as e reviravoltas"},"content":{"rendered":"<p style=\"text-align: center;\"><img fetchpriority=\"high\" decoding=\"async\" class=\"alignnone wp-image-140314 \" src=\"https:\/\/penoticias.com.br\/blog\/wp-content\/uploads\/2023\/08\/PE-Noticias-56.jpg\" alt=\"\" width=\"641\" height=\"516\" srcset=\"https:\/\/penoticias.com.br\/blog\/wp-content\/uploads\/2023\/08\/PE-Noticias-56.jpg 773w, https:\/\/penoticias.com.br\/blog\/wp-content\/uploads\/2023\/08\/PE-Noticias-56-300x241.jpg 300w, https:\/\/penoticias.com.br\/blog\/wp-content\/uploads\/2023\/08\/PE-Noticias-56-768x618.jpg 768w\" sizes=\"(max-width: 641px) 100vw, 641px\" \/><\/p>\n<p>Pernambuco ter\u00e1 duas vagas em disputa para o Senado nas elei\u00e7\u00f5es de 2026, em uma corrida que re\u00fane 11 candidatos e foi marcada por negocia\u00e7\u00f5es entre partidos, mudan\u00e7as de planos e disputas pela composi\u00e7\u00e3o das chapas ao Governo do Estado. Em 4 de outubro, cada eleitor poder\u00e1 escolher dois nomes, e os dois mais votados ser\u00e3o eleitos para mandatos de oito anos na Casa Alta do Congresso Nacional.<\/p>\n<p>A disputa re\u00fane Carlos Sant\u2019Anna (Novo), Eduardo da Fonte (PP), Gorett Bitu (UP), Humberto Costa (PT), Mariano Macedo (PSTU), Mar\u00edlia Arraes (PDT), Mendon\u00e7a Filho (PL), Pastor Gilvan Costa (Democrata), Paulo Rubem Santiago (Rede), Samuel Tim\u00f3teo (UP) e T\u00falio Gad\u00ealha (PSD).<\/p>\n<p><strong>Quem est\u00e1 com quem<\/strong><\/p>\n<p>As duas principais chapas ao Governo de Pernambuco concentram quatro dos nomes mais conhecidos da disputa.<\/p>\n<p>Na chapa da governadora Raquel Lyra (PSD) est\u00e3o Eduardo da Fonte e T\u00falio Gad\u00ealha. A escolha dos dois, por\u00e9m, passou por meses de negocia\u00e7\u00f5es. T\u00falio foi convidado por Raquel ainda no primeiro semestre e lan\u00e7ou sua pr\u00e9-candidatura lan\u00e7ada. A segunda vaga foi disputada principalmente por Eduardo da Fonte e Miguel Coelho (UB).<\/p>\n<p>Durante as articula\u00e7\u00f5es, chegou a ser discutida a possibilidade de Eduardo, Miguel e T\u00falio disputarem simultaneamente as duas vagas pelo mesmo campo pol\u00edtico. A proposta n\u00e3o avan\u00e7ou. A decis\u00e3o sobre a vaga ligada \u00e0 Federa\u00e7\u00e3o Uni\u00e3o Progressista, formada por PP e Uni\u00e3o Brasil, acabou favorecendo Eduardo. Miguel retirou sua pr\u00e9-candidatura ao Senado em 1\u00ba de agosto e posteriormente decidiu concorrer \u00e0 C\u00e2mara dos Deputados.<\/p>\n<p>Disputando o Senado de forma avulsa, Carlos Sant\u2019Anna (Novo) e Mendon\u00e7a Filho (PL), declararam apoio \u00e0 governadora, mesmo fora da chapa majorit\u00e1ria. No PL, Mendon\u00e7a foi escolhido na conven\u00e7\u00e3o e a decis\u00e3o retirou Silvio Nascimento da corrida pelo Senado, levando-o para a disputa por uma vaga na C\u00e2mara.<\/p>\n<p>Do outro lado, Mar\u00edlia Arraes e Humberto Costa integram a chapa majorit\u00e1ria liderada por Jo\u00e3o Campos (PSB). Humberto busca a reelei\u00e7\u00e3o ao Senado pelo PT, enquanto Mar\u00edlia retorna \u00e0 disputa majorit\u00e1ria pelo PDT. Os dois tamb\u00e9m contam com o apoio do presidente Lula da Silva (PT).<\/p>\n<p>A composi\u00e7\u00e3o da chapa de Jo\u00e3o Campos foi definida com mais anteced\u00eancia. Al\u00e9m de Mar\u00edlia e Humberto, tamb\u00e9m se colocavam na disputa Silvio Costa Filho (Republicanos) e Miguel Coelho. Silvio retirou a pr\u00e9-candidatura ao Senado e passou a integrar a chapa como candidato a vice-governador, ao lado de seu irm\u00e3o Carlos Costa (Republicanos), enquanto Miguel posteriormente migrou para o grupo de Raquel.<\/p>\n<p>Os dois candidatos j\u00e1 foram apresentados na chapa em abril, quando Campos renunciou a gest\u00e3o da Prefeitura do Recife, e lan\u00e7ou sua pr\u00e9-candidatura oficialmente.<!--more--><\/p>\n<p>Fora das duas principais alian\u00e7as, Paulo Rubem Santiago disputa pelo campo da Federa\u00e7\u00e3o PSOL\/Rede, que tem Ivan Moraes (PSol) como candidato ao Governo. Samuel Tim\u00f3teo e Gorett Bitu est\u00e3o na chapa da Unidade Popular, encabe\u00e7ada por Camila Falc\u00e3o. Mariano Macedo concorre pelo PSTU, na chapa de Guilherme Fonseca, e Pastor Gilvan Costa disputa pelo Democrata, na chapa de\u00a0Jeremias Cosmo.<\/p>\n<p><strong>O que dizem as pesquisas?<\/strong><\/p>\n<p>Os levantamentos realizados ao longo de 2026 apontam Mar\u00edlia Arraes na lideran\u00e7a, enquanto a segunda vaga aparece mais disputada.<\/p>\n<p>Na Genial\/Quaest divulgada em 28 de julho, Mar\u00edlia tinha 19% e Humberto Costa, 12%. Mendon\u00e7a Filho aparecia com 8%, enquanto Eduardo da Fonte e Miguel Coelho tinham 6% cada e T\u00falio Gad\u00ealha, 4%. A pesquisa ouviu 900 eleitores e tinha margem de erro de tr\u00eas pontos percentuais.<\/p>\n<p>O levantamento tamb\u00e9m mostrou um eleitorado ainda pouco definido, com 18% indecisos e 25% dos eleitores entrevistados declarando voto branco, nulo ou que n\u00e3o votariam no primeiro cen\u00e1rio.<\/p>\n<p><strong>O que faz um senador?<\/strong><\/p>\n<p>O Senado representa os 26 Estados e o Distrito Federal, com tr\u00eas senadores por unidade da Federa\u00e7\u00e3o. Diferentemente da C\u00e2mara dos Deputados, portanto, o n\u00famero de senadores na Casa Alta n\u00e3o varia de acordo com a popula\u00e7\u00e3o de cada Estado.<\/p>\n<p>Entre as principais fun\u00e7\u00f5es est\u00e3o a discuss\u00e3o e vota\u00e7\u00e3o de projetos de lei e propostas de emenda \u00e0 Constitui\u00e7\u00e3o, al\u00e9m da an\u00e1lise de indica\u00e7\u00f5es para determinados cargos p\u00fablicos. O Senado tamb\u00e9m participa de processos de responsabilidade contra autoridades e exerce fun\u00e7\u00f5es de fiscaliza\u00e7\u00e3o e controle.<\/p>\n<p>Para Pernambuco, o senador tamb\u00e9m representa os interesses do Estado em Bras\u00edlia. Isso envolve atua\u00e7\u00e3o em comiss\u00f5es, articula\u00e7\u00e3o com o governo federal, defesa de investimentos para o Estado e apresenta\u00e7\u00e3o e destina\u00e7\u00e3o de emendas parlamentares.<\/p>\n<p>A\u00a0elei\u00e7\u00e3o definir\u00e1 n\u00e3o apenas os dois nomes que ocupar\u00e3o as cadeiras de Pernambuco, mas tamb\u00e9m quais grupos pol\u00edticos ter\u00e3o representa\u00e7\u00e3o direta no Senado durante os pr\u00f3ximos oito anos.<\/p>\n","protected":false},"excerpt":{"rendered":"<p>Pernambuco ter\u00e1 duas vagas em disputa para o Senado nas elei\u00e7\u00f5es de 2026, em uma corrida que re\u00fane 11 candidatos e foi marcada por negocia\u00e7\u00f5es entre partidos, mudan\u00e7as de planos e disputas pela composi\u00e7\u00e3o das chapas ao Governo do Estado. Em 4 de outubro, cada eleitor poder\u00e1 escolher dois nomes, e os dois mais votados &#8230; <a title=\"Senado em Pernambuco: onze nomes disputam duas vagas em elei\u00e7\u00e3o marcada por alian\u00e7as e reviravoltas\" class=\"read-more\" href=\"https:\/\/penoticias.com.br\/blog\/senado-em-pernambuco-onze-nomes-disputam-duas-vagas-em-eleicao-marcada-por-aliancas-e-reviravoltas\/\" aria-label=\"Read more about Senado em Pernambuco: onze nomes disputam duas vagas em elei\u00e7\u00e3o marcada por alian\u00e7as e reviravoltas\">Ler mais<\/a><\/p>\n<div class='heateorSssClear'><\/div><div  class='heateor_sss_sharing_container heateor_sss_horizontal_sharing' data-heateor-sss-href='https:\/\/penoticias.com.br\/blog\/senado-em-pernambuco-onze-nomes-disputam-duas-vagas-em-eleicao-marcada-por-aliancas-e-reviravoltas\/'><div class='heateor_sss_sharing_title' style=\"font-weight:bold\" ><\/div><div class=\"heateor_sss_sharing_ul\"><a aria-label=\"Facebook\" class=\"heateor_sss_facebook\" href=\"https:\/\/www.facebook.com\/sharer\/sharer.php?u=https%3A%2F%2Fpenoticias.com.br%2Fblog%2Fsenado-em-pernambuco-onze-nomes-disputam-duas-vagas-em-eleicao-marcada-por-aliancas-e-reviravoltas%2F\" title=\"Facebook\" rel=\"nofollow noopener\" target=\"_blank\" style=\"font-size:32px!important;box-shadow:none;display:inline-block;vertical-align:middle\"><span class=\"heateor_sss_svg\" style=\"background-color:#0765FE;width:35px;height:35px;border-radius:999px;display:inline-block;opacity:1;float:left;font-size:32px;box-shadow:none;display:inline-block;font-size:16px;padding:0 4px;vertical-align:middle;background-repeat:repeat;overflow:hidden;padding:0;cursor:pointer;box-sizing:content-box\"><svg style=\"display:block;border-radius:999px;\" focusable=\"false\" aria-hidden=\"true\" xmlns=\"http:\/\/www.w3.org\/2000\/svg\" width=\"100%\" height=\"100%\" viewBox=\"0 0 32 32\"><path fill=\"#fff\" d=\"M28 16c0-6.627-5.373-12-12-12S4 9.373 4 16c0 5.628 3.875 10.35 9.101 11.647v-7.98h-2.474V16H13.1v-1.58c0-4.085 1.849-5.978 5.859-5.978.76 0 2.072.15 2.608.298v3.325c-.283-.03-.775-.045-1.386-.045-1.967 0-2.728.745-2.728 2.683V16h3.92l-.673 3.667h-3.247v8.245C23.395 27.195 28 22.135 28 16Z\"><\/path><\/svg><\/span><\/a><a aria-label=\"Twitter\" class=\"heateor_sss_button_twitter\" href=\"https:\/\/twitter.com\/intent\/tweet?text=Senado%20em%20Pernambuco%3A%20onze%20nomes%20disputam%20duas%20vagas%20em%20elei%C3%A7%C3%A3o%20marcada%20por%20alian%C3%A7as%20e%20reviravoltas&url=https%3A%2F%2Fpenoticias.com.br%2Fblog%2Fsenado-em-pernambuco-onze-nomes-disputam-duas-vagas-em-eleicao-marcada-por-aliancas-e-reviravoltas%2F\" title=\"Twitter\" rel=\"nofollow noopener\" target=\"_blank\" style=\"font-size:32px!important;box-shadow:none;display:inline-block;vertical-align:middle\"><span class=\"heateor_sss_svg heateor_sss_s__default heateor_sss_s_twitter\" style=\"background-color:#55acee;width:35px;height:35px;border-radius:999px;display:inline-block;opacity:1;float:left;font-size:32px;box-shadow:none;display:inline-block;font-size:16px;padding:0 4px;vertical-align:middle;background-repeat:repeat;overflow:hidden;padding:0;cursor:pointer;box-sizing:content-box\"><svg style=\"display:block;border-radius:999px;\" focusable=\"false\" aria-hidden=\"true\" xmlns=\"http:\/\/www.w3.org\/2000\/svg\" width=\"100%\" height=\"100%\" viewBox=\"-4 -4 39 39\"><path d=\"M28 8.557a9.913 9.913 0 0 1-2.828.775 4.93 4.93 0 0 0 2.166-2.725 9.738 9.738 0 0 1-3.13 1.194 4.92 4.92 0 0 0-3.593-1.55 4.924 4.924 0 0 0-4.794 6.049c-4.09-.21-7.72-2.17-10.15-5.15a4.942 4.942 0 0 0-.665 2.477c0 1.71.87 3.214 2.19 4.1a4.968 4.968 0 0 1-2.23-.616v.06c0 2.39 1.7 4.38 3.952 4.83-.414.115-.85.174-1.297.174-.318 0-.626-.03-.928-.086a4.935 4.935 0 0 0 4.6 3.42 9.893 9.893 0 0 1-6.114 2.107c-.398 0-.79-.023-1.175-.068a13.953 13.953 0 0 0 7.55 2.213c9.056 0 14.01-7.507 14.01-14.013 0-.213-.005-.426-.015-.637.96-.695 1.795-1.56 2.455-2.55z\" fill=\"#fff\"><\/path><\/svg><\/span><\/a><a aria-label=\"Whatsapp\" class=\"heateor_sss_whatsapp\" href=\"https:\/\/api.whatsapp.com\/send?text=Senado%20em%20Pernambuco%3A%20onze%20nomes%20disputam%20duas%20vagas%20em%20elei%C3%A7%C3%A3o%20marcada%20por%20alian%C3%A7as%20e%20reviravoltas%20https%3A%2F%2Fpenoticias.com.br%2Fblog%2Fsenado-em-pernambuco-onze-nomes-disputam-duas-vagas-em-eleicao-marcada-por-aliancas-e-reviravoltas%2F\" title=\"Whatsapp\" rel=\"nofollow noopener\" target=\"_blank\" style=\"font-size:32px!important;box-shadow:none;display:inline-block;vertical-align:middle\"><span class=\"heateor_sss_svg\" style=\"background-color:#55eb4c;width:35px;height:35px;border-radius:999px;display:inline-block;opacity:1;float:left;font-size:32px;box-shadow:none;display:inline-block;font-size:16px;padding:0 4px;vertical-align:middle;background-repeat:repeat;overflow:hidden;padding:0;cursor:pointer;box-sizing:content-box\"><svg style=\"display:block;border-radius:999px;\" focusable=\"false\" aria-hidden=\"true\" xmlns=\"http:\/\/www.w3.org\/2000\/svg\" width=\"100%\" height=\"100%\" viewBox=\"-6 -5 40 40\"><path class=\"heateor_sss_svg_stroke heateor_sss_no_fill\" stroke=\"#fff\" stroke-width=\"2\" fill=\"none\" d=\"M 11.579798566743314 24.396926207859085 A 10 10 0 1 0 6.808479557110079 20.73576436351046\"><\/path><path d=\"M 7 19 l -1 6 l 6 -1\" class=\"heateor_sss_no_fill heateor_sss_svg_stroke\" stroke=\"#fff\" stroke-width=\"2\" fill=\"none\"><\/path><path d=\"M 10 10 q -1 8 8 11 c 5 -1 0 -6 -1 -3 q -4 -3 -5 -5 c 4 -2 -1 -5 -1 -4\" fill=\"#fff\"><\/path><\/svg><\/span><\/a><a aria-label=\"Gmail\" class=\"heateor_sss_button_google_gmail\" href=\"https:\/\/mail.google.com\/mail\/?ui=2&view=cm&fs=1&tf=1&su=Senado%20em%20Pernambuco%3A%20onze%20nomes%20disputam%20duas%20vagas%20em%20elei%C3%A7%C3%A3o%20marcada%20por%20alian%C3%A7as%20e%20reviravoltas&body=Link:https%3A%2F%2Fpenoticias.com.br%2Fblog%2Fsenado-em-pernambuco-onze-nomes-disputam-duas-vagas-em-eleicao-marcada-por-aliancas-e-reviravoltas%2F\" title=\"Google Gmail\" rel=\"nofollow noopener\" target=\"_blank\" style=\"font-size:32px!important;box-shadow:none;display:inline-block;vertical-align:middle\"><span class=\"heateor_sss_svg heateor_sss_s__default heateor_sss_s_Google_Gmail\" style=\"background-color:#e5e5e5;width:35px;height:35px;border-radius:999px;display:inline-block;opacity:1;float:left;font-size:32px;box-shadow:none;display:inline-block;font-size:16px;padding:0 4px;vertical-align:middle;background-repeat:repeat;overflow:hidden;padding:0;cursor:pointer;box-sizing:content-box\"><svg style=\"display:block;border-radius:999px;\" focusable=\"false\" aria-hidden=\"true\" xmlns=\"http:\/\/www.w3.org\/2000\/svg\" width=\"100%\" height=\"100%\" viewBox=\"0 0 32 32\"><path fill=\"#fff\" d=\"M2.902 6.223h26.195v19.554H2.902z\"><\/path><path fill=\"#E14C41\" class=\"heateor_sss_no_fill\" d=\"M2.902 25.777h26.195V6.223H2.902v19.554zm22.44-4.007v3.806H6.955v-3.6h.032l.093-.034 6.9-5.558 2.09 1.77 1.854-1.63 7.42 5.246zm0-.672l-7.027-4.917 7.028-6.09V21.1zm-1.17-14.67l-.947.905c-2.356 2.284-4.693 4.75-7.17 6.876l-.078.06L8.062 6.39l16.11.033zm-10.597 9.61l-6.62 5.294.016-10.914 6.607 5.62\"><\/path><\/svg><\/span><\/a><a aria-label=\"Instagram\" class=\"heateor_sss_button_instagram\" href=\"https:\/\/www.instagram.com\/\" title=\"Instagram\" rel=\"nofollow noopener\" target=\"_blank\" style=\"font-size:32px!important;box-shadow:none;display:inline-block;vertical-align:middle\"><span class=\"heateor_sss_svg\" style=\"background-color:#53beee;width:35px;height:35px;border-radius:999px;display:inline-block;opacity:1;float:left;font-size:32px;box-shadow:none;display:inline-block;font-size:16px;padding:0 4px;vertical-align:middle;background-repeat:repeat;overflow:hidden;padding:0;cursor:pointer;box-sizing:content-box\"><svg style=\"display:block;border-radius:999px;\" version=\"1.1\" viewBox=\"-10 -10 148 148\" width=\"100%\" height=\"100%\" xml:space=\"preserve\" xmlns=\"http:\/\/www.w3.org\/2000\/svg\" xmlns:xlink=\"http:\/\/www.w3.org\/1999\/xlink\"><g><g><path d=\"M86,112H42c-14.336,0-26-11.663-26-26V42c0-14.337,11.664-26,26-26h44c14.337,0,26,11.663,26,26v44 C112,100.337,100.337,112,86,112z M42,24c-9.925,0-18,8.074-18,18v44c0,9.925,8.075,18,18,18h44c9.926,0,18-8.075,18-18V42 c0-9.926-8.074-18-18-18H42z\" fill=\"#fff\"><\/path><\/g><g><path d=\"M64,88c-13.234,0-24-10.767-24-24c0-13.234,10.766-24,24-24s24,10.766,24,24C88,77.233,77.234,88,64,88z M64,48c-8.822,0-16,7.178-16,16s7.178,16,16,16c8.822,0,16-7.178,16-16S72.822,48,64,48z\" fill=\"#fff\"><\/path><\/g><g><circle cx=\"89.5\" cy=\"38.5\" fill=\"#fff\" r=\"5.5\"><\/circle><\/g><\/g><\/svg><\/span><\/a><a aria-label=\"Print\" class=\"heateor_sss_button_print\" href=\"https:\/\/penoticias.com.br\/blog\/senado-em-pernambuco-onze-nomes-disputam-duas-vagas-em-eleicao-marcada-por-aliancas-e-reviravoltas\/\" onclick=\"event.preventDefault();window.print()\" title=\"Print\" rel=\"noopener\" style=\"font-size:32px!important;box-shadow:none;display:inline-block;vertical-align:middle\"><span class=\"heateor_sss_svg heateor_sss_s__default heateor_sss_s_print\" style=\"background-color:#fd6500;width:35px;height:35px;border-radius:999px;display:inline-block;opacity:1;float:left;font-size:32px;box-shadow:none;display:inline-block;font-size:16px;padding:0 4px;vertical-align:middle;background-repeat:repeat;overflow:hidden;padding:0;cursor:pointer;box-sizing:content-box\"><svg style=\"display:block;border-radius:999px;\" focusable=\"false\" aria-hidden=\"true\" xmlns=\"http:\/\/www.w3.org\/2000\/svg\" width=\"100%\" height=\"100%\" viewBox=\"-2.8 -4.5 35 35\"><path stroke=\"#fff\" class=\"heateor_sss_svg_stroke\" d=\"M 7 10 h 2 v 3 h 12 v -3 h 2 v 7 h -2 v -3 h -12 v 3 h -2 z\" stroke-width=\"1\" fill=\"#fff\"><\/path><rect class=\"heateor_sss_no_fill heateor_sss_svg_stroke\" stroke=\"#fff\" stroke-width=\"1.8\" height=\"7\" width=\"10\" x=\"10\" y=\"5\" fill=\"none\"><\/rect><rect class=\"heateor_sss_svg_stroke\" stroke=\"#fff\" stroke-width=\"1\" height=\"5\" width=\"8\" x=\"11\" y=\"16\" fill=\"#fff\"><\/rect><\/svg><\/span><\/a><a class=\"heateor_sss_more\" aria-label=\"More\" title=\"More\" rel=\"nofollow noopener\" style=\"font-size: 32px!important;border:0;box-shadow:none;display:inline-block!important;font-size:16px;padding:0 4px;vertical-align: middle;display:inline;\" href=\"https:\/\/penoticias.com.br\/blog\/senado-em-pernambuco-onze-nomes-disputam-duas-vagas-em-eleicao-marcada-por-aliancas-e-reviravoltas\/\" onclick=\"event.preventDefault()\"><span class=\"heateor_sss_svg\" style=\"background-color:#ee8e2d;width:35px;height:35px;border-radius:999px;display:inline-block!important;opacity:1;float:left;font-size:32px!important;box-shadow:none;display:inline-block;font-size:16px;padding:0 4px;vertical-align:middle;display:inline;background-repeat:repeat;overflow:hidden;padding:0;cursor:pointer;box-sizing:content-box;\" onclick=\"heateorSssMoreSharingPopup(this, 'https:\/\/penoticias.com.br\/blog\/senado-em-pernambuco-onze-nomes-disputam-duas-vagas-em-eleicao-marcada-por-aliancas-e-reviravoltas\/', 'Senado%20em%20Pernambuco%3A%20onze%20nomes%20disputam%20duas%20vagas%20em%20elei%C3%A7%C3%A3o%20marcada%20por%20alian%C3%A7as%20e%20reviravoltas', '' )\"><svg xmlns=\"http:\/\/www.w3.org\/2000\/svg\" xmlns:xlink=\"http:\/\/www.w3.org\/1999\/xlink\" viewBox=\"-.3 0 32 32\" version=\"1.1\" width=\"100%\" height=\"100%\" style=\"display:block;border-radius:999px;\" xml:space=\"preserve\"><g><path fill=\"#fff\" d=\"M18 14V8h-4v6H8v4h6v6h4v-6h6v-4h-6z\" fill-rule=\"evenodd\"><\/path><\/g><\/svg><\/span><\/a><\/div><div class=\"heateorSssClear\"><\/div><\/div><div class='heateorSssClear'><\/div>","protected":false},"author":2,"featured_media":0,"comment_status":"closed","ping_status":"closed","sticky":false,"template":"","format":"standard","meta":{"footnotes":""},"categories":[10],"tags":[],"class_list":["post-226326","post","type-post","status-publish","format-standard","hentry","category-politica"],"yoast_head":"<!-- This site is optimized with the Yoast SEO plugin v28.4 - https:\/\/yoast.com\/product\/yoast-seo-wordpress\/ -->\n<title>Senado em Pernambuco: onze nomes disputam duas vagas em elei\u00e7\u00e3o marcada por alian\u00e7as e reviravoltas - PE Not\u00edcias<\/title>\n<meta name=\"robots\" content=\"index, follow, max-snippet:-1, max-image-preview:large, max-video-preview:-1\" \/>\n<link rel=\"canonical\" href=\"https:\/\/penoticias.com.br\/blog\/senado-em-pernambuco-onze-nomes-disputam-duas-vagas-em-eleicao-marcada-por-aliancas-e-reviravoltas\/\" \/>\n<meta property=\"og:locale\" content=\"pt_BR\" \/>\n<meta property=\"og:type\" content=\"article\" \/>\n<meta property=\"og:title\" content=\"Senado em Pernambuco: onze nomes disputam duas vagas em elei\u00e7\u00e3o marcada por alian\u00e7as e reviravoltas - PE Not\u00edcias\" \/>\n<meta property=\"og:description\" content=\"Pernambuco ter\u00e1 duas vagas em disputa para o Senado nas elei\u00e7\u00f5es de 2026, em uma corrida que re\u00fane 11 candidatos e foi marcada por negocia\u00e7\u00f5es entre partidos, mudan\u00e7as de planos e disputas pela composi\u00e7\u00e3o das chapas ao Governo do Estado. Em 4 de outubro, cada eleitor poder\u00e1 escolher dois nomes, e os dois mais votados ... Ler mais\" \/>\n<meta property=\"og:url\" content=\"https:\/\/penoticias.com.br\/blog\/senado-em-pernambuco-onze-nomes-disputam-duas-vagas-em-eleicao-marcada-por-aliancas-e-reviravoltas\/\" \/>\n<meta property=\"og:site_name\" content=\"PE Not\u00edcias\" \/>\n<meta property=\"article:publisher\" content=\"pedrovicentearaujo@hotmail.com\" \/>\n<meta property=\"article:author\" content=\"pedrovicentearaujo@hotmail.com\" \/>\n<meta property=\"article:published_time\" content=\"2026-08-17T03:09:02+00:00\" \/>\n<meta property=\"og:image\" content=\"https:\/\/penoticias.com.br\/blog\/wp-content\/uploads\/2023\/08\/PE-Noticias-56.jpg\" \/>\n\t<meta property=\"og:image:width\" content=\"773\" \/>\n\t<meta property=\"og:image:height\" content=\"622\" \/>\n\t<meta property=\"og:image:type\" content=\"image\/jpeg\" \/>\n<meta name=\"author\" content=\"Pedro Ara\u00fajo\" \/>\n<meta name=\"twitter:card\" content=\"summary_large_image\" \/>\n<meta name=\"twitter:creator\" content=\"@pedromuela\" \/>\n<meta name=\"twitter:site\" content=\"@pedromuela\" \/>\n<meta name=\"twitter:label1\" content=\"Escrito por\" \/>\n\t<meta name=\"twitter:data1\" content=\"Pedro Ara\u00fajo\" \/>\n\t<meta name=\"twitter:label2\" content=\"Est. tempo de leitura\" \/>\n\t<meta name=\"twitter:data2\" content=\"5 minutos\" \/>\n<script type=\"application\/ld+json\" class=\"yoast-schema-graph\">{\"@context\":\"https:\\\/\\\/schema.org\",\"@graph\":[{\"@type\":\"Article\",\"@id\":\"https:\\\/\\\/penoticias.com.br\\\/blog\\\/senado-em-pernambuco-onze-nomes-disputam-duas-vagas-em-eleicao-marcada-por-aliancas-e-reviravoltas\\\/#article\",\"isPartOf\":{\"@id\":\"https:\\\/\\\/penoticias.com.br\\\/blog\\\/senado-em-pernambuco-onze-nomes-disputam-duas-vagas-em-eleicao-marcada-por-aliancas-e-reviravoltas\\\/\"},\"author\":{\"name\":\"Pedro Ara\u00fajo\",\"@id\":\"https:\\\/\\\/penoticias.com.br\\\/blog\\\/#\\\/schema\\\/person\\\/13ea60669d2351f129ef3657907f1432\"},\"headline\":\"Senado em Pernambuco: onze nomes disputam duas vagas em elei\u00e7\u00e3o marcada por alian\u00e7as e reviravoltas\",\"datePublished\":\"2026-08-17T03:09:02+00:00\",\"mainEntityOfPage\":{\"@id\":\"https:\\\/\\\/penoticias.com.br\\\/blog\\\/senado-em-pernambuco-onze-nomes-disputam-duas-vagas-em-eleicao-marcada-por-aliancas-e-reviravoltas\\\/\"},\"wordCount\":843,\"publisher\":{\"@id\":\"https:\\\/\\\/penoticias.com.br\\\/blog\\\/#\\\/schema\\\/person\\\/13ea60669d2351f129ef3657907f1432\"},\"image\":{\"@id\":\"https:\\\/\\\/penoticias.com.br\\\/blog\\\/senado-em-pernambuco-onze-nomes-disputam-duas-vagas-em-eleicao-marcada-por-aliancas-e-reviravoltas\\\/#primaryimage\"},\"thumbnailUrl\":\"https:\\\/\\\/penoticias.com.br\\\/blog\\\/wp-content\\\/uploads\\\/2023\\\/08\\\/PE-Noticias-56.jpg\",\"articleSection\":[\"Pol\u00edtica\"],\"inLanguage\":\"pt-BR\"},{\"@type\":\"WebPage\",\"@id\":\"https:\\\/\\\/penoticias.com.br\\\/blog\\\/senado-em-pernambuco-onze-nomes-disputam-duas-vagas-em-eleicao-marcada-por-aliancas-e-reviravoltas\\\/\",\"url\":\"https:\\\/\\\/penoticias.com.br\\\/blog\\\/senado-em-pernambuco-onze-nomes-disputam-duas-vagas-em-eleicao-marcada-por-aliancas-e-reviravoltas\\\/\",\"name\":\"Senado em Pernambuco: onze nomes disputam duas vagas em elei\u00e7\u00e3o marcada por alian\u00e7as e reviravoltas - PE Not\u00edcias\",\"isPartOf\":{\"@id\":\"https:\\\/\\\/penoticias.com.br\\\/blog\\\/#website\"},\"primaryImageOfPage\":{\"@id\":\"https:\\\/\\\/penoticias.com.br\\\/blog\\\/senado-em-pernambuco-onze-nomes-disputam-duas-vagas-em-eleicao-marcada-por-aliancas-e-reviravoltas\\\/#primaryimage\"},\"image\":{\"@id\":\"https:\\\/\\\/penoticias.com.br\\\/blog\\\/senado-em-pernambuco-onze-nomes-disputam-duas-vagas-em-eleicao-marcada-por-aliancas-e-reviravoltas\\\/#primaryimage\"},\"thumbnailUrl\":\"https:\\\/\\\/penoticias.com.br\\\/blog\\\/wp-content\\\/uploads\\\/2023\\\/08\\\/PE-Noticias-56.jpg\",\"datePublished\":\"2026-08-17T03:09:02+00:00\",\"breadcrumb\":{\"@id\":\"https:\\\/\\\/penoticias.com.br\\\/blog\\\/senado-em-pernambuco-onze-nomes-disputam-duas-vagas-em-eleicao-marcada-por-aliancas-e-reviravoltas\\\/#breadcrumb\"},\"inLanguage\":\"pt-BR\",\"potentialAction\":[{\"@type\":\"ReadAction\",\"target\":[\"https:\\\/\\\/penoticias.com.br\\\/blog\\\/senado-em-pernambuco-onze-nomes-disputam-duas-vagas-em-eleicao-marcada-por-aliancas-e-reviravoltas\\\/\"]}]},{\"@type\":\"ImageObject\",\"inLanguage\":\"pt-BR\",\"@id\":\"https:\\\/\\\/penoticias.com.br\\\/blog\\\/senado-em-pernambuco-onze-nomes-disputam-duas-vagas-em-eleicao-marcada-por-aliancas-e-reviravoltas\\\/#primaryimage\",\"url\":\"https:\\\/\\\/penoticias.com.br\\\/blog\\\/wp-content\\\/uploads\\\/2023\\\/08\\\/PE-Noticias-56.jpg\",\"contentUrl\":\"https:\\\/\\\/penoticias.com.br\\\/blog\\\/wp-content\\\/uploads\\\/2023\\\/08\\\/PE-Noticias-56.jpg\",\"width\":773,\"height\":622},{\"@type\":\"BreadcrumbList\",\"@id\":\"https:\\\/\\\/penoticias.com.br\\\/blog\\\/senado-em-pernambuco-onze-nomes-disputam-duas-vagas-em-eleicao-marcada-por-aliancas-e-reviravoltas\\\/#breadcrumb\",\"itemListElement\":[{\"@type\":\"ListItem\",\"position\":1,\"name\":\"In\u00edcio\",\"item\":\"https:\\\/\\\/penoticias.com.br\\\/blog\\\/\"},{\"@type\":\"ListItem\",\"position\":2,\"name\":\"Senado em Pernambuco: onze nomes disputam duas vagas em elei\u00e7\u00e3o marcada por alian\u00e7as e reviravoltas\"}]},{\"@type\":\"WebSite\",\"@id\":\"https:\\\/\\\/penoticias.com.br\\\/blog\\\/#website\",\"url\":\"https:\\\/\\\/penoticias.com.br\\\/blog\\\/\",\"name\":\"PE Not\u00edcias\",\"description\":\"Voc\u00ea no Mundo da Informa\u00e7\u00e3o.\",\"publisher\":{\"@id\":\"https:\\\/\\\/penoticias.com.br\\\/blog\\\/#\\\/schema\\\/person\\\/13ea60669d2351f129ef3657907f1432\"},\"potentialAction\":[{\"@type\":\"SearchAction\",\"target\":{\"@type\":\"EntryPoint\",\"urlTemplate\":\"https:\\\/\\\/penoticias.com.br\\\/blog\\\/?s={search_term_string}\"},\"query-input\":{\"@type\":\"PropertyValueSpecification\",\"valueRequired\":true,\"valueName\":\"search_term_string\"}}],\"inLanguage\":\"pt-BR\"},{\"@type\":[\"Person\",\"Organization\"],\"@id\":\"https:\\\/\\\/penoticias.com.br\\\/blog\\\/#\\\/schema\\\/person\\\/13ea60669d2351f129ef3657907f1432\",\"name\":\"Pedro Ara\u00fajo\",\"image\":{\"@type\":\"ImageObject\",\"inLanguage\":\"pt-BR\",\"@id\":\"https:\\\/\\\/secure.gravatar.com\\\/avatar\\\/d654258027afd7c928561b83494a45e3aff23d7ac7ce926d2bceac1ffe030175?s=96&d=mm&r=g\",\"url\":\"https:\\\/\\\/secure.gravatar.com\\\/avatar\\\/d654258027afd7c928561b83494a45e3aff23d7ac7ce926d2bceac1ffe030175?s=96&d=mm&r=g\",\"contentUrl\":\"https:\\\/\\\/secure.gravatar.com\\\/avatar\\\/d654258027afd7c928561b83494a45e3aff23d7ac7ce926d2bceac1ffe030175?s=96&d=mm&r=g\",\"caption\":\"Pedro Ara\u00fajo\"},\"logo\":{\"@id\":\"https:\\\/\\\/secure.gravatar.com\\\/avatar\\\/d654258027afd7c928561b83494a45e3aff23d7ac7ce926d2bceac1ffe030175?s=96&d=mm&r=g\"},\"description\":\"As informa\u00e7\u00f5es que traduzem as verdades dos fatos, sem ferir ou denegrir pessoas ou imagens. Como tamb\u00e9m, nunca procurando agradar aos maus feitores.\",\"sameAs\":[\"http:\\\/\\\/www.penoticias.com.br\",\"pedrovicentearaujo@hotmail.com\",\"@pedroafogados\",\"https:\\\/\\\/x.com\\\/pedromuela\",\"www.penoticias.com.br\"],\"url\":\"https:\\\/\\\/penoticias.com.br\\\/blog\\\/author\\\/pedro\\\/\"}]}<\/script>\n<!-- \/ Yoast SEO plugin. -->","yoast_head_json":{"title":"Senado em Pernambuco: onze nomes disputam duas vagas em elei\u00e7\u00e3o marcada por alian\u00e7as e reviravoltas - PE Not\u00edcias","robots":{"index":"index","follow":"follow","max-snippet":"max-snippet:-1","max-image-preview":"max-image-preview:large","max-video-preview":"max-video-preview:-1"},"canonical":"https:\/\/penoticias.com.br\/blog\/senado-em-pernambuco-onze-nomes-disputam-duas-vagas-em-eleicao-marcada-por-aliancas-e-reviravoltas\/","og_locale":"pt_BR","og_type":"article","og_title":"Senado em Pernambuco: onze nomes disputam duas vagas em elei\u00e7\u00e3o marcada por alian\u00e7as e reviravoltas - PE Not\u00edcias","og_description":"Pernambuco ter\u00e1 duas vagas em disputa para o Senado nas elei\u00e7\u00f5es de 2026, em uma corrida que re\u00fane 11 candidatos e foi marcada por negocia\u00e7\u00f5es entre partidos, mudan\u00e7as de planos e disputas pela composi\u00e7\u00e3o das chapas ao Governo do Estado. Em 4 de outubro, cada eleitor poder\u00e1 escolher dois nomes, e os dois mais votados ... Ler mais","og_url":"https:\/\/penoticias.com.br\/blog\/senado-em-pernambuco-onze-nomes-disputam-duas-vagas-em-eleicao-marcada-por-aliancas-e-reviravoltas\/","og_site_name":"PE Not\u00edcias","article_publisher":"pedrovicentearaujo@hotmail.com","article_author":"pedrovicentearaujo@hotmail.com","article_published_time":"2026-08-17T03:09:02+00:00","og_image":[{"width":773,"height":622,"url":"https:\/\/penoticias.com.br\/blog\/wp-content\/uploads\/2023\/08\/PE-Noticias-56.jpg","type":"image\/jpeg"}],"author":"Pedro Ara\u00fajo","twitter_card":"summary_large_image","twitter_creator":"@pedromuela","twitter_site":"@pedromuela","twitter_misc":{"Escrito por":"Pedro Ara\u00fajo","Est. tempo de leitura":"5 minutos"},"schema":{"@context":"https:\/\/schema.org","@graph":[{"@type":"Article","@id":"https:\/\/penoticias.com.br\/blog\/senado-em-pernambuco-onze-nomes-disputam-duas-vagas-em-eleicao-marcada-por-aliancas-e-reviravoltas\/#article","isPartOf":{"@id":"https:\/\/penoticias.com.br\/blog\/senado-em-pernambuco-onze-nomes-disputam-duas-vagas-em-eleicao-marcada-por-aliancas-e-reviravoltas\/"},"author":{"name":"Pedro Ara\u00fajo","@id":"https:\/\/penoticias.com.br\/blog\/#\/schema\/person\/13ea60669d2351f129ef3657907f1432"},"headline":"Senado em Pernambuco: onze nomes disputam duas vagas em elei\u00e7\u00e3o marcada por alian\u00e7as e reviravoltas","datePublished":"2026-08-17T03:09:02+00:00","mainEntityOfPage":{"@id":"https:\/\/penoticias.com.br\/blog\/senado-em-pernambuco-onze-nomes-disputam-duas-vagas-em-eleicao-marcada-por-aliancas-e-reviravoltas\/"},"wordCount":843,"publisher":{"@id":"https:\/\/penoticias.com.br\/blog\/#\/schema\/person\/13ea60669d2351f129ef3657907f1432"},"image":{"@id":"https:\/\/penoticias.com.br\/blog\/senado-em-pernambuco-onze-nomes-disputam-duas-vagas-em-eleicao-marcada-por-aliancas-e-reviravoltas\/#primaryimage"},"thumbnailUrl":"https:\/\/penoticias.com.br\/blog\/wp-content\/uploads\/2023\/08\/PE-Noticias-56.jpg","articleSection":["Pol\u00edtica"],"inLanguage":"pt-BR"},{"@type":"WebPage","@id":"https:\/\/penoticias.com.br\/blog\/senado-em-pernambuco-onze-nomes-disputam-duas-vagas-em-eleicao-marcada-por-aliancas-e-reviravoltas\/","url":"https:\/\/penoticias.com.br\/blog\/senado-em-pernambuco-onze-nomes-disputam-duas-vagas-em-eleicao-marcada-por-aliancas-e-reviravoltas\/","name":"Senado em Pernambuco: onze nomes disputam duas vagas em elei\u00e7\u00e3o marcada por alian\u00e7as e reviravoltas - PE Not\u00edcias","isPartOf":{"@id":"https:\/\/penoticias.com.br\/blog\/#website"},"primaryImageOfPage":{"@id":"https:\/\/penoticias.com.br\/blog\/senado-em-pernambuco-onze-nomes-disputam-duas-vagas-em-eleicao-marcada-por-aliancas-e-reviravoltas\/#primaryimage"},"image":{"@id":"https:\/\/penoticias.com.br\/blog\/senado-em-pernambuco-onze-nomes-disputam-duas-vagas-em-eleicao-marcada-por-aliancas-e-reviravoltas\/#primaryimage"},"thumbnailUrl":"https:\/\/penoticias.com.br\/blog\/wp-content\/uploads\/2023\/08\/PE-Noticias-56.jpg","datePublished":"2026-08-17T03:09:02+00:00","breadcrumb":{"@id":"https:\/\/penoticias.com.br\/blog\/senado-em-pernambuco-onze-nomes-disputam-duas-vagas-em-eleicao-marcada-por-aliancas-e-reviravoltas\/#breadcrumb"},"inLanguage":"pt-BR","potentialAction":[{"@type":"ReadAction","target":["https:\/\/penoticias.com.br\/blog\/senado-em-pernambuco-onze-nomes-disputam-duas-vagas-em-eleicao-marcada-por-aliancas-e-reviravoltas\/"]}]},{"@type":"ImageObject","inLanguage":"pt-BR","@id":"https:\/\/penoticias.com.br\/blog\/senado-em-pernambuco-onze-nomes-disputam-duas-vagas-em-eleicao-marcada-por-aliancas-e-reviravoltas\/#primaryimage","url":"https:\/\/penoticias.com.br\/blog\/wp-content\/uploads\/2023\/08\/PE-Noticias-56.jpg","contentUrl":"https:\/\/penoticias.com.br\/blog\/wp-content\/uploads\/2023\/08\/PE-Noticias-56.jpg","width":773,"height":622},{"@type":"BreadcrumbList","@id":"https:\/\/penoticias.com.br\/blog\/senado-em-pernambuco-onze-nomes-disputam-duas-vagas-em-eleicao-marcada-por-aliancas-e-reviravoltas\/#breadcrumb","itemListElement":[{"@type":"ListItem","position":1,"name":"In\u00edcio","item":"https:\/\/penoticias.com.br\/blog\/"},{"@type":"ListItem","position":2,"name":"Senado em Pernambuco: onze nomes disputam duas vagas em elei\u00e7\u00e3o marcada por alian\u00e7as e reviravoltas"}]},{"@type":"WebSite","@id":"https:\/\/penoticias.com.br\/blog\/#website","url":"https:\/\/penoticias.com.br\/blog\/","name":"PE Not\u00edcias","description":"Voc\u00ea no Mundo da Informa\u00e7\u00e3o.","publisher":{"@id":"https:\/\/penoticias.com.br\/blog\/#\/schema\/person\/13ea60669d2351f129ef3657907f1432"},"potentialAction":[{"@type":"SearchAction","target":{"@type":"EntryPoint","urlTemplate":"https:\/\/penoticias.com.br\/blog\/?s={search_term_string}"},"query-input":{"@type":"PropertyValueSpecification","valueRequired":true,"valueName":"search_term_string"}}],"inLanguage":"pt-BR"},{"@type":["Person","Organization"],"@id":"https:\/\/penoticias.com.br\/blog\/#\/schema\/person\/13ea60669d2351f129ef3657907f1432","name":"Pedro Ara\u00fajo","image":{"@type":"ImageObject","inLanguage":"pt-BR","@id":"https:\/\/secure.gravatar.com\/avatar\/d654258027afd7c928561b83494a45e3aff23d7ac7ce926d2bceac1ffe030175?s=96&d=mm&r=g","url":"https:\/\/secure.gravatar.com\/avatar\/d654258027afd7c928561b83494a45e3aff23d7ac7ce926d2bceac1ffe030175?s=96&d=mm&r=g","contentUrl":"https:\/\/secure.gravatar.com\/avatar\/d654258027afd7c928561b83494a45e3aff23d7ac7ce926d2bceac1ffe030175?s=96&d=mm&r=g","caption":"Pedro Ara\u00fajo"},"logo":{"@id":"https:\/\/secure.gravatar.com\/avatar\/d654258027afd7c928561b83494a45e3aff23d7ac7ce926d2bceac1ffe030175?s=96&d=mm&r=g"},"description":"As informa\u00e7\u00f5es que traduzem as verdades dos fatos, sem ferir ou denegrir pessoas ou imagens. Como tamb\u00e9m, nunca procurando agradar aos maus feitores.","sameAs":["http:\/\/www.penoticias.com.br","pedrovicentearaujo@hotmail.com","@pedroafogados","https:\/\/x.com\/pedromuela","www.penoticias.com.br"],"url":"https:\/\/penoticias.com.br\/blog\/author\/pedro\/"}]}},"_links":{"self":[{"href":"https:\/\/penoticias.com.br\/blog\/wp-json\/wp\/v2\/posts\/226326","targetHints":{"allow":["GET"]}}],"collection":[{"href":"https:\/\/penoticias.com.br\/blog\/wp-json\/wp\/v2\/posts"}],"about":[{"href":"https:\/\/penoticias.com.br\/blog\/wp-json\/wp\/v2\/types\/post"}],"author":[{"embeddable":true,"href":"https:\/\/penoticias.com.br\/blog\/wp-json\/wp\/v2\/users\/2"}],"replies":[{"embeddable":true,"href":"https:\/\/penoticias.com.br\/blog\/wp-json\/wp\/v2\/comments?post=226326"}],"version-history":[{"count":1,"href":"https:\/\/penoticias.com.br\/blog\/wp-json\/wp\/v2\/posts\/226326\/revisions"}],"predecessor-version":[{"id":226327,"href":"https:\/\/penoticias.com.br\/blog\/wp-json\/wp\/v2\/posts\/226326\/revisions\/226327"}],"wp:attachment":[{"href":"https:\/\/penoticias.com.br\/blog\/wp-json\/wp\/v2\/media?parent=226326"}],"wp:term":[{"taxonomy":"category","embeddable":true,"href":"https:\/\/penoticias.com.br\/blog\/wp-json\/wp\/v2\/categories?post=226326"},{"taxonomy":"post_tag","embeddable":true,"href":"https:\/\/penoticias.com.br\/blog\/wp-json\/wp\/v2\/tags?post=226326"}],"curies":[{"name":"wp","href":"https:\/\/api.w.org\/{rel}","templated":true}]}}