{"id":227619,"date":"2026-08-30T10:30:11","date_gmt":"2026-08-30T13:30:11","guid":{"rendered":"https:\/\/penoticias.com.br\/blog\/?p=227619"},"modified":"2026-08-29T21:34:56","modified_gmt":"2026-08-30T00:34:56","slug":"lula-convida-empresarios-e-banqueiros-para-jantar-no-alvorada-e-campanha-busca-aproximacao-com-pib","status":"publish","type":"post","link":"https:\/\/penoticias.com.br\/blog\/lula-convida-empresarios-e-banqueiros-para-jantar-no-alvorada-e-campanha-busca-aproximacao-com-pib\/","title":{"rendered":"Lula convida empres\u00e1rios e banqueiros para jantar no Alvorada, e campanha busca aproxima\u00e7\u00e3o com PIB"},"content":{"rendered":"<p style=\"text-align: center;\"><img fetchpriority=\"high\" decoding=\"async\" class=\"\" src=\"https:\/\/f.i.uol.com.br\/fotografia\/2026\/08\/29\/17880185586a92ff7ed14b4_1788018558_3x2_xs.jpg\" alt=\"https:\/\/f.i.uol.com.br\/fotografia\/2026\/08\/29\/17880185586a92ff7ed14b4_1788018558_3x2_xs.jpg\" width=\"649\" height=\"432\" \/><\/p>\n<p><span style=\"font-size: 8pt;\"><em>Folha de S.Paulo<\/em><\/span><\/p>\n<p>O presidente Luiz In\u00e1cio Lula da Silva (PT) chamou grandes empres\u00e1rios e banqueiros para um jantar nesta segunda-feira (31), no Pal\u00e1cio da Alvorada. Entre os convidados est\u00e3o os banqueiros Andr\u00e9 Esteves (BTG), Roberto Set\u00fabal (Ita\u00fa) e Luiz Trabuco (Bradesco), e os empres\u00e1rios Joesley Batista (JBS) e Jos\u00e9 Seripieri Filho (Amil). Auxiliares de Lula afirmam que o jantar ser\u00e1 oferecido a um grupo restrito, incluindo outros grandes nomes do PIB.<\/p>\n<p>O movimento \u00e9 paralelo a reuni\u00f5es de dirigentes de empresas com o principal advers\u00e1rio do petista na elei\u00e7\u00e3o presidencial, o senador Fl\u00e1vio Bolsonaro (PL-RJ). Os convites para os empres\u00e1rios jantarem com Lula foram feitos antes de as reuni\u00f5es do senador com grandes atores da economia se tornarem p\u00fablicas.<\/p>\n<p>A equipe de campanha do presidente e seu grupo pol\u00edtico buscam deixar a rela\u00e7\u00e3o com o PIB mais fluida. Al\u00e9m disso, o candidato a reelei\u00e7\u00e3o quer evitar que a percep\u00e7\u00e3o do eleitorado sobre a economia piore, para impedir uma queda em sua popularidade.<\/p>\n<p>Com a elei\u00e7\u00e3o se aproximando, setores empresariais e vinculados ao mercado financeiro t\u00eam feito cobran\u00e7as ao governo por sinaliza\u00e7\u00f5es mais enf\u00e1ticas de conten\u00e7\u00e3o do crescimento da d\u00edvida p\u00fablica. Parte desses grupos demonstra prefer\u00eancia por uma agenda liberal na economia, defendida por candidatos de direita.<\/p>\n<p>O organizador do jantar desta segunda-feira \u00e9 Edinho Silva, presidente do PT e coordenador da campanha de Lula.<\/p>\n<p>A lista de convidados inclui empres\u00e1rios que mant\u00eam rela\u00e7\u00f5es ao menos amistosas com Lula. Esteves \u00e9 considerado por aliados do presidente como um interlocutor do petista no mercado financeiro. Joesley teria intermediado um encontro do presidente Donald Trump. Seripieri \u00e9 amigo de Lula e emprestou seu jato particular ao presidente para uma viagem ao Egito em 2022.<\/p>\n<p>Integrantes do entorno do presidente avaliam que, em uma reuni\u00e3o com esses nomes, Lula dever\u00e1 fazer uma esp\u00e9cie de consulta sobre o que tem sido falado nos meios empresariais sobre a economia e a elei\u00e7\u00e3o, al\u00e9m de tentar melhorar a credibilidade junto aos pesos pesados do PIB.<!--more--><\/p>\n<p>A organiza\u00e7\u00e3o do evento de segunda-feira foi centralizada em Edinho. Outros integrantes da campanha de Lula relataram \u00e0 Folha que nem sequer sabiam que o jantar seria realizado, o que causou uma esp\u00e9cie de mal-estar em c\u00edrculos petistas. Ainda assim, diversos aliados do presidente defendem uma tentativa de estreitar la\u00e7os com o empresariado.<\/p>\n<p>\u00c9 poss\u00edvel que uma segunda reuni\u00e3o, com um n\u00famero maior de empres\u00e1rios, seja realizada em S\u00e3o Paulo nas pr\u00f3ximas semanas. A inten\u00e7\u00e3o seria se reaproximar de atores econ\u00f4micos que hoje est\u00e3o distantes do presidente da Rep\u00fablica.<\/p>\n<p>A avalia\u00e7\u00e3o no entorno do presidente \u00e9 que a fluidez da rela\u00e7\u00e3o com o setor privado varia de acordo com o ramo da economia.<\/p>\n<p>Lulistas avaliam ter boa interlocu\u00e7\u00e3o com a ind\u00fastria, por exemplo. Os motivos seriam, de acordo com integrantes da c\u00fapula do governo, os programas para financiar investimentos e a busca por inserir produtos brasileiros no mercado internacional, incluindo as negocia\u00e7\u00f5es para contornar o tarifa\u00e7o imposto pelos Estados Unidos.<\/p>\n<p>Integrantes do grupo pol\u00edtico do presidente lembram que o petista voltou a enfrentar cr\u00edticas do setor do com\u00e9rcio ao p\u00f4r fim \u00e0 taxa das blusinhas, que favorece compras feitas no exterior, e ao escolher como principal bandeira de campanha a defesa do fim da escala 6&#215;1.<\/p>\n<p>A ideia de promover encontros com empres\u00e1rios \u00e9 ventilada h\u00e1 semanas e teria ganhado for\u00e7a em uma conversa entre Lula, o ex-ministro da Fazenda Fernando Haddad e o advogado Marco Aur\u00e9lio de Carvalho, coordenador da campanha do presidente em S\u00e3o Paulo e um dos principais intermedi\u00e1rios de Lula com o empresariado em 2022.<\/p>\n<p>Lula busca conter um clima de cr\u00edticas \u00e0 sua pol\u00edtica econ\u00f4mica. Al\u00e9m das cobran\u00e7as para que o governo corte gastos e reduza o peso da d\u00edvida em rela\u00e7\u00e3o ao PIB, not\u00edcias recentes de crises em empresas conhecidas, como Habib&#8217;s e Casas Bahia, t\u00eam sido exploradas por seus advers\u00e1rios para argumentar que a economia vai mal.<\/p>\n<p>O presidente da Rep\u00fablica escalou o ministro da Fazenda, Dario Durigan, para tentar conter o descontentamento do mercado financeiro. Paralelamente, Lula minimiza em declara\u00e7\u00f5es p\u00fablicas a trajet\u00f3ria da d\u00edvida brasileira.<\/p>\n<p>&#8220;A mim n\u00e3o me preocupa a d\u00edvida p\u00fablica. Herdei este governo, em janeiro de 2023, com d\u00e9ficit fiscal de 2,8%. Voc\u00ea sabe quanto que vai ser o Or\u00e7amento deste ano? Super\u00e1vit prim\u00e1rio de 0,1%&#8221;, disse o petista em entrevista \u00e0 TV Globo na \u00faltima quinta-feira (27).<\/p>\n<p>A d\u00edvida brasileira passou a marca de 80% do PIB no governo do atual presidente, um aumento pr\u00f3ximo de 10 pontos percentuais ao longo do mandato.<\/p>\n<p>Em 2022, quando disputou a elei\u00e7\u00e3o e obteve seu terceiro mandato como presidente da Rep\u00fablica, Lula dedicou parte de sua pr\u00e9-campanha eleitoral a retomar o contato com empres\u00e1rios. Aliados do presidente envolvidos nas articula\u00e7\u00f5es afirmam reservadamente que, apesar das cr\u00edticas que o empresariado tem \u00e0 condu\u00e7\u00e3o da economia, o clima para essas conversas n\u00e3o seria t\u00e3o ruim quanto h\u00e1 quatro anos.<\/p>\n","protected":false},"excerpt":{"rendered":"<p>Folha de S.Paulo O presidente Luiz In\u00e1cio Lula da Silva (PT) chamou grandes empres\u00e1rios e banqueiros para um jantar nesta segunda-feira (31), no Pal\u00e1cio da Alvorada. Entre os convidados est\u00e3o os banqueiros Andr\u00e9 Esteves (BTG), Roberto Set\u00fabal (Ita\u00fa) e Luiz Trabuco (Bradesco), e os empres\u00e1rios Joesley Batista (JBS) e Jos\u00e9 Seripieri Filho (Amil). Auxiliares de &#8230; <a title=\"Lula convida empres\u00e1rios e banqueiros para jantar no Alvorada, e campanha busca aproxima\u00e7\u00e3o com PIB\" class=\"read-more\" href=\"https:\/\/penoticias.com.br\/blog\/lula-convida-empresarios-e-banqueiros-para-jantar-no-alvorada-e-campanha-busca-aproximacao-com-pib\/\" aria-label=\"Read more about Lula convida empres\u00e1rios e banqueiros para jantar no Alvorada, e campanha busca aproxima\u00e7\u00e3o com PIB\">Ler mais<\/a><\/p>\n<div class='heateorSssClear'><\/div><div  class='heateor_sss_sharing_container heateor_sss_horizontal_sharing' data-heateor-sss-href='https:\/\/penoticias.com.br\/blog\/lula-convida-empresarios-e-banqueiros-para-jantar-no-alvorada-e-campanha-busca-aproximacao-com-pib\/'><div class='heateor_sss_sharing_title' style=\"font-weight:bold\" ><\/div><div class=\"heateor_sss_sharing_ul\"><a aria-label=\"Facebook\" class=\"heateor_sss_facebook\" href=\"https:\/\/www.facebook.com\/sharer\/sharer.php?u=https%3A%2F%2Fpenoticias.com.br%2Fblog%2Flula-convida-empresarios-e-banqueiros-para-jantar-no-alvorada-e-campanha-busca-aproximacao-com-pib%2F\" title=\"Facebook\" rel=\"nofollow noopener\" target=\"_blank\" style=\"font-size:32px!important;box-shadow:none;display:inline-block;vertical-align:middle\"><span class=\"heateor_sss_svg\" style=\"background-color:#0765FE;width:35px;height:35px;border-radius:999px;display:inline-block;opacity:1;float:left;font-size:32px;box-shadow:none;display:inline-block;font-size:16px;padding:0 4px;vertical-align:middle;background-repeat:repeat;overflow:hidden;padding:0;cursor:pointer;box-sizing:content-box\"><svg style=\"display:block;border-radius:999px;\" focusable=\"false\" aria-hidden=\"true\" xmlns=\"http:\/\/www.w3.org\/2000\/svg\" width=\"100%\" height=\"100%\" viewBox=\"0 0 32 32\"><path fill=\"#fff\" d=\"M28 16c0-6.627-5.373-12-12-12S4 9.373 4 16c0 5.628 3.875 10.35 9.101 11.647v-7.98h-2.474V16H13.1v-1.58c0-4.085 1.849-5.978 5.859-5.978.76 0 2.072.15 2.608.298v3.325c-.283-.03-.775-.045-1.386-.045-1.967 0-2.728.745-2.728 2.683V16h3.92l-.673 3.667h-3.247v8.245C23.395 27.195 28 22.135 28 16Z\"><\/path><\/svg><\/span><\/a><a aria-label=\"Twitter\" class=\"heateor_sss_button_twitter\" href=\"https:\/\/twitter.com\/intent\/tweet?text=Lula%20convida%20empres%C3%A1rios%20e%20banqueiros%20para%20jantar%20no%20Alvorada%2C%20e%20campanha%20busca%20aproxima%C3%A7%C3%A3o%20com%20PIB&url=https%3A%2F%2Fpenoticias.com.br%2Fblog%2Flula-convida-empresarios-e-banqueiros-para-jantar-no-alvorada-e-campanha-busca-aproximacao-com-pib%2F\" title=\"Twitter\" rel=\"nofollow noopener\" target=\"_blank\" style=\"font-size:32px!important;box-shadow:none;display:inline-block;vertical-align:middle\"><span class=\"heateor_sss_svg heateor_sss_s__default heateor_sss_s_twitter\" style=\"background-color:#55acee;width:35px;height:35px;border-radius:999px;display:inline-block;opacity:1;float:left;font-size:32px;box-shadow:none;display:inline-block;font-size:16px;padding:0 4px;vertical-align:middle;background-repeat:repeat;overflow:hidden;padding:0;cursor:pointer;box-sizing:content-box\"><svg style=\"display:block;border-radius:999px;\" focusable=\"false\" aria-hidden=\"true\" xmlns=\"http:\/\/www.w3.org\/2000\/svg\" width=\"100%\" height=\"100%\" viewBox=\"-4 -4 39 39\"><path d=\"M28 8.557a9.913 9.913 0 0 1-2.828.775 4.93 4.93 0 0 0 2.166-2.725 9.738 9.738 0 0 1-3.13 1.194 4.92 4.92 0 0 0-3.593-1.55 4.924 4.924 0 0 0-4.794 6.049c-4.09-.21-7.72-2.17-10.15-5.15a4.942 4.942 0 0 0-.665 2.477c0 1.71.87 3.214 2.19 4.1a4.968 4.968 0 0 1-2.23-.616v.06c0 2.39 1.7 4.38 3.952 4.83-.414.115-.85.174-1.297.174-.318 0-.626-.03-.928-.086a4.935 4.935 0 0 0 4.6 3.42 9.893 9.893 0 0 1-6.114 2.107c-.398 0-.79-.023-1.175-.068a13.953 13.953 0 0 0 7.55 2.213c9.056 0 14.01-7.507 14.01-14.013 0-.213-.005-.426-.015-.637.96-.695 1.795-1.56 2.455-2.55z\" fill=\"#fff\"><\/path><\/svg><\/span><\/a><a aria-label=\"Whatsapp\" class=\"heateor_sss_whatsapp\" href=\"https:\/\/api.whatsapp.com\/send?text=Lula%20convida%20empres%C3%A1rios%20e%20banqueiros%20para%20jantar%20no%20Alvorada%2C%20e%20campanha%20busca%20aproxima%C3%A7%C3%A3o%20com%20PIB%20https%3A%2F%2Fpenoticias.com.br%2Fblog%2Flula-convida-empresarios-e-banqueiros-para-jantar-no-alvorada-e-campanha-busca-aproximacao-com-pib%2F\" title=\"Whatsapp\" rel=\"nofollow noopener\" target=\"_blank\" style=\"font-size:32px!important;box-shadow:none;display:inline-block;vertical-align:middle\"><span class=\"heateor_sss_svg\" style=\"background-color:#55eb4c;width:35px;height:35px;border-radius:999px;display:inline-block;opacity:1;float:left;font-size:32px;box-shadow:none;display:inline-block;font-size:16px;padding:0 4px;vertical-align:middle;background-repeat:repeat;overflow:hidden;padding:0;cursor:pointer;box-sizing:content-box\"><svg style=\"display:block;border-radius:999px;\" focusable=\"false\" aria-hidden=\"true\" xmlns=\"http:\/\/www.w3.org\/2000\/svg\" width=\"100%\" height=\"100%\" viewBox=\"-6 -5 40 40\"><path class=\"heateor_sss_svg_stroke heateor_sss_no_fill\" stroke=\"#fff\" stroke-width=\"2\" fill=\"none\" d=\"M 11.579798566743314 24.396926207859085 A 10 10 0 1 0 6.808479557110079 20.73576436351046\"><\/path><path d=\"M 7 19 l -1 6 l 6 -1\" class=\"heateor_sss_no_fill heateor_sss_svg_stroke\" stroke=\"#fff\" stroke-width=\"2\" fill=\"none\"><\/path><path d=\"M 10 10 q -1 8 8 11 c 5 -1 0 -6 -1 -3 q -4 -3 -5 -5 c 4 -2 -1 -5 -1 -4\" fill=\"#fff\"><\/path><\/svg><\/span><\/a><a aria-label=\"Gmail\" class=\"heateor_sss_button_google_gmail\" href=\"https:\/\/mail.google.com\/mail\/?ui=2&view=cm&fs=1&tf=1&su=Lula%20convida%20empres%C3%A1rios%20e%20banqueiros%20para%20jantar%20no%20Alvorada%2C%20e%20campanha%20busca%20aproxima%C3%A7%C3%A3o%20com%20PIB&body=Link:https%3A%2F%2Fpenoticias.com.br%2Fblog%2Flula-convida-empresarios-e-banqueiros-para-jantar-no-alvorada-e-campanha-busca-aproximacao-com-pib%2F\" title=\"Google Gmail\" rel=\"nofollow noopener\" target=\"_blank\" style=\"font-size:32px!important;box-shadow:none;display:inline-block;vertical-align:middle\"><span class=\"heateor_sss_svg heateor_sss_s__default heateor_sss_s_Google_Gmail\" style=\"background-color:#e5e5e5;width:35px;height:35px;border-radius:999px;display:inline-block;opacity:1;float:left;font-size:32px;box-shadow:none;display:inline-block;font-size:16px;padding:0 4px;vertical-align:middle;background-repeat:repeat;overflow:hidden;padding:0;cursor:pointer;box-sizing:content-box\"><svg style=\"display:block;border-radius:999px;\" focusable=\"false\" aria-hidden=\"true\" xmlns=\"http:\/\/www.w3.org\/2000\/svg\" width=\"100%\" height=\"100%\" viewBox=\"0 0 32 32\"><path fill=\"#fff\" d=\"M2.902 6.223h26.195v19.554H2.902z\"><\/path><path fill=\"#E14C41\" class=\"heateor_sss_no_fill\" d=\"M2.902 25.777h26.195V6.223H2.902v19.554zm22.44-4.007v3.806H6.955v-3.6h.032l.093-.034 6.9-5.558 2.09 1.77 1.854-1.63 7.42 5.246zm0-.672l-7.027-4.917 7.028-6.09V21.1zm-1.17-14.67l-.947.905c-2.356 2.284-4.693 4.75-7.17 6.876l-.078.06L8.062 6.39l16.11.033zm-10.597 9.61l-6.62 5.294.016-10.914 6.607 5.62\"><\/path><\/svg><\/span><\/a><a aria-label=\"Instagram\" class=\"heateor_sss_button_instagram\" href=\"https:\/\/www.instagram.com\/\" title=\"Instagram\" rel=\"nofollow noopener\" target=\"_blank\" style=\"font-size:32px!important;box-shadow:none;display:inline-block;vertical-align:middle\"><span class=\"heateor_sss_svg\" style=\"background-color:#53beee;width:35px;height:35px;border-radius:999px;display:inline-block;opacity:1;float:left;font-size:32px;box-shadow:none;display:inline-block;font-size:16px;padding:0 4px;vertical-align:middle;background-repeat:repeat;overflow:hidden;padding:0;cursor:pointer;box-sizing:content-box\"><svg style=\"display:block;border-radius:999px;\" version=\"1.1\" viewBox=\"-10 -10 148 148\" width=\"100%\" height=\"100%\" xml:space=\"preserve\" xmlns=\"http:\/\/www.w3.org\/2000\/svg\" xmlns:xlink=\"http:\/\/www.w3.org\/1999\/xlink\"><g><g><path d=\"M86,112H42c-14.336,0-26-11.663-26-26V42c0-14.337,11.664-26,26-26h44c14.337,0,26,11.663,26,26v44 C112,100.337,100.337,112,86,112z M42,24c-9.925,0-18,8.074-18,18v44c0,9.925,8.075,18,18,18h44c9.926,0,18-8.075,18-18V42 c0-9.926-8.074-18-18-18H42z\" fill=\"#fff\"><\/path><\/g><g><path d=\"M64,88c-13.234,0-24-10.767-24-24c0-13.234,10.766-24,24-24s24,10.766,24,24C88,77.233,77.234,88,64,88z M64,48c-8.822,0-16,7.178-16,16s7.178,16,16,16c8.822,0,16-7.178,16-16S72.822,48,64,48z\" fill=\"#fff\"><\/path><\/g><g><circle cx=\"89.5\" cy=\"38.5\" fill=\"#fff\" r=\"5.5\"><\/circle><\/g><\/g><\/svg><\/span><\/a><a aria-label=\"Print\" class=\"heateor_sss_button_print\" href=\"https:\/\/penoticias.com.br\/blog\/lula-convida-empresarios-e-banqueiros-para-jantar-no-alvorada-e-campanha-busca-aproximacao-com-pib\/\" onclick=\"event.preventDefault();window.print()\" title=\"Print\" rel=\"noopener\" style=\"font-size:32px!important;box-shadow:none;display:inline-block;vertical-align:middle\"><span class=\"heateor_sss_svg heateor_sss_s__default heateor_sss_s_print\" style=\"background-color:#fd6500;width:35px;height:35px;border-radius:999px;display:inline-block;opacity:1;float:left;font-size:32px;box-shadow:none;display:inline-block;font-size:16px;padding:0 4px;vertical-align:middle;background-repeat:repeat;overflow:hidden;padding:0;cursor:pointer;box-sizing:content-box\"><svg style=\"display:block;border-radius:999px;\" focusable=\"false\" aria-hidden=\"true\" xmlns=\"http:\/\/www.w3.org\/2000\/svg\" width=\"100%\" height=\"100%\" viewBox=\"-2.8 -4.5 35 35\"><path stroke=\"#fff\" class=\"heateor_sss_svg_stroke\" d=\"M 7 10 h 2 v 3 h 12 v -3 h 2 v 7 h -2 v -3 h -12 v 3 h -2 z\" stroke-width=\"1\" fill=\"#fff\"><\/path><rect class=\"heateor_sss_no_fill heateor_sss_svg_stroke\" stroke=\"#fff\" stroke-width=\"1.8\" height=\"7\" width=\"10\" x=\"10\" y=\"5\" fill=\"none\"><\/rect><rect class=\"heateor_sss_svg_stroke\" stroke=\"#fff\" stroke-width=\"1\" height=\"5\" width=\"8\" x=\"11\" y=\"16\" fill=\"#fff\"><\/rect><\/svg><\/span><\/a><a class=\"heateor_sss_more\" aria-label=\"More\" title=\"More\" rel=\"nofollow noopener\" style=\"font-size: 32px!important;border:0;box-shadow:none;display:inline-block!important;font-size:16px;padding:0 4px;vertical-align: middle;display:inline;\" href=\"https:\/\/penoticias.com.br\/blog\/lula-convida-empresarios-e-banqueiros-para-jantar-no-alvorada-e-campanha-busca-aproximacao-com-pib\/\" onclick=\"event.preventDefault()\"><span class=\"heateor_sss_svg\" style=\"background-color:#ee8e2d;width:35px;height:35px;border-radius:999px;display:inline-block!important;opacity:1;float:left;font-size:32px!important;box-shadow:none;display:inline-block;font-size:16px;padding:0 4px;vertical-align:middle;display:inline;background-repeat:repeat;overflow:hidden;padding:0;cursor:pointer;box-sizing:content-box;\" onclick=\"heateorSssMoreSharingPopup(this, 'https:\/\/penoticias.com.br\/blog\/lula-convida-empresarios-e-banqueiros-para-jantar-no-alvorada-e-campanha-busca-aproximacao-com-pib\/', 'Lula%20convida%20empres%C3%A1rios%20e%20banqueiros%20para%20jantar%20no%20Alvorada%2C%20e%20campanha%20busca%20aproxima%C3%A7%C3%A3o%20com%20PIB', '' )\"><svg xmlns=\"http:\/\/www.w3.org\/2000\/svg\" xmlns:xlink=\"http:\/\/www.w3.org\/1999\/xlink\" viewBox=\"-.3 0 32 32\" version=\"1.1\" width=\"100%\" height=\"100%\" style=\"display:block;border-radius:999px;\" xml:space=\"preserve\"><g><path fill=\"#fff\" d=\"M18 14V8h-4v6H8v4h6v6h4v-6h6v-4h-6z\" fill-rule=\"evenodd\"><\/path><\/g><\/svg><\/span><\/a><\/div><div class=\"heateorSssClear\"><\/div><\/div><div class='heateorSssClear'><\/div>","protected":false},"author":2,"featured_media":0,"comment_status":"closed","ping_status":"closed","sticky":false,"template":"","format":"standard","meta":{"footnotes":""},"categories":[10],"tags":[],"class_list":["post-227619","post","type-post","status-publish","format-standard","hentry","category-politica"],"yoast_head":"<!-- This site is optimized with the Yoast SEO plugin v28.4 - https:\/\/yoast.com\/product\/yoast-seo-wordpress\/ -->\n<title>Lula convida empres\u00e1rios e banqueiros para jantar no Alvorada, e campanha busca aproxima\u00e7\u00e3o com PIB - PE Not\u00edcias<\/title>\n<meta name=\"robots\" content=\"index, follow, max-snippet:-1, max-image-preview:large, max-video-preview:-1\" \/>\n<link rel=\"canonical\" href=\"https:\/\/penoticias.com.br\/blog\/lula-convida-empresarios-e-banqueiros-para-jantar-no-alvorada-e-campanha-busca-aproximacao-com-pib\/\" \/>\n<meta property=\"og:locale\" content=\"pt_BR\" \/>\n<meta property=\"og:type\" content=\"article\" \/>\n<meta property=\"og:title\" content=\"Lula convida empres\u00e1rios e banqueiros para jantar no Alvorada, e campanha busca aproxima\u00e7\u00e3o com PIB - PE Not\u00edcias\" \/>\n<meta property=\"og:description\" content=\"Folha de S.Paulo O presidente Luiz In\u00e1cio Lula da Silva (PT) chamou grandes empres\u00e1rios e banqueiros para um jantar nesta segunda-feira (31), no Pal\u00e1cio da Alvorada. Entre os convidados est\u00e3o os banqueiros Andr\u00e9 Esteves (BTG), Roberto Set\u00fabal (Ita\u00fa) e Luiz Trabuco (Bradesco), e os empres\u00e1rios Joesley Batista (JBS) e Jos\u00e9 Seripieri Filho (Amil). Auxiliares de ... Ler mais\" \/>\n<meta property=\"og:url\" content=\"https:\/\/penoticias.com.br\/blog\/lula-convida-empresarios-e-banqueiros-para-jantar-no-alvorada-e-campanha-busca-aproximacao-com-pib\/\" \/>\n<meta property=\"og:site_name\" content=\"PE Not\u00edcias\" \/>\n<meta property=\"article:publisher\" content=\"pedrovicentearaujo@hotmail.com\" \/>\n<meta property=\"article:author\" content=\"pedrovicentearaujo@hotmail.com\" \/>\n<meta property=\"article:published_time\" content=\"2026-08-30T13:30:11+00:00\" \/>\n<meta property=\"og:image\" content=\"https:\/\/f.i.uol.com.br\/fotografia\/2026\/08\/29\/17880185586a92ff7ed14b4_1788018558_3x2_xs.jpg\" \/>\n<meta name=\"author\" content=\"Pedro Ara\u00fajo\" \/>\n<meta name=\"twitter:card\" content=\"summary_large_image\" \/>\n<meta name=\"twitter:creator\" content=\"@pedromuela\" \/>\n<meta name=\"twitter:site\" content=\"@pedromuela\" \/>\n<meta name=\"twitter:label1\" content=\"Escrito por\" \/>\n\t<meta name=\"twitter:data1\" content=\"Pedro Ara\u00fajo\" \/>\n\t<meta name=\"twitter:label2\" content=\"Est. tempo de leitura\" \/>\n\t<meta name=\"twitter:data2\" content=\"5 minutos\" \/>\n<script type=\"application\/ld+json\" class=\"yoast-schema-graph\">{\"@context\":\"https:\\\/\\\/schema.org\",\"@graph\":[{\"@type\":\"Article\",\"@id\":\"https:\\\/\\\/penoticias.com.br\\\/blog\\\/lula-convida-empresarios-e-banqueiros-para-jantar-no-alvorada-e-campanha-busca-aproximacao-com-pib\\\/#article\",\"isPartOf\":{\"@id\":\"https:\\\/\\\/penoticias.com.br\\\/blog\\\/lula-convida-empresarios-e-banqueiros-para-jantar-no-alvorada-e-campanha-busca-aproximacao-com-pib\\\/\"},\"author\":{\"name\":\"Pedro Ara\u00fajo\",\"@id\":\"https:\\\/\\\/penoticias.com.br\\\/blog\\\/#\\\/schema\\\/person\\\/13ea60669d2351f129ef3657907f1432\"},\"headline\":\"Lula convida empres\u00e1rios e banqueiros para jantar no Alvorada, e campanha busca aproxima\u00e7\u00e3o com PIB\",\"datePublished\":\"2026-08-30T13:30:11+00:00\",\"mainEntityOfPage\":{\"@id\":\"https:\\\/\\\/penoticias.com.br\\\/blog\\\/lula-convida-empresarios-e-banqueiros-para-jantar-no-alvorada-e-campanha-busca-aproximacao-com-pib\\\/\"},\"wordCount\":900,\"publisher\":{\"@id\":\"https:\\\/\\\/penoticias.com.br\\\/blog\\\/#\\\/schema\\\/person\\\/13ea60669d2351f129ef3657907f1432\"},\"image\":{\"@id\":\"https:\\\/\\\/penoticias.com.br\\\/blog\\\/lula-convida-empresarios-e-banqueiros-para-jantar-no-alvorada-e-campanha-busca-aproximacao-com-pib\\\/#primaryimage\"},\"thumbnailUrl\":\"https:\\\/\\\/f.i.uol.com.br\\\/fotografia\\\/2026\\\/08\\\/29\\\/17880185586a92ff7ed14b4_1788018558_3x2_xs.jpg\",\"articleSection\":[\"Pol\u00edtica\"],\"inLanguage\":\"pt-BR\"},{\"@type\":\"WebPage\",\"@id\":\"https:\\\/\\\/penoticias.com.br\\\/blog\\\/lula-convida-empresarios-e-banqueiros-para-jantar-no-alvorada-e-campanha-busca-aproximacao-com-pib\\\/\",\"url\":\"https:\\\/\\\/penoticias.com.br\\\/blog\\\/lula-convida-empresarios-e-banqueiros-para-jantar-no-alvorada-e-campanha-busca-aproximacao-com-pib\\\/\",\"name\":\"Lula convida empres\u00e1rios e banqueiros para jantar no Alvorada, e campanha busca aproxima\u00e7\u00e3o com PIB - PE Not\u00edcias\",\"isPartOf\":{\"@id\":\"https:\\\/\\\/penoticias.com.br\\\/blog\\\/#website\"},\"primaryImageOfPage\":{\"@id\":\"https:\\\/\\\/penoticias.com.br\\\/blog\\\/lula-convida-empresarios-e-banqueiros-para-jantar-no-alvorada-e-campanha-busca-aproximacao-com-pib\\\/#primaryimage\"},\"image\":{\"@id\":\"https:\\\/\\\/penoticias.com.br\\\/blog\\\/lula-convida-empresarios-e-banqueiros-para-jantar-no-alvorada-e-campanha-busca-aproximacao-com-pib\\\/#primaryimage\"},\"thumbnailUrl\":\"https:\\\/\\\/f.i.uol.com.br\\\/fotografia\\\/2026\\\/08\\\/29\\\/17880185586a92ff7ed14b4_1788018558_3x2_xs.jpg\",\"datePublished\":\"2026-08-30T13:30:11+00:00\",\"breadcrumb\":{\"@id\":\"https:\\\/\\\/penoticias.com.br\\\/blog\\\/lula-convida-empresarios-e-banqueiros-para-jantar-no-alvorada-e-campanha-busca-aproximacao-com-pib\\\/#breadcrumb\"},\"inLanguage\":\"pt-BR\",\"potentialAction\":[{\"@type\":\"ReadAction\",\"target\":[\"https:\\\/\\\/penoticias.com.br\\\/blog\\\/lula-convida-empresarios-e-banqueiros-para-jantar-no-alvorada-e-campanha-busca-aproximacao-com-pib\\\/\"]}]},{\"@type\":\"ImageObject\",\"inLanguage\":\"pt-BR\",\"@id\":\"https:\\\/\\\/penoticias.com.br\\\/blog\\\/lula-convida-empresarios-e-banqueiros-para-jantar-no-alvorada-e-campanha-busca-aproximacao-com-pib\\\/#primaryimage\",\"url\":\"https:\\\/\\\/f.i.uol.com.br\\\/fotografia\\\/2026\\\/08\\\/29\\\/17880185586a92ff7ed14b4_1788018558_3x2_xs.jpg\",\"contentUrl\":\"https:\\\/\\\/f.i.uol.com.br\\\/fotografia\\\/2026\\\/08\\\/29\\\/17880185586a92ff7ed14b4_1788018558_3x2_xs.jpg\"},{\"@type\":\"BreadcrumbList\",\"@id\":\"https:\\\/\\\/penoticias.com.br\\\/blog\\\/lula-convida-empresarios-e-banqueiros-para-jantar-no-alvorada-e-campanha-busca-aproximacao-com-pib\\\/#breadcrumb\",\"itemListElement\":[{\"@type\":\"ListItem\",\"position\":1,\"name\":\"In\u00edcio\",\"item\":\"https:\\\/\\\/penoticias.com.br\\\/blog\\\/\"},{\"@type\":\"ListItem\",\"position\":2,\"name\":\"Lula convida empres\u00e1rios e banqueiros para jantar no Alvorada, e campanha busca aproxima\u00e7\u00e3o com PIB\"}]},{\"@type\":\"WebSite\",\"@id\":\"https:\\\/\\\/penoticias.com.br\\\/blog\\\/#website\",\"url\":\"https:\\\/\\\/penoticias.com.br\\\/blog\\\/\",\"name\":\"PE Not\u00edcias\",\"description\":\"Voc\u00ea no Mundo da Informa\u00e7\u00e3o.\",\"publisher\":{\"@id\":\"https:\\\/\\\/penoticias.com.br\\\/blog\\\/#\\\/schema\\\/person\\\/13ea60669d2351f129ef3657907f1432\"},\"potentialAction\":[{\"@type\":\"SearchAction\",\"target\":{\"@type\":\"EntryPoint\",\"urlTemplate\":\"https:\\\/\\\/penoticias.com.br\\\/blog\\\/?s={search_term_string}\"},\"query-input\":{\"@type\":\"PropertyValueSpecification\",\"valueRequired\":true,\"valueName\":\"search_term_string\"}}],\"inLanguage\":\"pt-BR\"},{\"@type\":[\"Person\",\"Organization\"],\"@id\":\"https:\\\/\\\/penoticias.com.br\\\/blog\\\/#\\\/schema\\\/person\\\/13ea60669d2351f129ef3657907f1432\",\"name\":\"Pedro Ara\u00fajo\",\"image\":{\"@type\":\"ImageObject\",\"inLanguage\":\"pt-BR\",\"@id\":\"https:\\\/\\\/secure.gravatar.com\\\/avatar\\\/d654258027afd7c928561b83494a45e3aff23d7ac7ce926d2bceac1ffe030175?s=96&d=mm&r=g\",\"url\":\"https:\\\/\\\/secure.gravatar.com\\\/avatar\\\/d654258027afd7c928561b83494a45e3aff23d7ac7ce926d2bceac1ffe030175?s=96&d=mm&r=g\",\"contentUrl\":\"https:\\\/\\\/secure.gravatar.com\\\/avatar\\\/d654258027afd7c928561b83494a45e3aff23d7ac7ce926d2bceac1ffe030175?s=96&d=mm&r=g\",\"caption\":\"Pedro Ara\u00fajo\"},\"logo\":{\"@id\":\"https:\\\/\\\/secure.gravatar.com\\\/avatar\\\/d654258027afd7c928561b83494a45e3aff23d7ac7ce926d2bceac1ffe030175?s=96&d=mm&r=g\"},\"description\":\"As informa\u00e7\u00f5es que traduzem as verdades dos fatos, sem ferir ou denegrir pessoas ou imagens. Como tamb\u00e9m, nunca procurando agradar aos maus feitores.\",\"sameAs\":[\"http:\\\/\\\/www.penoticias.com.br\",\"pedrovicentearaujo@hotmail.com\",\"@pedroafogados\",\"https:\\\/\\\/x.com\\\/pedromuela\",\"www.penoticias.com.br\"],\"url\":\"https:\\\/\\\/penoticias.com.br\\\/blog\\\/author\\\/pedro\\\/\"}]}<\/script>\n<!-- \/ Yoast SEO plugin. -->","yoast_head_json":{"title":"Lula convida empres\u00e1rios e banqueiros para jantar no Alvorada, e campanha busca aproxima\u00e7\u00e3o com PIB - PE Not\u00edcias","robots":{"index":"index","follow":"follow","max-snippet":"max-snippet:-1","max-image-preview":"max-image-preview:large","max-video-preview":"max-video-preview:-1"},"canonical":"https:\/\/penoticias.com.br\/blog\/lula-convida-empresarios-e-banqueiros-para-jantar-no-alvorada-e-campanha-busca-aproximacao-com-pib\/","og_locale":"pt_BR","og_type":"article","og_title":"Lula convida empres\u00e1rios e banqueiros para jantar no Alvorada, e campanha busca aproxima\u00e7\u00e3o com PIB - PE Not\u00edcias","og_description":"Folha de S.Paulo O presidente Luiz In\u00e1cio Lula da Silva (PT) chamou grandes empres\u00e1rios e banqueiros para um jantar nesta segunda-feira (31), no Pal\u00e1cio da Alvorada. Entre os convidados est\u00e3o os banqueiros Andr\u00e9 Esteves (BTG), Roberto Set\u00fabal (Ita\u00fa) e Luiz Trabuco (Bradesco), e os empres\u00e1rios Joesley Batista (JBS) e Jos\u00e9 Seripieri Filho (Amil). Auxiliares de ... Ler mais","og_url":"https:\/\/penoticias.com.br\/blog\/lula-convida-empresarios-e-banqueiros-para-jantar-no-alvorada-e-campanha-busca-aproximacao-com-pib\/","og_site_name":"PE Not\u00edcias","article_publisher":"pedrovicentearaujo@hotmail.com","article_author":"pedrovicentearaujo@hotmail.com","article_published_time":"2026-08-30T13:30:11+00:00","og_image":[{"url":"https:\/\/f.i.uol.com.br\/fotografia\/2026\/08\/29\/17880185586a92ff7ed14b4_1788018558_3x2_xs.jpg","type":"","width":"","height":""}],"author":"Pedro Ara\u00fajo","twitter_card":"summary_large_image","twitter_creator":"@pedromuela","twitter_site":"@pedromuela","twitter_misc":{"Escrito por":"Pedro Ara\u00fajo","Est. tempo de leitura":"5 minutos"},"schema":{"@context":"https:\/\/schema.org","@graph":[{"@type":"Article","@id":"https:\/\/penoticias.com.br\/blog\/lula-convida-empresarios-e-banqueiros-para-jantar-no-alvorada-e-campanha-busca-aproximacao-com-pib\/#article","isPartOf":{"@id":"https:\/\/penoticias.com.br\/blog\/lula-convida-empresarios-e-banqueiros-para-jantar-no-alvorada-e-campanha-busca-aproximacao-com-pib\/"},"author":{"name":"Pedro Ara\u00fajo","@id":"https:\/\/penoticias.com.br\/blog\/#\/schema\/person\/13ea60669d2351f129ef3657907f1432"},"headline":"Lula convida empres\u00e1rios e banqueiros para jantar no Alvorada, e campanha busca aproxima\u00e7\u00e3o com PIB","datePublished":"2026-08-30T13:30:11+00:00","mainEntityOfPage":{"@id":"https:\/\/penoticias.com.br\/blog\/lula-convida-empresarios-e-banqueiros-para-jantar-no-alvorada-e-campanha-busca-aproximacao-com-pib\/"},"wordCount":900,"publisher":{"@id":"https:\/\/penoticias.com.br\/blog\/#\/schema\/person\/13ea60669d2351f129ef3657907f1432"},"image":{"@id":"https:\/\/penoticias.com.br\/blog\/lula-convida-empresarios-e-banqueiros-para-jantar-no-alvorada-e-campanha-busca-aproximacao-com-pib\/#primaryimage"},"thumbnailUrl":"https:\/\/f.i.uol.com.br\/fotografia\/2026\/08\/29\/17880185586a92ff7ed14b4_1788018558_3x2_xs.jpg","articleSection":["Pol\u00edtica"],"inLanguage":"pt-BR"},{"@type":"WebPage","@id":"https:\/\/penoticias.com.br\/blog\/lula-convida-empresarios-e-banqueiros-para-jantar-no-alvorada-e-campanha-busca-aproximacao-com-pib\/","url":"https:\/\/penoticias.com.br\/blog\/lula-convida-empresarios-e-banqueiros-para-jantar-no-alvorada-e-campanha-busca-aproximacao-com-pib\/","name":"Lula convida empres\u00e1rios e banqueiros para jantar no Alvorada, e campanha busca aproxima\u00e7\u00e3o com PIB - PE Not\u00edcias","isPartOf":{"@id":"https:\/\/penoticias.com.br\/blog\/#website"},"primaryImageOfPage":{"@id":"https:\/\/penoticias.com.br\/blog\/lula-convida-empresarios-e-banqueiros-para-jantar-no-alvorada-e-campanha-busca-aproximacao-com-pib\/#primaryimage"},"image":{"@id":"https:\/\/penoticias.com.br\/blog\/lula-convida-empresarios-e-banqueiros-para-jantar-no-alvorada-e-campanha-busca-aproximacao-com-pib\/#primaryimage"},"thumbnailUrl":"https:\/\/f.i.uol.com.br\/fotografia\/2026\/08\/29\/17880185586a92ff7ed14b4_1788018558_3x2_xs.jpg","datePublished":"2026-08-30T13:30:11+00:00","breadcrumb":{"@id":"https:\/\/penoticias.com.br\/blog\/lula-convida-empresarios-e-banqueiros-para-jantar-no-alvorada-e-campanha-busca-aproximacao-com-pib\/#breadcrumb"},"inLanguage":"pt-BR","potentialAction":[{"@type":"ReadAction","target":["https:\/\/penoticias.com.br\/blog\/lula-convida-empresarios-e-banqueiros-para-jantar-no-alvorada-e-campanha-busca-aproximacao-com-pib\/"]}]},{"@type":"ImageObject","inLanguage":"pt-BR","@id":"https:\/\/penoticias.com.br\/blog\/lula-convida-empresarios-e-banqueiros-para-jantar-no-alvorada-e-campanha-busca-aproximacao-com-pib\/#primaryimage","url":"https:\/\/f.i.uol.com.br\/fotografia\/2026\/08\/29\/17880185586a92ff7ed14b4_1788018558_3x2_xs.jpg","contentUrl":"https:\/\/f.i.uol.com.br\/fotografia\/2026\/08\/29\/17880185586a92ff7ed14b4_1788018558_3x2_xs.jpg"},{"@type":"BreadcrumbList","@id":"https:\/\/penoticias.com.br\/blog\/lula-convida-empresarios-e-banqueiros-para-jantar-no-alvorada-e-campanha-busca-aproximacao-com-pib\/#breadcrumb","itemListElement":[{"@type":"ListItem","position":1,"name":"In\u00edcio","item":"https:\/\/penoticias.com.br\/blog\/"},{"@type":"ListItem","position":2,"name":"Lula convida empres\u00e1rios e banqueiros para jantar no Alvorada, e campanha busca aproxima\u00e7\u00e3o com PIB"}]},{"@type":"WebSite","@id":"https:\/\/penoticias.com.br\/blog\/#website","url":"https:\/\/penoticias.com.br\/blog\/","name":"PE Not\u00edcias","description":"Voc\u00ea no Mundo da Informa\u00e7\u00e3o.","publisher":{"@id":"https:\/\/penoticias.com.br\/blog\/#\/schema\/person\/13ea60669d2351f129ef3657907f1432"},"potentialAction":[{"@type":"SearchAction","target":{"@type":"EntryPoint","urlTemplate":"https:\/\/penoticias.com.br\/blog\/?s={search_term_string}"},"query-input":{"@type":"PropertyValueSpecification","valueRequired":true,"valueName":"search_term_string"}}],"inLanguage":"pt-BR"},{"@type":["Person","Organization"],"@id":"https:\/\/penoticias.com.br\/blog\/#\/schema\/person\/13ea60669d2351f129ef3657907f1432","name":"Pedro Ara\u00fajo","image":{"@type":"ImageObject","inLanguage":"pt-BR","@id":"https:\/\/secure.gravatar.com\/avatar\/d654258027afd7c928561b83494a45e3aff23d7ac7ce926d2bceac1ffe030175?s=96&d=mm&r=g","url":"https:\/\/secure.gravatar.com\/avatar\/d654258027afd7c928561b83494a45e3aff23d7ac7ce926d2bceac1ffe030175?s=96&d=mm&r=g","contentUrl":"https:\/\/secure.gravatar.com\/avatar\/d654258027afd7c928561b83494a45e3aff23d7ac7ce926d2bceac1ffe030175?s=96&d=mm&r=g","caption":"Pedro Ara\u00fajo"},"logo":{"@id":"https:\/\/secure.gravatar.com\/avatar\/d654258027afd7c928561b83494a45e3aff23d7ac7ce926d2bceac1ffe030175?s=96&d=mm&r=g"},"description":"As informa\u00e7\u00f5es que traduzem as verdades dos fatos, sem ferir ou denegrir pessoas ou imagens. Como tamb\u00e9m, nunca procurando agradar aos maus feitores.","sameAs":["http:\/\/www.penoticias.com.br","pedrovicentearaujo@hotmail.com","@pedroafogados","https:\/\/x.com\/pedromuela","www.penoticias.com.br"],"url":"https:\/\/penoticias.com.br\/blog\/author\/pedro\/"}]}},"_links":{"self":[{"href":"https:\/\/penoticias.com.br\/blog\/wp-json\/wp\/v2\/posts\/227619","targetHints":{"allow":["GET"]}}],"collection":[{"href":"https:\/\/penoticias.com.br\/blog\/wp-json\/wp\/v2\/posts"}],"about":[{"href":"https:\/\/penoticias.com.br\/blog\/wp-json\/wp\/v2\/types\/post"}],"author":[{"embeddable":true,"href":"https:\/\/penoticias.com.br\/blog\/wp-json\/wp\/v2\/users\/2"}],"replies":[{"embeddable":true,"href":"https:\/\/penoticias.com.br\/blog\/wp-json\/wp\/v2\/comments?post=227619"}],"version-history":[{"count":1,"href":"https:\/\/penoticias.com.br\/blog\/wp-json\/wp\/v2\/posts\/227619\/revisions"}],"predecessor-version":[{"id":227620,"href":"https:\/\/penoticias.com.br\/blog\/wp-json\/wp\/v2\/posts\/227619\/revisions\/227620"}],"wp:attachment":[{"href":"https:\/\/penoticias.com.br\/blog\/wp-json\/wp\/v2\/media?parent=227619"}],"wp:term":[{"taxonomy":"category","embeddable":true,"href":"https:\/\/penoticias.com.br\/blog\/wp-json\/wp\/v2\/categories?post=227619"},{"taxonomy":"post_tag","embeddable":true,"href":"https:\/\/penoticias.com.br\/blog\/wp-json\/wp\/v2\/tags?post=227619"}],"curies":[{"name":"wp","href":"https:\/\/api.w.org\/{rel}","templated":true}]}}