{"id":227659,"date":"2026-08-31T09:00:28","date_gmt":"2026-08-31T12:00:28","guid":{"rendered":"https:\/\/penoticias.com.br\/blog\/?p=227659"},"modified":"2026-08-30T15:55:14","modified_gmt":"2026-08-30T18:55:14","slug":"lula-oscila-para-baixo-em-pernambuco-flavio-bolsonaro-chega-a-20-aponta-datatrends","status":"publish","type":"post","link":"https:\/\/penoticias.com.br\/blog\/lula-oscila-para-baixo-em-pernambuco-flavio-bolsonaro-chega-a-20-aponta-datatrends\/","title":{"rendered":"Lula oscila para baixo em Pernambuco; Fl\u00e1vio Bolsonaro chega a 20%, aponta DataTrends"},"content":{"rendered":"<p style=\"text-align: center;\"><img fetchpriority=\"high\" decoding=\"async\" class=\"alignnone wp-image-227660 \" src=\"https:\/\/penoticias.com.br\/blog\/wp-content\/uploads\/2026\/08\/aa-23.png\" alt=\"\" width=\"547\" height=\"462\" srcset=\"https:\/\/penoticias.com.br\/blog\/wp-content\/uploads\/2026\/08\/aa-23.png 715w, https:\/\/penoticias.com.br\/blog\/wp-content\/uploads\/2026\/08\/aa-23-300x253.png 300w\" sizes=\"(max-width: 547px) 100vw, 547px\" \/><\/p>\n<p style=\"text-align: left;\"><span style=\"font-size: 8pt;\"><em>Blog Edmar Lyra<\/em><\/span><\/p>\n<p>A nova pesquisa DataTrends para presidente da Rep\u00fablica em Pernambuco aponta uma oscila\u00e7\u00e3o para baixo do presidente Lula em rela\u00e7\u00e3o ao levantamento anterior do instituto. No cen\u00e1rio estimulado, Lula passou de 60% para 57%, uma redu\u00e7\u00e3o de tr\u00eas pontos percentuais. Fl\u00e1vio Bolsonaro, por sua vez, passou de 19% para 20%, avan\u00e7ando um ponto.<\/p>\n<p>Entre os demais candidatos, Renan Santos passou de 1% para 2%. Augusto Cury, Romeu Zema e Ronaldo Caiado aparecem com 1% cada no levantamento mais recente. Nenhum, branco ou nulo passou de 9% para 10%, enquanto os que n\u00e3o sabem ou n\u00e3o responderam permaneceram em 8%.<\/p>\n<p>No eventual segundo turno entre Lula e Fl\u00e1vio Bolsonaro, o cen\u00e1rio apresentou pouca altera\u00e7\u00e3o. Lula passou de 63% para 62%, enquanto Fl\u00e1vio Bolsonaro permaneceu com 22%. Nenhum, branco ou nulo subiu de 9% para 10%, e os que n\u00e3o sabem ou n\u00e3o responderam permaneceram em 6%.<\/p>\n<p>A aprova\u00e7\u00e3o da gest\u00e3o do presidente Lula tamb\u00e9m oscilou um ponto para baixo. No levantamento anterior, 64% aprovavam o governo e 32% desaprovavam, com 4% sem opini\u00e3o. Agora, a aprova\u00e7\u00e3o \u00e9 de 63%, a desaprova\u00e7\u00e3o permanece em 32% e 5% n\u00e3o sabem ou n\u00e3o responderam.<\/p>\n<p>A pesquisa anterior foi realizada entre os dias 12 e 14 de agosto, com 1.200 entrevistas, margem de erro de 2,83 pontos percentuais e registros PE-02774\/2026 e BR-09923\/2026. J\u00e1 o novo levantamento ouviu 1.200 eleitores entre os dias 25 e 27 de agosto, tamb\u00e9m com margem de erro de 2,83 pontos percentuais e n\u00edvel de confian\u00e7a de 95%. A pesquisa est\u00e1 registrada sob os n\u00fameros PE-02222\/2026 e BR-01927\/2026.<\/p>\n","protected":false},"excerpt":{"rendered":"<p>Blog Edmar Lyra A nova pesquisa DataTrends para presidente da Rep\u00fablica em Pernambuco aponta uma oscila\u00e7\u00e3o para baixo do presidente Lula em rela\u00e7\u00e3o ao levantamento anterior do instituto. No cen\u00e1rio estimulado, Lula passou de 60% para 57%, uma redu\u00e7\u00e3o de tr\u00eas pontos percentuais. Fl\u00e1vio Bolsonaro, por sua vez, passou de 19% para 20%, avan\u00e7ando um &#8230; <a title=\"Lula oscila para baixo em Pernambuco; Fl\u00e1vio Bolsonaro chega a 20%, aponta DataTrends\" class=\"read-more\" href=\"https:\/\/penoticias.com.br\/blog\/lula-oscila-para-baixo-em-pernambuco-flavio-bolsonaro-chega-a-20-aponta-datatrends\/\" aria-label=\"Read more about Lula oscila para baixo em Pernambuco; Fl\u00e1vio Bolsonaro chega a 20%, aponta DataTrends\">Ler mais<\/a><\/p>\n<div class='heateorSssClear'><\/div><div  class='heateor_sss_sharing_container heateor_sss_horizontal_sharing' data-heateor-sss-href='https:\/\/penoticias.com.br\/blog\/lula-oscila-para-baixo-em-pernambuco-flavio-bolsonaro-chega-a-20-aponta-datatrends\/'><div class='heateor_sss_sharing_title' style=\"font-weight:bold\" ><\/div><div class=\"heateor_sss_sharing_ul\"><a aria-label=\"Facebook\" class=\"heateor_sss_facebook\" href=\"https:\/\/www.facebook.com\/sharer\/sharer.php?u=https%3A%2F%2Fpenoticias.com.br%2Fblog%2Flula-oscila-para-baixo-em-pernambuco-flavio-bolsonaro-chega-a-20-aponta-datatrends%2F\" title=\"Facebook\" rel=\"nofollow noopener\" target=\"_blank\" style=\"font-size:32px!important;box-shadow:none;display:inline-block;vertical-align:middle\"><span class=\"heateor_sss_svg\" style=\"background-color:#0765FE;width:35px;height:35px;border-radius:999px;display:inline-block;opacity:1;float:left;font-size:32px;box-shadow:none;display:inline-block;font-size:16px;padding:0 4px;vertical-align:middle;background-repeat:repeat;overflow:hidden;padding:0;cursor:pointer;box-sizing:content-box\"><svg style=\"display:block;border-radius:999px;\" focusable=\"false\" aria-hidden=\"true\" xmlns=\"http:\/\/www.w3.org\/2000\/svg\" width=\"100%\" height=\"100%\" viewBox=\"0 0 32 32\"><path fill=\"#fff\" d=\"M28 16c0-6.627-5.373-12-12-12S4 9.373 4 16c0 5.628 3.875 10.35 9.101 11.647v-7.98h-2.474V16H13.1v-1.58c0-4.085 1.849-5.978 5.859-5.978.76 0 2.072.15 2.608.298v3.325c-.283-.03-.775-.045-1.386-.045-1.967 0-2.728.745-2.728 2.683V16h3.92l-.673 3.667h-3.247v8.245C23.395 27.195 28 22.135 28 16Z\"><\/path><\/svg><\/span><\/a><a aria-label=\"Twitter\" class=\"heateor_sss_button_twitter\" href=\"https:\/\/twitter.com\/intent\/tweet?text=Lula%20oscila%20para%20baixo%20em%20Pernambuco%3B%20Fl%C3%A1vio%20Bolsonaro%20chega%20a%2020%25%2C%20aponta%20DataTrends&url=https%3A%2F%2Fpenoticias.com.br%2Fblog%2Flula-oscila-para-baixo-em-pernambuco-flavio-bolsonaro-chega-a-20-aponta-datatrends%2F\" title=\"Twitter\" rel=\"nofollow noopener\" target=\"_blank\" style=\"font-size:32px!important;box-shadow:none;display:inline-block;vertical-align:middle\"><span class=\"heateor_sss_svg heateor_sss_s__default heateor_sss_s_twitter\" style=\"background-color:#55acee;width:35px;height:35px;border-radius:999px;display:inline-block;opacity:1;float:left;font-size:32px;box-shadow:none;display:inline-block;font-size:16px;padding:0 4px;vertical-align:middle;background-repeat:repeat;overflow:hidden;padding:0;cursor:pointer;box-sizing:content-box\"><svg style=\"display:block;border-radius:999px;\" focusable=\"false\" aria-hidden=\"true\" xmlns=\"http:\/\/www.w3.org\/2000\/svg\" width=\"100%\" height=\"100%\" viewBox=\"-4 -4 39 39\"><path d=\"M28 8.557a9.913 9.913 0 0 1-2.828.775 4.93 4.93 0 0 0 2.166-2.725 9.738 9.738 0 0 1-3.13 1.194 4.92 4.92 0 0 0-3.593-1.55 4.924 4.924 0 0 0-4.794 6.049c-4.09-.21-7.72-2.17-10.15-5.15a4.942 4.942 0 0 0-.665 2.477c0 1.71.87 3.214 2.19 4.1a4.968 4.968 0 0 1-2.23-.616v.06c0 2.39 1.7 4.38 3.952 4.83-.414.115-.85.174-1.297.174-.318 0-.626-.03-.928-.086a4.935 4.935 0 0 0 4.6 3.42 9.893 9.893 0 0 1-6.114 2.107c-.398 0-.79-.023-1.175-.068a13.953 13.953 0 0 0 7.55 2.213c9.056 0 14.01-7.507 14.01-14.013 0-.213-.005-.426-.015-.637.96-.695 1.795-1.56 2.455-2.55z\" fill=\"#fff\"><\/path><\/svg><\/span><\/a><a aria-label=\"Whatsapp\" class=\"heateor_sss_whatsapp\" href=\"https:\/\/api.whatsapp.com\/send?text=Lula%20oscila%20para%20baixo%20em%20Pernambuco%3B%20Fl%C3%A1vio%20Bolsonaro%20chega%20a%2020%25%2C%20aponta%20DataTrends%20https%3A%2F%2Fpenoticias.com.br%2Fblog%2Flula-oscila-para-baixo-em-pernambuco-flavio-bolsonaro-chega-a-20-aponta-datatrends%2F\" title=\"Whatsapp\" rel=\"nofollow noopener\" target=\"_blank\" style=\"font-size:32px!important;box-shadow:none;display:inline-block;vertical-align:middle\"><span class=\"heateor_sss_svg\" style=\"background-color:#55eb4c;width:35px;height:35px;border-radius:999px;display:inline-block;opacity:1;float:left;font-size:32px;box-shadow:none;display:inline-block;font-size:16px;padding:0 4px;vertical-align:middle;background-repeat:repeat;overflow:hidden;padding:0;cursor:pointer;box-sizing:content-box\"><svg style=\"display:block;border-radius:999px;\" focusable=\"false\" aria-hidden=\"true\" xmlns=\"http:\/\/www.w3.org\/2000\/svg\" width=\"100%\" height=\"100%\" viewBox=\"-6 -5 40 40\"><path class=\"heateor_sss_svg_stroke heateor_sss_no_fill\" stroke=\"#fff\" stroke-width=\"2\" fill=\"none\" d=\"M 11.579798566743314 24.396926207859085 A 10 10 0 1 0 6.808479557110079 20.73576436351046\"><\/path><path d=\"M 7 19 l -1 6 l 6 -1\" class=\"heateor_sss_no_fill heateor_sss_svg_stroke\" stroke=\"#fff\" stroke-width=\"2\" fill=\"none\"><\/path><path d=\"M 10 10 q -1 8 8 11 c 5 -1 0 -6 -1 -3 q -4 -3 -5 -5 c 4 -2 -1 -5 -1 -4\" fill=\"#fff\"><\/path><\/svg><\/span><\/a><a aria-label=\"Gmail\" class=\"heateor_sss_button_google_gmail\" href=\"https:\/\/mail.google.com\/mail\/?ui=2&view=cm&fs=1&tf=1&su=Lula%20oscila%20para%20baixo%20em%20Pernambuco%3B%20Fl%C3%A1vio%20Bolsonaro%20chega%20a%2020%25%2C%20aponta%20DataTrends&body=Link:https%3A%2F%2Fpenoticias.com.br%2Fblog%2Flula-oscila-para-baixo-em-pernambuco-flavio-bolsonaro-chega-a-20-aponta-datatrends%2F\" title=\"Google Gmail\" rel=\"nofollow noopener\" target=\"_blank\" style=\"font-size:32px!important;box-shadow:none;display:inline-block;vertical-align:middle\"><span class=\"heateor_sss_svg heateor_sss_s__default heateor_sss_s_Google_Gmail\" style=\"background-color:#e5e5e5;width:35px;height:35px;border-radius:999px;display:inline-block;opacity:1;float:left;font-size:32px;box-shadow:none;display:inline-block;font-size:16px;padding:0 4px;vertical-align:middle;background-repeat:repeat;overflow:hidden;padding:0;cursor:pointer;box-sizing:content-box\"><svg style=\"display:block;border-radius:999px;\" focusable=\"false\" aria-hidden=\"true\" xmlns=\"http:\/\/www.w3.org\/2000\/svg\" width=\"100%\" height=\"100%\" viewBox=\"0 0 32 32\"><path fill=\"#fff\" d=\"M2.902 6.223h26.195v19.554H2.902z\"><\/path><path fill=\"#E14C41\" class=\"heateor_sss_no_fill\" d=\"M2.902 25.777h26.195V6.223H2.902v19.554zm22.44-4.007v3.806H6.955v-3.6h.032l.093-.034 6.9-5.558 2.09 1.77 1.854-1.63 7.42 5.246zm0-.672l-7.027-4.917 7.028-6.09V21.1zm-1.17-14.67l-.947.905c-2.356 2.284-4.693 4.75-7.17 6.876l-.078.06L8.062 6.39l16.11.033zm-10.597 9.61l-6.62 5.294.016-10.914 6.607 5.62\"><\/path><\/svg><\/span><\/a><a aria-label=\"Instagram\" class=\"heateor_sss_button_instagram\" href=\"https:\/\/www.instagram.com\/\" title=\"Instagram\" rel=\"nofollow noopener\" target=\"_blank\" style=\"font-size:32px!important;box-shadow:none;display:inline-block;vertical-align:middle\"><span class=\"heateor_sss_svg\" style=\"background-color:#53beee;width:35px;height:35px;border-radius:999px;display:inline-block;opacity:1;float:left;font-size:32px;box-shadow:none;display:inline-block;font-size:16px;padding:0 4px;vertical-align:middle;background-repeat:repeat;overflow:hidden;padding:0;cursor:pointer;box-sizing:content-box\"><svg style=\"display:block;border-radius:999px;\" version=\"1.1\" viewBox=\"-10 -10 148 148\" width=\"100%\" height=\"100%\" xml:space=\"preserve\" xmlns=\"http:\/\/www.w3.org\/2000\/svg\" xmlns:xlink=\"http:\/\/www.w3.org\/1999\/xlink\"><g><g><path d=\"M86,112H42c-14.336,0-26-11.663-26-26V42c0-14.337,11.664-26,26-26h44c14.337,0,26,11.663,26,26v44 C112,100.337,100.337,112,86,112z M42,24c-9.925,0-18,8.074-18,18v44c0,9.925,8.075,18,18,18h44c9.926,0,18-8.075,18-18V42 c0-9.926-8.074-18-18-18H42z\" fill=\"#fff\"><\/path><\/g><g><path d=\"M64,88c-13.234,0-24-10.767-24-24c0-13.234,10.766-24,24-24s24,10.766,24,24C88,77.233,77.234,88,64,88z M64,48c-8.822,0-16,7.178-16,16s7.178,16,16,16c8.822,0,16-7.178,16-16S72.822,48,64,48z\" fill=\"#fff\"><\/path><\/g><g><circle cx=\"89.5\" cy=\"38.5\" fill=\"#fff\" r=\"5.5\"><\/circle><\/g><\/g><\/svg><\/span><\/a><a aria-label=\"Print\" class=\"heateor_sss_button_print\" href=\"https:\/\/penoticias.com.br\/blog\/lula-oscila-para-baixo-em-pernambuco-flavio-bolsonaro-chega-a-20-aponta-datatrends\/\" onclick=\"event.preventDefault();window.print()\" title=\"Print\" rel=\"noopener\" style=\"font-size:32px!important;box-shadow:none;display:inline-block;vertical-align:middle\"><span class=\"heateor_sss_svg heateor_sss_s__default heateor_sss_s_print\" style=\"background-color:#fd6500;width:35px;height:35px;border-radius:999px;display:inline-block;opacity:1;float:left;font-size:32px;box-shadow:none;display:inline-block;font-size:16px;padding:0 4px;vertical-align:middle;background-repeat:repeat;overflow:hidden;padding:0;cursor:pointer;box-sizing:content-box\"><svg style=\"display:block;border-radius:999px;\" focusable=\"false\" aria-hidden=\"true\" xmlns=\"http:\/\/www.w3.org\/2000\/svg\" width=\"100%\" height=\"100%\" viewBox=\"-2.8 -4.5 35 35\"><path stroke=\"#fff\" class=\"heateor_sss_svg_stroke\" d=\"M 7 10 h 2 v 3 h 12 v -3 h 2 v 7 h -2 v -3 h -12 v 3 h -2 z\" stroke-width=\"1\" fill=\"#fff\"><\/path><rect class=\"heateor_sss_no_fill heateor_sss_svg_stroke\" stroke=\"#fff\" stroke-width=\"1.8\" height=\"7\" width=\"10\" x=\"10\" y=\"5\" fill=\"none\"><\/rect><rect class=\"heateor_sss_svg_stroke\" stroke=\"#fff\" stroke-width=\"1\" height=\"5\" width=\"8\" x=\"11\" y=\"16\" fill=\"#fff\"><\/rect><\/svg><\/span><\/a><a class=\"heateor_sss_more\" aria-label=\"More\" title=\"More\" rel=\"nofollow noopener\" style=\"font-size: 32px!important;border:0;box-shadow:none;display:inline-block!important;font-size:16px;padding:0 4px;vertical-align: middle;display:inline;\" href=\"https:\/\/penoticias.com.br\/blog\/lula-oscila-para-baixo-em-pernambuco-flavio-bolsonaro-chega-a-20-aponta-datatrends\/\" onclick=\"event.preventDefault()\"><span class=\"heateor_sss_svg\" style=\"background-color:#ee8e2d;width:35px;height:35px;border-radius:999px;display:inline-block!important;opacity:1;float:left;font-size:32px!important;box-shadow:none;display:inline-block;font-size:16px;padding:0 4px;vertical-align:middle;display:inline;background-repeat:repeat;overflow:hidden;padding:0;cursor:pointer;box-sizing:content-box;\" onclick=\"heateorSssMoreSharingPopup(this, 'https:\/\/penoticias.com.br\/blog\/lula-oscila-para-baixo-em-pernambuco-flavio-bolsonaro-chega-a-20-aponta-datatrends\/', 'Lula%20oscila%20para%20baixo%20em%20Pernambuco%3B%20Fl%C3%A1vio%20Bolsonaro%20chega%20a%2020%25%2C%20aponta%20DataTrends', '' )\"><svg xmlns=\"http:\/\/www.w3.org\/2000\/svg\" xmlns:xlink=\"http:\/\/www.w3.org\/1999\/xlink\" viewBox=\"-.3 0 32 32\" version=\"1.1\" width=\"100%\" height=\"100%\" style=\"display:block;border-radius:999px;\" xml:space=\"preserve\"><g><path fill=\"#fff\" d=\"M18 14V8h-4v6H8v4h6v6h4v-6h6v-4h-6z\" fill-rule=\"evenodd\"><\/path><\/g><\/svg><\/span><\/a><\/div><div class=\"heateorSssClear\"><\/div><\/div><div class='heateorSssClear'><\/div>","protected":false},"author":2,"featured_media":0,"comment_status":"closed","ping_status":"closed","sticky":false,"template":"","format":"standard","meta":{"footnotes":""},"categories":[10],"tags":[],"class_list":["post-227659","post","type-post","status-publish","format-standard","hentry","category-politica"],"yoast_head":"<!-- This site is optimized with the Yoast SEO plugin v28.4 - https:\/\/yoast.com\/product\/yoast-seo-wordpress\/ -->\n<title>Lula oscila para baixo em Pernambuco; Fl\u00e1vio Bolsonaro chega a 20%, aponta DataTrends - PE Not\u00edcias<\/title>\n<meta name=\"robots\" content=\"index, follow, max-snippet:-1, max-image-preview:large, max-video-preview:-1\" \/>\n<link rel=\"canonical\" href=\"https:\/\/penoticias.com.br\/blog\/lula-oscila-para-baixo-em-pernambuco-flavio-bolsonaro-chega-a-20-aponta-datatrends\/\" \/>\n<meta property=\"og:locale\" content=\"pt_BR\" \/>\n<meta property=\"og:type\" content=\"article\" \/>\n<meta property=\"og:title\" content=\"Lula oscila para baixo em Pernambuco; Fl\u00e1vio Bolsonaro chega a 20%, aponta DataTrends - PE Not\u00edcias\" \/>\n<meta property=\"og:description\" content=\"Blog Edmar Lyra A nova pesquisa DataTrends para presidente da Rep\u00fablica em Pernambuco aponta uma oscila\u00e7\u00e3o para baixo do presidente Lula em rela\u00e7\u00e3o ao levantamento anterior do instituto. No cen\u00e1rio estimulado, Lula passou de 60% para 57%, uma redu\u00e7\u00e3o de tr\u00eas pontos percentuais. Fl\u00e1vio Bolsonaro, por sua vez, passou de 19% para 20%, avan\u00e7ando um ... Ler mais\" \/>\n<meta property=\"og:url\" content=\"https:\/\/penoticias.com.br\/blog\/lula-oscila-para-baixo-em-pernambuco-flavio-bolsonaro-chega-a-20-aponta-datatrends\/\" \/>\n<meta property=\"og:site_name\" content=\"PE Not\u00edcias\" \/>\n<meta property=\"article:publisher\" content=\"pedrovicentearaujo@hotmail.com\" \/>\n<meta property=\"article:author\" content=\"pedrovicentearaujo@hotmail.com\" \/>\n<meta property=\"article:published_time\" content=\"2026-08-31T12:00:28+00:00\" \/>\n<meta property=\"og:image\" content=\"https:\/\/penoticias.com.br\/blog\/wp-content\/uploads\/2026\/08\/aa-23.png\" \/>\n\t<meta property=\"og:image:width\" content=\"715\" \/>\n\t<meta property=\"og:image:height\" content=\"604\" \/>\n\t<meta property=\"og:image:type\" content=\"image\/png\" \/>\n<meta name=\"author\" content=\"Pedro Ara\u00fajo\" \/>\n<meta name=\"twitter:card\" content=\"summary_large_image\" \/>\n<meta name=\"twitter:creator\" content=\"@pedromuela\" \/>\n<meta name=\"twitter:site\" content=\"@pedromuela\" \/>\n<meta name=\"twitter:label1\" content=\"Escrito por\" \/>\n\t<meta name=\"twitter:data1\" content=\"Pedro Ara\u00fajo\" \/>\n\t<meta name=\"twitter:label2\" content=\"Est. tempo de leitura\" \/>\n\t<meta name=\"twitter:data2\" content=\"2 minutos\" \/>\n<script type=\"application\/ld+json\" class=\"yoast-schema-graph\">{\"@context\":\"https:\\\/\\\/schema.org\",\"@graph\":[{\"@type\":\"Article\",\"@id\":\"https:\\\/\\\/penoticias.com.br\\\/blog\\\/lula-oscila-para-baixo-em-pernambuco-flavio-bolsonaro-chega-a-20-aponta-datatrends\\\/#article\",\"isPartOf\":{\"@id\":\"https:\\\/\\\/penoticias.com.br\\\/blog\\\/lula-oscila-para-baixo-em-pernambuco-flavio-bolsonaro-chega-a-20-aponta-datatrends\\\/\"},\"author\":{\"name\":\"Pedro Ara\u00fajo\",\"@id\":\"https:\\\/\\\/penoticias.com.br\\\/blog\\\/#\\\/schema\\\/person\\\/13ea60669d2351f129ef3657907f1432\"},\"headline\":\"Lula oscila para baixo em Pernambuco; Fl\u00e1vio Bolsonaro chega a 20%, aponta DataTrends\",\"datePublished\":\"2026-08-31T12:00:28+00:00\",\"mainEntityOfPage\":{\"@id\":\"https:\\\/\\\/penoticias.com.br\\\/blog\\\/lula-oscila-para-baixo-em-pernambuco-flavio-bolsonaro-chega-a-20-aponta-datatrends\\\/\"},\"wordCount\":270,\"publisher\":{\"@id\":\"https:\\\/\\\/penoticias.com.br\\\/blog\\\/#\\\/schema\\\/person\\\/13ea60669d2351f129ef3657907f1432\"},\"image\":{\"@id\":\"https:\\\/\\\/penoticias.com.br\\\/blog\\\/lula-oscila-para-baixo-em-pernambuco-flavio-bolsonaro-chega-a-20-aponta-datatrends\\\/#primaryimage\"},\"thumbnailUrl\":\"https:\\\/\\\/penoticias.com.br\\\/blog\\\/wp-content\\\/uploads\\\/2026\\\/08\\\/aa-23.png\",\"articleSection\":[\"Pol\u00edtica\"],\"inLanguage\":\"pt-BR\"},{\"@type\":\"WebPage\",\"@id\":\"https:\\\/\\\/penoticias.com.br\\\/blog\\\/lula-oscila-para-baixo-em-pernambuco-flavio-bolsonaro-chega-a-20-aponta-datatrends\\\/\",\"url\":\"https:\\\/\\\/penoticias.com.br\\\/blog\\\/lula-oscila-para-baixo-em-pernambuco-flavio-bolsonaro-chega-a-20-aponta-datatrends\\\/\",\"name\":\"Lula oscila para baixo em Pernambuco; Fl\u00e1vio Bolsonaro chega a 20%, aponta DataTrends - PE Not\u00edcias\",\"isPartOf\":{\"@id\":\"https:\\\/\\\/penoticias.com.br\\\/blog\\\/#website\"},\"primaryImageOfPage\":{\"@id\":\"https:\\\/\\\/penoticias.com.br\\\/blog\\\/lula-oscila-para-baixo-em-pernambuco-flavio-bolsonaro-chega-a-20-aponta-datatrends\\\/#primaryimage\"},\"image\":{\"@id\":\"https:\\\/\\\/penoticias.com.br\\\/blog\\\/lula-oscila-para-baixo-em-pernambuco-flavio-bolsonaro-chega-a-20-aponta-datatrends\\\/#primaryimage\"},\"thumbnailUrl\":\"https:\\\/\\\/penoticias.com.br\\\/blog\\\/wp-content\\\/uploads\\\/2026\\\/08\\\/aa-23.png\",\"datePublished\":\"2026-08-31T12:00:28+00:00\",\"breadcrumb\":{\"@id\":\"https:\\\/\\\/penoticias.com.br\\\/blog\\\/lula-oscila-para-baixo-em-pernambuco-flavio-bolsonaro-chega-a-20-aponta-datatrends\\\/#breadcrumb\"},\"inLanguage\":\"pt-BR\",\"potentialAction\":[{\"@type\":\"ReadAction\",\"target\":[\"https:\\\/\\\/penoticias.com.br\\\/blog\\\/lula-oscila-para-baixo-em-pernambuco-flavio-bolsonaro-chega-a-20-aponta-datatrends\\\/\"]}]},{\"@type\":\"ImageObject\",\"inLanguage\":\"pt-BR\",\"@id\":\"https:\\\/\\\/penoticias.com.br\\\/blog\\\/lula-oscila-para-baixo-em-pernambuco-flavio-bolsonaro-chega-a-20-aponta-datatrends\\\/#primaryimage\",\"url\":\"https:\\\/\\\/penoticias.com.br\\\/blog\\\/wp-content\\\/uploads\\\/2026\\\/08\\\/aa-23.png\",\"contentUrl\":\"https:\\\/\\\/penoticias.com.br\\\/blog\\\/wp-content\\\/uploads\\\/2026\\\/08\\\/aa-23.png\",\"width\":715,\"height\":604},{\"@type\":\"BreadcrumbList\",\"@id\":\"https:\\\/\\\/penoticias.com.br\\\/blog\\\/lula-oscila-para-baixo-em-pernambuco-flavio-bolsonaro-chega-a-20-aponta-datatrends\\\/#breadcrumb\",\"itemListElement\":[{\"@type\":\"ListItem\",\"position\":1,\"name\":\"In\u00edcio\",\"item\":\"https:\\\/\\\/penoticias.com.br\\\/blog\\\/\"},{\"@type\":\"ListItem\",\"position\":2,\"name\":\"Lula oscila para baixo em Pernambuco; Fl\u00e1vio Bolsonaro chega a 20%, aponta DataTrends\"}]},{\"@type\":\"WebSite\",\"@id\":\"https:\\\/\\\/penoticias.com.br\\\/blog\\\/#website\",\"url\":\"https:\\\/\\\/penoticias.com.br\\\/blog\\\/\",\"name\":\"PE Not\u00edcias\",\"description\":\"Voc\u00ea no Mundo da Informa\u00e7\u00e3o.\",\"publisher\":{\"@id\":\"https:\\\/\\\/penoticias.com.br\\\/blog\\\/#\\\/schema\\\/person\\\/13ea60669d2351f129ef3657907f1432\"},\"potentialAction\":[{\"@type\":\"SearchAction\",\"target\":{\"@type\":\"EntryPoint\",\"urlTemplate\":\"https:\\\/\\\/penoticias.com.br\\\/blog\\\/?s={search_term_string}\"},\"query-input\":{\"@type\":\"PropertyValueSpecification\",\"valueRequired\":true,\"valueName\":\"search_term_string\"}}],\"inLanguage\":\"pt-BR\"},{\"@type\":[\"Person\",\"Organization\"],\"@id\":\"https:\\\/\\\/penoticias.com.br\\\/blog\\\/#\\\/schema\\\/person\\\/13ea60669d2351f129ef3657907f1432\",\"name\":\"Pedro Ara\u00fajo\",\"image\":{\"@type\":\"ImageObject\",\"inLanguage\":\"pt-BR\",\"@id\":\"https:\\\/\\\/secure.gravatar.com\\\/avatar\\\/d654258027afd7c928561b83494a45e3aff23d7ac7ce926d2bceac1ffe030175?s=96&d=mm&r=g\",\"url\":\"https:\\\/\\\/secure.gravatar.com\\\/avatar\\\/d654258027afd7c928561b83494a45e3aff23d7ac7ce926d2bceac1ffe030175?s=96&d=mm&r=g\",\"contentUrl\":\"https:\\\/\\\/secure.gravatar.com\\\/avatar\\\/d654258027afd7c928561b83494a45e3aff23d7ac7ce926d2bceac1ffe030175?s=96&d=mm&r=g\",\"caption\":\"Pedro Ara\u00fajo\"},\"logo\":{\"@id\":\"https:\\\/\\\/secure.gravatar.com\\\/avatar\\\/d654258027afd7c928561b83494a45e3aff23d7ac7ce926d2bceac1ffe030175?s=96&d=mm&r=g\"},\"description\":\"As informa\u00e7\u00f5es que traduzem as verdades dos fatos, sem ferir ou denegrir pessoas ou imagens. Como tamb\u00e9m, nunca procurando agradar aos maus feitores.\",\"sameAs\":[\"http:\\\/\\\/www.penoticias.com.br\",\"pedrovicentearaujo@hotmail.com\",\"@pedroafogados\",\"https:\\\/\\\/x.com\\\/pedromuela\",\"www.penoticias.com.br\"],\"url\":\"https:\\\/\\\/penoticias.com.br\\\/blog\\\/author\\\/pedro\\\/\"}]}<\/script>\n<!-- \/ Yoast SEO plugin. -->","yoast_head_json":{"title":"Lula oscila para baixo em Pernambuco; Fl\u00e1vio Bolsonaro chega a 20%, aponta DataTrends - PE Not\u00edcias","robots":{"index":"index","follow":"follow","max-snippet":"max-snippet:-1","max-image-preview":"max-image-preview:large","max-video-preview":"max-video-preview:-1"},"canonical":"https:\/\/penoticias.com.br\/blog\/lula-oscila-para-baixo-em-pernambuco-flavio-bolsonaro-chega-a-20-aponta-datatrends\/","og_locale":"pt_BR","og_type":"article","og_title":"Lula oscila para baixo em Pernambuco; Fl\u00e1vio Bolsonaro chega a 20%, aponta DataTrends - PE Not\u00edcias","og_description":"Blog Edmar Lyra A nova pesquisa DataTrends para presidente da Rep\u00fablica em Pernambuco aponta uma oscila\u00e7\u00e3o para baixo do presidente Lula em rela\u00e7\u00e3o ao levantamento anterior do instituto. No cen\u00e1rio estimulado, Lula passou de 60% para 57%, uma redu\u00e7\u00e3o de tr\u00eas pontos percentuais. Fl\u00e1vio Bolsonaro, por sua vez, passou de 19% para 20%, avan\u00e7ando um ... Ler mais","og_url":"https:\/\/penoticias.com.br\/blog\/lula-oscila-para-baixo-em-pernambuco-flavio-bolsonaro-chega-a-20-aponta-datatrends\/","og_site_name":"PE Not\u00edcias","article_publisher":"pedrovicentearaujo@hotmail.com","article_author":"pedrovicentearaujo@hotmail.com","article_published_time":"2026-08-31T12:00:28+00:00","og_image":[{"width":715,"height":604,"url":"https:\/\/penoticias.com.br\/blog\/wp-content\/uploads\/2026\/08\/aa-23.png","type":"image\/png"}],"author":"Pedro Ara\u00fajo","twitter_card":"summary_large_image","twitter_creator":"@pedromuela","twitter_site":"@pedromuela","twitter_misc":{"Escrito por":"Pedro Ara\u00fajo","Est. tempo de leitura":"2 minutos"},"schema":{"@context":"https:\/\/schema.org","@graph":[{"@type":"Article","@id":"https:\/\/penoticias.com.br\/blog\/lula-oscila-para-baixo-em-pernambuco-flavio-bolsonaro-chega-a-20-aponta-datatrends\/#article","isPartOf":{"@id":"https:\/\/penoticias.com.br\/blog\/lula-oscila-para-baixo-em-pernambuco-flavio-bolsonaro-chega-a-20-aponta-datatrends\/"},"author":{"name":"Pedro Ara\u00fajo","@id":"https:\/\/penoticias.com.br\/blog\/#\/schema\/person\/13ea60669d2351f129ef3657907f1432"},"headline":"Lula oscila para baixo em Pernambuco; Fl\u00e1vio Bolsonaro chega a 20%, aponta DataTrends","datePublished":"2026-08-31T12:00:28+00:00","mainEntityOfPage":{"@id":"https:\/\/penoticias.com.br\/blog\/lula-oscila-para-baixo-em-pernambuco-flavio-bolsonaro-chega-a-20-aponta-datatrends\/"},"wordCount":270,"publisher":{"@id":"https:\/\/penoticias.com.br\/blog\/#\/schema\/person\/13ea60669d2351f129ef3657907f1432"},"image":{"@id":"https:\/\/penoticias.com.br\/blog\/lula-oscila-para-baixo-em-pernambuco-flavio-bolsonaro-chega-a-20-aponta-datatrends\/#primaryimage"},"thumbnailUrl":"https:\/\/penoticias.com.br\/blog\/wp-content\/uploads\/2026\/08\/aa-23.png","articleSection":["Pol\u00edtica"],"inLanguage":"pt-BR"},{"@type":"WebPage","@id":"https:\/\/penoticias.com.br\/blog\/lula-oscila-para-baixo-em-pernambuco-flavio-bolsonaro-chega-a-20-aponta-datatrends\/","url":"https:\/\/penoticias.com.br\/blog\/lula-oscila-para-baixo-em-pernambuco-flavio-bolsonaro-chega-a-20-aponta-datatrends\/","name":"Lula oscila para baixo em Pernambuco; Fl\u00e1vio Bolsonaro chega a 20%, aponta DataTrends - PE Not\u00edcias","isPartOf":{"@id":"https:\/\/penoticias.com.br\/blog\/#website"},"primaryImageOfPage":{"@id":"https:\/\/penoticias.com.br\/blog\/lula-oscila-para-baixo-em-pernambuco-flavio-bolsonaro-chega-a-20-aponta-datatrends\/#primaryimage"},"image":{"@id":"https:\/\/penoticias.com.br\/blog\/lula-oscila-para-baixo-em-pernambuco-flavio-bolsonaro-chega-a-20-aponta-datatrends\/#primaryimage"},"thumbnailUrl":"https:\/\/penoticias.com.br\/blog\/wp-content\/uploads\/2026\/08\/aa-23.png","datePublished":"2026-08-31T12:00:28+00:00","breadcrumb":{"@id":"https:\/\/penoticias.com.br\/blog\/lula-oscila-para-baixo-em-pernambuco-flavio-bolsonaro-chega-a-20-aponta-datatrends\/#breadcrumb"},"inLanguage":"pt-BR","potentialAction":[{"@type":"ReadAction","target":["https:\/\/penoticias.com.br\/blog\/lula-oscila-para-baixo-em-pernambuco-flavio-bolsonaro-chega-a-20-aponta-datatrends\/"]}]},{"@type":"ImageObject","inLanguage":"pt-BR","@id":"https:\/\/penoticias.com.br\/blog\/lula-oscila-para-baixo-em-pernambuco-flavio-bolsonaro-chega-a-20-aponta-datatrends\/#primaryimage","url":"https:\/\/penoticias.com.br\/blog\/wp-content\/uploads\/2026\/08\/aa-23.png","contentUrl":"https:\/\/penoticias.com.br\/blog\/wp-content\/uploads\/2026\/08\/aa-23.png","width":715,"height":604},{"@type":"BreadcrumbList","@id":"https:\/\/penoticias.com.br\/blog\/lula-oscila-para-baixo-em-pernambuco-flavio-bolsonaro-chega-a-20-aponta-datatrends\/#breadcrumb","itemListElement":[{"@type":"ListItem","position":1,"name":"In\u00edcio","item":"https:\/\/penoticias.com.br\/blog\/"},{"@type":"ListItem","position":2,"name":"Lula oscila para baixo em Pernambuco; Fl\u00e1vio Bolsonaro chega a 20%, aponta DataTrends"}]},{"@type":"WebSite","@id":"https:\/\/penoticias.com.br\/blog\/#website","url":"https:\/\/penoticias.com.br\/blog\/","name":"PE Not\u00edcias","description":"Voc\u00ea no Mundo da Informa\u00e7\u00e3o.","publisher":{"@id":"https:\/\/penoticias.com.br\/blog\/#\/schema\/person\/13ea60669d2351f129ef3657907f1432"},"potentialAction":[{"@type":"SearchAction","target":{"@type":"EntryPoint","urlTemplate":"https:\/\/penoticias.com.br\/blog\/?s={search_term_string}"},"query-input":{"@type":"PropertyValueSpecification","valueRequired":true,"valueName":"search_term_string"}}],"inLanguage":"pt-BR"},{"@type":["Person","Organization"],"@id":"https:\/\/penoticias.com.br\/blog\/#\/schema\/person\/13ea60669d2351f129ef3657907f1432","name":"Pedro Ara\u00fajo","image":{"@type":"ImageObject","inLanguage":"pt-BR","@id":"https:\/\/secure.gravatar.com\/avatar\/d654258027afd7c928561b83494a45e3aff23d7ac7ce926d2bceac1ffe030175?s=96&d=mm&r=g","url":"https:\/\/secure.gravatar.com\/avatar\/d654258027afd7c928561b83494a45e3aff23d7ac7ce926d2bceac1ffe030175?s=96&d=mm&r=g","contentUrl":"https:\/\/secure.gravatar.com\/avatar\/d654258027afd7c928561b83494a45e3aff23d7ac7ce926d2bceac1ffe030175?s=96&d=mm&r=g","caption":"Pedro Ara\u00fajo"},"logo":{"@id":"https:\/\/secure.gravatar.com\/avatar\/d654258027afd7c928561b83494a45e3aff23d7ac7ce926d2bceac1ffe030175?s=96&d=mm&r=g"},"description":"As informa\u00e7\u00f5es que traduzem as verdades dos fatos, sem ferir ou denegrir pessoas ou imagens. Como tamb\u00e9m, nunca procurando agradar aos maus feitores.","sameAs":["http:\/\/www.penoticias.com.br","pedrovicentearaujo@hotmail.com","@pedroafogados","https:\/\/x.com\/pedromuela","www.penoticias.com.br"],"url":"https:\/\/penoticias.com.br\/blog\/author\/pedro\/"}]}},"_links":{"self":[{"href":"https:\/\/penoticias.com.br\/blog\/wp-json\/wp\/v2\/posts\/227659","targetHints":{"allow":["GET"]}}],"collection":[{"href":"https:\/\/penoticias.com.br\/blog\/wp-json\/wp\/v2\/posts"}],"about":[{"href":"https:\/\/penoticias.com.br\/blog\/wp-json\/wp\/v2\/types\/post"}],"author":[{"embeddable":true,"href":"https:\/\/penoticias.com.br\/blog\/wp-json\/wp\/v2\/users\/2"}],"replies":[{"embeddable":true,"href":"https:\/\/penoticias.com.br\/blog\/wp-json\/wp\/v2\/comments?post=227659"}],"version-history":[{"count":1,"href":"https:\/\/penoticias.com.br\/blog\/wp-json\/wp\/v2\/posts\/227659\/revisions"}],"predecessor-version":[{"id":227661,"href":"https:\/\/penoticias.com.br\/blog\/wp-json\/wp\/v2\/posts\/227659\/revisions\/227661"}],"wp:attachment":[{"href":"https:\/\/penoticias.com.br\/blog\/wp-json\/wp\/v2\/media?parent=227659"}],"wp:term":[{"taxonomy":"category","embeddable":true,"href":"https:\/\/penoticias.com.br\/blog\/wp-json\/wp\/v2\/categories?post=227659"},{"taxonomy":"post_tag","embeddable":true,"href":"https:\/\/penoticias.com.br\/blog\/wp-json\/wp\/v2\/tags?post=227659"}],"curies":[{"name":"wp","href":"https:\/\/api.w.org\/{rel}","templated":true}]}}