{"id":227681,"date":"2026-08-31T00:02:56","date_gmt":"2026-08-31T03:02:56","guid":{"rendered":"https:\/\/penoticias.com.br\/blog\/?p=227681"},"modified":"2026-08-30T17:05:13","modified_gmt":"2026-08-30T20:05:13","slug":"sem-acordo-contra-secas-comunidades-vao-sofrer-avaliam-especialistas","status":"publish","type":"post","link":"https:\/\/penoticias.com.br\/blog\/sem-acordo-contra-secas-comunidades-vao-sofrer-avaliam-especialistas\/","title":{"rendered":"Sem acordo contra secas, comunidades v\u00e3o sofrer, avaliam especialistas"},"content":{"rendered":"<p style=\"text-align: center;\"><img fetchpriority=\"high\" decoding=\"async\" id=\"media-473032\" class=\"\" title=\"Kiara worth\/NCCD\" src=\"https:\/\/imagens.ebc.com.br\/SfumZELwnNUa19DWGlg4Un7uIvM=\/1170x700\/smart\/https:\/\/agenciabrasil.ebc.com.br\/sites\/default\/files\/thumbnails\/image\/2026\/08\/30\/55487582845_8b903bc2a7_k1.jpg?itok=wqlMIGXL\" alt=\"Ulaanbaatar, Mong\u00f3lia, 30\/08\/2026 - Lan\u00e7amento do Mecanismo de Investimento para Resili\u00eancia \u00e0 Seca (DRIF), na COP17. Foto: Kiara worth\/NCCD\" width=\"627\" height=\"375\" \/><\/p>\n<p><span style=\"font-size: 8pt;\"><em>Ag\u00eancia Brasil<\/em><\/span><\/p>\n<p>Inacredit\u00e1vel. Frustrante. Sabor amargo. Essas foram algumas das palavras usadas por organiza\u00e7\u00f5es ambientais, representantes da sociedade civil e outros especialistas para avaliar os resultados da 17\u00aa Confer\u00eancia das Na\u00e7\u00f5es Unidas de Combate \u00e0 Desertifica\u00e7\u00e3o (COP17), que terminou em Ulaanbaatar, capital da Mong\u00f3lia.<\/p>\n<p>A principal decep\u00e7\u00e3o foi o novo adiamento do acordo global para enfrentar as secas e os impactos que isso trar\u00e1 sobre as comunidades.<\/p>\n<p>O especialista do Instituto Escolhas, Rafael Giovanelli, disse que os governos falharam ao jogar para a COP18, no Egito, novas discuss\u00f5es sobre o problema.<\/p>\n<p>&#8220;Isso deixa um sabor amargo, porque a COP termina sem decis\u00f5es substanciais para lidar com as secas&#8221;, disse.<\/p>\n<p>O representante da organiza\u00e7\u00e3o Wetlands Internacional, Richard Lee, disse que a falta de consenso acontece justamente quando o n\u00famero de desastres pelo mundo n\u00e3o para de crescer.<\/p>\n<p>&#8220;\u00c9 inacredit\u00e1vel. Neste ano, a Europa sofre com uma seca hist\u00f3rica e os n\u00edveis de \u00e1gua ca\u00edram a patamares recordes no Rio Colorado, nos Estados Unidos. O chamado Super El Ni\u00f1o traz riscos de secas devastadoras do Sul da \u00c1frica at\u00e9 a Amaz\u00f4nia&#8221;, avalia Richard.<\/p>\n<p>&#8220;N\u00f3s acredit\u00e1vamos que esse cen\u00e1rio for\u00e7aria os governos de todo o mundo a agir. Est\u00e1vamos errados. Adiar a decis\u00e3o sobre as secas em mais dois anos custar\u00e1 mais do que tempo: comunidades e economias em todo o mundo v\u00e3o pagar o pre\u00e7o&#8221;, complementa.<\/p>\n<p>A especialista em pol\u00edticas de \u00e1gua da WWF Global, Christine Colvin, aposta na a\u00e7\u00e3o conjunta de alguns governos, sociedade civil e institui\u00e7\u00f5es financeiras para que o combate \u00e0s secas tenha algum progresso. Por\u00e9m, destaca que iniciativas isoladas n\u00e3o s\u00e3o o suficiente.<!--more--><\/p>\n<p>&#8220;\u00c9 profundamente frustrante que a ambi\u00e7\u00e3o sobre a seca tenha se esvaziado na COP17. N\u00e3o foi entregue um resultado significativo e n\u00e3o temos uma base forte para que possamos construir a\u00e7\u00f5es&#8221;, avalia Christine.<\/p>\n<p>A proposta de criar um mecanismo multilateral para enfrentar de forma coordenada as secas \u00e9 defendida por africanos h\u00e1, pelo menos, tr\u00eas confer\u00eancias. Historicamente, o continente \u00e9 um dos mais afetados pelo problema.<\/p>\n<p>Isso demandaria ajuda financeira para os pa\u00edses mais vulner\u00e1veis serem capazes de se antecipar e se recuperar dos eventos extremos. Eles entendem que instrumentos internacionais, como o Fundo Global para o Meio Ambiente (GEF, na sigla em ingl\u00eas), s\u00e3o estruturados sob o tema de degrada\u00e7\u00e3o das terras, algo mais amplo do que a seca.<\/p>\n<p>Os pa\u00edses mais ricos, por\u00e9m, n\u00e3o querem se comprometer com um acordo obrigat\u00f3rio e defendem ades\u00e3o volunt\u00e1ria. A Uni\u00e3o Europeia n\u00e3o quer se comprometer com gastos externos, principalmente quando precisa enfrentar crises recentes de seca no pr\u00f3prio territ\u00f3rio.<\/p>\n<p><strong>Iniciativas paralelas<\/strong><\/p>\n<p>Iniciativas paralelas lan\u00e7adas durante a COP17 tentam lidar com o problema das secas. \u00c9 o caso do Mecanismo de Investimento para Resili\u00eancia \u00e0 Seca (DRIF), a primeira plataforma global de financiamento dedicada exclusivamente ao tema.<\/p>\n<p>Criada pela UNCCD e por Luxemburgo, com apoio da Alian\u00e7a Internacional para a Resili\u00eancia \u00e0 Seca (IDRA), a iniciativa pretende mobilizar at\u00e9 US$ 400 milh\u00f5es em recursos p\u00fablicos e privados.<\/p>\n<p>Os investimentos dever\u00e3o ser direcionados para seguran\u00e7a h\u00eddrica, agricultura sustent\u00e1vel, solu\u00e7\u00f5es baseadas na natureza e recupera\u00e7\u00e3o de terras.<\/p>\n<p>Outra novidade foi a segunda fase do Observat\u00f3rio Internacional de Resili\u00eancia \u00e0 Seca (IDRO), que apresentou o primeiro \u00cdndice de Resili\u00eancia \u00e0 Seca (DRI). A ferramenta pretende ajudar os pa\u00edses a avaliar sua capacidade de antecipar, se preparar e se adaptar aos per\u00edodos de escassez de \u00e1gua.<\/p>\n","protected":false},"excerpt":{"rendered":"<p>Ag\u00eancia Brasil Inacredit\u00e1vel. Frustrante. Sabor amargo. Essas foram algumas das palavras usadas por organiza\u00e7\u00f5es ambientais, representantes da sociedade civil e outros especialistas para avaliar os resultados da 17\u00aa Confer\u00eancia das Na\u00e7\u00f5es Unidas de Combate \u00e0 Desertifica\u00e7\u00e3o (COP17), que terminou em Ulaanbaatar, capital da Mong\u00f3lia. A principal decep\u00e7\u00e3o foi o novo adiamento do acordo global para &#8230; <a title=\"Sem acordo contra secas, comunidades v\u00e3o sofrer, avaliam especialistas\" class=\"read-more\" href=\"https:\/\/penoticias.com.br\/blog\/sem-acordo-contra-secas-comunidades-vao-sofrer-avaliam-especialistas\/\" aria-label=\"Read more about Sem acordo contra secas, comunidades v\u00e3o sofrer, avaliam especialistas\">Ler mais<\/a><\/p>\n<div class='heateorSssClear'><\/div><div  class='heateor_sss_sharing_container heateor_sss_horizontal_sharing' data-heateor-sss-href='https:\/\/penoticias.com.br\/blog\/sem-acordo-contra-secas-comunidades-vao-sofrer-avaliam-especialistas\/'><div class='heateor_sss_sharing_title' style=\"font-weight:bold\" ><\/div><div class=\"heateor_sss_sharing_ul\"><a aria-label=\"Facebook\" class=\"heateor_sss_facebook\" href=\"https:\/\/www.facebook.com\/sharer\/sharer.php?u=https%3A%2F%2Fpenoticias.com.br%2Fblog%2Fsem-acordo-contra-secas-comunidades-vao-sofrer-avaliam-especialistas%2F\" title=\"Facebook\" rel=\"nofollow noopener\" target=\"_blank\" style=\"font-size:32px!important;box-shadow:none;display:inline-block;vertical-align:middle\"><span class=\"heateor_sss_svg\" style=\"background-color:#0765FE;width:35px;height:35px;border-radius:999px;display:inline-block;opacity:1;float:left;font-size:32px;box-shadow:none;display:inline-block;font-size:16px;padding:0 4px;vertical-align:middle;background-repeat:repeat;overflow:hidden;padding:0;cursor:pointer;box-sizing:content-box\"><svg style=\"display:block;border-radius:999px;\" focusable=\"false\" aria-hidden=\"true\" xmlns=\"http:\/\/www.w3.org\/2000\/svg\" width=\"100%\" height=\"100%\" viewBox=\"0 0 32 32\"><path fill=\"#fff\" d=\"M28 16c0-6.627-5.373-12-12-12S4 9.373 4 16c0 5.628 3.875 10.35 9.101 11.647v-7.98h-2.474V16H13.1v-1.58c0-4.085 1.849-5.978 5.859-5.978.76 0 2.072.15 2.608.298v3.325c-.283-.03-.775-.045-1.386-.045-1.967 0-2.728.745-2.728 2.683V16h3.92l-.673 3.667h-3.247v8.245C23.395 27.195 28 22.135 28 16Z\"><\/path><\/svg><\/span><\/a><a aria-label=\"Twitter\" class=\"heateor_sss_button_twitter\" href=\"https:\/\/twitter.com\/intent\/tweet?text=Sem%20acordo%20contra%20secas%2C%20comunidades%20v%C3%A3o%20sofrer%2C%20avaliam%20especialistas&url=https%3A%2F%2Fpenoticias.com.br%2Fblog%2Fsem-acordo-contra-secas-comunidades-vao-sofrer-avaliam-especialistas%2F\" title=\"Twitter\" rel=\"nofollow noopener\" target=\"_blank\" style=\"font-size:32px!important;box-shadow:none;display:inline-block;vertical-align:middle\"><span class=\"heateor_sss_svg heateor_sss_s__default heateor_sss_s_twitter\" style=\"background-color:#55acee;width:35px;height:35px;border-radius:999px;display:inline-block;opacity:1;float:left;font-size:32px;box-shadow:none;display:inline-block;font-size:16px;padding:0 4px;vertical-align:middle;background-repeat:repeat;overflow:hidden;padding:0;cursor:pointer;box-sizing:content-box\"><svg style=\"display:block;border-radius:999px;\" focusable=\"false\" aria-hidden=\"true\" xmlns=\"http:\/\/www.w3.org\/2000\/svg\" width=\"100%\" height=\"100%\" viewBox=\"-4 -4 39 39\"><path d=\"M28 8.557a9.913 9.913 0 0 1-2.828.775 4.93 4.93 0 0 0 2.166-2.725 9.738 9.738 0 0 1-3.13 1.194 4.92 4.92 0 0 0-3.593-1.55 4.924 4.924 0 0 0-4.794 6.049c-4.09-.21-7.72-2.17-10.15-5.15a4.942 4.942 0 0 0-.665 2.477c0 1.71.87 3.214 2.19 4.1a4.968 4.968 0 0 1-2.23-.616v.06c0 2.39 1.7 4.38 3.952 4.83-.414.115-.85.174-1.297.174-.318 0-.626-.03-.928-.086a4.935 4.935 0 0 0 4.6 3.42 9.893 9.893 0 0 1-6.114 2.107c-.398 0-.79-.023-1.175-.068a13.953 13.953 0 0 0 7.55 2.213c9.056 0 14.01-7.507 14.01-14.013 0-.213-.005-.426-.015-.637.96-.695 1.795-1.56 2.455-2.55z\" fill=\"#fff\"><\/path><\/svg><\/span><\/a><a aria-label=\"Whatsapp\" class=\"heateor_sss_whatsapp\" href=\"https:\/\/api.whatsapp.com\/send?text=Sem%20acordo%20contra%20secas%2C%20comunidades%20v%C3%A3o%20sofrer%2C%20avaliam%20especialistas%20https%3A%2F%2Fpenoticias.com.br%2Fblog%2Fsem-acordo-contra-secas-comunidades-vao-sofrer-avaliam-especialistas%2F\" title=\"Whatsapp\" rel=\"nofollow noopener\" target=\"_blank\" style=\"font-size:32px!important;box-shadow:none;display:inline-block;vertical-align:middle\"><span class=\"heateor_sss_svg\" style=\"background-color:#55eb4c;width:35px;height:35px;border-radius:999px;display:inline-block;opacity:1;float:left;font-size:32px;box-shadow:none;display:inline-block;font-size:16px;padding:0 4px;vertical-align:middle;background-repeat:repeat;overflow:hidden;padding:0;cursor:pointer;box-sizing:content-box\"><svg style=\"display:block;border-radius:999px;\" focusable=\"false\" aria-hidden=\"true\" xmlns=\"http:\/\/www.w3.org\/2000\/svg\" width=\"100%\" height=\"100%\" viewBox=\"-6 -5 40 40\"><path class=\"heateor_sss_svg_stroke heateor_sss_no_fill\" stroke=\"#fff\" stroke-width=\"2\" fill=\"none\" d=\"M 11.579798566743314 24.396926207859085 A 10 10 0 1 0 6.808479557110079 20.73576436351046\"><\/path><path d=\"M 7 19 l -1 6 l 6 -1\" class=\"heateor_sss_no_fill heateor_sss_svg_stroke\" stroke=\"#fff\" stroke-width=\"2\" fill=\"none\"><\/path><path d=\"M 10 10 q -1 8 8 11 c 5 -1 0 -6 -1 -3 q -4 -3 -5 -5 c 4 -2 -1 -5 -1 -4\" fill=\"#fff\"><\/path><\/svg><\/span><\/a><a aria-label=\"Gmail\" class=\"heateor_sss_button_google_gmail\" href=\"https:\/\/mail.google.com\/mail\/?ui=2&view=cm&fs=1&tf=1&su=Sem%20acordo%20contra%20secas%2C%20comunidades%20v%C3%A3o%20sofrer%2C%20avaliam%20especialistas&body=Link:https%3A%2F%2Fpenoticias.com.br%2Fblog%2Fsem-acordo-contra-secas-comunidades-vao-sofrer-avaliam-especialistas%2F\" title=\"Google Gmail\" rel=\"nofollow noopener\" target=\"_blank\" style=\"font-size:32px!important;box-shadow:none;display:inline-block;vertical-align:middle\"><span class=\"heateor_sss_svg heateor_sss_s__default heateor_sss_s_Google_Gmail\" style=\"background-color:#e5e5e5;width:35px;height:35px;border-radius:999px;display:inline-block;opacity:1;float:left;font-size:32px;box-shadow:none;display:inline-block;font-size:16px;padding:0 4px;vertical-align:middle;background-repeat:repeat;overflow:hidden;padding:0;cursor:pointer;box-sizing:content-box\"><svg style=\"display:block;border-radius:999px;\" focusable=\"false\" aria-hidden=\"true\" xmlns=\"http:\/\/www.w3.org\/2000\/svg\" width=\"100%\" height=\"100%\" viewBox=\"0 0 32 32\"><path fill=\"#fff\" d=\"M2.902 6.223h26.195v19.554H2.902z\"><\/path><path fill=\"#E14C41\" class=\"heateor_sss_no_fill\" d=\"M2.902 25.777h26.195V6.223H2.902v19.554zm22.44-4.007v3.806H6.955v-3.6h.032l.093-.034 6.9-5.558 2.09 1.77 1.854-1.63 7.42 5.246zm0-.672l-7.027-4.917 7.028-6.09V21.1zm-1.17-14.67l-.947.905c-2.356 2.284-4.693 4.75-7.17 6.876l-.078.06L8.062 6.39l16.11.033zm-10.597 9.61l-6.62 5.294.016-10.914 6.607 5.62\"><\/path><\/svg><\/span><\/a><a aria-label=\"Instagram\" class=\"heateor_sss_button_instagram\" href=\"https:\/\/www.instagram.com\/\" title=\"Instagram\" rel=\"nofollow noopener\" target=\"_blank\" style=\"font-size:32px!important;box-shadow:none;display:inline-block;vertical-align:middle\"><span class=\"heateor_sss_svg\" style=\"background-color:#53beee;width:35px;height:35px;border-radius:999px;display:inline-block;opacity:1;float:left;font-size:32px;box-shadow:none;display:inline-block;font-size:16px;padding:0 4px;vertical-align:middle;background-repeat:repeat;overflow:hidden;padding:0;cursor:pointer;box-sizing:content-box\"><svg style=\"display:block;border-radius:999px;\" version=\"1.1\" viewBox=\"-10 -10 148 148\" width=\"100%\" height=\"100%\" xml:space=\"preserve\" xmlns=\"http:\/\/www.w3.org\/2000\/svg\" xmlns:xlink=\"http:\/\/www.w3.org\/1999\/xlink\"><g><g><path d=\"M86,112H42c-14.336,0-26-11.663-26-26V42c0-14.337,11.664-26,26-26h44c14.337,0,26,11.663,26,26v44 C112,100.337,100.337,112,86,112z M42,24c-9.925,0-18,8.074-18,18v44c0,9.925,8.075,18,18,18h44c9.926,0,18-8.075,18-18V42 c0-9.926-8.074-18-18-18H42z\" fill=\"#fff\"><\/path><\/g><g><path d=\"M64,88c-13.234,0-24-10.767-24-24c0-13.234,10.766-24,24-24s24,10.766,24,24C88,77.233,77.234,88,64,88z M64,48c-8.822,0-16,7.178-16,16s7.178,16,16,16c8.822,0,16-7.178,16-16S72.822,48,64,48z\" fill=\"#fff\"><\/path><\/g><g><circle cx=\"89.5\" cy=\"38.5\" fill=\"#fff\" r=\"5.5\"><\/circle><\/g><\/g><\/svg><\/span><\/a><a aria-label=\"Print\" class=\"heateor_sss_button_print\" href=\"https:\/\/penoticias.com.br\/blog\/sem-acordo-contra-secas-comunidades-vao-sofrer-avaliam-especialistas\/\" onclick=\"event.preventDefault();window.print()\" title=\"Print\" rel=\"noopener\" style=\"font-size:32px!important;box-shadow:none;display:inline-block;vertical-align:middle\"><span class=\"heateor_sss_svg heateor_sss_s__default heateor_sss_s_print\" style=\"background-color:#fd6500;width:35px;height:35px;border-radius:999px;display:inline-block;opacity:1;float:left;font-size:32px;box-shadow:none;display:inline-block;font-size:16px;padding:0 4px;vertical-align:middle;background-repeat:repeat;overflow:hidden;padding:0;cursor:pointer;box-sizing:content-box\"><svg style=\"display:block;border-radius:999px;\" focusable=\"false\" aria-hidden=\"true\" xmlns=\"http:\/\/www.w3.org\/2000\/svg\" width=\"100%\" height=\"100%\" viewBox=\"-2.8 -4.5 35 35\"><path stroke=\"#fff\" class=\"heateor_sss_svg_stroke\" d=\"M 7 10 h 2 v 3 h 12 v -3 h 2 v 7 h -2 v -3 h -12 v 3 h -2 z\" stroke-width=\"1\" fill=\"#fff\"><\/path><rect class=\"heateor_sss_no_fill heateor_sss_svg_stroke\" stroke=\"#fff\" stroke-width=\"1.8\" height=\"7\" width=\"10\" x=\"10\" y=\"5\" fill=\"none\"><\/rect><rect class=\"heateor_sss_svg_stroke\" stroke=\"#fff\" stroke-width=\"1\" height=\"5\" width=\"8\" x=\"11\" y=\"16\" fill=\"#fff\"><\/rect><\/svg><\/span><\/a><a class=\"heateor_sss_more\" aria-label=\"More\" title=\"More\" rel=\"nofollow noopener\" style=\"font-size: 32px!important;border:0;box-shadow:none;display:inline-block!important;font-size:16px;padding:0 4px;vertical-align: middle;display:inline;\" href=\"https:\/\/penoticias.com.br\/blog\/sem-acordo-contra-secas-comunidades-vao-sofrer-avaliam-especialistas\/\" onclick=\"event.preventDefault()\"><span class=\"heateor_sss_svg\" style=\"background-color:#ee8e2d;width:35px;height:35px;border-radius:999px;display:inline-block!important;opacity:1;float:left;font-size:32px!important;box-shadow:none;display:inline-block;font-size:16px;padding:0 4px;vertical-align:middle;display:inline;background-repeat:repeat;overflow:hidden;padding:0;cursor:pointer;box-sizing:content-box;\" onclick=\"heateorSssMoreSharingPopup(this, 'https:\/\/penoticias.com.br\/blog\/sem-acordo-contra-secas-comunidades-vao-sofrer-avaliam-especialistas\/', 'Sem%20acordo%20contra%20secas%2C%20comunidades%20v%C3%A3o%20sofrer%2C%20avaliam%20especialistas', '' )\"><svg xmlns=\"http:\/\/www.w3.org\/2000\/svg\" xmlns:xlink=\"http:\/\/www.w3.org\/1999\/xlink\" viewBox=\"-.3 0 32 32\" version=\"1.1\" width=\"100%\" height=\"100%\" style=\"display:block;border-radius:999px;\" xml:space=\"preserve\"><g><path fill=\"#fff\" d=\"M18 14V8h-4v6H8v4h6v6h4v-6h6v-4h-6z\" fill-rule=\"evenodd\"><\/path><\/g><\/svg><\/span><\/a><\/div><div class=\"heateorSssClear\"><\/div><\/div><div class='heateorSssClear'><\/div>","protected":false},"author":2,"featured_media":0,"comment_status":"closed","ping_status":"closed","sticky":false,"template":"","format":"standard","meta":{"footnotes":""},"categories":[29],"tags":[],"class_list":["post-227681","post","type-post","status-publish","format-standard","hentry","category-clima-tempo"],"yoast_head":"<!-- This site is optimized with the Yoast SEO plugin v28.4 - https:\/\/yoast.com\/product\/yoast-seo-wordpress\/ -->\n<title>Sem acordo contra secas, comunidades v\u00e3o sofrer, avaliam especialistas - PE Not\u00edcias<\/title>\n<meta name=\"robots\" content=\"index, follow, max-snippet:-1, max-image-preview:large, max-video-preview:-1\" \/>\n<link rel=\"canonical\" href=\"https:\/\/penoticias.com.br\/blog\/sem-acordo-contra-secas-comunidades-vao-sofrer-avaliam-especialistas\/\" \/>\n<meta property=\"og:locale\" content=\"pt_BR\" \/>\n<meta property=\"og:type\" content=\"article\" \/>\n<meta property=\"og:title\" content=\"Sem acordo contra secas, comunidades v\u00e3o sofrer, avaliam especialistas - PE Not\u00edcias\" \/>\n<meta property=\"og:description\" content=\"Ag\u00eancia Brasil Inacredit\u00e1vel. Frustrante. Sabor amargo. Essas foram algumas das palavras usadas por organiza\u00e7\u00f5es ambientais, representantes da sociedade civil e outros especialistas para avaliar os resultados da 17\u00aa Confer\u00eancia das Na\u00e7\u00f5es Unidas de Combate \u00e0 Desertifica\u00e7\u00e3o (COP17), que terminou em Ulaanbaatar, capital da Mong\u00f3lia. A principal decep\u00e7\u00e3o foi o novo adiamento do acordo global para ... Ler mais\" \/>\n<meta property=\"og:url\" content=\"https:\/\/penoticias.com.br\/blog\/sem-acordo-contra-secas-comunidades-vao-sofrer-avaliam-especialistas\/\" \/>\n<meta property=\"og:site_name\" content=\"PE Not\u00edcias\" \/>\n<meta property=\"article:publisher\" content=\"pedrovicentearaujo@hotmail.com\" \/>\n<meta property=\"article:author\" content=\"pedrovicentearaujo@hotmail.com\" \/>\n<meta property=\"article:published_time\" content=\"2026-08-31T03:02:56+00:00\" \/>\n<meta property=\"og:image\" content=\"https:\/\/imagens.ebc.com.br\/SfumZELwnNUa19DWGlg4Un7uIvM=\/1170x700\/smart\/https:\/\/agenciabrasil.ebc.com.br\/sites\/default\/files\/thumbnails\/image\/2026\/08\/30\/55487582845_8b903bc2a7_k1.jpg?itok=wqlMIGXL\" \/>\n<meta name=\"author\" content=\"Pedro Ara\u00fajo\" \/>\n<meta name=\"twitter:card\" content=\"summary_large_image\" \/>\n<meta name=\"twitter:creator\" content=\"@pedromuela\" \/>\n<meta name=\"twitter:site\" content=\"@pedromuela\" \/>\n<meta name=\"twitter:label1\" content=\"Escrito por\" \/>\n\t<meta name=\"twitter:data1\" content=\"Pedro Ara\u00fajo\" \/>\n\t<meta name=\"twitter:label2\" content=\"Est. tempo de leitura\" \/>\n\t<meta name=\"twitter:data2\" content=\"4 minutos\" \/>\n<script type=\"application\/ld+json\" class=\"yoast-schema-graph\">{\"@context\":\"https:\\\/\\\/schema.org\",\"@graph\":[{\"@type\":\"Article\",\"@id\":\"https:\\\/\\\/penoticias.com.br\\\/blog\\\/sem-acordo-contra-secas-comunidades-vao-sofrer-avaliam-especialistas\\\/#article\",\"isPartOf\":{\"@id\":\"https:\\\/\\\/penoticias.com.br\\\/blog\\\/sem-acordo-contra-secas-comunidades-vao-sofrer-avaliam-especialistas\\\/\"},\"author\":{\"name\":\"Pedro Ara\u00fajo\",\"@id\":\"https:\\\/\\\/penoticias.com.br\\\/blog\\\/#\\\/schema\\\/person\\\/13ea60669d2351f129ef3657907f1432\"},\"headline\":\"Sem acordo contra secas, comunidades v\u00e3o sofrer, avaliam especialistas\",\"datePublished\":\"2026-08-31T03:02:56+00:00\",\"mainEntityOfPage\":{\"@id\":\"https:\\\/\\\/penoticias.com.br\\\/blog\\\/sem-acordo-contra-secas-comunidades-vao-sofrer-avaliam-especialistas\\\/\"},\"wordCount\":624,\"publisher\":{\"@id\":\"https:\\\/\\\/penoticias.com.br\\\/blog\\\/#\\\/schema\\\/person\\\/13ea60669d2351f129ef3657907f1432\"},\"image\":{\"@id\":\"https:\\\/\\\/penoticias.com.br\\\/blog\\\/sem-acordo-contra-secas-comunidades-vao-sofrer-avaliam-especialistas\\\/#primaryimage\"},\"thumbnailUrl\":\"https:\\\/\\\/imagens.ebc.com.br\\\/SfumZELwnNUa19DWGlg4Un7uIvM=\\\/1170x700\\\/smart\\\/https:\\\/\\\/agenciabrasil.ebc.com.br\\\/sites\\\/default\\\/files\\\/thumbnails\\\/image\\\/2026\\\/08\\\/30\\\/55487582845_8b903bc2a7_k1.jpg?itok=wqlMIGXL\",\"articleSection\":[\"Clima Tempo\"],\"inLanguage\":\"pt-BR\"},{\"@type\":\"WebPage\",\"@id\":\"https:\\\/\\\/penoticias.com.br\\\/blog\\\/sem-acordo-contra-secas-comunidades-vao-sofrer-avaliam-especialistas\\\/\",\"url\":\"https:\\\/\\\/penoticias.com.br\\\/blog\\\/sem-acordo-contra-secas-comunidades-vao-sofrer-avaliam-especialistas\\\/\",\"name\":\"Sem acordo contra secas, comunidades v\u00e3o sofrer, avaliam especialistas - PE Not\u00edcias\",\"isPartOf\":{\"@id\":\"https:\\\/\\\/penoticias.com.br\\\/blog\\\/#website\"},\"primaryImageOfPage\":{\"@id\":\"https:\\\/\\\/penoticias.com.br\\\/blog\\\/sem-acordo-contra-secas-comunidades-vao-sofrer-avaliam-especialistas\\\/#primaryimage\"},\"image\":{\"@id\":\"https:\\\/\\\/penoticias.com.br\\\/blog\\\/sem-acordo-contra-secas-comunidades-vao-sofrer-avaliam-especialistas\\\/#primaryimage\"},\"thumbnailUrl\":\"https:\\\/\\\/imagens.ebc.com.br\\\/SfumZELwnNUa19DWGlg4Un7uIvM=\\\/1170x700\\\/smart\\\/https:\\\/\\\/agenciabrasil.ebc.com.br\\\/sites\\\/default\\\/files\\\/thumbnails\\\/image\\\/2026\\\/08\\\/30\\\/55487582845_8b903bc2a7_k1.jpg?itok=wqlMIGXL\",\"datePublished\":\"2026-08-31T03:02:56+00:00\",\"breadcrumb\":{\"@id\":\"https:\\\/\\\/penoticias.com.br\\\/blog\\\/sem-acordo-contra-secas-comunidades-vao-sofrer-avaliam-especialistas\\\/#breadcrumb\"},\"inLanguage\":\"pt-BR\",\"potentialAction\":[{\"@type\":\"ReadAction\",\"target\":[\"https:\\\/\\\/penoticias.com.br\\\/blog\\\/sem-acordo-contra-secas-comunidades-vao-sofrer-avaliam-especialistas\\\/\"]}]},{\"@type\":\"ImageObject\",\"inLanguage\":\"pt-BR\",\"@id\":\"https:\\\/\\\/penoticias.com.br\\\/blog\\\/sem-acordo-contra-secas-comunidades-vao-sofrer-avaliam-especialistas\\\/#primaryimage\",\"url\":\"https:\\\/\\\/imagens.ebc.com.br\\\/SfumZELwnNUa19DWGlg4Un7uIvM=\\\/1170x700\\\/smart\\\/https:\\\/\\\/agenciabrasil.ebc.com.br\\\/sites\\\/default\\\/files\\\/thumbnails\\\/image\\\/2026\\\/08\\\/30\\\/55487582845_8b903bc2a7_k1.jpg?itok=wqlMIGXL\",\"contentUrl\":\"https:\\\/\\\/imagens.ebc.com.br\\\/SfumZELwnNUa19DWGlg4Un7uIvM=\\\/1170x700\\\/smart\\\/https:\\\/\\\/agenciabrasil.ebc.com.br\\\/sites\\\/default\\\/files\\\/thumbnails\\\/image\\\/2026\\\/08\\\/30\\\/55487582845_8b903bc2a7_k1.jpg?itok=wqlMIGXL\"},{\"@type\":\"BreadcrumbList\",\"@id\":\"https:\\\/\\\/penoticias.com.br\\\/blog\\\/sem-acordo-contra-secas-comunidades-vao-sofrer-avaliam-especialistas\\\/#breadcrumb\",\"itemListElement\":[{\"@type\":\"ListItem\",\"position\":1,\"name\":\"In\u00edcio\",\"item\":\"https:\\\/\\\/penoticias.com.br\\\/blog\\\/\"},{\"@type\":\"ListItem\",\"position\":2,\"name\":\"Sem acordo contra secas, comunidades v\u00e3o sofrer, avaliam especialistas\"}]},{\"@type\":\"WebSite\",\"@id\":\"https:\\\/\\\/penoticias.com.br\\\/blog\\\/#website\",\"url\":\"https:\\\/\\\/penoticias.com.br\\\/blog\\\/\",\"name\":\"PE Not\u00edcias\",\"description\":\"Voc\u00ea no Mundo da Informa\u00e7\u00e3o.\",\"publisher\":{\"@id\":\"https:\\\/\\\/penoticias.com.br\\\/blog\\\/#\\\/schema\\\/person\\\/13ea60669d2351f129ef3657907f1432\"},\"potentialAction\":[{\"@type\":\"SearchAction\",\"target\":{\"@type\":\"EntryPoint\",\"urlTemplate\":\"https:\\\/\\\/penoticias.com.br\\\/blog\\\/?s={search_term_string}\"},\"query-input\":{\"@type\":\"PropertyValueSpecification\",\"valueRequired\":true,\"valueName\":\"search_term_string\"}}],\"inLanguage\":\"pt-BR\"},{\"@type\":[\"Person\",\"Organization\"],\"@id\":\"https:\\\/\\\/penoticias.com.br\\\/blog\\\/#\\\/schema\\\/person\\\/13ea60669d2351f129ef3657907f1432\",\"name\":\"Pedro Ara\u00fajo\",\"image\":{\"@type\":\"ImageObject\",\"inLanguage\":\"pt-BR\",\"@id\":\"https:\\\/\\\/secure.gravatar.com\\\/avatar\\\/d654258027afd7c928561b83494a45e3aff23d7ac7ce926d2bceac1ffe030175?s=96&d=mm&r=g\",\"url\":\"https:\\\/\\\/secure.gravatar.com\\\/avatar\\\/d654258027afd7c928561b83494a45e3aff23d7ac7ce926d2bceac1ffe030175?s=96&d=mm&r=g\",\"contentUrl\":\"https:\\\/\\\/secure.gravatar.com\\\/avatar\\\/d654258027afd7c928561b83494a45e3aff23d7ac7ce926d2bceac1ffe030175?s=96&d=mm&r=g\",\"caption\":\"Pedro Ara\u00fajo\"},\"logo\":{\"@id\":\"https:\\\/\\\/secure.gravatar.com\\\/avatar\\\/d654258027afd7c928561b83494a45e3aff23d7ac7ce926d2bceac1ffe030175?s=96&d=mm&r=g\"},\"description\":\"As informa\u00e7\u00f5es que traduzem as verdades dos fatos, sem ferir ou denegrir pessoas ou imagens. Como tamb\u00e9m, nunca procurando agradar aos maus feitores.\",\"sameAs\":[\"http:\\\/\\\/www.penoticias.com.br\",\"pedrovicentearaujo@hotmail.com\",\"@pedroafogados\",\"https:\\\/\\\/x.com\\\/pedromuela\",\"www.penoticias.com.br\"],\"url\":\"https:\\\/\\\/penoticias.com.br\\\/blog\\\/author\\\/pedro\\\/\"}]}<\/script>\n<!-- \/ Yoast SEO plugin. -->","yoast_head_json":{"title":"Sem acordo contra secas, comunidades v\u00e3o sofrer, avaliam especialistas - PE Not\u00edcias","robots":{"index":"index","follow":"follow","max-snippet":"max-snippet:-1","max-image-preview":"max-image-preview:large","max-video-preview":"max-video-preview:-1"},"canonical":"https:\/\/penoticias.com.br\/blog\/sem-acordo-contra-secas-comunidades-vao-sofrer-avaliam-especialistas\/","og_locale":"pt_BR","og_type":"article","og_title":"Sem acordo contra secas, comunidades v\u00e3o sofrer, avaliam especialistas - PE Not\u00edcias","og_description":"Ag\u00eancia Brasil Inacredit\u00e1vel. Frustrante. Sabor amargo. Essas foram algumas das palavras usadas por organiza\u00e7\u00f5es ambientais, representantes da sociedade civil e outros especialistas para avaliar os resultados da 17\u00aa Confer\u00eancia das Na\u00e7\u00f5es Unidas de Combate \u00e0 Desertifica\u00e7\u00e3o (COP17), que terminou em Ulaanbaatar, capital da Mong\u00f3lia. A principal decep\u00e7\u00e3o foi o novo adiamento do acordo global para ... Ler mais","og_url":"https:\/\/penoticias.com.br\/blog\/sem-acordo-contra-secas-comunidades-vao-sofrer-avaliam-especialistas\/","og_site_name":"PE Not\u00edcias","article_publisher":"pedrovicentearaujo@hotmail.com","article_author":"pedrovicentearaujo@hotmail.com","article_published_time":"2026-08-31T03:02:56+00:00","og_image":[{"url":"https:\/\/imagens.ebc.com.br\/SfumZELwnNUa19DWGlg4Un7uIvM=\/1170x700\/smart\/https:\/\/agenciabrasil.ebc.com.br\/sites\/default\/files\/thumbnails\/image\/2026\/08\/30\/55487582845_8b903bc2a7_k1.jpg?itok=wqlMIGXL","type":"","width":"","height":""}],"author":"Pedro Ara\u00fajo","twitter_card":"summary_large_image","twitter_creator":"@pedromuela","twitter_site":"@pedromuela","twitter_misc":{"Escrito por":"Pedro Ara\u00fajo","Est. tempo de leitura":"4 minutos"},"schema":{"@context":"https:\/\/schema.org","@graph":[{"@type":"Article","@id":"https:\/\/penoticias.com.br\/blog\/sem-acordo-contra-secas-comunidades-vao-sofrer-avaliam-especialistas\/#article","isPartOf":{"@id":"https:\/\/penoticias.com.br\/blog\/sem-acordo-contra-secas-comunidades-vao-sofrer-avaliam-especialistas\/"},"author":{"name":"Pedro Ara\u00fajo","@id":"https:\/\/penoticias.com.br\/blog\/#\/schema\/person\/13ea60669d2351f129ef3657907f1432"},"headline":"Sem acordo contra secas, comunidades v\u00e3o sofrer, avaliam especialistas","datePublished":"2026-08-31T03:02:56+00:00","mainEntityOfPage":{"@id":"https:\/\/penoticias.com.br\/blog\/sem-acordo-contra-secas-comunidades-vao-sofrer-avaliam-especialistas\/"},"wordCount":624,"publisher":{"@id":"https:\/\/penoticias.com.br\/blog\/#\/schema\/person\/13ea60669d2351f129ef3657907f1432"},"image":{"@id":"https:\/\/penoticias.com.br\/blog\/sem-acordo-contra-secas-comunidades-vao-sofrer-avaliam-especialistas\/#primaryimage"},"thumbnailUrl":"https:\/\/imagens.ebc.com.br\/SfumZELwnNUa19DWGlg4Un7uIvM=\/1170x700\/smart\/https:\/\/agenciabrasil.ebc.com.br\/sites\/default\/files\/thumbnails\/image\/2026\/08\/30\/55487582845_8b903bc2a7_k1.jpg?itok=wqlMIGXL","articleSection":["Clima Tempo"],"inLanguage":"pt-BR"},{"@type":"WebPage","@id":"https:\/\/penoticias.com.br\/blog\/sem-acordo-contra-secas-comunidades-vao-sofrer-avaliam-especialistas\/","url":"https:\/\/penoticias.com.br\/blog\/sem-acordo-contra-secas-comunidades-vao-sofrer-avaliam-especialistas\/","name":"Sem acordo contra secas, comunidades v\u00e3o sofrer, avaliam especialistas - PE Not\u00edcias","isPartOf":{"@id":"https:\/\/penoticias.com.br\/blog\/#website"},"primaryImageOfPage":{"@id":"https:\/\/penoticias.com.br\/blog\/sem-acordo-contra-secas-comunidades-vao-sofrer-avaliam-especialistas\/#primaryimage"},"image":{"@id":"https:\/\/penoticias.com.br\/blog\/sem-acordo-contra-secas-comunidades-vao-sofrer-avaliam-especialistas\/#primaryimage"},"thumbnailUrl":"https:\/\/imagens.ebc.com.br\/SfumZELwnNUa19DWGlg4Un7uIvM=\/1170x700\/smart\/https:\/\/agenciabrasil.ebc.com.br\/sites\/default\/files\/thumbnails\/image\/2026\/08\/30\/55487582845_8b903bc2a7_k1.jpg?itok=wqlMIGXL","datePublished":"2026-08-31T03:02:56+00:00","breadcrumb":{"@id":"https:\/\/penoticias.com.br\/blog\/sem-acordo-contra-secas-comunidades-vao-sofrer-avaliam-especialistas\/#breadcrumb"},"inLanguage":"pt-BR","potentialAction":[{"@type":"ReadAction","target":["https:\/\/penoticias.com.br\/blog\/sem-acordo-contra-secas-comunidades-vao-sofrer-avaliam-especialistas\/"]}]},{"@type":"ImageObject","inLanguage":"pt-BR","@id":"https:\/\/penoticias.com.br\/blog\/sem-acordo-contra-secas-comunidades-vao-sofrer-avaliam-especialistas\/#primaryimage","url":"https:\/\/imagens.ebc.com.br\/SfumZELwnNUa19DWGlg4Un7uIvM=\/1170x700\/smart\/https:\/\/agenciabrasil.ebc.com.br\/sites\/default\/files\/thumbnails\/image\/2026\/08\/30\/55487582845_8b903bc2a7_k1.jpg?itok=wqlMIGXL","contentUrl":"https:\/\/imagens.ebc.com.br\/SfumZELwnNUa19DWGlg4Un7uIvM=\/1170x700\/smart\/https:\/\/agenciabrasil.ebc.com.br\/sites\/default\/files\/thumbnails\/image\/2026\/08\/30\/55487582845_8b903bc2a7_k1.jpg?itok=wqlMIGXL"},{"@type":"BreadcrumbList","@id":"https:\/\/penoticias.com.br\/blog\/sem-acordo-contra-secas-comunidades-vao-sofrer-avaliam-especialistas\/#breadcrumb","itemListElement":[{"@type":"ListItem","position":1,"name":"In\u00edcio","item":"https:\/\/penoticias.com.br\/blog\/"},{"@type":"ListItem","position":2,"name":"Sem acordo contra secas, comunidades v\u00e3o sofrer, avaliam especialistas"}]},{"@type":"WebSite","@id":"https:\/\/penoticias.com.br\/blog\/#website","url":"https:\/\/penoticias.com.br\/blog\/","name":"PE Not\u00edcias","description":"Voc\u00ea no Mundo da Informa\u00e7\u00e3o.","publisher":{"@id":"https:\/\/penoticias.com.br\/blog\/#\/schema\/person\/13ea60669d2351f129ef3657907f1432"},"potentialAction":[{"@type":"SearchAction","target":{"@type":"EntryPoint","urlTemplate":"https:\/\/penoticias.com.br\/blog\/?s={search_term_string}"},"query-input":{"@type":"PropertyValueSpecification","valueRequired":true,"valueName":"search_term_string"}}],"inLanguage":"pt-BR"},{"@type":["Person","Organization"],"@id":"https:\/\/penoticias.com.br\/blog\/#\/schema\/person\/13ea60669d2351f129ef3657907f1432","name":"Pedro Ara\u00fajo","image":{"@type":"ImageObject","inLanguage":"pt-BR","@id":"https:\/\/secure.gravatar.com\/avatar\/d654258027afd7c928561b83494a45e3aff23d7ac7ce926d2bceac1ffe030175?s=96&d=mm&r=g","url":"https:\/\/secure.gravatar.com\/avatar\/d654258027afd7c928561b83494a45e3aff23d7ac7ce926d2bceac1ffe030175?s=96&d=mm&r=g","contentUrl":"https:\/\/secure.gravatar.com\/avatar\/d654258027afd7c928561b83494a45e3aff23d7ac7ce926d2bceac1ffe030175?s=96&d=mm&r=g","caption":"Pedro Ara\u00fajo"},"logo":{"@id":"https:\/\/secure.gravatar.com\/avatar\/d654258027afd7c928561b83494a45e3aff23d7ac7ce926d2bceac1ffe030175?s=96&d=mm&r=g"},"description":"As informa\u00e7\u00f5es que traduzem as verdades dos fatos, sem ferir ou denegrir pessoas ou imagens. Como tamb\u00e9m, nunca procurando agradar aos maus feitores.","sameAs":["http:\/\/www.penoticias.com.br","pedrovicentearaujo@hotmail.com","@pedroafogados","https:\/\/x.com\/pedromuela","www.penoticias.com.br"],"url":"https:\/\/penoticias.com.br\/blog\/author\/pedro\/"}]}},"_links":{"self":[{"href":"https:\/\/penoticias.com.br\/blog\/wp-json\/wp\/v2\/posts\/227681","targetHints":{"allow":["GET"]}}],"collection":[{"href":"https:\/\/penoticias.com.br\/blog\/wp-json\/wp\/v2\/posts"}],"about":[{"href":"https:\/\/penoticias.com.br\/blog\/wp-json\/wp\/v2\/types\/post"}],"author":[{"embeddable":true,"href":"https:\/\/penoticias.com.br\/blog\/wp-json\/wp\/v2\/users\/2"}],"replies":[{"embeddable":true,"href":"https:\/\/penoticias.com.br\/blog\/wp-json\/wp\/v2\/comments?post=227681"}],"version-history":[{"count":1,"href":"https:\/\/penoticias.com.br\/blog\/wp-json\/wp\/v2\/posts\/227681\/revisions"}],"predecessor-version":[{"id":227682,"href":"https:\/\/penoticias.com.br\/blog\/wp-json\/wp\/v2\/posts\/227681\/revisions\/227682"}],"wp:attachment":[{"href":"https:\/\/penoticias.com.br\/blog\/wp-json\/wp\/v2\/media?parent=227681"}],"wp:term":[{"taxonomy":"category","embeddable":true,"href":"https:\/\/penoticias.com.br\/blog\/wp-json\/wp\/v2\/categories?post=227681"},{"taxonomy":"post_tag","embeddable":true,"href":"https:\/\/penoticias.com.br\/blog\/wp-json\/wp\/v2\/tags?post=227681"}],"curies":[{"name":"wp","href":"https:\/\/api.w.org\/{rel}","templated":true}]}}