{"id":228172,"date":"2026-09-05T00:05:48","date_gmt":"2026-09-05T03:05:48","guid":{"rendered":"https:\/\/penoticias.com.br\/blog\/?p=228172"},"modified":"2026-09-04T14:56:47","modified_gmt":"2026-09-04T17:56:47","slug":"augusto-cury-cresce-nas-pesquisas-e-balanca-tabuleiro-eleitoral-mas-avanco-levanta-suspeitas","status":"publish","type":"post","link":"https:\/\/penoticias.com.br\/blog\/augusto-cury-cresce-nas-pesquisas-e-balanca-tabuleiro-eleitoral-mas-avanco-levanta-suspeitas\/","title":{"rendered":"Augusto Cury cresce nas pesquisas e balan\u00e7a tabuleiro eleitoral, mas avan\u00e7o levanta suspeitas"},"content":{"rendered":"<p style=\"text-align: center;\"><img fetchpriority=\"high\" decoding=\"async\" class=\"moz-reader-block-img\" src=\"https:\/\/veja.abril.com.br\/wp-content\/uploads\/2026\/09\/AUGUSTO-CURY-campanha-2026-8-b.jpg.jpg\" alt=\"VIRAL -\u2002O presidenci\u00e1vel com apoiadores: ele ganhou mais seguidores que Neymar e Trump\" width=\"640\" height=\"360\" data-src=\"https:\/\/veja.abril.com.br\/wp-content\/uploads\/2026\/09\/AUGUSTO-CURY-campanha-2026-8-b.jpg.jpg\" data-srcset=\"https:\/\/veja.abril.com.br\/wp-content\/uploads\/2026\/09\/AUGUSTO-CURY-campanha-2026-8-b.jpg.jpg?quality=70&amp;strip=info home-640x360w, \" \/><\/p>\n<p>Candidato do Avante \u00e0 Presid\u00eancia da Rep\u00fablica, o escritor Augusto Cury conseguiu um feito que alguns de seus advers\u00e1rios vinham tentando h\u00e1 meses: superar a barreira dos dois d\u00edgitos nas pesquisas. O salto extraordin\u00e1rio, que segundo a BTG\/Nexus foi de 2% para 11% das inten\u00e7\u00f5es de voto em uma semana, o al\u00e7ou \u00e0 terceira posi\u00e7\u00e3o na corrida, atr\u00e1s apenas do presidente Luiz In\u00e1cio Lula da Silva (PT) e do senador Fl\u00e1vio Bolsonaro (PL), os l\u00edderes das correntes pol\u00edticas que dominam o pa\u00eds desde 2018. Estreante em elei\u00e7\u00f5es, o autor de best-sellers descolou-se de nomes que est\u00e3o na estrada h\u00e1 tempos, como Ronaldo Caiado (PSD), Renan Santos (Miss\u00e3o) e Romeu Zema (Novo). O arranque agitou o tabuleiro eleitoral, provocou bastante perplexidade e despertou, n\u00e3o sem raz\u00e3o, variadas suspeitas.<\/p>\n<p>Sem nunca ter concorrido a um cargo eletivo, Cury despontou por uma combina\u00e7\u00e3o de exposi\u00e7\u00e3o na m\u00eddia tradicional e, principalmente, nas redes sociais. Apesar de ne\u00f3fito na pol\u00edtica, Cury n\u00e3o era exatamente um desconhecido. M\u00e9dico psiquiatra, tem dezenas de livros publicados: entre fic\u00e7\u00e3o e n\u00e3o fic\u00e7\u00e3o, todos os t\u00edtulos t\u00eam um qu\u00ea de desenvolvimento pessoal, embora rejeite o r\u00f3tulo de escritor de autoajuda. Um dos mais famosos, O Vendedor de Sonhos, ficou semanas nas listas de mais vendidos do pa\u00eds e ganhou adapta\u00e7\u00f5es para o cinema e o teatro. Essa popularidade, no entanto, ainda n\u00e3o havia se transformado em inten\u00e7\u00e3o de voto: apesar de ter anunciado a pretens\u00e3o de concorrer em mar\u00e7o, Cury fez poucas apari\u00e7\u00f5es p\u00fablicas como candidato e ainda n\u00e3o tinha conseguido se apresentar ao eleitor: 74% disseram n\u00e3o saber quem ele era em pesquisa Quaest de agosto.<\/p>\n<p>Esse cen\u00e1rio come\u00e7ou a mudar com o in\u00edcio oficial da campanha. Um dos quatro presidenci\u00e1veis que t\u00eam direito ao hor\u00e1rio eleitoral, os outros s\u00e3o Lula, Fl\u00e1vio e Caiado, ele tamb\u00e9m precisa ser convidado para debates, como manda a lei. No primeiro e \u00fanico encontro at\u00e9 agora, na Band, no dia 23 de agosto, s\u00f3 estavam ele, Caiado e Renan. Tamb\u00e9m tem sido chamado para sabatinas, movimenta\u00e7\u00e3o que deve crescer com seu salto nas pesquisas. A principal mudan\u00e7a, no entanto, aconteceu no meio digital.<\/p>\n<p>\u00c9 nesse ponto que se acumulam as principais suspeitas. Desde o dia 23, Cury teve um crescimento expressivo no Instagram: em uma semana, ganhou mais de 2,4 milh\u00f5es de seguidores, segundo a AtivaWeb DataLab, metade desse aumento se deu entre os dias 26 e 27, quando 1,2 milh\u00e3o de pessoas passaram a acompanhar o perfil do escritor. \u00c9 mais do que Neymar ganhou nas 24 horas seguintes \u00e0 sua convoca\u00e7\u00e3o para a Copa do Mundo (cerca de 1 milh\u00e3o, segundo a Nexus) e Donald Trump nos seis dias ap\u00f3s sofrer uma tentativa de assassinato durante a campanha de 2024 (1,1 milh\u00e3o, de acordo com a m\u00eddia americana). Tamb\u00e9m chama a aten\u00e7\u00e3o que esse aumento n\u00e3o tenha sido proporcional em outros canais do candidato, como o TikTok e o Facebook, o que levanta a suspeita de que o crescimento n\u00e3o tenha sido espont\u00e2neo, mas fruto da compra de seguidores.<!--more--><\/p>\n<p>H\u00e1 ainda outras evid\u00eancias que levantam suspeitas de um esquema de engajamento artificial. Perfis que normalmente publicam sobre celebridades e temas cotidianos fizeram posts quase id\u00eanticos sobre o candidato, dizendo que ele havia ganhado for\u00e7a entre eleitores que n\u00e3o querem Lula nem Fl\u00e1vio e que havia se tornado o candidato mais buscado no Google. Quatro dessas p\u00e1ginas, Alfinetada, Alfinetei, Babadeira e Diferentona, que juntas t\u00eam 43,7 milh\u00f5es de seguidores, tamb\u00e9m est\u00e3o na mira de um inqu\u00e9rito no STF sob a suspeita de terem sido contratadas pelo banqueiro Daniel Vorcaro para promover ataques ao Banco Central em raz\u00e3o da liquida\u00e7\u00e3o do Master, segundo a Pol\u00edcia Federal, cerca de quarenta p\u00e1ginas teriam participado de uma a\u00e7\u00e3o coordenada. Ao todo, esses quatro perfis fizeram vinte publica\u00e7\u00f5es com textos e at\u00e9 imagens muito semelhantes, citando Cury entre os dias 25 e 30 de agosto, somando milh\u00f5es de intera\u00e7\u00f5es.<\/p>\n<p>O risco para o candidato \u00e9 alto, porque a lei brasileira prev\u00ea puni\u00e7\u00f5es para a manipula\u00e7\u00e3o digital com finalidade eleitoral. Caso ela seja comprovada, a chapa de Cury poder\u00e1 sofrer san\u00e7\u00f5es que o tornariam ineleg\u00edvel, de acordo com especialistas. A legisla\u00e7\u00e3o estabelece que o \u00fanico tipo de propaganda eleitoral paga permitida nas redes sociais \u00e9 o impulsionamento contratado diretamente com as plataformas. At\u00e9 o momento, a campanha declarou ter desembolsado apenas 50.000 reais com esse tipo de publicidade. \u201cCompra de espa\u00e7o, contrata\u00e7\u00e3o de influenciadores, qualquer outro modo de amplificar a repercuss\u00e3o de um candidato nas redes sociais s\u00e3o absolutamente proibidos\u201d, diz o professor de direito eleitoral da FGV Fernando Neisser. Segundo ele, caberia \u00e0 Justi\u00e7a Eleitoral analisar a gravidade da conduta, levando em conta o valor dos pagamentos e a repercuss\u00e3o gerada. Se considerada uma infra\u00e7\u00e3o leve, a puni\u00e7\u00e3o \u00e9 uma multa. Em casos graves, por\u00e9m, a pr\u00e1tica pode configurar abuso dos meios de comunica\u00e7\u00e3o e resultar na cassa\u00e7\u00e3o da chapa.<\/p>\n<p>O estafe de Cury negou qualquer irregularidade. \u201cN\u00e3o existe isso. Essa \u00e9 uma campanha com baixos recursos. N\u00e3o faz sentido isso, se fosse tudo rob\u00f4, n\u00e3o refletiria esse interesse nas pesquisas\u201d, afirma o marqueteiro Sergio Lima. Sobre as publica\u00e7\u00f5es iguais, ele atribuiu \u00e0 din\u00e2mica das redes sociais. \u201cTudo na internet \u00e9 parecido, essas p\u00e1ginas copiam tudo que est\u00e1 bombando\u201d, afirma. O pr\u00f3prio candidato declarou que as suspeitas s\u00e3o \u201cabsurdas\u201d. \u201cAcha que algu\u00e9m com meu hist\u00f3rico, que sempre lidou com a verdade, que a vida inteira disse que quem n\u00e3o \u00e9 transparente tem uma d\u00edvida impag\u00e1vel consigo mesmo, vai comprar seguidores?\u201d, disse.<\/p>\n<p>Apesar das suspeitas sobre o que provocou o salto nas redes, o efeito nas pesquisas foi real. Todos os levantamentos divulgados na \u00faltima semana registraram o avan\u00e7o do escritor. O crescimento de Cury disparou o alerta nas outras campanhas. Os dados mostram que o escritor conseguiu capturar votos de todos os candidatos, sobretudo os de oposi\u00e7\u00e3o. O diretor de an\u00e1lise pol\u00edtica da AtlasIntel, Yuri Sanches, explica que Cury tem uma imagem mais conservadora, mas diferente do que ofertavam os candidatos de direita. \u201cEle despontou como uma voz mais serena, em compara\u00e7\u00e3o a pol\u00edticos como o Renan, que tem uma postura muito radical\u201d, avalia. O candidato do Miss\u00e3o, a prop\u00f3sito, enfrentou nos \u00faltimos dias enroscos relacionados \u00e0 campanha digital. Na segunda-feira (31), acusando uso irregular de perfis de Renan, o ministro Dias Toffoli proibiu v\u00e1rios atos da campanha. A decis\u00e3o acabou sendo revista no dia seguinte.<\/p>\n<p>No caso de Cury, o salto nas pesquisas vai pressionar mais o candidato e obrig\u00e1-lo a explicar melhor suas propostas para o pa\u00eds. Apesar da imagem diferente em rela\u00e7\u00e3o aos nomes da direita, Cury fala em anistiar os presos pela trama golpista. Tamb\u00e9m defendeu ideias controversas, como o uso de drones para combater a viol\u00eancia dom\u00e9stica e treinar embaixadores para serem influenciadores nas redes sociais e melhorar a imagem internacional do pa\u00eds. Por tr\u00e1s das propostas um tanto exc\u00eantricas, h\u00e1 uma estrutura profissional de campanha. Apesar de estar longe de ser uma das maiores legendas do Congresso, o Avante tem tamanho para ter acesso a fundos p\u00fablicos e aos espa\u00e7os na TV, ao contr\u00e1rio do Miss\u00e3o e do Novo. O marqueteiro Sergio Lima participou da campanha de Jair Bolsonaro em 2022 e, neste ano, j\u00e1 trabalhou com Fl\u00e1vio e Zema. J\u00e1 o vice \u00e9 J\u00falio Delgado (Avante), que foi deputado federal por cinco mandatos e chegou a disputar a presid\u00eancia da Casa.<\/p>\n<p>S\u00f3 as pr\u00f3ximas semanas mostrar\u00e3o se Cury vai conseguir se consolidar como alternativa ou se vai murchar t\u00e3o rapidamente quanto cresceu. O salto, por enquanto, mostra que h\u00e1 algum espa\u00e7o para uma candidatura que se apresente como alternativa \u00e0 polariza\u00e7\u00e3o. Em uma frase que ele pr\u00f3prio popularizou em seu principal best-seller, O Vendedor de Sonhos, Cury prega que \u201co sucesso \u00e9 mais dif\u00edcil de trabalhar do que o fracasso\u201d. Ele ter\u00e1 o desafio de manter o ritmo de escalada da popularidade e certamente ser\u00e1 cobrado a explicar melhor a receita de autoajuda digital que o transformou no fen\u00f4meno do momento das elei\u00e7\u00f5es.<\/p>\n<p>Publicado em VEJA de 4 de setembro de 2026, <a href=\"https:\/\/veja.abril.com.br\/edicoes-veja\/3011\/\"><span style=\"color: #ff0000;\">edi\u00e7\u00e3o n\u00ba 3011<\/span><\/a><\/p>\n","protected":false},"excerpt":{"rendered":"<p>Candidato do Avante \u00e0 Presid\u00eancia da Rep\u00fablica, o escritor Augusto Cury conseguiu um feito que alguns de seus advers\u00e1rios vinham tentando h\u00e1 meses: superar a barreira dos dois d\u00edgitos nas pesquisas. O salto extraordin\u00e1rio, que segundo a BTG\/Nexus foi de 2% para 11% das inten\u00e7\u00f5es de voto em uma semana, o al\u00e7ou \u00e0 terceira posi\u00e7\u00e3o &#8230; <a title=\"Augusto Cury cresce nas pesquisas e balan\u00e7a tabuleiro eleitoral, mas avan\u00e7o levanta suspeitas\" class=\"read-more\" href=\"https:\/\/penoticias.com.br\/blog\/augusto-cury-cresce-nas-pesquisas-e-balanca-tabuleiro-eleitoral-mas-avanco-levanta-suspeitas\/\" aria-label=\"Read more about Augusto Cury cresce nas pesquisas e balan\u00e7a tabuleiro eleitoral, mas avan\u00e7o levanta suspeitas\">Ler mais<\/a><\/p>\n<div class='heateorSssClear'><\/div><div  class='heateor_sss_sharing_container heateor_sss_horizontal_sharing' data-heateor-sss-href='https:\/\/penoticias.com.br\/blog\/augusto-cury-cresce-nas-pesquisas-e-balanca-tabuleiro-eleitoral-mas-avanco-levanta-suspeitas\/'><div class='heateor_sss_sharing_title' style=\"font-weight:bold\" ><\/div><div class=\"heateor_sss_sharing_ul\"><a aria-label=\"Facebook\" class=\"heateor_sss_facebook\" href=\"https:\/\/www.facebook.com\/sharer\/sharer.php?u=https%3A%2F%2Fpenoticias.com.br%2Fblog%2Faugusto-cury-cresce-nas-pesquisas-e-balanca-tabuleiro-eleitoral-mas-avanco-levanta-suspeitas%2F\" title=\"Facebook\" rel=\"nofollow noopener\" target=\"_blank\" style=\"font-size:32px!important;box-shadow:none;display:inline-block;vertical-align:middle\"><span class=\"heateor_sss_svg\" style=\"background-color:#0765FE;width:35px;height:35px;border-radius:999px;display:inline-block;opacity:1;float:left;font-size:32px;box-shadow:none;display:inline-block;font-size:16px;padding:0 4px;vertical-align:middle;background-repeat:repeat;overflow:hidden;padding:0;cursor:pointer;box-sizing:content-box\"><svg style=\"display:block;border-radius:999px;\" focusable=\"false\" aria-hidden=\"true\" xmlns=\"http:\/\/www.w3.org\/2000\/svg\" width=\"100%\" height=\"100%\" viewBox=\"0 0 32 32\"><path fill=\"#fff\" d=\"M28 16c0-6.627-5.373-12-12-12S4 9.373 4 16c0 5.628 3.875 10.35 9.101 11.647v-7.98h-2.474V16H13.1v-1.58c0-4.085 1.849-5.978 5.859-5.978.76 0 2.072.15 2.608.298v3.325c-.283-.03-.775-.045-1.386-.045-1.967 0-2.728.745-2.728 2.683V16h3.92l-.673 3.667h-3.247v8.245C23.395 27.195 28 22.135 28 16Z\"><\/path><\/svg><\/span><\/a><a aria-label=\"Twitter\" class=\"heateor_sss_button_twitter\" href=\"https:\/\/twitter.com\/intent\/tweet?text=Augusto%20Cury%20cresce%20nas%20pesquisas%20e%20balan%C3%A7a%20tabuleiro%20eleitoral%2C%20mas%20avan%C3%A7o%20levanta%20suspeitas&url=https%3A%2F%2Fpenoticias.com.br%2Fblog%2Faugusto-cury-cresce-nas-pesquisas-e-balanca-tabuleiro-eleitoral-mas-avanco-levanta-suspeitas%2F\" title=\"Twitter\" rel=\"nofollow noopener\" target=\"_blank\" style=\"font-size:32px!important;box-shadow:none;display:inline-block;vertical-align:middle\"><span class=\"heateor_sss_svg heateor_sss_s__default heateor_sss_s_twitter\" style=\"background-color:#55acee;width:35px;height:35px;border-radius:999px;display:inline-block;opacity:1;float:left;font-size:32px;box-shadow:none;display:inline-block;font-size:16px;padding:0 4px;vertical-align:middle;background-repeat:repeat;overflow:hidden;padding:0;cursor:pointer;box-sizing:content-box\"><svg style=\"display:block;border-radius:999px;\" focusable=\"false\" aria-hidden=\"true\" xmlns=\"http:\/\/www.w3.org\/2000\/svg\" width=\"100%\" height=\"100%\" viewBox=\"-4 -4 39 39\"><path d=\"M28 8.557a9.913 9.913 0 0 1-2.828.775 4.93 4.93 0 0 0 2.166-2.725 9.738 9.738 0 0 1-3.13 1.194 4.92 4.92 0 0 0-3.593-1.55 4.924 4.924 0 0 0-4.794 6.049c-4.09-.21-7.72-2.17-10.15-5.15a4.942 4.942 0 0 0-.665 2.477c0 1.71.87 3.214 2.19 4.1a4.968 4.968 0 0 1-2.23-.616v.06c0 2.39 1.7 4.38 3.952 4.83-.414.115-.85.174-1.297.174-.318 0-.626-.03-.928-.086a4.935 4.935 0 0 0 4.6 3.42 9.893 9.893 0 0 1-6.114 2.107c-.398 0-.79-.023-1.175-.068a13.953 13.953 0 0 0 7.55 2.213c9.056 0 14.01-7.507 14.01-14.013 0-.213-.005-.426-.015-.637.96-.695 1.795-1.56 2.455-2.55z\" fill=\"#fff\"><\/path><\/svg><\/span><\/a><a aria-label=\"Whatsapp\" class=\"heateor_sss_whatsapp\" href=\"https:\/\/api.whatsapp.com\/send?text=Augusto%20Cury%20cresce%20nas%20pesquisas%20e%20balan%C3%A7a%20tabuleiro%20eleitoral%2C%20mas%20avan%C3%A7o%20levanta%20suspeitas%20https%3A%2F%2Fpenoticias.com.br%2Fblog%2Faugusto-cury-cresce-nas-pesquisas-e-balanca-tabuleiro-eleitoral-mas-avanco-levanta-suspeitas%2F\" title=\"Whatsapp\" rel=\"nofollow noopener\" target=\"_blank\" style=\"font-size:32px!important;box-shadow:none;display:inline-block;vertical-align:middle\"><span class=\"heateor_sss_svg\" style=\"background-color:#55eb4c;width:35px;height:35px;border-radius:999px;display:inline-block;opacity:1;float:left;font-size:32px;box-shadow:none;display:inline-block;font-size:16px;padding:0 4px;vertical-align:middle;background-repeat:repeat;overflow:hidden;padding:0;cursor:pointer;box-sizing:content-box\"><svg style=\"display:block;border-radius:999px;\" focusable=\"false\" aria-hidden=\"true\" xmlns=\"http:\/\/www.w3.org\/2000\/svg\" width=\"100%\" height=\"100%\" viewBox=\"-6 -5 40 40\"><path class=\"heateor_sss_svg_stroke heateor_sss_no_fill\" stroke=\"#fff\" stroke-width=\"2\" fill=\"none\" d=\"M 11.579798566743314 24.396926207859085 A 10 10 0 1 0 6.808479557110079 20.73576436351046\"><\/path><path d=\"M 7 19 l -1 6 l 6 -1\" class=\"heateor_sss_no_fill heateor_sss_svg_stroke\" stroke=\"#fff\" stroke-width=\"2\" fill=\"none\"><\/path><path d=\"M 10 10 q -1 8 8 11 c 5 -1 0 -6 -1 -3 q -4 -3 -5 -5 c 4 -2 -1 -5 -1 -4\" fill=\"#fff\"><\/path><\/svg><\/span><\/a><a aria-label=\"Gmail\" class=\"heateor_sss_button_google_gmail\" href=\"https:\/\/mail.google.com\/mail\/?ui=2&view=cm&fs=1&tf=1&su=Augusto%20Cury%20cresce%20nas%20pesquisas%20e%20balan%C3%A7a%20tabuleiro%20eleitoral%2C%20mas%20avan%C3%A7o%20levanta%20suspeitas&body=Link:https%3A%2F%2Fpenoticias.com.br%2Fblog%2Faugusto-cury-cresce-nas-pesquisas-e-balanca-tabuleiro-eleitoral-mas-avanco-levanta-suspeitas%2F\" title=\"Google Gmail\" rel=\"nofollow noopener\" target=\"_blank\" style=\"font-size:32px!important;box-shadow:none;display:inline-block;vertical-align:middle\"><span class=\"heateor_sss_svg heateor_sss_s__default heateor_sss_s_Google_Gmail\" style=\"background-color:#e5e5e5;width:35px;height:35px;border-radius:999px;display:inline-block;opacity:1;float:left;font-size:32px;box-shadow:none;display:inline-block;font-size:16px;padding:0 4px;vertical-align:middle;background-repeat:repeat;overflow:hidden;padding:0;cursor:pointer;box-sizing:content-box\"><svg style=\"display:block;border-radius:999px;\" focusable=\"false\" aria-hidden=\"true\" xmlns=\"http:\/\/www.w3.org\/2000\/svg\" width=\"100%\" height=\"100%\" viewBox=\"0 0 32 32\"><path fill=\"#fff\" d=\"M2.902 6.223h26.195v19.554H2.902z\"><\/path><path fill=\"#E14C41\" class=\"heateor_sss_no_fill\" d=\"M2.902 25.777h26.195V6.223H2.902v19.554zm22.44-4.007v3.806H6.955v-3.6h.032l.093-.034 6.9-5.558 2.09 1.77 1.854-1.63 7.42 5.246zm0-.672l-7.027-4.917 7.028-6.09V21.1zm-1.17-14.67l-.947.905c-2.356 2.284-4.693 4.75-7.17 6.876l-.078.06L8.062 6.39l16.11.033zm-10.597 9.61l-6.62 5.294.016-10.914 6.607 5.62\"><\/path><\/svg><\/span><\/a><a aria-label=\"Instagram\" class=\"heateor_sss_button_instagram\" href=\"https:\/\/www.instagram.com\/\" title=\"Instagram\" rel=\"nofollow noopener\" target=\"_blank\" style=\"font-size:32px!important;box-shadow:none;display:inline-block;vertical-align:middle\"><span class=\"heateor_sss_svg\" style=\"background-color:#53beee;width:35px;height:35px;border-radius:999px;display:inline-block;opacity:1;float:left;font-size:32px;box-shadow:none;display:inline-block;font-size:16px;padding:0 4px;vertical-align:middle;background-repeat:repeat;overflow:hidden;padding:0;cursor:pointer;box-sizing:content-box\"><svg style=\"display:block;border-radius:999px;\" version=\"1.1\" viewBox=\"-10 -10 148 148\" width=\"100%\" height=\"100%\" xml:space=\"preserve\" xmlns=\"http:\/\/www.w3.org\/2000\/svg\" xmlns:xlink=\"http:\/\/www.w3.org\/1999\/xlink\"><g><g><path d=\"M86,112H42c-14.336,0-26-11.663-26-26V42c0-14.337,11.664-26,26-26h44c14.337,0,26,11.663,26,26v44 C112,100.337,100.337,112,86,112z M42,24c-9.925,0-18,8.074-18,18v44c0,9.925,8.075,18,18,18h44c9.926,0,18-8.075,18-18V42 c0-9.926-8.074-18-18-18H42z\" fill=\"#fff\"><\/path><\/g><g><path d=\"M64,88c-13.234,0-24-10.767-24-24c0-13.234,10.766-24,24-24s24,10.766,24,24C88,77.233,77.234,88,64,88z M64,48c-8.822,0-16,7.178-16,16s7.178,16,16,16c8.822,0,16-7.178,16-16S72.822,48,64,48z\" fill=\"#fff\"><\/path><\/g><g><circle cx=\"89.5\" cy=\"38.5\" fill=\"#fff\" r=\"5.5\"><\/circle><\/g><\/g><\/svg><\/span><\/a><a aria-label=\"Print\" class=\"heateor_sss_button_print\" href=\"https:\/\/penoticias.com.br\/blog\/augusto-cury-cresce-nas-pesquisas-e-balanca-tabuleiro-eleitoral-mas-avanco-levanta-suspeitas\/\" onclick=\"event.preventDefault();window.print()\" title=\"Print\" rel=\"noopener\" style=\"font-size:32px!important;box-shadow:none;display:inline-block;vertical-align:middle\"><span class=\"heateor_sss_svg heateor_sss_s__default heateor_sss_s_print\" style=\"background-color:#fd6500;width:35px;height:35px;border-radius:999px;display:inline-block;opacity:1;float:left;font-size:32px;box-shadow:none;display:inline-block;font-size:16px;padding:0 4px;vertical-align:middle;background-repeat:repeat;overflow:hidden;padding:0;cursor:pointer;box-sizing:content-box\"><svg style=\"display:block;border-radius:999px;\" focusable=\"false\" aria-hidden=\"true\" xmlns=\"http:\/\/www.w3.org\/2000\/svg\" width=\"100%\" height=\"100%\" viewBox=\"-2.8 -4.5 35 35\"><path stroke=\"#fff\" class=\"heateor_sss_svg_stroke\" d=\"M 7 10 h 2 v 3 h 12 v -3 h 2 v 7 h -2 v -3 h -12 v 3 h -2 z\" stroke-width=\"1\" fill=\"#fff\"><\/path><rect class=\"heateor_sss_no_fill heateor_sss_svg_stroke\" stroke=\"#fff\" stroke-width=\"1.8\" height=\"7\" width=\"10\" x=\"10\" y=\"5\" fill=\"none\"><\/rect><rect class=\"heateor_sss_svg_stroke\" stroke=\"#fff\" stroke-width=\"1\" height=\"5\" width=\"8\" x=\"11\" y=\"16\" fill=\"#fff\"><\/rect><\/svg><\/span><\/a><a class=\"heateor_sss_more\" aria-label=\"More\" title=\"More\" rel=\"nofollow noopener\" style=\"font-size: 32px!important;border:0;box-shadow:none;display:inline-block!important;font-size:16px;padding:0 4px;vertical-align: middle;display:inline;\" href=\"https:\/\/penoticias.com.br\/blog\/augusto-cury-cresce-nas-pesquisas-e-balanca-tabuleiro-eleitoral-mas-avanco-levanta-suspeitas\/\" onclick=\"event.preventDefault()\"><span class=\"heateor_sss_svg\" style=\"background-color:#ee8e2d;width:35px;height:35px;border-radius:999px;display:inline-block!important;opacity:1;float:left;font-size:32px!important;box-shadow:none;display:inline-block;font-size:16px;padding:0 4px;vertical-align:middle;display:inline;background-repeat:repeat;overflow:hidden;padding:0;cursor:pointer;box-sizing:content-box;\" onclick=\"heateorSssMoreSharingPopup(this, 'https:\/\/penoticias.com.br\/blog\/augusto-cury-cresce-nas-pesquisas-e-balanca-tabuleiro-eleitoral-mas-avanco-levanta-suspeitas\/', 'Augusto%20Cury%20cresce%20nas%20pesquisas%20e%20balan%C3%A7a%20tabuleiro%20eleitoral%2C%20mas%20avan%C3%A7o%20levanta%20suspeitas', '' )\"><svg xmlns=\"http:\/\/www.w3.org\/2000\/svg\" xmlns:xlink=\"http:\/\/www.w3.org\/1999\/xlink\" viewBox=\"-.3 0 32 32\" version=\"1.1\" width=\"100%\" height=\"100%\" style=\"display:block;border-radius:999px;\" xml:space=\"preserve\"><g><path fill=\"#fff\" d=\"M18 14V8h-4v6H8v4h6v6h4v-6h6v-4h-6z\" fill-rule=\"evenodd\"><\/path><\/g><\/svg><\/span><\/a><\/div><div class=\"heateorSssClear\"><\/div><\/div><div class='heateorSssClear'><\/div>","protected":false},"author":2,"featured_media":0,"comment_status":"closed","ping_status":"closed","sticky":false,"template":"","format":"standard","meta":{"footnotes":""},"categories":[10],"tags":[],"class_list":["post-228172","post","type-post","status-publish","format-standard","hentry","category-politica"],"yoast_head":"<!-- This site is optimized with the Yoast SEO plugin v28.4 - https:\/\/yoast.com\/product\/yoast-seo-wordpress\/ -->\n<title>Augusto Cury cresce nas pesquisas e balan\u00e7a tabuleiro eleitoral, mas avan\u00e7o levanta suspeitas - PE Not\u00edcias<\/title>\n<meta name=\"robots\" content=\"index, follow, max-snippet:-1, max-image-preview:large, max-video-preview:-1\" \/>\n<link rel=\"canonical\" href=\"https:\/\/penoticias.com.br\/blog\/augusto-cury-cresce-nas-pesquisas-e-balanca-tabuleiro-eleitoral-mas-avanco-levanta-suspeitas\/\" \/>\n<meta property=\"og:locale\" content=\"pt_BR\" \/>\n<meta property=\"og:type\" content=\"article\" \/>\n<meta property=\"og:title\" content=\"Augusto Cury cresce nas pesquisas e balan\u00e7a tabuleiro eleitoral, mas avan\u00e7o levanta suspeitas - PE Not\u00edcias\" \/>\n<meta property=\"og:description\" content=\"Candidato do Avante \u00e0 Presid\u00eancia da Rep\u00fablica, o escritor Augusto Cury conseguiu um feito que alguns de seus advers\u00e1rios vinham tentando h\u00e1 meses: superar a barreira dos dois d\u00edgitos nas pesquisas. O salto extraordin\u00e1rio, que segundo a BTG\/Nexus foi de 2% para 11% das inten\u00e7\u00f5es de voto em uma semana, o al\u00e7ou \u00e0 terceira posi\u00e7\u00e3o ... Ler mais\" \/>\n<meta property=\"og:url\" content=\"https:\/\/penoticias.com.br\/blog\/augusto-cury-cresce-nas-pesquisas-e-balanca-tabuleiro-eleitoral-mas-avanco-levanta-suspeitas\/\" \/>\n<meta property=\"og:site_name\" content=\"PE Not\u00edcias\" \/>\n<meta property=\"article:publisher\" content=\"pedrovicentearaujo@hotmail.com\" \/>\n<meta property=\"article:author\" content=\"pedrovicentearaujo@hotmail.com\" \/>\n<meta property=\"article:published_time\" content=\"2026-09-05T03:05:48+00:00\" \/>\n<meta property=\"og:image\" content=\"https:\/\/veja.abril.com.br\/wp-content\/uploads\/2026\/09\/AUGUSTO-CURY-campanha-2026-8-b.jpg.jpg\" \/>\n<meta name=\"author\" content=\"Pedro Ara\u00fajo\" \/>\n<meta name=\"twitter:card\" content=\"summary_large_image\" \/>\n<meta name=\"twitter:creator\" content=\"@pedromuela\" \/>\n<meta name=\"twitter:site\" content=\"@pedromuela\" \/>\n<meta name=\"twitter:label1\" content=\"Escrito por\" \/>\n\t<meta name=\"twitter:data1\" content=\"Pedro Ara\u00fajo\" \/>\n\t<meta name=\"twitter:label2\" content=\"Est. tempo de leitura\" \/>\n\t<meta name=\"twitter:data2\" content=\"8 minutos\" \/>\n<script type=\"application\/ld+json\" class=\"yoast-schema-graph\">{\"@context\":\"https:\\\/\\\/schema.org\",\"@graph\":[{\"@type\":\"Article\",\"@id\":\"https:\\\/\\\/penoticias.com.br\\\/blog\\\/augusto-cury-cresce-nas-pesquisas-e-balanca-tabuleiro-eleitoral-mas-avanco-levanta-suspeitas\\\/#article\",\"isPartOf\":{\"@id\":\"https:\\\/\\\/penoticias.com.br\\\/blog\\\/augusto-cury-cresce-nas-pesquisas-e-balanca-tabuleiro-eleitoral-mas-avanco-levanta-suspeitas\\\/\"},\"author\":{\"name\":\"Pedro Ara\u00fajo\",\"@id\":\"https:\\\/\\\/penoticias.com.br\\\/blog\\\/#\\\/schema\\\/person\\\/13ea60669d2351f129ef3657907f1432\"},\"headline\":\"Augusto Cury cresce nas pesquisas e balan\u00e7a tabuleiro eleitoral, mas avan\u00e7o levanta suspeitas\",\"datePublished\":\"2026-09-05T03:05:48+00:00\",\"mainEntityOfPage\":{\"@id\":\"https:\\\/\\\/penoticias.com.br\\\/blog\\\/augusto-cury-cresce-nas-pesquisas-e-balanca-tabuleiro-eleitoral-mas-avanco-levanta-suspeitas\\\/\"},\"wordCount\":1452,\"publisher\":{\"@id\":\"https:\\\/\\\/penoticias.com.br\\\/blog\\\/#\\\/schema\\\/person\\\/13ea60669d2351f129ef3657907f1432\"},\"image\":{\"@id\":\"https:\\\/\\\/penoticias.com.br\\\/blog\\\/augusto-cury-cresce-nas-pesquisas-e-balanca-tabuleiro-eleitoral-mas-avanco-levanta-suspeitas\\\/#primaryimage\"},\"thumbnailUrl\":\"https:\\\/\\\/veja.abril.com.br\\\/wp-content\\\/uploads\\\/2026\\\/09\\\/AUGUSTO-CURY-campanha-2026-8-b.jpg.jpg\",\"articleSection\":[\"Pol\u00edtica\"],\"inLanguage\":\"pt-BR\"},{\"@type\":\"WebPage\",\"@id\":\"https:\\\/\\\/penoticias.com.br\\\/blog\\\/augusto-cury-cresce-nas-pesquisas-e-balanca-tabuleiro-eleitoral-mas-avanco-levanta-suspeitas\\\/\",\"url\":\"https:\\\/\\\/penoticias.com.br\\\/blog\\\/augusto-cury-cresce-nas-pesquisas-e-balanca-tabuleiro-eleitoral-mas-avanco-levanta-suspeitas\\\/\",\"name\":\"Augusto Cury cresce nas pesquisas e balan\u00e7a tabuleiro eleitoral, mas avan\u00e7o levanta suspeitas - PE Not\u00edcias\",\"isPartOf\":{\"@id\":\"https:\\\/\\\/penoticias.com.br\\\/blog\\\/#website\"},\"primaryImageOfPage\":{\"@id\":\"https:\\\/\\\/penoticias.com.br\\\/blog\\\/augusto-cury-cresce-nas-pesquisas-e-balanca-tabuleiro-eleitoral-mas-avanco-levanta-suspeitas\\\/#primaryimage\"},\"image\":{\"@id\":\"https:\\\/\\\/penoticias.com.br\\\/blog\\\/augusto-cury-cresce-nas-pesquisas-e-balanca-tabuleiro-eleitoral-mas-avanco-levanta-suspeitas\\\/#primaryimage\"},\"thumbnailUrl\":\"https:\\\/\\\/veja.abril.com.br\\\/wp-content\\\/uploads\\\/2026\\\/09\\\/AUGUSTO-CURY-campanha-2026-8-b.jpg.jpg\",\"datePublished\":\"2026-09-05T03:05:48+00:00\",\"breadcrumb\":{\"@id\":\"https:\\\/\\\/penoticias.com.br\\\/blog\\\/augusto-cury-cresce-nas-pesquisas-e-balanca-tabuleiro-eleitoral-mas-avanco-levanta-suspeitas\\\/#breadcrumb\"},\"inLanguage\":\"pt-BR\",\"potentialAction\":[{\"@type\":\"ReadAction\",\"target\":[\"https:\\\/\\\/penoticias.com.br\\\/blog\\\/augusto-cury-cresce-nas-pesquisas-e-balanca-tabuleiro-eleitoral-mas-avanco-levanta-suspeitas\\\/\"]}]},{\"@type\":\"ImageObject\",\"inLanguage\":\"pt-BR\",\"@id\":\"https:\\\/\\\/penoticias.com.br\\\/blog\\\/augusto-cury-cresce-nas-pesquisas-e-balanca-tabuleiro-eleitoral-mas-avanco-levanta-suspeitas\\\/#primaryimage\",\"url\":\"https:\\\/\\\/veja.abril.com.br\\\/wp-content\\\/uploads\\\/2026\\\/09\\\/AUGUSTO-CURY-campanha-2026-8-b.jpg.jpg\",\"contentUrl\":\"https:\\\/\\\/veja.abril.com.br\\\/wp-content\\\/uploads\\\/2026\\\/09\\\/AUGUSTO-CURY-campanha-2026-8-b.jpg.jpg\"},{\"@type\":\"BreadcrumbList\",\"@id\":\"https:\\\/\\\/penoticias.com.br\\\/blog\\\/augusto-cury-cresce-nas-pesquisas-e-balanca-tabuleiro-eleitoral-mas-avanco-levanta-suspeitas\\\/#breadcrumb\",\"itemListElement\":[{\"@type\":\"ListItem\",\"position\":1,\"name\":\"In\u00edcio\",\"item\":\"https:\\\/\\\/penoticias.com.br\\\/blog\\\/\"},{\"@type\":\"ListItem\",\"position\":2,\"name\":\"Augusto Cury cresce nas pesquisas e balan\u00e7a tabuleiro eleitoral, mas avan\u00e7o levanta suspeitas\"}]},{\"@type\":\"WebSite\",\"@id\":\"https:\\\/\\\/penoticias.com.br\\\/blog\\\/#website\",\"url\":\"https:\\\/\\\/penoticias.com.br\\\/blog\\\/\",\"name\":\"PE Not\u00edcias\",\"description\":\"Voc\u00ea no Mundo da Informa\u00e7\u00e3o.\",\"publisher\":{\"@id\":\"https:\\\/\\\/penoticias.com.br\\\/blog\\\/#\\\/schema\\\/person\\\/13ea60669d2351f129ef3657907f1432\"},\"potentialAction\":[{\"@type\":\"SearchAction\",\"target\":{\"@type\":\"EntryPoint\",\"urlTemplate\":\"https:\\\/\\\/penoticias.com.br\\\/blog\\\/?s={search_term_string}\"},\"query-input\":{\"@type\":\"PropertyValueSpecification\",\"valueRequired\":true,\"valueName\":\"search_term_string\"}}],\"inLanguage\":\"pt-BR\"},{\"@type\":[\"Person\",\"Organization\"],\"@id\":\"https:\\\/\\\/penoticias.com.br\\\/blog\\\/#\\\/schema\\\/person\\\/13ea60669d2351f129ef3657907f1432\",\"name\":\"Pedro Ara\u00fajo\",\"image\":{\"@type\":\"ImageObject\",\"inLanguage\":\"pt-BR\",\"@id\":\"https:\\\/\\\/secure.gravatar.com\\\/avatar\\\/d654258027afd7c928561b83494a45e3aff23d7ac7ce926d2bceac1ffe030175?s=96&d=mm&r=g\",\"url\":\"https:\\\/\\\/secure.gravatar.com\\\/avatar\\\/d654258027afd7c928561b83494a45e3aff23d7ac7ce926d2bceac1ffe030175?s=96&d=mm&r=g\",\"contentUrl\":\"https:\\\/\\\/secure.gravatar.com\\\/avatar\\\/d654258027afd7c928561b83494a45e3aff23d7ac7ce926d2bceac1ffe030175?s=96&d=mm&r=g\",\"caption\":\"Pedro Ara\u00fajo\"},\"logo\":{\"@id\":\"https:\\\/\\\/secure.gravatar.com\\\/avatar\\\/d654258027afd7c928561b83494a45e3aff23d7ac7ce926d2bceac1ffe030175?s=96&d=mm&r=g\"},\"description\":\"As informa\u00e7\u00f5es que traduzem as verdades dos fatos, sem ferir ou denegrir pessoas ou imagens. Como tamb\u00e9m, nunca procurando agradar aos maus feitores.\",\"sameAs\":[\"http:\\\/\\\/www.penoticias.com.br\",\"pedrovicentearaujo@hotmail.com\",\"@pedroafogados\",\"https:\\\/\\\/x.com\\\/pedromuela\",\"www.penoticias.com.br\"],\"url\":\"https:\\\/\\\/penoticias.com.br\\\/blog\\\/author\\\/pedro\\\/\"}]}<\/script>\n<!-- \/ Yoast SEO plugin. -->","yoast_head_json":{"title":"Augusto Cury cresce nas pesquisas e balan\u00e7a tabuleiro eleitoral, mas avan\u00e7o levanta suspeitas - PE Not\u00edcias","robots":{"index":"index","follow":"follow","max-snippet":"max-snippet:-1","max-image-preview":"max-image-preview:large","max-video-preview":"max-video-preview:-1"},"canonical":"https:\/\/penoticias.com.br\/blog\/augusto-cury-cresce-nas-pesquisas-e-balanca-tabuleiro-eleitoral-mas-avanco-levanta-suspeitas\/","og_locale":"pt_BR","og_type":"article","og_title":"Augusto Cury cresce nas pesquisas e balan\u00e7a tabuleiro eleitoral, mas avan\u00e7o levanta suspeitas - PE Not\u00edcias","og_description":"Candidato do Avante \u00e0 Presid\u00eancia da Rep\u00fablica, o escritor Augusto Cury conseguiu um feito que alguns de seus advers\u00e1rios vinham tentando h\u00e1 meses: superar a barreira dos dois d\u00edgitos nas pesquisas. O salto extraordin\u00e1rio, que segundo a BTG\/Nexus foi de 2% para 11% das inten\u00e7\u00f5es de voto em uma semana, o al\u00e7ou \u00e0 terceira posi\u00e7\u00e3o ... Ler mais","og_url":"https:\/\/penoticias.com.br\/blog\/augusto-cury-cresce-nas-pesquisas-e-balanca-tabuleiro-eleitoral-mas-avanco-levanta-suspeitas\/","og_site_name":"PE Not\u00edcias","article_publisher":"pedrovicentearaujo@hotmail.com","article_author":"pedrovicentearaujo@hotmail.com","article_published_time":"2026-09-05T03:05:48+00:00","og_image":[{"url":"https:\/\/veja.abril.com.br\/wp-content\/uploads\/2026\/09\/AUGUSTO-CURY-campanha-2026-8-b.jpg.jpg","type":"","width":"","height":""}],"author":"Pedro Ara\u00fajo","twitter_card":"summary_large_image","twitter_creator":"@pedromuela","twitter_site":"@pedromuela","twitter_misc":{"Escrito por":"Pedro Ara\u00fajo","Est. tempo de leitura":"8 minutos"},"schema":{"@context":"https:\/\/schema.org","@graph":[{"@type":"Article","@id":"https:\/\/penoticias.com.br\/blog\/augusto-cury-cresce-nas-pesquisas-e-balanca-tabuleiro-eleitoral-mas-avanco-levanta-suspeitas\/#article","isPartOf":{"@id":"https:\/\/penoticias.com.br\/blog\/augusto-cury-cresce-nas-pesquisas-e-balanca-tabuleiro-eleitoral-mas-avanco-levanta-suspeitas\/"},"author":{"name":"Pedro Ara\u00fajo","@id":"https:\/\/penoticias.com.br\/blog\/#\/schema\/person\/13ea60669d2351f129ef3657907f1432"},"headline":"Augusto Cury cresce nas pesquisas e balan\u00e7a tabuleiro eleitoral, mas avan\u00e7o levanta suspeitas","datePublished":"2026-09-05T03:05:48+00:00","mainEntityOfPage":{"@id":"https:\/\/penoticias.com.br\/blog\/augusto-cury-cresce-nas-pesquisas-e-balanca-tabuleiro-eleitoral-mas-avanco-levanta-suspeitas\/"},"wordCount":1452,"publisher":{"@id":"https:\/\/penoticias.com.br\/blog\/#\/schema\/person\/13ea60669d2351f129ef3657907f1432"},"image":{"@id":"https:\/\/penoticias.com.br\/blog\/augusto-cury-cresce-nas-pesquisas-e-balanca-tabuleiro-eleitoral-mas-avanco-levanta-suspeitas\/#primaryimage"},"thumbnailUrl":"https:\/\/veja.abril.com.br\/wp-content\/uploads\/2026\/09\/AUGUSTO-CURY-campanha-2026-8-b.jpg.jpg","articleSection":["Pol\u00edtica"],"inLanguage":"pt-BR"},{"@type":"WebPage","@id":"https:\/\/penoticias.com.br\/blog\/augusto-cury-cresce-nas-pesquisas-e-balanca-tabuleiro-eleitoral-mas-avanco-levanta-suspeitas\/","url":"https:\/\/penoticias.com.br\/blog\/augusto-cury-cresce-nas-pesquisas-e-balanca-tabuleiro-eleitoral-mas-avanco-levanta-suspeitas\/","name":"Augusto Cury cresce nas pesquisas e balan\u00e7a tabuleiro eleitoral, mas avan\u00e7o levanta suspeitas - PE Not\u00edcias","isPartOf":{"@id":"https:\/\/penoticias.com.br\/blog\/#website"},"primaryImageOfPage":{"@id":"https:\/\/penoticias.com.br\/blog\/augusto-cury-cresce-nas-pesquisas-e-balanca-tabuleiro-eleitoral-mas-avanco-levanta-suspeitas\/#primaryimage"},"image":{"@id":"https:\/\/penoticias.com.br\/blog\/augusto-cury-cresce-nas-pesquisas-e-balanca-tabuleiro-eleitoral-mas-avanco-levanta-suspeitas\/#primaryimage"},"thumbnailUrl":"https:\/\/veja.abril.com.br\/wp-content\/uploads\/2026\/09\/AUGUSTO-CURY-campanha-2026-8-b.jpg.jpg","datePublished":"2026-09-05T03:05:48+00:00","breadcrumb":{"@id":"https:\/\/penoticias.com.br\/blog\/augusto-cury-cresce-nas-pesquisas-e-balanca-tabuleiro-eleitoral-mas-avanco-levanta-suspeitas\/#breadcrumb"},"inLanguage":"pt-BR","potentialAction":[{"@type":"ReadAction","target":["https:\/\/penoticias.com.br\/blog\/augusto-cury-cresce-nas-pesquisas-e-balanca-tabuleiro-eleitoral-mas-avanco-levanta-suspeitas\/"]}]},{"@type":"ImageObject","inLanguage":"pt-BR","@id":"https:\/\/penoticias.com.br\/blog\/augusto-cury-cresce-nas-pesquisas-e-balanca-tabuleiro-eleitoral-mas-avanco-levanta-suspeitas\/#primaryimage","url":"https:\/\/veja.abril.com.br\/wp-content\/uploads\/2026\/09\/AUGUSTO-CURY-campanha-2026-8-b.jpg.jpg","contentUrl":"https:\/\/veja.abril.com.br\/wp-content\/uploads\/2026\/09\/AUGUSTO-CURY-campanha-2026-8-b.jpg.jpg"},{"@type":"BreadcrumbList","@id":"https:\/\/penoticias.com.br\/blog\/augusto-cury-cresce-nas-pesquisas-e-balanca-tabuleiro-eleitoral-mas-avanco-levanta-suspeitas\/#breadcrumb","itemListElement":[{"@type":"ListItem","position":1,"name":"In\u00edcio","item":"https:\/\/penoticias.com.br\/blog\/"},{"@type":"ListItem","position":2,"name":"Augusto Cury cresce nas pesquisas e balan\u00e7a tabuleiro eleitoral, mas avan\u00e7o levanta suspeitas"}]},{"@type":"WebSite","@id":"https:\/\/penoticias.com.br\/blog\/#website","url":"https:\/\/penoticias.com.br\/blog\/","name":"PE Not\u00edcias","description":"Voc\u00ea no Mundo da Informa\u00e7\u00e3o.","publisher":{"@id":"https:\/\/penoticias.com.br\/blog\/#\/schema\/person\/13ea60669d2351f129ef3657907f1432"},"potentialAction":[{"@type":"SearchAction","target":{"@type":"EntryPoint","urlTemplate":"https:\/\/penoticias.com.br\/blog\/?s={search_term_string}"},"query-input":{"@type":"PropertyValueSpecification","valueRequired":true,"valueName":"search_term_string"}}],"inLanguage":"pt-BR"},{"@type":["Person","Organization"],"@id":"https:\/\/penoticias.com.br\/blog\/#\/schema\/person\/13ea60669d2351f129ef3657907f1432","name":"Pedro Ara\u00fajo","image":{"@type":"ImageObject","inLanguage":"pt-BR","@id":"https:\/\/secure.gravatar.com\/avatar\/d654258027afd7c928561b83494a45e3aff23d7ac7ce926d2bceac1ffe030175?s=96&d=mm&r=g","url":"https:\/\/secure.gravatar.com\/avatar\/d654258027afd7c928561b83494a45e3aff23d7ac7ce926d2bceac1ffe030175?s=96&d=mm&r=g","contentUrl":"https:\/\/secure.gravatar.com\/avatar\/d654258027afd7c928561b83494a45e3aff23d7ac7ce926d2bceac1ffe030175?s=96&d=mm&r=g","caption":"Pedro Ara\u00fajo"},"logo":{"@id":"https:\/\/secure.gravatar.com\/avatar\/d654258027afd7c928561b83494a45e3aff23d7ac7ce926d2bceac1ffe030175?s=96&d=mm&r=g"},"description":"As informa\u00e7\u00f5es que traduzem as verdades dos fatos, sem ferir ou denegrir pessoas ou imagens. Como tamb\u00e9m, nunca procurando agradar aos maus feitores.","sameAs":["http:\/\/www.penoticias.com.br","pedrovicentearaujo@hotmail.com","@pedroafogados","https:\/\/x.com\/pedromuela","www.penoticias.com.br"],"url":"https:\/\/penoticias.com.br\/blog\/author\/pedro\/"}]}},"_links":{"self":[{"href":"https:\/\/penoticias.com.br\/blog\/wp-json\/wp\/v2\/posts\/228172","targetHints":{"allow":["GET"]}}],"collection":[{"href":"https:\/\/penoticias.com.br\/blog\/wp-json\/wp\/v2\/posts"}],"about":[{"href":"https:\/\/penoticias.com.br\/blog\/wp-json\/wp\/v2\/types\/post"}],"author":[{"embeddable":true,"href":"https:\/\/penoticias.com.br\/blog\/wp-json\/wp\/v2\/users\/2"}],"replies":[{"embeddable":true,"href":"https:\/\/penoticias.com.br\/blog\/wp-json\/wp\/v2\/comments?post=228172"}],"version-history":[{"count":1,"href":"https:\/\/penoticias.com.br\/blog\/wp-json\/wp\/v2\/posts\/228172\/revisions"}],"predecessor-version":[{"id":228173,"href":"https:\/\/penoticias.com.br\/blog\/wp-json\/wp\/v2\/posts\/228172\/revisions\/228173"}],"wp:attachment":[{"href":"https:\/\/penoticias.com.br\/blog\/wp-json\/wp\/v2\/media?parent=228172"}],"wp:term":[{"taxonomy":"category","embeddable":true,"href":"https:\/\/penoticias.com.br\/blog\/wp-json\/wp\/v2\/categories?post=228172"},{"taxonomy":"post_tag","embeddable":true,"href":"https:\/\/penoticias.com.br\/blog\/wp-json\/wp\/v2\/tags?post=228172"}],"curies":[{"name":"wp","href":"https:\/\/api.w.org\/{rel}","templated":true}]}}