{"id":98954,"date":"2022-02-02T03:06:29","date_gmt":"2022-02-02T06:06:29","guid":{"rendered":"https:\/\/penoticias.com.br\/blog\/?p=98954"},"modified":"2022-02-02T02:22:52","modified_gmt":"2022-02-02T05:22:52","slug":"congresso-retoma-trabalhos-nesta-quarta-feira-em-meio-a-polemica-sobre-alta-do-preco-dos-combustiveis","status":"publish","type":"post","link":"https:\/\/penoticias.com.br\/blog\/congresso-retoma-trabalhos-nesta-quarta-feira-em-meio-a-polemica-sobre-alta-do-preco-dos-combustiveis\/","title":{"rendered":"Congresso retoma trabalhos nesta quarta-feira em meio \u00e0 pol\u00eamica sobre alta do pre\u00e7o dos combust\u00edveis"},"content":{"rendered":"<p style=\"text-align: center;\"><img fetchpriority=\"high\" decoding=\"async\" class=\"\" src=\"https:\/\/www.camara.leg.br\/midias\/image\/2020\/12\/img20201113121116206-768x512.jpg\" alt=\"https:\/\/www.camara.leg.br\/midias\/image\/2020\/12\/img20201113121116206-768x512.jpg\" width=\"671\" height=\"447\" \/><\/p>\n<p><span style=\"font-size: 8pt;\"><strong>G1<\/strong><\/span><\/p>\n<p>Ap\u00f3s 40 dias de recesso, o Congresso Nacional retoma os trabalhos nesta quarta-feira (02) \u2014 com uma sess\u00e3o solene de abertura do ano legislativo \u2014 pressionado por uma agenda encurtada pelas elei\u00e7\u00f5es e em meio a embate entre poderes sobre a alta do pre\u00e7o dos combust\u00edveis, que tem contribu\u00eddo para o aumento da infla\u00e7\u00e3o.<\/p>\n<p>De um lado, os governos estaduais, que decidiram manter congelado o Imposto sobre Circula\u00e7\u00e3o de Mercadorias e Servi\u00e7os (ICMS) incidente sobre os combust\u00edveis, responsabilizam a Petrobras e o governo federal pela disparada dos pre\u00e7os aos consumidores. O presidente Jair Bolsonaro, por sua vez, segue a estrat\u00e9gia de culpar os governadores.<\/p>\n<p>A busca por uma solu\u00e7\u00e3o deve ser alvo de discuss\u00f5es entre os congressistas. No in\u00edcio do ano, o governo anunciou que avaliava enviar ao Congresso uma Proposta de Emenda \u00e0 Constitui\u00e7\u00e3o (PEC) para tentar conter a alta dos combust\u00edveis e do g\u00e1s de cozinha. No entanto, nem mesmo internamente houve consenso sobre o alcance dessa PEC.<\/p>\n<p>Na \u00faltima segunda-feira, o presidente da C\u00e2mara, Arthur Lira (PP-AL), e o ministro Paulo Guedes (Economia), se reuniram em busca de uma solu\u00e7\u00e3o.<\/p>\n<p>De acordo com Lira, foi descartada a redu\u00e7\u00e3o de impostos sobre o \u00e1lcool e a gasolina e ainda estava incerta a solu\u00e7\u00e3o para o g\u00e1s de cozinha. Uma das possibilidades seria que o texto autorize a redu\u00e7\u00e3o \u2013 a zero, se necess\u00e1rio \u2013 de tributos federais somente sobre o diesel.<\/p>\n<p>Ainda durante o recesso, uma publica\u00e7\u00e3o de Lira antecipou os debates. O deputado afirmou que a Casa fez a sua parte ao aprovar projeto que muda o c\u00e1lculo da tributa\u00e7\u00e3o e determina que o ICMS cobrado em cada estado ser\u00e1 calculado com base no pre\u00e7o m\u00e9dio dos combust\u00edveis nos dois anos anteriores. \u201cCobran\u00e7as, dirijam-se ao Senado\u201d, escreveu Lira em uma rede social.<\/p>\n<p>No Senado, onde o peso dos governos estaduais \u00e9 maior que na C\u00e2mara, a proposta ainda n\u00e3o avan\u00e7ou mas tem sido tema de reuni\u00f5es entre Rodrigo Pacheco (PSD-MG), presidente da Casa, e Arthur Lira.<\/p>\n<p>Senadores avaliam que utilizar como refer\u00eancia o pre\u00e7o m\u00e9dio dos combust\u00edveis nos dois anos anteriores \u00e9 exagerado e sugerem uma janela de seis meses. Al\u00e9m disso, autoriza\u00e7\u00e3o para redu\u00e7\u00e3o dos impostos federais sobre o diesel poderia ser inclu\u00edda nessa proposta, que teria de voltar \u00e0 C\u00e2mara se aprovada com mudan\u00e7as pelo Senado.<!--more--><\/p>\n<p>Os senadores preferiram priorizar um projeto, de autoria de Rog\u00e9rio Carvalho (PT-SE) e relatado por Jean Paul Prates (PT-RN), que cria um programa &#8220;excepcional e eventual&#8221;, de estabiliza\u00e7\u00e3o do valor dos combust\u00edveis.<\/p>\n<p>O texto prop\u00f5e a cria\u00e7\u00e3o de uma &#8220;conta de compensa\u00e7\u00e3o&#8221;, com seis diferentes fontes de recursos, as principais decorrentes do aumento de arrecada\u00e7\u00e3o com a eleva\u00e7\u00e3o do pre\u00e7o internacional do petr\u00f3leo e de eventual alta do d\u00f3lar; do imposto de exporta\u00e7\u00e3o do petr\u00f3leo bruto; e de royalties destinados \u00e0 Uni\u00e3o.<\/p>\n<p>A conta seria utilizada, em caso de aumento de pre\u00e7o do petr\u00f3leo, para segurar ou reduzir o valor dos combust\u00edveis, amortecendo a eleva\u00e7\u00e3o para o consumidor final.<\/p>\n<p>&#8220;Eu conseguiria de R$ 2 a R$ 3 de redu\u00e7\u00e3o nos pre\u00e7os dos combust\u00edveis. Mas, no embate do governo, no Minist\u00e9rio da Economia, podem chegar \u00e0 conclus\u00e3o de que se pode chegar \u00e0 metade disso. N\u00f3s estamos oferecendo uma caixa de ferramentas para que o governo possa tomar medidas para reduzir o custo dos combust\u00edveis, n\u00e3o \u00e9 uma imposi\u00e7\u00e3o&#8221;, declarou Jean Paul Prates.<\/p>\n<p>A equipe econ\u00f4mica do governo n\u00e3o apoia a proposta da bancada petista, aprovada pela Comiss\u00e3o de Assuntos Econ\u00f4micos (CAE) do Senado e que aguarda an\u00e1lise do plen\u00e1rio.<\/p>\n<p>A cria\u00e7\u00e3o de um fundo para estabiliza\u00e7\u00e3o de pre\u00e7os de combust\u00edveis chegou a ser discutida pela equipe econ\u00f4mica de Bolsonaro. Parte da arrecada\u00e7\u00e3o com royalties de petr\u00f3leo abasteceria o fundo, mas a ideia foi abandonada.<\/p>\n<p><strong><span style=\"font-size: 14pt;\">Senado: reforma tribut\u00e1ria<\/span> <\/strong><\/p>\n<p>No fim do ano passado, o presidente do Senado, Rodrigo Pacheco (PSD-MG), anunciou entre as principais prioridades deste ano \u00e9 dar andamento \u00e0 PEC da reforma tribut\u00e1ria, que est\u00e1 na Comiss\u00e3o de Constitui\u00e7\u00e3o e Justi\u00e7a (CCJ) da Casa.<\/p>\n<p>Relator da proposta, o senador Roberto Rocha (PSDB-MA) j\u00e1 apresentou parecer favor\u00e1vel ao texto, que, entre outros pontos, prev\u00ea a cria\u00e7\u00e3o do chamado &#8220;IVA dual&#8221;, com objetivo de simplificar o sistema tribut\u00e1rio.<\/p>\n<p>Segundo a PEC, o governo federal dever\u00e1 unificar dois tributos de sua compet\u00eancia (PIS e Cofins) na chamada Contribui\u00e7\u00e3o Social sobre Opera\u00e7\u00f5es com Bens e Servi\u00e7os (CBS). E os estados e munic\u00edpios teriam um imposto separado, resultado da unifica\u00e7\u00e3o do ICMS (estadual) e ISS (municipal).<\/p>\n<p>No IVA dual, a Uni\u00e3o teria compet\u00eancia para ter um IVA Federal de forma aut\u00f4noma, com legisla\u00e7\u00e3o e administra\u00e7\u00e3o independentes, enquanto estados e munic\u00edpios teriam gest\u00e3o compartilhada para adotar o outro imposto sobre valor agregado.<\/p>\n<p>Os senadores, no entanto, veem dificuldades para a aprova\u00e7\u00e3o do texto, especialmente em um ano eleitoral. Na mesma linha, o economistas tamb\u00e9m veem pouca chance de o governo conseguir aprovar reformas em 2022.<\/p>\n<p>O pr\u00f3prio presidente Jair Bolsonaro afirmou, em entrevista concedida no m\u00eas passado, que as reformas n\u00e3o devem avan\u00e7ar neste ano, em raz\u00e3o do ano eleitoral.<\/p>\n<p>Al\u00e9m disso, est\u00e3o em tramita\u00e7\u00e3o outros projetos que tratam da reforma tribut\u00e1ria e n\u00e3o h\u00e1 um alinhamento entre a C\u00e2mara e o Senado.<\/p>\n<p>O l\u00edder do PL na C\u00e2mara, Wellington Roberto (PB), afirmou que a legenda \u2013 a mesma do presidente Jair Bolsonaro \u2013 quer dar prioridade ao texto enviado pelo Executivo em julho de 2020.<\/p>\n<p>\u201cVamos retomar a quest\u00e3o da reforma tribut\u00e1ria, que \u00e9 muito importante principalmente para a \u00e1rea econ\u00f4mica. A reforma n\u00e3o avan\u00e7ou, est\u00e1 nessa situa\u00e7\u00e3o entre a C\u00e2mara e o Senado, mas temos a proposta do CBS, que est\u00e1 pronto para ser votado. Eu vou falar para o presidente Arthur [Lira] ver a possibilidade de agora no primeiro m\u00eas de retomada dos trabalhos colocar para votar\u201d, disse o l\u00edder do PL.<\/p>\n<p>Na primeira semana de trabalho de 2022, o Senado prev\u00ea somente a an\u00e1lise da medida provis\u00f3ria que torna obrigat\u00f3ria a cobertura, pelos planos de sa\u00fade, de rem\u00e9dios de uso oral contra o c\u00e2ncer.<\/p>\n<p>Tamb\u00e9m devem crescer, no Senado, as press\u00f5es para a instala\u00e7\u00e3o de uma nova comiss\u00e3o parlamentar de inqu\u00e9rito.<\/p>\n<p>Integrantes da j\u00e1 extinta CPI da Covid tentam criar um novo colegiado ap\u00f3s o atraso na vacina\u00e7\u00e3o infantil. Tamb\u00e9m h\u00e1 articula\u00e7\u00f5es para a retomada dos trabalhos da CPMI das Fake News.<\/p>\n<p>Por se tratar de um ano eleitoral, h\u00e1 resist\u00eancias \u00e0 cria\u00e7\u00e3o de uma nova CPI, que poderia ser utilizada como palanque para partidos pol\u00edticos na disputa por mandatos nos executivos e legislativos federal e estaduais.<\/p>\n<p>De acordo com interlocutores de Pacheco, o tema ser\u00e1 alvo de discuss\u00f5es durante reuni\u00e3o de l\u00edderes destinada a definir as prioridades do ano.<\/p>\n<p><strong><span style=\"font-size: 14pt;\">C\u00e2mara: pauta de costumes<\/span> <\/strong><\/p>\n<p>Neste quarto e \u00faltimo ano do mandato de Jair Bolsonaro, o governo tenta emplacar projetos que fizeram parte da promessa de campanha do presidente em 2018, mas que n\u00e3o avan\u00e7aram.<\/p>\n<p>Nessa lista, destacam-se propostas que comp\u00f5em a chamada pauta de costumes, a maioria com tramita\u00e7\u00e3o ainda parada da C\u00e2mara.<\/p>\n<p>Uma das propostas que est\u00e1 no radar dos l\u00edderes governistas \u00e9 a que amplia o porte de armas para diferentes categorias de profissionais, como agentes de tr\u00e2nsito, pol\u00edcia penal e advogados p\u00fablicos, e estipula regras para registro, posse e comercializa\u00e7\u00e3o de armas de fogo e muni\u00e7\u00f5es.<\/p>\n<p>O texto permite tamb\u00e9m que profissionais de seguran\u00e7a portem armas mesmo fora do hor\u00e1rio de trabalho. Apresentado pelo governo em 2019, o projeto foi distribu\u00eddo a tr\u00eas comiss\u00f5es da C\u00e2mara, mas n\u00e3o foi votado em nenhuma delas.<\/p>\n<p>Vice-l\u00edder do governo na C\u00e2mara, o deputado Sanderson (PSL-RS) afirmou que a base do governo na C\u00e2mara pretende levar o texto para vota\u00e7\u00e3o nas comiss\u00f5es e no plen\u00e1rio ainda no primeiro semestre.<\/p>\n<p>\u201cEsse projeto est\u00e1 parado e estamos trabalhando para ir ao plen\u00e1rio neste semestre. Essa mat\u00e9ria \u00e9 de interesse do governo e temos sido cobrados. Precisamos levar \u00e0 vota\u00e7\u00e3o\u201d, afirmou o deputado.<\/p>\n<p>A base aliada de Bolsonaro tamb\u00e9m tentar\u00e1 levar ao plen\u00e1rio neste ano de elei\u00e7\u00f5es o projeto que disp\u00f5e sobre a\u00e7\u00e3o contra terroristas. Apresentado pelo deputado Vitor Hugo (PSL-GO) em 2019, o projeto \u00e9 uma reedi\u00e7\u00e3o de uma proposta de 2016 do ent\u00e3o deputado e atual presidente Jair Bolsonaro.<\/p>\n<p>Segundo a proposta, a lei pode ser aplicada contra atos que \u201csejam ofensivos para a vida humana ou efetivamente destrutivos em rela\u00e7\u00e3o a alguma infraestrutura cr\u00edtica, servi\u00e7o p\u00fablico essencial ou recurso-chave\u201d.<\/p>\n<p>Para cr\u00edticos, o dispositivo \u00e9 amplo demais e poderia enquadrar, por exemplo, manifesta\u00e7\u00f5es democr\u00e1ticas.<\/p>\n<p>Outra pauta que a base do governo tenta avan\u00e7ar \u00e9 a do \u201chomeschooling\u201d. A pr\u00e1tica, proibida no Brasil, prev\u00ea que a educa\u00e7\u00e3o b\u00e1sica seja oferecida em casa, com avalia\u00e7\u00e3o peri\u00f3dica pelo poder p\u00fablico e supervis\u00e3o dos pais. A relatora \u00e9 a deputada Lu\u00edsa Canziani (PTB-PR).<\/p>\n<p>Todas essas propostas, por\u00e9m, n\u00e3o t\u00eam consenso na Casa.<\/p>\n<p>Outro projeto que deve gerar debates na C\u00e2mara \u00e9 o que prop\u00f5e a legaliza\u00e7\u00e3o dos jogos de azar. Lira afirmou em dezembro passado que o texto seria apreciado neste ano pelo plen\u00e1rio, e deputados j\u00e1 aprovaram um regime de urg\u00eancia ao texto. O tema, por\u00e9m, encontra resist\u00eancia principalmente dentro da bancada evang\u00e9lica.<\/p>\n<p>O projeto, em tramita\u00e7\u00e3o h\u00e1 mais de 30 anos, autoriza o funcionamento de bingos, cassinos e jogos do bicho.<\/p>\n<p>Atualmente, a Lei de Contraven\u00e7\u00f5es Penais trata os jogos de azar como contraven\u00e7\u00f5es, com pena de pris\u00e3o simples, de tr\u00eas meses a um ano e multa. No caso de jogo do bicho, a pena \u00e9 pris\u00e3o simples, de quatro meses a um ano e multa. A proposta retira da legisla\u00e7\u00e3o atual essas duas modalidades de contraven\u00e7\u00e3o.<\/p>\n<p>O texto tamb\u00e9m cria regras para a explora\u00e7\u00e3o ou pr\u00e1tica de jogos e apostas. Entre as regras propostas, est\u00e1 a exig\u00eancia de uma licen\u00e7a de opera\u00e7\u00e3o para as entidades realizarem jogos e apostas e o registro dos agentes dos jogos, dos estabelecimentos, das m\u00e1quinas e dos apostadores.<\/p>\n","protected":false},"excerpt":{"rendered":"<p>G1 Ap\u00f3s 40 dias de recesso, o Congresso Nacional retoma os trabalhos nesta quarta-feira (02) \u2014 com uma sess\u00e3o solene de abertura do ano legislativo \u2014 pressionado por uma agenda encurtada pelas elei\u00e7\u00f5es e em meio a embate entre poderes sobre a alta do pre\u00e7o dos combust\u00edveis, que tem contribu\u00eddo para o aumento da infla\u00e7\u00e3o. &#8230; <a title=\"Congresso retoma trabalhos nesta quarta-feira em meio \u00e0 pol\u00eamica sobre alta do pre\u00e7o dos combust\u00edveis\" class=\"read-more\" href=\"https:\/\/penoticias.com.br\/blog\/congresso-retoma-trabalhos-nesta-quarta-feira-em-meio-a-polemica-sobre-alta-do-preco-dos-combustiveis\/\" aria-label=\"Read more about Congresso retoma trabalhos nesta quarta-feira em meio \u00e0 pol\u00eamica sobre alta do pre\u00e7o dos combust\u00edveis\">Ler mais<\/a><\/p>\n<div class='heateorSssClear'><\/div><div  class='heateor_sss_sharing_container heateor_sss_horizontal_sharing' data-heateor-sss-href='https:\/\/penoticias.com.br\/blog\/congresso-retoma-trabalhos-nesta-quarta-feira-em-meio-a-polemica-sobre-alta-do-preco-dos-combustiveis\/'><div class='heateor_sss_sharing_title' style=\"font-weight:bold\" ><\/div><div class=\"heateor_sss_sharing_ul\"><a aria-label=\"Facebook\" class=\"heateor_sss_facebook\" href=\"https:\/\/www.facebook.com\/sharer\/sharer.php?u=https%3A%2F%2Fpenoticias.com.br%2Fblog%2Fcongresso-retoma-trabalhos-nesta-quarta-feira-em-meio-a-polemica-sobre-alta-do-preco-dos-combustiveis%2F\" title=\"Facebook\" rel=\"nofollow noopener\" target=\"_blank\" style=\"font-size:32px!important;box-shadow:none;display:inline-block;vertical-align:middle\"><span class=\"heateor_sss_svg\" style=\"background-color:#0765FE;width:35px;height:35px;border-radius:999px;display:inline-block;opacity:1;float:left;font-size:32px;box-shadow:none;display:inline-block;font-size:16px;padding:0 4px;vertical-align:middle;background-repeat:repeat;overflow:hidden;padding:0;cursor:pointer;box-sizing:content-box\"><svg style=\"display:block;border-radius:999px;\" focusable=\"false\" aria-hidden=\"true\" xmlns=\"http:\/\/www.w3.org\/2000\/svg\" width=\"100%\" height=\"100%\" viewBox=\"0 0 32 32\"><path fill=\"#fff\" d=\"M28 16c0-6.627-5.373-12-12-12S4 9.373 4 16c0 5.628 3.875 10.35 9.101 11.647v-7.98h-2.474V16H13.1v-1.58c0-4.085 1.849-5.978 5.859-5.978.76 0 2.072.15 2.608.298v3.325c-.283-.03-.775-.045-1.386-.045-1.967 0-2.728.745-2.728 2.683V16h3.92l-.673 3.667h-3.247v8.245C23.395 27.195 28 22.135 28 16Z\"><\/path><\/svg><\/span><\/a><a aria-label=\"Twitter\" class=\"heateor_sss_button_twitter\" href=\"https:\/\/twitter.com\/intent\/tweet?text=Congresso%20retoma%20trabalhos%20nesta%20quarta-feira%20em%20meio%20%C3%A0%20pol%C3%AAmica%20sobre%20alta%20do%20pre%C3%A7o%20dos%20combust%C3%ADveis&url=https%3A%2F%2Fpenoticias.com.br%2Fblog%2Fcongresso-retoma-trabalhos-nesta-quarta-feira-em-meio-a-polemica-sobre-alta-do-preco-dos-combustiveis%2F\" title=\"Twitter\" rel=\"nofollow noopener\" target=\"_blank\" style=\"font-size:32px!important;box-shadow:none;display:inline-block;vertical-align:middle\"><span class=\"heateor_sss_svg heateor_sss_s__default heateor_sss_s_twitter\" style=\"background-color:#55acee;width:35px;height:35px;border-radius:999px;display:inline-block;opacity:1;float:left;font-size:32px;box-shadow:none;display:inline-block;font-size:16px;padding:0 4px;vertical-align:middle;background-repeat:repeat;overflow:hidden;padding:0;cursor:pointer;box-sizing:content-box\"><svg style=\"display:block;border-radius:999px;\" focusable=\"false\" aria-hidden=\"true\" xmlns=\"http:\/\/www.w3.org\/2000\/svg\" width=\"100%\" height=\"100%\" viewBox=\"-4 -4 39 39\"><path d=\"M28 8.557a9.913 9.913 0 0 1-2.828.775 4.93 4.93 0 0 0 2.166-2.725 9.738 9.738 0 0 1-3.13 1.194 4.92 4.92 0 0 0-3.593-1.55 4.924 4.924 0 0 0-4.794 6.049c-4.09-.21-7.72-2.17-10.15-5.15a4.942 4.942 0 0 0-.665 2.477c0 1.71.87 3.214 2.19 4.1a4.968 4.968 0 0 1-2.23-.616v.06c0 2.39 1.7 4.38 3.952 4.83-.414.115-.85.174-1.297.174-.318 0-.626-.03-.928-.086a4.935 4.935 0 0 0 4.6 3.42 9.893 9.893 0 0 1-6.114 2.107c-.398 0-.79-.023-1.175-.068a13.953 13.953 0 0 0 7.55 2.213c9.056 0 14.01-7.507 14.01-14.013 0-.213-.005-.426-.015-.637.96-.695 1.795-1.56 2.455-2.55z\" fill=\"#fff\"><\/path><\/svg><\/span><\/a><a aria-label=\"Whatsapp\" class=\"heateor_sss_whatsapp\" href=\"https:\/\/api.whatsapp.com\/send?text=Congresso%20retoma%20trabalhos%20nesta%20quarta-feira%20em%20meio%20%C3%A0%20pol%C3%AAmica%20sobre%20alta%20do%20pre%C3%A7o%20dos%20combust%C3%ADveis%20https%3A%2F%2Fpenoticias.com.br%2Fblog%2Fcongresso-retoma-trabalhos-nesta-quarta-feira-em-meio-a-polemica-sobre-alta-do-preco-dos-combustiveis%2F\" title=\"Whatsapp\" rel=\"nofollow noopener\" target=\"_blank\" style=\"font-size:32px!important;box-shadow:none;display:inline-block;vertical-align:middle\"><span class=\"heateor_sss_svg\" style=\"background-color:#55eb4c;width:35px;height:35px;border-radius:999px;display:inline-block;opacity:1;float:left;font-size:32px;box-shadow:none;display:inline-block;font-size:16px;padding:0 4px;vertical-align:middle;background-repeat:repeat;overflow:hidden;padding:0;cursor:pointer;box-sizing:content-box\"><svg style=\"display:block;border-radius:999px;\" focusable=\"false\" aria-hidden=\"true\" xmlns=\"http:\/\/www.w3.org\/2000\/svg\" width=\"100%\" height=\"100%\" viewBox=\"-6 -5 40 40\"><path class=\"heateor_sss_svg_stroke heateor_sss_no_fill\" stroke=\"#fff\" stroke-width=\"2\" fill=\"none\" d=\"M 11.579798566743314 24.396926207859085 A 10 10 0 1 0 6.808479557110079 20.73576436351046\"><\/path><path d=\"M 7 19 l -1 6 l 6 -1\" class=\"heateor_sss_no_fill heateor_sss_svg_stroke\" stroke=\"#fff\" stroke-width=\"2\" fill=\"none\"><\/path><path d=\"M 10 10 q -1 8 8 11 c 5 -1 0 -6 -1 -3 q -4 -3 -5 -5 c 4 -2 -1 -5 -1 -4\" fill=\"#fff\"><\/path><\/svg><\/span><\/a><a aria-label=\"Gmail\" class=\"heateor_sss_button_google_gmail\" href=\"https:\/\/mail.google.com\/mail\/?ui=2&view=cm&fs=1&tf=1&su=Congresso%20retoma%20trabalhos%20nesta%20quarta-feira%20em%20meio%20%C3%A0%20pol%C3%AAmica%20sobre%20alta%20do%20pre%C3%A7o%20dos%20combust%C3%ADveis&body=Link:https%3A%2F%2Fpenoticias.com.br%2Fblog%2Fcongresso-retoma-trabalhos-nesta-quarta-feira-em-meio-a-polemica-sobre-alta-do-preco-dos-combustiveis%2F\" title=\"Google Gmail\" rel=\"nofollow noopener\" target=\"_blank\" style=\"font-size:32px!important;box-shadow:none;display:inline-block;vertical-align:middle\"><span class=\"heateor_sss_svg heateor_sss_s__default heateor_sss_s_Google_Gmail\" style=\"background-color:#e5e5e5;width:35px;height:35px;border-radius:999px;display:inline-block;opacity:1;float:left;font-size:32px;box-shadow:none;display:inline-block;font-size:16px;padding:0 4px;vertical-align:middle;background-repeat:repeat;overflow:hidden;padding:0;cursor:pointer;box-sizing:content-box\"><svg style=\"display:block;border-radius:999px;\" focusable=\"false\" aria-hidden=\"true\" xmlns=\"http:\/\/www.w3.org\/2000\/svg\" width=\"100%\" height=\"100%\" viewBox=\"0 0 32 32\"><path fill=\"#fff\" d=\"M2.902 6.223h26.195v19.554H2.902z\"><\/path><path fill=\"#E14C41\" class=\"heateor_sss_no_fill\" d=\"M2.902 25.777h26.195V6.223H2.902v19.554zm22.44-4.007v3.806H6.955v-3.6h.032l.093-.034 6.9-5.558 2.09 1.77 1.854-1.63 7.42 5.246zm0-.672l-7.027-4.917 7.028-6.09V21.1zm-1.17-14.67l-.947.905c-2.356 2.284-4.693 4.75-7.17 6.876l-.078.06L8.062 6.39l16.11.033zm-10.597 9.61l-6.62 5.294.016-10.914 6.607 5.62\"><\/path><\/svg><\/span><\/a><a aria-label=\"Instagram\" class=\"heateor_sss_button_instagram\" href=\"https:\/\/www.instagram.com\/\" title=\"Instagram\" rel=\"nofollow noopener\" target=\"_blank\" style=\"font-size:32px!important;box-shadow:none;display:inline-block;vertical-align:middle\"><span class=\"heateor_sss_svg\" style=\"background-color:#53beee;width:35px;height:35px;border-radius:999px;display:inline-block;opacity:1;float:left;font-size:32px;box-shadow:none;display:inline-block;font-size:16px;padding:0 4px;vertical-align:middle;background-repeat:repeat;overflow:hidden;padding:0;cursor:pointer;box-sizing:content-box\"><svg style=\"display:block;border-radius:999px;\" version=\"1.1\" viewBox=\"-10 -10 148 148\" width=\"100%\" height=\"100%\" xml:space=\"preserve\" xmlns=\"http:\/\/www.w3.org\/2000\/svg\" xmlns:xlink=\"http:\/\/www.w3.org\/1999\/xlink\"><g><g><path d=\"M86,112H42c-14.336,0-26-11.663-26-26V42c0-14.337,11.664-26,26-26h44c14.337,0,26,11.663,26,26v44 C112,100.337,100.337,112,86,112z M42,24c-9.925,0-18,8.074-18,18v44c0,9.925,8.075,18,18,18h44c9.926,0,18-8.075,18-18V42 c0-9.926-8.074-18-18-18H42z\" fill=\"#fff\"><\/path><\/g><g><path d=\"M64,88c-13.234,0-24-10.767-24-24c0-13.234,10.766-24,24-24s24,10.766,24,24C88,77.233,77.234,88,64,88z M64,48c-8.822,0-16,7.178-16,16s7.178,16,16,16c8.822,0,16-7.178,16-16S72.822,48,64,48z\" fill=\"#fff\"><\/path><\/g><g><circle cx=\"89.5\" cy=\"38.5\" fill=\"#fff\" r=\"5.5\"><\/circle><\/g><\/g><\/svg><\/span><\/a><a aria-label=\"Print\" class=\"heateor_sss_button_print\" href=\"https:\/\/penoticias.com.br\/blog\/congresso-retoma-trabalhos-nesta-quarta-feira-em-meio-a-polemica-sobre-alta-do-preco-dos-combustiveis\/\" onclick=\"event.preventDefault();window.print()\" title=\"Print\" rel=\"noopener\" style=\"font-size:32px!important;box-shadow:none;display:inline-block;vertical-align:middle\"><span class=\"heateor_sss_svg heateor_sss_s__default heateor_sss_s_print\" style=\"background-color:#fd6500;width:35px;height:35px;border-radius:999px;display:inline-block;opacity:1;float:left;font-size:32px;box-shadow:none;display:inline-block;font-size:16px;padding:0 4px;vertical-align:middle;background-repeat:repeat;overflow:hidden;padding:0;cursor:pointer;box-sizing:content-box\"><svg style=\"display:block;border-radius:999px;\" focusable=\"false\" aria-hidden=\"true\" xmlns=\"http:\/\/www.w3.org\/2000\/svg\" width=\"100%\" height=\"100%\" viewBox=\"-2.8 -4.5 35 35\"><path stroke=\"#fff\" class=\"heateor_sss_svg_stroke\" d=\"M 7 10 h 2 v 3 h 12 v -3 h 2 v 7 h -2 v -3 h -12 v 3 h -2 z\" stroke-width=\"1\" fill=\"#fff\"><\/path><rect class=\"heateor_sss_no_fill heateor_sss_svg_stroke\" stroke=\"#fff\" stroke-width=\"1.8\" height=\"7\" width=\"10\" x=\"10\" y=\"5\" fill=\"none\"><\/rect><rect class=\"heateor_sss_svg_stroke\" stroke=\"#fff\" stroke-width=\"1\" height=\"5\" width=\"8\" x=\"11\" y=\"16\" fill=\"#fff\"><\/rect><\/svg><\/span><\/a><a class=\"heateor_sss_more\" aria-label=\"More\" title=\"More\" rel=\"nofollow noopener\" style=\"font-size: 32px!important;border:0;box-shadow:none;display:inline-block!important;font-size:16px;padding:0 4px;vertical-align: middle;display:inline;\" href=\"https:\/\/penoticias.com.br\/blog\/congresso-retoma-trabalhos-nesta-quarta-feira-em-meio-a-polemica-sobre-alta-do-preco-dos-combustiveis\/\" onclick=\"event.preventDefault()\"><span class=\"heateor_sss_svg\" style=\"background-color:#ee8e2d;width:35px;height:35px;border-radius:999px;display:inline-block!important;opacity:1;float:left;font-size:32px!important;box-shadow:none;display:inline-block;font-size:16px;padding:0 4px;vertical-align:middle;display:inline;background-repeat:repeat;overflow:hidden;padding:0;cursor:pointer;box-sizing:content-box;\" onclick=\"heateorSssMoreSharingPopup(this, 'https:\/\/penoticias.com.br\/blog\/congresso-retoma-trabalhos-nesta-quarta-feira-em-meio-a-polemica-sobre-alta-do-preco-dos-combustiveis\/', 'Congresso%20retoma%20trabalhos%20nesta%20quarta-feira%20em%20meio%20%C3%A0%20pol%C3%AAmica%20sobre%20alta%20do%20pre%C3%A7o%20dos%20combust%C3%ADveis', '' )\"><svg xmlns=\"http:\/\/www.w3.org\/2000\/svg\" xmlns:xlink=\"http:\/\/www.w3.org\/1999\/xlink\" viewBox=\"-.3 0 32 32\" version=\"1.1\" width=\"100%\" height=\"100%\" style=\"display:block;border-radius:999px;\" xml:space=\"preserve\"><g><path fill=\"#fff\" d=\"M18 14V8h-4v6H8v4h6v6h4v-6h6v-4h-6z\" fill-rule=\"evenodd\"><\/path><\/g><\/svg><\/span><\/a><\/div><div class=\"heateorSssClear\"><\/div><\/div><div class='heateorSssClear'><\/div>","protected":false},"author":2,"featured_media":0,"comment_status":"closed","ping_status":"closed","sticky":false,"template":"","format":"standard","meta":{"footnotes":""},"categories":[10],"tags":[],"class_list":["post-98954","post","type-post","status-publish","format-standard","hentry","category-politica"],"yoast_head":"<!-- This site is optimized with the Yoast SEO plugin v28.4 - https:\/\/yoast.com\/product\/yoast-seo-wordpress\/ -->\n<title>Congresso retoma trabalhos nesta quarta-feira em meio \u00e0 pol\u00eamica sobre alta do pre\u00e7o dos combust\u00edveis - PE Not\u00edcias<\/title>\n<meta name=\"robots\" content=\"index, follow, max-snippet:-1, max-image-preview:large, max-video-preview:-1\" \/>\n<link rel=\"canonical\" href=\"https:\/\/penoticias.com.br\/blog\/congresso-retoma-trabalhos-nesta-quarta-feira-em-meio-a-polemica-sobre-alta-do-preco-dos-combustiveis\/\" \/>\n<meta property=\"og:locale\" content=\"pt_BR\" \/>\n<meta property=\"og:type\" content=\"article\" \/>\n<meta property=\"og:title\" content=\"Congresso retoma trabalhos nesta quarta-feira em meio \u00e0 pol\u00eamica sobre alta do pre\u00e7o dos combust\u00edveis - PE Not\u00edcias\" \/>\n<meta property=\"og:description\" content=\"G1 Ap\u00f3s 40 dias de recesso, o Congresso Nacional retoma os trabalhos nesta quarta-feira (02) \u2014 com uma sess\u00e3o solene de abertura do ano legislativo \u2014 pressionado por uma agenda encurtada pelas elei\u00e7\u00f5es e em meio a embate entre poderes sobre a alta do pre\u00e7o dos combust\u00edveis, que tem contribu\u00eddo para o aumento da infla\u00e7\u00e3o. ... Ler mais\" \/>\n<meta property=\"og:url\" content=\"https:\/\/penoticias.com.br\/blog\/congresso-retoma-trabalhos-nesta-quarta-feira-em-meio-a-polemica-sobre-alta-do-preco-dos-combustiveis\/\" \/>\n<meta property=\"og:site_name\" content=\"PE Not\u00edcias\" \/>\n<meta property=\"article:publisher\" content=\"pedrovicentearaujo@hotmail.com\" \/>\n<meta property=\"article:author\" content=\"pedrovicentearaujo@hotmail.com\" \/>\n<meta property=\"article:published_time\" content=\"2022-02-02T06:06:29+00:00\" \/>\n<meta property=\"og:image\" content=\"https:\/\/www.camara.leg.br\/midias\/image\/2020\/12\/img20201113121116206-768x512.jpg\" \/>\n<meta name=\"author\" content=\"Pedro Ara\u00fajo\" \/>\n<meta name=\"twitter:card\" content=\"summary_large_image\" \/>\n<meta name=\"twitter:creator\" content=\"@pedromuela\" \/>\n<meta name=\"twitter:site\" content=\"@pedromuela\" \/>\n<meta name=\"twitter:label1\" content=\"Escrito por\" \/>\n\t<meta name=\"twitter:data1\" content=\"Pedro Ara\u00fajo\" \/>\n\t<meta name=\"twitter:label2\" content=\"Est. tempo de leitura\" \/>\n\t<meta name=\"twitter:data2\" content=\"8 minutos\" \/>\n<script type=\"application\/ld+json\" class=\"yoast-schema-graph\">{\"@context\":\"https:\\\/\\\/schema.org\",\"@graph\":[{\"@type\":\"Article\",\"@id\":\"https:\\\/\\\/penoticias.com.br\\\/blog\\\/congresso-retoma-trabalhos-nesta-quarta-feira-em-meio-a-polemica-sobre-alta-do-preco-dos-combustiveis\\\/#article\",\"isPartOf\":{\"@id\":\"https:\\\/\\\/penoticias.com.br\\\/blog\\\/congresso-retoma-trabalhos-nesta-quarta-feira-em-meio-a-polemica-sobre-alta-do-preco-dos-combustiveis\\\/\"},\"author\":{\"name\":\"Pedro Ara\u00fajo\",\"@id\":\"https:\\\/\\\/penoticias.com.br\\\/blog\\\/#\\\/schema\\\/person\\\/13ea60669d2351f129ef3657907f1432\"},\"headline\":\"Congresso retoma trabalhos nesta quarta-feira em meio \u00e0 pol\u00eamica sobre alta do pre\u00e7o dos combust\u00edveis\",\"datePublished\":\"2022-02-02T06:06:29+00:00\",\"mainEntityOfPage\":{\"@id\":\"https:\\\/\\\/penoticias.com.br\\\/blog\\\/congresso-retoma-trabalhos-nesta-quarta-feira-em-meio-a-polemica-sobre-alta-do-preco-dos-combustiveis\\\/\"},\"wordCount\":1819,\"publisher\":{\"@id\":\"https:\\\/\\\/penoticias.com.br\\\/blog\\\/#\\\/schema\\\/person\\\/13ea60669d2351f129ef3657907f1432\"},\"image\":{\"@id\":\"https:\\\/\\\/penoticias.com.br\\\/blog\\\/congresso-retoma-trabalhos-nesta-quarta-feira-em-meio-a-polemica-sobre-alta-do-preco-dos-combustiveis\\\/#primaryimage\"},\"thumbnailUrl\":\"https:\\\/\\\/www.camara.leg.br\\\/midias\\\/image\\\/2020\\\/12\\\/img20201113121116206-768x512.jpg\",\"articleSection\":[\"Pol\u00edtica\"],\"inLanguage\":\"pt-BR\"},{\"@type\":\"WebPage\",\"@id\":\"https:\\\/\\\/penoticias.com.br\\\/blog\\\/congresso-retoma-trabalhos-nesta-quarta-feira-em-meio-a-polemica-sobre-alta-do-preco-dos-combustiveis\\\/\",\"url\":\"https:\\\/\\\/penoticias.com.br\\\/blog\\\/congresso-retoma-trabalhos-nesta-quarta-feira-em-meio-a-polemica-sobre-alta-do-preco-dos-combustiveis\\\/\",\"name\":\"Congresso retoma trabalhos nesta quarta-feira em meio \u00e0 pol\u00eamica sobre alta do pre\u00e7o dos combust\u00edveis - PE Not\u00edcias\",\"isPartOf\":{\"@id\":\"https:\\\/\\\/penoticias.com.br\\\/blog\\\/#website\"},\"primaryImageOfPage\":{\"@id\":\"https:\\\/\\\/penoticias.com.br\\\/blog\\\/congresso-retoma-trabalhos-nesta-quarta-feira-em-meio-a-polemica-sobre-alta-do-preco-dos-combustiveis\\\/#primaryimage\"},\"image\":{\"@id\":\"https:\\\/\\\/penoticias.com.br\\\/blog\\\/congresso-retoma-trabalhos-nesta-quarta-feira-em-meio-a-polemica-sobre-alta-do-preco-dos-combustiveis\\\/#primaryimage\"},\"thumbnailUrl\":\"https:\\\/\\\/www.camara.leg.br\\\/midias\\\/image\\\/2020\\\/12\\\/img20201113121116206-768x512.jpg\",\"datePublished\":\"2022-02-02T06:06:29+00:00\",\"breadcrumb\":{\"@id\":\"https:\\\/\\\/penoticias.com.br\\\/blog\\\/congresso-retoma-trabalhos-nesta-quarta-feira-em-meio-a-polemica-sobre-alta-do-preco-dos-combustiveis\\\/#breadcrumb\"},\"inLanguage\":\"pt-BR\",\"potentialAction\":[{\"@type\":\"ReadAction\",\"target\":[\"https:\\\/\\\/penoticias.com.br\\\/blog\\\/congresso-retoma-trabalhos-nesta-quarta-feira-em-meio-a-polemica-sobre-alta-do-preco-dos-combustiveis\\\/\"]}]},{\"@type\":\"ImageObject\",\"inLanguage\":\"pt-BR\",\"@id\":\"https:\\\/\\\/penoticias.com.br\\\/blog\\\/congresso-retoma-trabalhos-nesta-quarta-feira-em-meio-a-polemica-sobre-alta-do-preco-dos-combustiveis\\\/#primaryimage\",\"url\":\"https:\\\/\\\/www.camara.leg.br\\\/midias\\\/image\\\/2020\\\/12\\\/img20201113121116206-768x512.jpg\",\"contentUrl\":\"https:\\\/\\\/www.camara.leg.br\\\/midias\\\/image\\\/2020\\\/12\\\/img20201113121116206-768x512.jpg\"},{\"@type\":\"BreadcrumbList\",\"@id\":\"https:\\\/\\\/penoticias.com.br\\\/blog\\\/congresso-retoma-trabalhos-nesta-quarta-feira-em-meio-a-polemica-sobre-alta-do-preco-dos-combustiveis\\\/#breadcrumb\",\"itemListElement\":[{\"@type\":\"ListItem\",\"position\":1,\"name\":\"In\u00edcio\",\"item\":\"https:\\\/\\\/penoticias.com.br\\\/blog\\\/\"},{\"@type\":\"ListItem\",\"position\":2,\"name\":\"Congresso retoma trabalhos nesta quarta-feira em meio \u00e0 pol\u00eamica sobre alta do pre\u00e7o dos combust\u00edveis\"}]},{\"@type\":\"WebSite\",\"@id\":\"https:\\\/\\\/penoticias.com.br\\\/blog\\\/#website\",\"url\":\"https:\\\/\\\/penoticias.com.br\\\/blog\\\/\",\"name\":\"PE Not\u00edcias\",\"description\":\"Voc\u00ea no Mundo da Informa\u00e7\u00e3o.\",\"publisher\":{\"@id\":\"https:\\\/\\\/penoticias.com.br\\\/blog\\\/#\\\/schema\\\/person\\\/13ea60669d2351f129ef3657907f1432\"},\"potentialAction\":[{\"@type\":\"SearchAction\",\"target\":{\"@type\":\"EntryPoint\",\"urlTemplate\":\"https:\\\/\\\/penoticias.com.br\\\/blog\\\/?s={search_term_string}\"},\"query-input\":{\"@type\":\"PropertyValueSpecification\",\"valueRequired\":true,\"valueName\":\"search_term_string\"}}],\"inLanguage\":\"pt-BR\"},{\"@type\":[\"Person\",\"Organization\"],\"@id\":\"https:\\\/\\\/penoticias.com.br\\\/blog\\\/#\\\/schema\\\/person\\\/13ea60669d2351f129ef3657907f1432\",\"name\":\"Pedro Ara\u00fajo\",\"image\":{\"@type\":\"ImageObject\",\"inLanguage\":\"pt-BR\",\"@id\":\"https:\\\/\\\/secure.gravatar.com\\\/avatar\\\/d654258027afd7c928561b83494a45e3aff23d7ac7ce926d2bceac1ffe030175?s=96&d=mm&r=g\",\"url\":\"https:\\\/\\\/secure.gravatar.com\\\/avatar\\\/d654258027afd7c928561b83494a45e3aff23d7ac7ce926d2bceac1ffe030175?s=96&d=mm&r=g\",\"contentUrl\":\"https:\\\/\\\/secure.gravatar.com\\\/avatar\\\/d654258027afd7c928561b83494a45e3aff23d7ac7ce926d2bceac1ffe030175?s=96&d=mm&r=g\",\"caption\":\"Pedro Ara\u00fajo\"},\"logo\":{\"@id\":\"https:\\\/\\\/secure.gravatar.com\\\/avatar\\\/d654258027afd7c928561b83494a45e3aff23d7ac7ce926d2bceac1ffe030175?s=96&d=mm&r=g\"},\"description\":\"As informa\u00e7\u00f5es que traduzem as verdades dos fatos, sem ferir ou denegrir pessoas ou imagens. Como tamb\u00e9m, nunca procurando agradar aos maus feitores.\",\"sameAs\":[\"http:\\\/\\\/www.penoticias.com.br\",\"pedrovicentearaujo@hotmail.com\",\"@pedroafogados\",\"https:\\\/\\\/x.com\\\/pedromuela\",\"www.penoticias.com.br\"],\"url\":\"https:\\\/\\\/penoticias.com.br\\\/blog\\\/author\\\/pedro\\\/\"}]}<\/script>\n<!-- \/ Yoast SEO plugin. -->","yoast_head_json":{"title":"Congresso retoma trabalhos nesta quarta-feira em meio \u00e0 pol\u00eamica sobre alta do pre\u00e7o dos combust\u00edveis - PE Not\u00edcias","robots":{"index":"index","follow":"follow","max-snippet":"max-snippet:-1","max-image-preview":"max-image-preview:large","max-video-preview":"max-video-preview:-1"},"canonical":"https:\/\/penoticias.com.br\/blog\/congresso-retoma-trabalhos-nesta-quarta-feira-em-meio-a-polemica-sobre-alta-do-preco-dos-combustiveis\/","og_locale":"pt_BR","og_type":"article","og_title":"Congresso retoma trabalhos nesta quarta-feira em meio \u00e0 pol\u00eamica sobre alta do pre\u00e7o dos combust\u00edveis - PE Not\u00edcias","og_description":"G1 Ap\u00f3s 40 dias de recesso, o Congresso Nacional retoma os trabalhos nesta quarta-feira (02) \u2014 com uma sess\u00e3o solene de abertura do ano legislativo \u2014 pressionado por uma agenda encurtada pelas elei\u00e7\u00f5es e em meio a embate entre poderes sobre a alta do pre\u00e7o dos combust\u00edveis, que tem contribu\u00eddo para o aumento da infla\u00e7\u00e3o. ... Ler mais","og_url":"https:\/\/penoticias.com.br\/blog\/congresso-retoma-trabalhos-nesta-quarta-feira-em-meio-a-polemica-sobre-alta-do-preco-dos-combustiveis\/","og_site_name":"PE Not\u00edcias","article_publisher":"pedrovicentearaujo@hotmail.com","article_author":"pedrovicentearaujo@hotmail.com","article_published_time":"2022-02-02T06:06:29+00:00","og_image":[{"url":"https:\/\/www.camara.leg.br\/midias\/image\/2020\/12\/img20201113121116206-768x512.jpg","type":"","width":"","height":""}],"author":"Pedro Ara\u00fajo","twitter_card":"summary_large_image","twitter_creator":"@pedromuela","twitter_site":"@pedromuela","twitter_misc":{"Escrito por":"Pedro Ara\u00fajo","Est. tempo de leitura":"8 minutos"},"schema":{"@context":"https:\/\/schema.org","@graph":[{"@type":"Article","@id":"https:\/\/penoticias.com.br\/blog\/congresso-retoma-trabalhos-nesta-quarta-feira-em-meio-a-polemica-sobre-alta-do-preco-dos-combustiveis\/#article","isPartOf":{"@id":"https:\/\/penoticias.com.br\/blog\/congresso-retoma-trabalhos-nesta-quarta-feira-em-meio-a-polemica-sobre-alta-do-preco-dos-combustiveis\/"},"author":{"name":"Pedro Ara\u00fajo","@id":"https:\/\/penoticias.com.br\/blog\/#\/schema\/person\/13ea60669d2351f129ef3657907f1432"},"headline":"Congresso retoma trabalhos nesta quarta-feira em meio \u00e0 pol\u00eamica sobre alta do pre\u00e7o dos combust\u00edveis","datePublished":"2022-02-02T06:06:29+00:00","mainEntityOfPage":{"@id":"https:\/\/penoticias.com.br\/blog\/congresso-retoma-trabalhos-nesta-quarta-feira-em-meio-a-polemica-sobre-alta-do-preco-dos-combustiveis\/"},"wordCount":1819,"publisher":{"@id":"https:\/\/penoticias.com.br\/blog\/#\/schema\/person\/13ea60669d2351f129ef3657907f1432"},"image":{"@id":"https:\/\/penoticias.com.br\/blog\/congresso-retoma-trabalhos-nesta-quarta-feira-em-meio-a-polemica-sobre-alta-do-preco-dos-combustiveis\/#primaryimage"},"thumbnailUrl":"https:\/\/www.camara.leg.br\/midias\/image\/2020\/12\/img20201113121116206-768x512.jpg","articleSection":["Pol\u00edtica"],"inLanguage":"pt-BR"},{"@type":"WebPage","@id":"https:\/\/penoticias.com.br\/blog\/congresso-retoma-trabalhos-nesta-quarta-feira-em-meio-a-polemica-sobre-alta-do-preco-dos-combustiveis\/","url":"https:\/\/penoticias.com.br\/blog\/congresso-retoma-trabalhos-nesta-quarta-feira-em-meio-a-polemica-sobre-alta-do-preco-dos-combustiveis\/","name":"Congresso retoma trabalhos nesta quarta-feira em meio \u00e0 pol\u00eamica sobre alta do pre\u00e7o dos combust\u00edveis - PE Not\u00edcias","isPartOf":{"@id":"https:\/\/penoticias.com.br\/blog\/#website"},"primaryImageOfPage":{"@id":"https:\/\/penoticias.com.br\/blog\/congresso-retoma-trabalhos-nesta-quarta-feira-em-meio-a-polemica-sobre-alta-do-preco-dos-combustiveis\/#primaryimage"},"image":{"@id":"https:\/\/penoticias.com.br\/blog\/congresso-retoma-trabalhos-nesta-quarta-feira-em-meio-a-polemica-sobre-alta-do-preco-dos-combustiveis\/#primaryimage"},"thumbnailUrl":"https:\/\/www.camara.leg.br\/midias\/image\/2020\/12\/img20201113121116206-768x512.jpg","datePublished":"2022-02-02T06:06:29+00:00","breadcrumb":{"@id":"https:\/\/penoticias.com.br\/blog\/congresso-retoma-trabalhos-nesta-quarta-feira-em-meio-a-polemica-sobre-alta-do-preco-dos-combustiveis\/#breadcrumb"},"inLanguage":"pt-BR","potentialAction":[{"@type":"ReadAction","target":["https:\/\/penoticias.com.br\/blog\/congresso-retoma-trabalhos-nesta-quarta-feira-em-meio-a-polemica-sobre-alta-do-preco-dos-combustiveis\/"]}]},{"@type":"ImageObject","inLanguage":"pt-BR","@id":"https:\/\/penoticias.com.br\/blog\/congresso-retoma-trabalhos-nesta-quarta-feira-em-meio-a-polemica-sobre-alta-do-preco-dos-combustiveis\/#primaryimage","url":"https:\/\/www.camara.leg.br\/midias\/image\/2020\/12\/img20201113121116206-768x512.jpg","contentUrl":"https:\/\/www.camara.leg.br\/midias\/image\/2020\/12\/img20201113121116206-768x512.jpg"},{"@type":"BreadcrumbList","@id":"https:\/\/penoticias.com.br\/blog\/congresso-retoma-trabalhos-nesta-quarta-feira-em-meio-a-polemica-sobre-alta-do-preco-dos-combustiveis\/#breadcrumb","itemListElement":[{"@type":"ListItem","position":1,"name":"In\u00edcio","item":"https:\/\/penoticias.com.br\/blog\/"},{"@type":"ListItem","position":2,"name":"Congresso retoma trabalhos nesta quarta-feira em meio \u00e0 pol\u00eamica sobre alta do pre\u00e7o dos combust\u00edveis"}]},{"@type":"WebSite","@id":"https:\/\/penoticias.com.br\/blog\/#website","url":"https:\/\/penoticias.com.br\/blog\/","name":"PE Not\u00edcias","description":"Voc\u00ea no Mundo da Informa\u00e7\u00e3o.","publisher":{"@id":"https:\/\/penoticias.com.br\/blog\/#\/schema\/person\/13ea60669d2351f129ef3657907f1432"},"potentialAction":[{"@type":"SearchAction","target":{"@type":"EntryPoint","urlTemplate":"https:\/\/penoticias.com.br\/blog\/?s={search_term_string}"},"query-input":{"@type":"PropertyValueSpecification","valueRequired":true,"valueName":"search_term_string"}}],"inLanguage":"pt-BR"},{"@type":["Person","Organization"],"@id":"https:\/\/penoticias.com.br\/blog\/#\/schema\/person\/13ea60669d2351f129ef3657907f1432","name":"Pedro Ara\u00fajo","image":{"@type":"ImageObject","inLanguage":"pt-BR","@id":"https:\/\/secure.gravatar.com\/avatar\/d654258027afd7c928561b83494a45e3aff23d7ac7ce926d2bceac1ffe030175?s=96&d=mm&r=g","url":"https:\/\/secure.gravatar.com\/avatar\/d654258027afd7c928561b83494a45e3aff23d7ac7ce926d2bceac1ffe030175?s=96&d=mm&r=g","contentUrl":"https:\/\/secure.gravatar.com\/avatar\/d654258027afd7c928561b83494a45e3aff23d7ac7ce926d2bceac1ffe030175?s=96&d=mm&r=g","caption":"Pedro Ara\u00fajo"},"logo":{"@id":"https:\/\/secure.gravatar.com\/avatar\/d654258027afd7c928561b83494a45e3aff23d7ac7ce926d2bceac1ffe030175?s=96&d=mm&r=g"},"description":"As informa\u00e7\u00f5es que traduzem as verdades dos fatos, sem ferir ou denegrir pessoas ou imagens. Como tamb\u00e9m, nunca procurando agradar aos maus feitores.","sameAs":["http:\/\/www.penoticias.com.br","pedrovicentearaujo@hotmail.com","@pedroafogados","https:\/\/x.com\/pedromuela","www.penoticias.com.br"],"url":"https:\/\/penoticias.com.br\/blog\/author\/pedro\/"}]}},"_links":{"self":[{"href":"https:\/\/penoticias.com.br\/blog\/wp-json\/wp\/v2\/posts\/98954","targetHints":{"allow":["GET"]}}],"collection":[{"href":"https:\/\/penoticias.com.br\/blog\/wp-json\/wp\/v2\/posts"}],"about":[{"href":"https:\/\/penoticias.com.br\/blog\/wp-json\/wp\/v2\/types\/post"}],"author":[{"embeddable":true,"href":"https:\/\/penoticias.com.br\/blog\/wp-json\/wp\/v2\/users\/2"}],"replies":[{"embeddable":true,"href":"https:\/\/penoticias.com.br\/blog\/wp-json\/wp\/v2\/comments?post=98954"}],"version-history":[{"count":1,"href":"https:\/\/penoticias.com.br\/blog\/wp-json\/wp\/v2\/posts\/98954\/revisions"}],"predecessor-version":[{"id":98955,"href":"https:\/\/penoticias.com.br\/blog\/wp-json\/wp\/v2\/posts\/98954\/revisions\/98955"}],"wp:attachment":[{"href":"https:\/\/penoticias.com.br\/blog\/wp-json\/wp\/v2\/media?parent=98954"}],"wp:term":[{"taxonomy":"category","embeddable":true,"href":"https:\/\/penoticias.com.br\/blog\/wp-json\/wp\/v2\/categories?post=98954"},{"taxonomy":"post_tag","embeddable":true,"href":"https:\/\/penoticias.com.br\/blog\/wp-json\/wp\/v2\/tags?post=98954"}],"curies":[{"name":"wp","href":"https:\/\/api.w.org\/{rel}","templated":true}]}}