{"id":99036,"date":"2022-02-03T03:12:44","date_gmt":"2022-02-03T06:12:44","guid":{"rendered":"https:\/\/penoticias.com.br\/blog\/?p=99036"},"modified":"2022-02-02T16:49:54","modified_gmt":"2022-02-02T19:49:54","slug":"ceara-tem-papel-historico-na-transposicao-do-rio-sao-francisco","status":"publish","type":"post","link":"https:\/\/penoticias.com.br\/blog\/ceara-tem-papel-historico-na-transposicao-do-rio-sao-francisco\/","title":{"rendered":"Cear\u00e1 tem papel hist\u00f3rico na transposi\u00e7\u00e3o do Rio S\u00e3o Francisco"},"content":{"rendered":"<p style=\"text-align: center;\"><img fetchpriority=\"high\" decoding=\"async\" class=\"\" title=\"Foto: MDR\/Divulga\u00e7\u00e3o\" src=\"https:\/\/d32exhd5j7o0z1.cloudfront.net\/variants\/qXTtW3WCGzjCjZvpLTTYYjkw\/b6ddb1640e40bdd68db56d48e7164c4813c0819bad11420b1fe7db253f4a5ce3\" alt=\"Foto: MDR\/Divulga\u00e7\u00e3o\" width=\"672\" height=\"430\" \/><\/p>\n<p><span style=\"font-size: 8pt;\"><strong>Brasil61<\/strong><\/span><\/p>\n<p>O estado do Cear\u00e1 tem um papel hist\u00f3rico na transposi\u00e7\u00e3o do Rio S\u00e3o Francisco. Foi Marco Ant\u00f4nio Macedo, intendente da cidade do Crato, quem primeiro elaborou um projeto para levar as \u00e1guas do Velho Chico ao semi\u00e1rido nordestino. Isso foi em 1847, mas o povo do Cear\u00e1 precisou esperar muito mais tempo para ver as \u00e1guas chegarem ao seu estado. Apenas em 2020, ap\u00f3s muito trabalho e desafios vencidos pelo Governo Federal, as \u00e1guas sa\u00edram de Pernambuco e entraram em terras cearenses.<\/p>\n<p>O primeiro ponto de chegada foi o Reservat\u00f3rio Jati. De l\u00e1, as \u00e1guas seguiram para o Cintur\u00e3o das \u00c1guas do Cear\u00e1 e, ent\u00e3o, para o A\u00e7ude Castanh\u00e3o, garantindo seguran\u00e7a h\u00eddrica para mais de 4 milh\u00f5es e meio de moradores da Regi\u00e3o Metropolitana de Fortaleza e de 24 cidades do estado. O ministro do Desenvolvimento Regional, Rog\u00e9rio Marinho, destaca a import\u00e2ncia da chegada das \u00e1guas do S\u00e3o Francisco na regi\u00e3o.<\/p>\n<p>&#8220;\u00c9 bom lembrar que em 2016 e 2017 n\u00f3s tivemos uma grave crise h\u00eddrica no Nordeste. Foram mais de sete anos de seca e se aventou a possibilidade de abastecer a cidade de Fortaleza com carros-pipa, a exemplo do que ocorreu em Campina Grande, na Para\u00edba. Essa \u00e9 uma obra hist\u00f3rica, essencial. As \u00e1guas do S\u00e3o Francisco\u00a0v\u00e3o dar a seguran\u00e7a h\u00eddrica necess\u00e1ria a toda a regi\u00e3o metropolitana da cidade de Fortaleza&#8221;.<\/p>\n<p>O Governo Federal, por meio do Minist\u00e9rio do Desenvolvimento Regional (MDR), tamb\u00e9m est\u00e1 retirando do papel uma das estruturas previstas no projeto original da transposi\u00e7\u00e3o. Ignorado por gest\u00f5es anteriores, o Ramal do Salgado finalmente ser\u00e1 constru\u00eddo. Com investimentos federais de R$ 600 milh\u00f5es, a estrutura vai beneficiar\u00a0 mais de 4 milh\u00f5es de pessoas em 54 cidades do estado.<\/p>\n<p>A chegada das \u00e1guas do S\u00e3o Francisco j\u00e1 est\u00e1 mudando a vida de v\u00e1rias pessoas no semi\u00e1rido cearense. Uma delas \u00e9 Jo\u00e3o Paulo Br\u00e1s da Silva, morador da vila produtiva rural de Descanso. Ele destacou que o abastecimento garantiu mais oportunidade de emprego e qualidade de vida. <!--more--><\/p>\n<p>&#8220;Hoje, a gente tem uma moradia digna, tem um terreno de cerqueiro para trabalhar e, h\u00e1 muitos anos, a gente esperava por isso. E com isso, trazer mais qualidade de vida e gera\u00e7\u00e3o de renda para dentro da comunidade&#8221;.<\/p>\n<p>Para saber mais sobre o Projeto de Integra\u00e7\u00e3o do Rio S\u00e3o Francisco e outras a\u00e7\u00f5es de seguran\u00e7a h\u00eddrica do Governo Federal, acesse <span style=\"color: #ff0000;\"><a style=\"color: #ff0000;\" href=\"http:\/\/mdr.gov.br.\">mdr.gov.br.\u00a0<\/a><\/span><\/p>\n","protected":false},"excerpt":{"rendered":"<p>Brasil61 O estado do Cear\u00e1 tem um papel hist\u00f3rico na transposi\u00e7\u00e3o do Rio S\u00e3o Francisco. Foi Marco Ant\u00f4nio Macedo, intendente da cidade do Crato, quem primeiro elaborou um projeto para levar as \u00e1guas do Velho Chico ao semi\u00e1rido nordestino. Isso foi em 1847, mas o povo do Cear\u00e1 precisou esperar muito mais tempo para ver &#8230; <a title=\"Cear\u00e1 tem papel hist\u00f3rico na transposi\u00e7\u00e3o do Rio S\u00e3o Francisco\" class=\"read-more\" href=\"https:\/\/penoticias.com.br\/blog\/ceara-tem-papel-historico-na-transposicao-do-rio-sao-francisco\/\" aria-label=\"Read more about Cear\u00e1 tem papel hist\u00f3rico na transposi\u00e7\u00e3o do Rio S\u00e3o Francisco\">Ler mais<\/a><\/p>\n<div class='heateorSssClear'><\/div><div  class='heateor_sss_sharing_container heateor_sss_horizontal_sharing' data-heateor-sss-href='https:\/\/penoticias.com.br\/blog\/ceara-tem-papel-historico-na-transposicao-do-rio-sao-francisco\/'><div class='heateor_sss_sharing_title' style=\"font-weight:bold\" ><\/div><div class=\"heateor_sss_sharing_ul\"><a aria-label=\"Facebook\" class=\"heateor_sss_facebook\" href=\"https:\/\/www.facebook.com\/sharer\/sharer.php?u=https%3A%2F%2Fpenoticias.com.br%2Fblog%2Fceara-tem-papel-historico-na-transposicao-do-rio-sao-francisco%2F\" title=\"Facebook\" rel=\"nofollow noopener\" target=\"_blank\" style=\"font-size:32px!important;box-shadow:none;display:inline-block;vertical-align:middle\"><span class=\"heateor_sss_svg\" style=\"background-color:#0765FE;width:35px;height:35px;border-radius:999px;display:inline-block;opacity:1;float:left;font-size:32px;box-shadow:none;display:inline-block;font-size:16px;padding:0 4px;vertical-align:middle;background-repeat:repeat;overflow:hidden;padding:0;cursor:pointer;box-sizing:content-box\"><svg style=\"display:block;border-radius:999px;\" focusable=\"false\" aria-hidden=\"true\" xmlns=\"http:\/\/www.w3.org\/2000\/svg\" width=\"100%\" height=\"100%\" viewBox=\"0 0 32 32\"><path fill=\"#fff\" d=\"M28 16c0-6.627-5.373-12-12-12S4 9.373 4 16c0 5.628 3.875 10.35 9.101 11.647v-7.98h-2.474V16H13.1v-1.58c0-4.085 1.849-5.978 5.859-5.978.76 0 2.072.15 2.608.298v3.325c-.283-.03-.775-.045-1.386-.045-1.967 0-2.728.745-2.728 2.683V16h3.92l-.673 3.667h-3.247v8.245C23.395 27.195 28 22.135 28 16Z\"><\/path><\/svg><\/span><\/a><a aria-label=\"Twitter\" class=\"heateor_sss_button_twitter\" href=\"https:\/\/twitter.com\/intent\/tweet?text=Cear%C3%A1%20tem%20papel%20hist%C3%B3rico%20na%20transposi%C3%A7%C3%A3o%20do%20Rio%20S%C3%A3o%20Francisco&url=https%3A%2F%2Fpenoticias.com.br%2Fblog%2Fceara-tem-papel-historico-na-transposicao-do-rio-sao-francisco%2F\" title=\"Twitter\" rel=\"nofollow noopener\" target=\"_blank\" style=\"font-size:32px!important;box-shadow:none;display:inline-block;vertical-align:middle\"><span class=\"heateor_sss_svg heateor_sss_s__default heateor_sss_s_twitter\" style=\"background-color:#55acee;width:35px;height:35px;border-radius:999px;display:inline-block;opacity:1;float:left;font-size:32px;box-shadow:none;display:inline-block;font-size:16px;padding:0 4px;vertical-align:middle;background-repeat:repeat;overflow:hidden;padding:0;cursor:pointer;box-sizing:content-box\"><svg style=\"display:block;border-radius:999px;\" focusable=\"false\" aria-hidden=\"true\" xmlns=\"http:\/\/www.w3.org\/2000\/svg\" width=\"100%\" height=\"100%\" viewBox=\"-4 -4 39 39\"><path d=\"M28 8.557a9.913 9.913 0 0 1-2.828.775 4.93 4.93 0 0 0 2.166-2.725 9.738 9.738 0 0 1-3.13 1.194 4.92 4.92 0 0 0-3.593-1.55 4.924 4.924 0 0 0-4.794 6.049c-4.09-.21-7.72-2.17-10.15-5.15a4.942 4.942 0 0 0-.665 2.477c0 1.71.87 3.214 2.19 4.1a4.968 4.968 0 0 1-2.23-.616v.06c0 2.39 1.7 4.38 3.952 4.83-.414.115-.85.174-1.297.174-.318 0-.626-.03-.928-.086a4.935 4.935 0 0 0 4.6 3.42 9.893 9.893 0 0 1-6.114 2.107c-.398 0-.79-.023-1.175-.068a13.953 13.953 0 0 0 7.55 2.213c9.056 0 14.01-7.507 14.01-14.013 0-.213-.005-.426-.015-.637.96-.695 1.795-1.56 2.455-2.55z\" fill=\"#fff\"><\/path><\/svg><\/span><\/a><a aria-label=\"Whatsapp\" class=\"heateor_sss_whatsapp\" href=\"https:\/\/api.whatsapp.com\/send?text=Cear%C3%A1%20tem%20papel%20hist%C3%B3rico%20na%20transposi%C3%A7%C3%A3o%20do%20Rio%20S%C3%A3o%20Francisco%20https%3A%2F%2Fpenoticias.com.br%2Fblog%2Fceara-tem-papel-historico-na-transposicao-do-rio-sao-francisco%2F\" title=\"Whatsapp\" rel=\"nofollow noopener\" target=\"_blank\" style=\"font-size:32px!important;box-shadow:none;display:inline-block;vertical-align:middle\"><span class=\"heateor_sss_svg\" style=\"background-color:#55eb4c;width:35px;height:35px;border-radius:999px;display:inline-block;opacity:1;float:left;font-size:32px;box-shadow:none;display:inline-block;font-size:16px;padding:0 4px;vertical-align:middle;background-repeat:repeat;overflow:hidden;padding:0;cursor:pointer;box-sizing:content-box\"><svg style=\"display:block;border-radius:999px;\" focusable=\"false\" aria-hidden=\"true\" xmlns=\"http:\/\/www.w3.org\/2000\/svg\" width=\"100%\" height=\"100%\" viewBox=\"-6 -5 40 40\"><path class=\"heateor_sss_svg_stroke heateor_sss_no_fill\" stroke=\"#fff\" stroke-width=\"2\" fill=\"none\" d=\"M 11.579798566743314 24.396926207859085 A 10 10 0 1 0 6.808479557110079 20.73576436351046\"><\/path><path d=\"M 7 19 l -1 6 l 6 -1\" class=\"heateor_sss_no_fill heateor_sss_svg_stroke\" stroke=\"#fff\" stroke-width=\"2\" fill=\"none\"><\/path><path d=\"M 10 10 q -1 8 8 11 c 5 -1 0 -6 -1 -3 q -4 -3 -5 -5 c 4 -2 -1 -5 -1 -4\" fill=\"#fff\"><\/path><\/svg><\/span><\/a><a aria-label=\"Gmail\" class=\"heateor_sss_button_google_gmail\" href=\"https:\/\/mail.google.com\/mail\/?ui=2&view=cm&fs=1&tf=1&su=Cear%C3%A1%20tem%20papel%20hist%C3%B3rico%20na%20transposi%C3%A7%C3%A3o%20do%20Rio%20S%C3%A3o%20Francisco&body=Link:https%3A%2F%2Fpenoticias.com.br%2Fblog%2Fceara-tem-papel-historico-na-transposicao-do-rio-sao-francisco%2F\" title=\"Google Gmail\" rel=\"nofollow noopener\" target=\"_blank\" style=\"font-size:32px!important;box-shadow:none;display:inline-block;vertical-align:middle\"><span class=\"heateor_sss_svg heateor_sss_s__default heateor_sss_s_Google_Gmail\" style=\"background-color:#e5e5e5;width:35px;height:35px;border-radius:999px;display:inline-block;opacity:1;float:left;font-size:32px;box-shadow:none;display:inline-block;font-size:16px;padding:0 4px;vertical-align:middle;background-repeat:repeat;overflow:hidden;padding:0;cursor:pointer;box-sizing:content-box\"><svg style=\"display:block;border-radius:999px;\" focusable=\"false\" aria-hidden=\"true\" xmlns=\"http:\/\/www.w3.org\/2000\/svg\" width=\"100%\" height=\"100%\" viewBox=\"0 0 32 32\"><path fill=\"#fff\" d=\"M2.902 6.223h26.195v19.554H2.902z\"><\/path><path fill=\"#E14C41\" class=\"heateor_sss_no_fill\" d=\"M2.902 25.777h26.195V6.223H2.902v19.554zm22.44-4.007v3.806H6.955v-3.6h.032l.093-.034 6.9-5.558 2.09 1.77 1.854-1.63 7.42 5.246zm0-.672l-7.027-4.917 7.028-6.09V21.1zm-1.17-14.67l-.947.905c-2.356 2.284-4.693 4.75-7.17 6.876l-.078.06L8.062 6.39l16.11.033zm-10.597 9.61l-6.62 5.294.016-10.914 6.607 5.62\"><\/path><\/svg><\/span><\/a><a aria-label=\"Instagram\" class=\"heateor_sss_button_instagram\" href=\"https:\/\/www.instagram.com\/\" title=\"Instagram\" rel=\"nofollow noopener\" target=\"_blank\" style=\"font-size:32px!important;box-shadow:none;display:inline-block;vertical-align:middle\"><span class=\"heateor_sss_svg\" style=\"background-color:#53beee;width:35px;height:35px;border-radius:999px;display:inline-block;opacity:1;float:left;font-size:32px;box-shadow:none;display:inline-block;font-size:16px;padding:0 4px;vertical-align:middle;background-repeat:repeat;overflow:hidden;padding:0;cursor:pointer;box-sizing:content-box\"><svg style=\"display:block;border-radius:999px;\" version=\"1.1\" viewBox=\"-10 -10 148 148\" width=\"100%\" height=\"100%\" xml:space=\"preserve\" xmlns=\"http:\/\/www.w3.org\/2000\/svg\" xmlns:xlink=\"http:\/\/www.w3.org\/1999\/xlink\"><g><g><path d=\"M86,112H42c-14.336,0-26-11.663-26-26V42c0-14.337,11.664-26,26-26h44c14.337,0,26,11.663,26,26v44 C112,100.337,100.337,112,86,112z M42,24c-9.925,0-18,8.074-18,18v44c0,9.925,8.075,18,18,18h44c9.926,0,18-8.075,18-18V42 c0-9.926-8.074-18-18-18H42z\" fill=\"#fff\"><\/path><\/g><g><path d=\"M64,88c-13.234,0-24-10.767-24-24c0-13.234,10.766-24,24-24s24,10.766,24,24C88,77.233,77.234,88,64,88z M64,48c-8.822,0-16,7.178-16,16s7.178,16,16,16c8.822,0,16-7.178,16-16S72.822,48,64,48z\" fill=\"#fff\"><\/path><\/g><g><circle cx=\"89.5\" cy=\"38.5\" fill=\"#fff\" r=\"5.5\"><\/circle><\/g><\/g><\/svg><\/span><\/a><a aria-label=\"Print\" class=\"heateor_sss_button_print\" href=\"https:\/\/penoticias.com.br\/blog\/ceara-tem-papel-historico-na-transposicao-do-rio-sao-francisco\/\" onclick=\"event.preventDefault();window.print()\" title=\"Print\" rel=\"noopener\" style=\"font-size:32px!important;box-shadow:none;display:inline-block;vertical-align:middle\"><span class=\"heateor_sss_svg heateor_sss_s__default heateor_sss_s_print\" style=\"background-color:#fd6500;width:35px;height:35px;border-radius:999px;display:inline-block;opacity:1;float:left;font-size:32px;box-shadow:none;display:inline-block;font-size:16px;padding:0 4px;vertical-align:middle;background-repeat:repeat;overflow:hidden;padding:0;cursor:pointer;box-sizing:content-box\"><svg style=\"display:block;border-radius:999px;\" focusable=\"false\" aria-hidden=\"true\" xmlns=\"http:\/\/www.w3.org\/2000\/svg\" width=\"100%\" height=\"100%\" viewBox=\"-2.8 -4.5 35 35\"><path stroke=\"#fff\" class=\"heateor_sss_svg_stroke\" d=\"M 7 10 h 2 v 3 h 12 v -3 h 2 v 7 h -2 v -3 h -12 v 3 h -2 z\" stroke-width=\"1\" fill=\"#fff\"><\/path><rect class=\"heateor_sss_no_fill heateor_sss_svg_stroke\" stroke=\"#fff\" stroke-width=\"1.8\" height=\"7\" width=\"10\" x=\"10\" y=\"5\" fill=\"none\"><\/rect><rect class=\"heateor_sss_svg_stroke\" stroke=\"#fff\" stroke-width=\"1\" height=\"5\" width=\"8\" x=\"11\" y=\"16\" fill=\"#fff\"><\/rect><\/svg><\/span><\/a><a class=\"heateor_sss_more\" aria-label=\"More\" title=\"More\" rel=\"nofollow noopener\" style=\"font-size: 32px!important;border:0;box-shadow:none;display:inline-block!important;font-size:16px;padding:0 4px;vertical-align: middle;display:inline;\" href=\"https:\/\/penoticias.com.br\/blog\/ceara-tem-papel-historico-na-transposicao-do-rio-sao-francisco\/\" onclick=\"event.preventDefault()\"><span class=\"heateor_sss_svg\" style=\"background-color:#ee8e2d;width:35px;height:35px;border-radius:999px;display:inline-block!important;opacity:1;float:left;font-size:32px!important;box-shadow:none;display:inline-block;font-size:16px;padding:0 4px;vertical-align:middle;display:inline;background-repeat:repeat;overflow:hidden;padding:0;cursor:pointer;box-sizing:content-box;\" onclick=\"heateorSssMoreSharingPopup(this, 'https:\/\/penoticias.com.br\/blog\/ceara-tem-papel-historico-na-transposicao-do-rio-sao-francisco\/', 'Cear%C3%A1%20tem%20papel%20hist%C3%B3rico%20na%20transposi%C3%A7%C3%A3o%20do%20Rio%20S%C3%A3o%20Francisco', '' )\"><svg xmlns=\"http:\/\/www.w3.org\/2000\/svg\" xmlns:xlink=\"http:\/\/www.w3.org\/1999\/xlink\" viewBox=\"-.3 0 32 32\" version=\"1.1\" width=\"100%\" height=\"100%\" style=\"display:block;border-radius:999px;\" xml:space=\"preserve\"><g><path fill=\"#fff\" d=\"M18 14V8h-4v6H8v4h6v6h4v-6h6v-4h-6z\" fill-rule=\"evenodd\"><\/path><\/g><\/svg><\/span><\/a><\/div><div class=\"heateorSssClear\"><\/div><\/div><div class='heateorSssClear'><\/div>","protected":false},"author":2,"featured_media":0,"comment_status":"closed","ping_status":"closed","sticky":false,"template":"","format":"standard","meta":{"footnotes":""},"categories":[10],"tags":[],"class_list":["post-99036","post","type-post","status-publish","format-standard","hentry","category-politica"],"yoast_head":"<!-- This site is optimized with the Yoast SEO plugin v28.4 - https:\/\/yoast.com\/product\/yoast-seo-wordpress\/ -->\n<title>Cear\u00e1 tem papel hist\u00f3rico na transposi\u00e7\u00e3o do Rio S\u00e3o Francisco - PE Not\u00edcias<\/title>\n<meta name=\"robots\" content=\"index, follow, max-snippet:-1, max-image-preview:large, max-video-preview:-1\" \/>\n<link rel=\"canonical\" href=\"https:\/\/penoticias.com.br\/blog\/ceara-tem-papel-historico-na-transposicao-do-rio-sao-francisco\/\" \/>\n<meta property=\"og:locale\" content=\"pt_BR\" \/>\n<meta property=\"og:type\" content=\"article\" \/>\n<meta property=\"og:title\" content=\"Cear\u00e1 tem papel hist\u00f3rico na transposi\u00e7\u00e3o do Rio S\u00e3o Francisco - PE Not\u00edcias\" \/>\n<meta property=\"og:description\" content=\"Brasil61 O estado do Cear\u00e1 tem um papel hist\u00f3rico na transposi\u00e7\u00e3o do Rio S\u00e3o Francisco. Foi Marco Ant\u00f4nio Macedo, intendente da cidade do Crato, quem primeiro elaborou um projeto para levar as \u00e1guas do Velho Chico ao semi\u00e1rido nordestino. Isso foi em 1847, mas o povo do Cear\u00e1 precisou esperar muito mais tempo para ver ... Ler mais\" \/>\n<meta property=\"og:url\" content=\"https:\/\/penoticias.com.br\/blog\/ceara-tem-papel-historico-na-transposicao-do-rio-sao-francisco\/\" \/>\n<meta property=\"og:site_name\" content=\"PE Not\u00edcias\" \/>\n<meta property=\"article:publisher\" content=\"pedrovicentearaujo@hotmail.com\" \/>\n<meta property=\"article:author\" content=\"pedrovicentearaujo@hotmail.com\" \/>\n<meta property=\"article:published_time\" content=\"2022-02-03T06:12:44+00:00\" \/>\n<meta property=\"og:image\" content=\"https:\/\/d32exhd5j7o0z1.cloudfront.net\/variants\/qXTtW3WCGzjCjZvpLTTYYjkw\/b6ddb1640e40bdd68db56d48e7164c4813c0819bad11420b1fe7db253f4a5ce3\" \/>\n<meta name=\"author\" content=\"Pedro Ara\u00fajo\" \/>\n<meta name=\"twitter:card\" content=\"summary_large_image\" \/>\n<meta name=\"twitter:creator\" content=\"@pedromuela\" \/>\n<meta name=\"twitter:site\" content=\"@pedromuela\" \/>\n<meta name=\"twitter:label1\" content=\"Escrito por\" \/>\n\t<meta name=\"twitter:data1\" content=\"Pedro Ara\u00fajo\" \/>\n\t<meta name=\"twitter:label2\" content=\"Est. tempo de leitura\" \/>\n\t<meta name=\"twitter:data2\" content=\"2 minutos\" \/>\n<script type=\"application\/ld+json\" class=\"yoast-schema-graph\">{\"@context\":\"https:\\\/\\\/schema.org\",\"@graph\":[{\"@type\":\"Article\",\"@id\":\"https:\\\/\\\/penoticias.com.br\\\/blog\\\/ceara-tem-papel-historico-na-transposicao-do-rio-sao-francisco\\\/#article\",\"isPartOf\":{\"@id\":\"https:\\\/\\\/penoticias.com.br\\\/blog\\\/ceara-tem-papel-historico-na-transposicao-do-rio-sao-francisco\\\/\"},\"author\":{\"name\":\"Pedro Ara\u00fajo\",\"@id\":\"https:\\\/\\\/penoticias.com.br\\\/blog\\\/#\\\/schema\\\/person\\\/13ea60669d2351f129ef3657907f1432\"},\"headline\":\"Cear\u00e1 tem papel hist\u00f3rico na transposi\u00e7\u00e3o do Rio S\u00e3o Francisco\",\"datePublished\":\"2022-02-03T06:12:44+00:00\",\"mainEntityOfPage\":{\"@id\":\"https:\\\/\\\/penoticias.com.br\\\/blog\\\/ceara-tem-papel-historico-na-transposicao-do-rio-sao-francisco\\\/\"},\"wordCount\":442,\"publisher\":{\"@id\":\"https:\\\/\\\/penoticias.com.br\\\/blog\\\/#\\\/schema\\\/person\\\/13ea60669d2351f129ef3657907f1432\"},\"image\":{\"@id\":\"https:\\\/\\\/penoticias.com.br\\\/blog\\\/ceara-tem-papel-historico-na-transposicao-do-rio-sao-francisco\\\/#primaryimage\"},\"thumbnailUrl\":\"https:\\\/\\\/d32exhd5j7o0z1.cloudfront.net\\\/variants\\\/qXTtW3WCGzjCjZvpLTTYYjkw\\\/b6ddb1640e40bdd68db56d48e7164c4813c0819bad11420b1fe7db253f4a5ce3\",\"articleSection\":[\"Pol\u00edtica\"],\"inLanguage\":\"pt-BR\"},{\"@type\":\"WebPage\",\"@id\":\"https:\\\/\\\/penoticias.com.br\\\/blog\\\/ceara-tem-papel-historico-na-transposicao-do-rio-sao-francisco\\\/\",\"url\":\"https:\\\/\\\/penoticias.com.br\\\/blog\\\/ceara-tem-papel-historico-na-transposicao-do-rio-sao-francisco\\\/\",\"name\":\"Cear\u00e1 tem papel hist\u00f3rico na transposi\u00e7\u00e3o do Rio S\u00e3o Francisco - PE Not\u00edcias\",\"isPartOf\":{\"@id\":\"https:\\\/\\\/penoticias.com.br\\\/blog\\\/#website\"},\"primaryImageOfPage\":{\"@id\":\"https:\\\/\\\/penoticias.com.br\\\/blog\\\/ceara-tem-papel-historico-na-transposicao-do-rio-sao-francisco\\\/#primaryimage\"},\"image\":{\"@id\":\"https:\\\/\\\/penoticias.com.br\\\/blog\\\/ceara-tem-papel-historico-na-transposicao-do-rio-sao-francisco\\\/#primaryimage\"},\"thumbnailUrl\":\"https:\\\/\\\/d32exhd5j7o0z1.cloudfront.net\\\/variants\\\/qXTtW3WCGzjCjZvpLTTYYjkw\\\/b6ddb1640e40bdd68db56d48e7164c4813c0819bad11420b1fe7db253f4a5ce3\",\"datePublished\":\"2022-02-03T06:12:44+00:00\",\"breadcrumb\":{\"@id\":\"https:\\\/\\\/penoticias.com.br\\\/blog\\\/ceara-tem-papel-historico-na-transposicao-do-rio-sao-francisco\\\/#breadcrumb\"},\"inLanguage\":\"pt-BR\",\"potentialAction\":[{\"@type\":\"ReadAction\",\"target\":[\"https:\\\/\\\/penoticias.com.br\\\/blog\\\/ceara-tem-papel-historico-na-transposicao-do-rio-sao-francisco\\\/\"]}]},{\"@type\":\"ImageObject\",\"inLanguage\":\"pt-BR\",\"@id\":\"https:\\\/\\\/penoticias.com.br\\\/blog\\\/ceara-tem-papel-historico-na-transposicao-do-rio-sao-francisco\\\/#primaryimage\",\"url\":\"https:\\\/\\\/d32exhd5j7o0z1.cloudfront.net\\\/variants\\\/qXTtW3WCGzjCjZvpLTTYYjkw\\\/b6ddb1640e40bdd68db56d48e7164c4813c0819bad11420b1fe7db253f4a5ce3\",\"contentUrl\":\"https:\\\/\\\/d32exhd5j7o0z1.cloudfront.net\\\/variants\\\/qXTtW3WCGzjCjZvpLTTYYjkw\\\/b6ddb1640e40bdd68db56d48e7164c4813c0819bad11420b1fe7db253f4a5ce3\"},{\"@type\":\"BreadcrumbList\",\"@id\":\"https:\\\/\\\/penoticias.com.br\\\/blog\\\/ceara-tem-papel-historico-na-transposicao-do-rio-sao-francisco\\\/#breadcrumb\",\"itemListElement\":[{\"@type\":\"ListItem\",\"position\":1,\"name\":\"In\u00edcio\",\"item\":\"https:\\\/\\\/penoticias.com.br\\\/blog\\\/\"},{\"@type\":\"ListItem\",\"position\":2,\"name\":\"Cear\u00e1 tem papel hist\u00f3rico na transposi\u00e7\u00e3o do Rio S\u00e3o Francisco\"}]},{\"@type\":\"WebSite\",\"@id\":\"https:\\\/\\\/penoticias.com.br\\\/blog\\\/#website\",\"url\":\"https:\\\/\\\/penoticias.com.br\\\/blog\\\/\",\"name\":\"PE Not\u00edcias\",\"description\":\"Voc\u00ea no Mundo da Informa\u00e7\u00e3o.\",\"publisher\":{\"@id\":\"https:\\\/\\\/penoticias.com.br\\\/blog\\\/#\\\/schema\\\/person\\\/13ea60669d2351f129ef3657907f1432\"},\"potentialAction\":[{\"@type\":\"SearchAction\",\"target\":{\"@type\":\"EntryPoint\",\"urlTemplate\":\"https:\\\/\\\/penoticias.com.br\\\/blog\\\/?s={search_term_string}\"},\"query-input\":{\"@type\":\"PropertyValueSpecification\",\"valueRequired\":true,\"valueName\":\"search_term_string\"}}],\"inLanguage\":\"pt-BR\"},{\"@type\":[\"Person\",\"Organization\"],\"@id\":\"https:\\\/\\\/penoticias.com.br\\\/blog\\\/#\\\/schema\\\/person\\\/13ea60669d2351f129ef3657907f1432\",\"name\":\"Pedro Ara\u00fajo\",\"image\":{\"@type\":\"ImageObject\",\"inLanguage\":\"pt-BR\",\"@id\":\"https:\\\/\\\/secure.gravatar.com\\\/avatar\\\/d654258027afd7c928561b83494a45e3aff23d7ac7ce926d2bceac1ffe030175?s=96&d=mm&r=g\",\"url\":\"https:\\\/\\\/secure.gravatar.com\\\/avatar\\\/d654258027afd7c928561b83494a45e3aff23d7ac7ce926d2bceac1ffe030175?s=96&d=mm&r=g\",\"contentUrl\":\"https:\\\/\\\/secure.gravatar.com\\\/avatar\\\/d654258027afd7c928561b83494a45e3aff23d7ac7ce926d2bceac1ffe030175?s=96&d=mm&r=g\",\"caption\":\"Pedro Ara\u00fajo\"},\"logo\":{\"@id\":\"https:\\\/\\\/secure.gravatar.com\\\/avatar\\\/d654258027afd7c928561b83494a45e3aff23d7ac7ce926d2bceac1ffe030175?s=96&d=mm&r=g\"},\"description\":\"As informa\u00e7\u00f5es que traduzem as verdades dos fatos, sem ferir ou denegrir pessoas ou imagens. Como tamb\u00e9m, nunca procurando agradar aos maus feitores.\",\"sameAs\":[\"http:\\\/\\\/www.penoticias.com.br\",\"pedrovicentearaujo@hotmail.com\",\"@pedroafogados\",\"https:\\\/\\\/x.com\\\/pedromuela\",\"www.penoticias.com.br\"],\"url\":\"https:\\\/\\\/penoticias.com.br\\\/blog\\\/author\\\/pedro\\\/\"}]}<\/script>\n<!-- \/ Yoast SEO plugin. -->","yoast_head_json":{"title":"Cear\u00e1 tem papel hist\u00f3rico na transposi\u00e7\u00e3o do Rio S\u00e3o Francisco - PE Not\u00edcias","robots":{"index":"index","follow":"follow","max-snippet":"max-snippet:-1","max-image-preview":"max-image-preview:large","max-video-preview":"max-video-preview:-1"},"canonical":"https:\/\/penoticias.com.br\/blog\/ceara-tem-papel-historico-na-transposicao-do-rio-sao-francisco\/","og_locale":"pt_BR","og_type":"article","og_title":"Cear\u00e1 tem papel hist\u00f3rico na transposi\u00e7\u00e3o do Rio S\u00e3o Francisco - PE Not\u00edcias","og_description":"Brasil61 O estado do Cear\u00e1 tem um papel hist\u00f3rico na transposi\u00e7\u00e3o do Rio S\u00e3o Francisco. Foi Marco Ant\u00f4nio Macedo, intendente da cidade do Crato, quem primeiro elaborou um projeto para levar as \u00e1guas do Velho Chico ao semi\u00e1rido nordestino. Isso foi em 1847, mas o povo do Cear\u00e1 precisou esperar muito mais tempo para ver ... Ler mais","og_url":"https:\/\/penoticias.com.br\/blog\/ceara-tem-papel-historico-na-transposicao-do-rio-sao-francisco\/","og_site_name":"PE Not\u00edcias","article_publisher":"pedrovicentearaujo@hotmail.com","article_author":"pedrovicentearaujo@hotmail.com","article_published_time":"2022-02-03T06:12:44+00:00","og_image":[{"url":"https:\/\/d32exhd5j7o0z1.cloudfront.net\/variants\/qXTtW3WCGzjCjZvpLTTYYjkw\/b6ddb1640e40bdd68db56d48e7164c4813c0819bad11420b1fe7db253f4a5ce3","type":"","width":"","height":""}],"author":"Pedro Ara\u00fajo","twitter_card":"summary_large_image","twitter_creator":"@pedromuela","twitter_site":"@pedromuela","twitter_misc":{"Escrito por":"Pedro Ara\u00fajo","Est. tempo de leitura":"2 minutos"},"schema":{"@context":"https:\/\/schema.org","@graph":[{"@type":"Article","@id":"https:\/\/penoticias.com.br\/blog\/ceara-tem-papel-historico-na-transposicao-do-rio-sao-francisco\/#article","isPartOf":{"@id":"https:\/\/penoticias.com.br\/blog\/ceara-tem-papel-historico-na-transposicao-do-rio-sao-francisco\/"},"author":{"name":"Pedro Ara\u00fajo","@id":"https:\/\/penoticias.com.br\/blog\/#\/schema\/person\/13ea60669d2351f129ef3657907f1432"},"headline":"Cear\u00e1 tem papel hist\u00f3rico na transposi\u00e7\u00e3o do Rio S\u00e3o Francisco","datePublished":"2022-02-03T06:12:44+00:00","mainEntityOfPage":{"@id":"https:\/\/penoticias.com.br\/blog\/ceara-tem-papel-historico-na-transposicao-do-rio-sao-francisco\/"},"wordCount":442,"publisher":{"@id":"https:\/\/penoticias.com.br\/blog\/#\/schema\/person\/13ea60669d2351f129ef3657907f1432"},"image":{"@id":"https:\/\/penoticias.com.br\/blog\/ceara-tem-papel-historico-na-transposicao-do-rio-sao-francisco\/#primaryimage"},"thumbnailUrl":"https:\/\/d32exhd5j7o0z1.cloudfront.net\/variants\/qXTtW3WCGzjCjZvpLTTYYjkw\/b6ddb1640e40bdd68db56d48e7164c4813c0819bad11420b1fe7db253f4a5ce3","articleSection":["Pol\u00edtica"],"inLanguage":"pt-BR"},{"@type":"WebPage","@id":"https:\/\/penoticias.com.br\/blog\/ceara-tem-papel-historico-na-transposicao-do-rio-sao-francisco\/","url":"https:\/\/penoticias.com.br\/blog\/ceara-tem-papel-historico-na-transposicao-do-rio-sao-francisco\/","name":"Cear\u00e1 tem papel hist\u00f3rico na transposi\u00e7\u00e3o do Rio S\u00e3o Francisco - PE Not\u00edcias","isPartOf":{"@id":"https:\/\/penoticias.com.br\/blog\/#website"},"primaryImageOfPage":{"@id":"https:\/\/penoticias.com.br\/blog\/ceara-tem-papel-historico-na-transposicao-do-rio-sao-francisco\/#primaryimage"},"image":{"@id":"https:\/\/penoticias.com.br\/blog\/ceara-tem-papel-historico-na-transposicao-do-rio-sao-francisco\/#primaryimage"},"thumbnailUrl":"https:\/\/d32exhd5j7o0z1.cloudfront.net\/variants\/qXTtW3WCGzjCjZvpLTTYYjkw\/b6ddb1640e40bdd68db56d48e7164c4813c0819bad11420b1fe7db253f4a5ce3","datePublished":"2022-02-03T06:12:44+00:00","breadcrumb":{"@id":"https:\/\/penoticias.com.br\/blog\/ceara-tem-papel-historico-na-transposicao-do-rio-sao-francisco\/#breadcrumb"},"inLanguage":"pt-BR","potentialAction":[{"@type":"ReadAction","target":["https:\/\/penoticias.com.br\/blog\/ceara-tem-papel-historico-na-transposicao-do-rio-sao-francisco\/"]}]},{"@type":"ImageObject","inLanguage":"pt-BR","@id":"https:\/\/penoticias.com.br\/blog\/ceara-tem-papel-historico-na-transposicao-do-rio-sao-francisco\/#primaryimage","url":"https:\/\/d32exhd5j7o0z1.cloudfront.net\/variants\/qXTtW3WCGzjCjZvpLTTYYjkw\/b6ddb1640e40bdd68db56d48e7164c4813c0819bad11420b1fe7db253f4a5ce3","contentUrl":"https:\/\/d32exhd5j7o0z1.cloudfront.net\/variants\/qXTtW3WCGzjCjZvpLTTYYjkw\/b6ddb1640e40bdd68db56d48e7164c4813c0819bad11420b1fe7db253f4a5ce3"},{"@type":"BreadcrumbList","@id":"https:\/\/penoticias.com.br\/blog\/ceara-tem-papel-historico-na-transposicao-do-rio-sao-francisco\/#breadcrumb","itemListElement":[{"@type":"ListItem","position":1,"name":"In\u00edcio","item":"https:\/\/penoticias.com.br\/blog\/"},{"@type":"ListItem","position":2,"name":"Cear\u00e1 tem papel hist\u00f3rico na transposi\u00e7\u00e3o do Rio S\u00e3o Francisco"}]},{"@type":"WebSite","@id":"https:\/\/penoticias.com.br\/blog\/#website","url":"https:\/\/penoticias.com.br\/blog\/","name":"PE Not\u00edcias","description":"Voc\u00ea no Mundo da Informa\u00e7\u00e3o.","publisher":{"@id":"https:\/\/penoticias.com.br\/blog\/#\/schema\/person\/13ea60669d2351f129ef3657907f1432"},"potentialAction":[{"@type":"SearchAction","target":{"@type":"EntryPoint","urlTemplate":"https:\/\/penoticias.com.br\/blog\/?s={search_term_string}"},"query-input":{"@type":"PropertyValueSpecification","valueRequired":true,"valueName":"search_term_string"}}],"inLanguage":"pt-BR"},{"@type":["Person","Organization"],"@id":"https:\/\/penoticias.com.br\/blog\/#\/schema\/person\/13ea60669d2351f129ef3657907f1432","name":"Pedro Ara\u00fajo","image":{"@type":"ImageObject","inLanguage":"pt-BR","@id":"https:\/\/secure.gravatar.com\/avatar\/d654258027afd7c928561b83494a45e3aff23d7ac7ce926d2bceac1ffe030175?s=96&d=mm&r=g","url":"https:\/\/secure.gravatar.com\/avatar\/d654258027afd7c928561b83494a45e3aff23d7ac7ce926d2bceac1ffe030175?s=96&d=mm&r=g","contentUrl":"https:\/\/secure.gravatar.com\/avatar\/d654258027afd7c928561b83494a45e3aff23d7ac7ce926d2bceac1ffe030175?s=96&d=mm&r=g","caption":"Pedro Ara\u00fajo"},"logo":{"@id":"https:\/\/secure.gravatar.com\/avatar\/d654258027afd7c928561b83494a45e3aff23d7ac7ce926d2bceac1ffe030175?s=96&d=mm&r=g"},"description":"As informa\u00e7\u00f5es que traduzem as verdades dos fatos, sem ferir ou denegrir pessoas ou imagens. Como tamb\u00e9m, nunca procurando agradar aos maus feitores.","sameAs":["http:\/\/www.penoticias.com.br","pedrovicentearaujo@hotmail.com","@pedroafogados","https:\/\/x.com\/pedromuela","www.penoticias.com.br"],"url":"https:\/\/penoticias.com.br\/blog\/author\/pedro\/"}]}},"_links":{"self":[{"href":"https:\/\/penoticias.com.br\/blog\/wp-json\/wp\/v2\/posts\/99036","targetHints":{"allow":["GET"]}}],"collection":[{"href":"https:\/\/penoticias.com.br\/blog\/wp-json\/wp\/v2\/posts"}],"about":[{"href":"https:\/\/penoticias.com.br\/blog\/wp-json\/wp\/v2\/types\/post"}],"author":[{"embeddable":true,"href":"https:\/\/penoticias.com.br\/blog\/wp-json\/wp\/v2\/users\/2"}],"replies":[{"embeddable":true,"href":"https:\/\/penoticias.com.br\/blog\/wp-json\/wp\/v2\/comments?post=99036"}],"version-history":[{"count":1,"href":"https:\/\/penoticias.com.br\/blog\/wp-json\/wp\/v2\/posts\/99036\/revisions"}],"predecessor-version":[{"id":99037,"href":"https:\/\/penoticias.com.br\/blog\/wp-json\/wp\/v2\/posts\/99036\/revisions\/99037"}],"wp:attachment":[{"href":"https:\/\/penoticias.com.br\/blog\/wp-json\/wp\/v2\/media?parent=99036"}],"wp:term":[{"taxonomy":"category","embeddable":true,"href":"https:\/\/penoticias.com.br\/blog\/wp-json\/wp\/v2\/categories?post=99036"},{"taxonomy":"post_tag","embeddable":true,"href":"https:\/\/penoticias.com.br\/blog\/wp-json\/wp\/v2\/tags?post=99036"}],"curies":[{"name":"wp","href":"https:\/\/api.w.org\/{rel}","templated":true}]}}